{"id":2884,"date":"2026-08-30T11:11:36","date_gmt":"2026-08-30T09:11:36","guid":{"rendered":"https:\/\/laprats.fr\/blog\/?p=2884"},"modified":"2026-08-30T11:11:38","modified_gmt":"2026-08-30T09:11:38","slug":"jean-tonneau","status":"publish","type":"post","link":"https:\/\/laprats.fr\/blog\/jean-tonneau\/","title":{"rendered":"Jean Tonneau"},"content":{"rendered":"\n<p class=\"wp-block-paragraph\">C&rsquo;est avec une grande tristesse que nous apprenons la mort de Jean Tonneau, professeur \u00e0 la Prat&rsquo;s, tr\u00e8s appr\u00e9ci\u00e9 de ses \u00e9l\u00e8ves. Nous avions eu le plaisir avec nos camarades de terminale E et C de partager un bon moment d&rsquo;\u00e9changes lors des 120 ans du lyc\u00e9e. Il \u00e9tait \u00e9galement inscrit \u00e0 notre association et il participait r\u00e9guli\u00e8rement \u00e0 nos assembl\u00e9es g\u00e9n\u00e9rales.<\/p>\n\n\n\n<p>Nour pr\u00e9sentons nos condol\u00e9ances \u00e0 sa famille et \u00e0 ses proches.<\/p>\n<p>Les fun\u00e9railles seront c\u00e9l\u00e9br\u00e9es\u00a0<b>\u00e0 la Cath\u00e9drale Saint-Vincent de M\u00e2con (71000) le mardi 01 septembre 2026 \u00e0 10h15.<\/b><\/p>\n<p>&nbsp;<\/p>\n\n\n","protected":false},"excerpt":{"rendered":"<p>C&rsquo;est avec une grande tristesse que nous apprenons la mort de Jean Tonneau, professeur \u00e0 la Prat&rsquo;s, tr\u00e8s appr\u00e9ci\u00e9 de ses \u00e9l\u00e8ves. Nous avions eu le plaisir avec nos camarades <a href=\"https:\/\/laprats.fr\/blog\/jean-tonneau\/\" class=\"more-link\">[&hellip;]<\/a><\/p>\n","protected":false},"author":6,"featured_media":0,"comment_status":"open","ping_status":"open","sticky":false,"template":"","format":"standard","meta":{"Layout":"","footnotes":""},"categories":[5],"tags":[],"class_list":["entry","author-pascal","post-2884","post","type-post","status-publish","format-standard","category-info-association"],"yoast_head":"<!-- This site is optimized with the Yoast SEO plugin v28.4 - https:\/\/yoast.com\/product\/yoast-seo-wordpress\/ -->\n<title>Jean Tonneau - Bienvenue<\/title>\n<meta name=\"robots\" content=\"index, follow, max-snippet:-1, max-image-preview:large, max-video-preview:-1\" \/>\n<link rel=\"canonical\" href=\"https:\/\/laprats.fr\/blog\/jean-tonneau\/\" \/>\n<meta property=\"og:locale\" content=\"fr_FR\" \/>\n<meta property=\"og:type\" content=\"article\" \/>\n<meta property=\"og:title\" content=\"Jean Tonneau - Bienvenue\" \/>\n<meta property=\"og:description\" content=\"C&rsquo;est avec une grande tristesse que nous apprenons la mort de Jean Tonneau, professeur \u00e0 la Prat&rsquo;s, tr\u00e8s appr\u00e9ci\u00e9 de ses \u00e9l\u00e8ves. Nous avions eu le plaisir avec nos camarades [&hellip;]\" \/>\n<meta property=\"og:url\" content=\"https:\/\/laprats.fr\/blog\/jean-tonneau\/\" \/>\n<meta property=\"og:site_name\" content=\"Bienvenue\" \/>\n<meta property=\"article:publisher\" content=\"https:\/\/fr-fr.facebook.com\/pages\/Association-La-Prats-de-Cluny\/224204740976190?sk=wall\" \/>\n<meta property=\"article:published_time\" content=\"2026-08-30T09:11:36+00:00\" \/>\n<meta property=\"article:modified_time\" content=\"2026-08-30T09:11:38+00:00\" \/>\n<meta property=\"og:image\" content=\"https:\/\/laprats.fr\/blog\/wp-content\/uploads\/2014\/09\/fonddepage.jpg\" \/>\n\t<meta property=\"og:image:width\" content=\"200\" \/>\n\t<meta property=\"og:image:height\" content=\"200\" \/>\n\t<meta property=\"og:image:type\" content=\"image\/jpeg\" \/>\n<meta name=\"author\" content=\"Pascal Gendrot\" \/>\n<meta name=\"twitter:label1\" content=\"\u00c9crit par\" \/>\n\t<meta name=\"twitter:data1\" content=\"Pascal Gendrot\" \/>\n<script type=\"application\/ld+json\" class=\"yoast-schema-graph\">{\"@context\":\"https:\\\/\\\/schema.org\",\"@graph\":[{\"@type\":\"Article\",\"@id\":\"https:\\\/\\\/laprats.fr\\\/blog\\\/jean-tonneau\\\/#article\",\"isPartOf\":{\"@id\":\"https:\\\/\\\/laprats.fr\\\/blog\\\/jean-tonneau\\\/\"},\"author\":{\"name\":\"Pascal Gendrot\",\"@id\":\"https:\\\/\\\/laprats.fr\\\/blog\\\/#\\\/schema\\\/person\\\/90a4b4782b20a014cc9b183a4707820c\"},\"headline\":\"Jean Tonneau\",\"datePublished\":\"2026-08-30T09:11:36+00:00\",\"dateModified\":\"2026-08-30T09:11:38+00:00\",\"mainEntityOfPage\":{\"@id\":\"https:\\\/\\\/laprats.fr\\\/blog\\\/jean-tonneau\\\/\"},\"wordCount\":101,\"commentCount\":0,\"articleSection\":[\"Info association\"],\"inLanguage\":\"fr-FR\",\"potentialAction\":[{\"@type\":\"CommentAction\",\"name\":\"Comment\",\"target\":[\"https:\\\/\\\/laprats.fr\\\/blog\\\/jean-tonneau\\\/#respond\"]}]},{\"@type\":\"WebPage\",\"@id\":\"https:\\\/\\\/laprats.fr\\\/blog\\\/jean-tonneau\\\/\",\"url\":\"https:\\\/\\\/laprats.fr\\\/blog\\\/jean-tonneau\\\/\",\"name\":\"Jean Tonneau - Bienvenue\",\"isPartOf\":{\"@id\":\"https:\\\/\\\/laprats.fr\\\/blog\\\/#website\"},\"datePublished\":\"2026-08-30T09:11:36+00:00\",\"dateModified\":\"2026-08-30T09:11:38+00:00\",\"author\":{\"@id\":\"https:\\\/\\\/laprats.fr\\\/blog\\\/#\\\/schema\\\/person\\\/90a4b4782b20a014cc9b183a4707820c\"},\"breadcrumb\":{\"@id\":\"https:\\\/\\\/laprats.fr\\\/blog\\\/jean-tonneau\\\/#breadcrumb\"},\"inLanguage\":\"fr-FR\",\"potentialAction\":[{\"@type\":\"ReadAction\",\"target\":[\"https:\\\/\\\/laprats.fr\\\/blog\\\/jean-tonneau\\\/\"]}]},{\"@type\":\"BreadcrumbList\",\"@id\":\"https:\\\/\\\/laprats.fr\\\/blog\\\/jean-tonneau\\\/#breadcrumb\",\"itemListElement\":[{\"@type\":\"ListItem\",\"position\":1,\"name\":\"Accueil\",\"item\":\"https:\\\/\\\/laprats.fr\\\/blog\\\/\"},{\"@type\":\"ListItem\",\"position\":2,\"name\":\"Jean Tonneau\"}]},{\"@type\":\"WebSite\",\"@id\":\"https:\\\/\\\/laprats.fr\\\/blog\\\/#website\",\"url\":\"https:\\\/\\\/laprats.fr\\\/blog\\\/\",\"name\":\"Bienvenue\",\"description\":\"D&#039;hier et d&#039;aujourd&#039;hui ... pour demain\",\"potentialAction\":[{\"@type\":\"SearchAction\",\"target\":{\"@type\":\"EntryPoint\",\"urlTemplate\":\"https:\\\/\\\/laprats.fr\\\/blog\\\/?s={search_term_string}\"},\"query-input\":{\"@type\":\"PropertyValueSpecification\",\"valueRequired\":true,\"valueName\":\"search_term_string\"}}],\"inLanguage\":\"fr-FR\"},{\"@type\":\"Person\",\"@id\":\"https:\\\/\\\/laprats.fr\\\/blog\\\/#\\\/schema\\\/person\\\/90a4b4782b20a014cc9b183a4707820c\",\"name\":\"Pascal Gendrot\",\"image\":{\"@type\":\"ImageObject\",\"inLanguage\":\"fr-FR\",\"@id\":\"https:\\\/\\\/secure.gravatar.com\\\/avatar\\\/649cd38650031007bbd5ec3c73411225e4a69679f8049c7237814718f484b5c0?s=96&d=mm&r=g\",\"url\":\"https:\\\/\\\/secure.gravatar.com\\\/avatar\\\/649cd38650031007bbd5ec3c73411225e4a69679f8049c7237814718f484b5c0?s=96&d=mm&r=g\",\"contentUrl\":\"https:\\\/\\\/secure.gravatar.com\\\/avatar\\\/649cd38650031007bbd5ec3c73411225e4a69679f8049c7237814718f484b5c0?s=96&d=mm&r=g\",\"caption\":\"Pascal Gendrot\"}}]}<\/script>\n<!-- \/ Yoast SEO plugin. -->","yoast_head_json":{"title":"Jean Tonneau - Bienvenue","robots":{"index":"index","follow":"follow","max-snippet":"max-snippet:-1","max-image-preview":"max-image-preview:large","max-video-preview":"max-video-preview:-1"},"canonical":"https:\/\/laprats.fr\/blog\/jean-tonneau\/","og_locale":"fr_FR","og_type":"article","og_title":"Jean Tonneau - Bienvenue","og_description":"C&rsquo;est avec une grande tristesse que nous apprenons la mort de Jean Tonneau, professeur \u00e0 la Prat&rsquo;s, tr\u00e8s appr\u00e9ci\u00e9 de ses \u00e9l\u00e8ves. Nous avions eu le plaisir avec nos camarades [&hellip;]","og_url":"https:\/\/laprats.fr\/blog\/jean-tonneau\/","og_site_name":"Bienvenue","article_publisher":"https:\/\/fr-fr.facebook.com\/pages\/Association-La-Prats-de-Cluny\/224204740976190?sk=wall","article_published_time":"2026-08-30T09:11:36+00:00","article_modified_time":"2026-08-30T09:11:38+00:00","og_image":[{"width":200,"height":200,"url":"https:\/\/laprats.fr\/blog\/wp-content\/uploads\/2014\/09\/fonddepage.jpg","type":"image\/jpeg"}],"author":"Pascal Gendrot","twitter_misc":{"\u00c9crit par":"Pascal Gendrot"},"schema":{"@context":"https:\/\/schema.org","@graph":[{"@type":"Article","@id":"https:\/\/laprats.fr\/blog\/jean-tonneau\/#article","isPartOf":{"@id":"https:\/\/laprats.fr\/blog\/jean-tonneau\/"},"author":{"name":"Pascal Gendrot","@id":"https:\/\/laprats.fr\/blog\/#\/schema\/person\/90a4b4782b20a014cc9b183a4707820c"},"headline":"Jean Tonneau","datePublished":"2026-08-30T09:11:36+00:00","dateModified":"2026-08-30T09:11:38+00:00","mainEntityOfPage":{"@id":"https:\/\/laprats.fr\/blog\/jean-tonneau\/"},"wordCount":101,"commentCount":0,"articleSection":["Info association"],"inLanguage":"fr-FR","potentialAction":[{"@type":"CommentAction","name":"Comment","target":["https:\/\/laprats.fr\/blog\/jean-tonneau\/#respond"]}]},{"@type":"WebPage","@id":"https:\/\/laprats.fr\/blog\/jean-tonneau\/","url":"https:\/\/laprats.fr\/blog\/jean-tonneau\/","name":"Jean Tonneau - Bienvenue","isPartOf":{"@id":"https:\/\/laprats.fr\/blog\/#website"},"datePublished":"2026-08-30T09:11:36+00:00","dateModified":"2026-08-30T09:11:38+00:00","author":{"@id":"https:\/\/laprats.fr\/blog\/#\/schema\/person\/90a4b4782b20a014cc9b183a4707820c"},"breadcrumb":{"@id":"https:\/\/laprats.fr\/blog\/jean-tonneau\/#breadcrumb"},"inLanguage":"fr-FR","potentialAction":[{"@type":"ReadAction","target":["https:\/\/laprats.fr\/blog\/jean-tonneau\/"]}]},{"@type":"BreadcrumbList","@id":"https:\/\/laprats.fr\/blog\/jean-tonneau\/#breadcrumb","itemListElement":[{"@type":"ListItem","position":1,"name":"Accueil","item":"https:\/\/laprats.fr\/blog\/"},{"@type":"ListItem","position":2,"name":"Jean Tonneau"}]},{"@type":"WebSite","@id":"https:\/\/laprats.fr\/blog\/#website","url":"https:\/\/laprats.fr\/blog\/","name":"Bienvenue","description":"D&#039;hier et d&#039;aujourd&#039;hui ... pour demain","potentialAction":[{"@type":"SearchAction","target":{"@type":"EntryPoint","urlTemplate":"https:\/\/laprats.fr\/blog\/?s={search_term_string}"},"query-input":{"@type":"PropertyValueSpecification","valueRequired":true,"valueName":"search_term_string"}}],"inLanguage":"fr-FR"},{"@type":"Person","@id":"https:\/\/laprats.fr\/blog\/#\/schema\/person\/90a4b4782b20a014cc9b183a4707820c","name":"Pascal Gendrot","image":{"@type":"ImageObject","inLanguage":"fr-FR","@id":"https:\/\/secure.gravatar.com\/avatar\/649cd38650031007bbd5ec3c73411225e4a69679f8049c7237814718f484b5c0?s=96&d=mm&r=g","url":"https:\/\/secure.gravatar.com\/avatar\/649cd38650031007bbd5ec3c73411225e4a69679f8049c7237814718f484b5c0?s=96&d=mm&r=g","contentUrl":"https:\/\/secure.gravatar.com\/avatar\/649cd38650031007bbd5ec3c73411225e4a69679f8049c7237814718f484b5c0?s=96&d=mm&r=g","caption":"Pascal Gendrot"}}]}},"_links":{"self":[{"href":"https:\/\/laprats.fr\/blog\/wp-json\/wp\/v2\/posts\/2884","targetHints":{"allow":["GET"]}}],"collection":[{"href":"https:\/\/laprats.fr\/blog\/wp-json\/wp\/v2\/posts"}],"about":[{"href":"https:\/\/laprats.fr\/blog\/wp-json\/wp\/v2\/types\/post"}],"author":[{"embeddable":true,"href":"https:\/\/laprats.fr\/blog\/wp-json\/wp\/v2\/users\/6"}],"replies":[{"embeddable":true,"href":"https:\/\/laprats.fr\/blog\/wp-json\/wp\/v2\/comments?post=2884"}],"version-history":[{"count":1,"href":"https:\/\/laprats.fr\/blog\/wp-json\/wp\/v2\/posts\/2884\/revisions"}],"predecessor-version":[{"id":2885,"href":"https:\/\/laprats.fr\/blog\/wp-json\/wp\/v2\/posts\/2884\/revisions\/2885"}],"wp:attachment":[{"href":"https:\/\/laprats.fr\/blog\/wp-json\/wp\/v2\/media?parent=2884"}],"wp:term":[{"taxonomy":"category","embeddable":true,"href":"https:\/\/laprats.fr\/blog\/wp-json\/wp\/v2\/categories?post=2884"},{"taxonomy":"post_tag","embeddable":true,"href":"https:\/\/laprats.fr\/blog\/wp-json\/wp\/v2\/tags?post=2884"}],"curies":[{"name":"wp","href":"https:\/\/api.w.org\/{rel}","templated":true}]}}