{"id":2748,"date":"2025-09-06T18:21:35","date_gmt":"2025-09-06T16:21:35","guid":{"rendered":"https:\/\/laprats.fr\/blog\/?p=2748"},"modified":"2025-09-06T18:21:39","modified_gmt":"2025-09-06T16:21:39","slug":"menu-de-lag-du-04-octobre","status":"publish","type":"post","link":"https:\/\/laprats.fr\/blog\/menu-de-lag-du-04-octobre\/","title":{"rendered":"Menu de l&rsquo;AG du 04 octobre"},"content":{"rendered":"\n<p>Il est l\u00e0 ! R\u00e9galez vous d&rsquo;avance &#8230; c&rsquo;est le menu concoquet\u00e9 par le chef du lyc\u00e9e:<\/p>\n<p style=\"text-align: center;\"><em><strong>Amuse Bouche<\/strong><\/em><\/p>\n<p style=\"text-align: center;\"><em><strong>Assiette terre et mer<\/strong><\/em><\/p>\n<p style=\"text-align: center;\"><em><strong>Foie gras, chutney et oignons rouge, pain d&rsquo;\u00e9pices<\/strong><\/em><\/p>\n<p style=\"text-align: center;\"><em><strong>Saumon fum\u00e9 maison, cr\u00e8me mousseline ciboulette<\/strong><\/em><\/p>\n<p style=\"text-align: center;\"><em><strong>*<\/strong><\/em><\/p>\n<p style=\"text-align: center;\"><em><strong>Filet de saint-pierre<\/strong><\/em><\/p>\n<p style=\"text-align: center;\"><em><strong>sur tagliatelle de courgette<\/strong><\/em><\/p>\n<p style=\"text-align: center;\"><em><strong>et sa quenelle de vitelotte<\/strong><\/em><\/p>\n<p style=\"text-align: center;\"><em><strong>*<\/strong><\/em><\/p>\n<p style=\"text-align: center;\"><em><strong>trou bourguignon<\/strong><\/em><\/p>\n<p style=\"text-align: center;\"><em><strong>*<\/strong><\/em><\/p>\n<p style=\"text-align: center;\"><em><strong>Pav\u00e9 de volaille<\/strong><\/em><\/p>\n<p style=\"text-align: center;\"><em><strong>*<\/strong><\/em><\/p>\n<p style=\"text-align: center;\"><em><strong>Assiette de fromages<\/strong><\/em><\/p>\n<p style=\"text-align: center;\"><em><strong>*<\/strong><\/em><\/p>\n<p style=\"text-align: center;\"><em><strong>Tatin revisit\u00e9e<\/strong><\/em><\/p>\n<p style=\"text-align: center;\"><em><strong>*<\/strong><\/em><\/p>\n<p>Il ne reste plus qu&rsquo;\u00e0 vous inscrire &#8230;<\/p>\n<p>\u00a0<\/p>\n","protected":false},"excerpt":{"rendered":"<p>Il est l\u00e0 ! R\u00e9galez vous d&rsquo;avance &#8230; c&rsquo;est le menu concoquet\u00e9 par le chef du lyc\u00e9e: Amuse Bouche Assiette terre et mer Foie gras, chutney et oignons rouge, pain <a href=\"https:\/\/laprats.fr\/blog\/menu-de-lag-du-04-octobre\/\" class=\"more-link\">[&hellip;]<\/a><\/p>\n","protected":false},"author":6,"featured_media":0,"comment_status":"open","ping_status":"open","sticky":false,"template":"","format":"standard","meta":{"Layout":"","footnotes":""},"categories":[5],"tags":[],"class_list":["entry","author-pascal","post-2748","post","type-post","status-publish","format-standard","category-info-association"],"yoast_head":"<!-- This site is optimized with the Yoast SEO plugin v27.4 - https:\/\/yoast.com\/product\/yoast-seo-wordpress\/ -->\n<title>Menu de l&#039;AG du 04 octobre - Bienvenue<\/title>\n<meta name=\"robots\" content=\"index, follow, max-snippet:-1, max-image-preview:large, max-video-preview:-1\" \/>\n<link rel=\"canonical\" href=\"http:\/\/laprats.fr\/blog\/menu-de-lag-du-04-octobre\/\" \/>\n<meta property=\"og:locale\" content=\"fr_FR\" \/>\n<meta property=\"og:type\" content=\"article\" \/>\n<meta property=\"og:title\" content=\"Menu de l&#039;AG du 04 octobre - Bienvenue\" \/>\n<meta property=\"og:description\" content=\"Il est l\u00e0 ! R\u00e9galez vous d&rsquo;avance &#8230; c&rsquo;est le menu concoquet\u00e9 par le chef du lyc\u00e9e: Amuse Bouche Assiette terre et mer Foie gras, chutney et oignons rouge, pain [&hellip;]\" \/>\n<meta property=\"og:url\" content=\"http:\/\/laprats.fr\/blog\/menu-de-lag-du-04-octobre\/\" \/>\n<meta property=\"og:site_name\" content=\"Bienvenue\" \/>\n<meta property=\"article:publisher\" content=\"https:\/\/fr-fr.facebook.com\/pages\/Association-La-Prats-de-Cluny\/224204740976190?sk=wall\" \/>\n<meta property=\"article:published_time\" content=\"2025-09-06T16:21:35+00:00\" \/>\n<meta property=\"article:modified_time\" content=\"2025-09-06T16:21:39+00:00\" \/>\n<meta property=\"og:image\" content=\"https:\/\/laprats.fr\/blog\/wp-content\/uploads\/2014\/09\/fonddepage.jpg\" \/>\n\t<meta property=\"og:image:width\" content=\"200\" \/>\n\t<meta property=\"og:image:height\" content=\"200\" \/>\n\t<meta property=\"og:image:type\" content=\"image\/jpeg\" \/>\n<meta name=\"author\" content=\"Pascal Gendrot\" \/>\n<meta name=\"twitter:label1\" content=\"\u00c9crit par\" \/>\n\t<meta name=\"twitter:data1\" content=\"Pascal Gendrot\" \/>\n<script type=\"application\/ld+json\" class=\"yoast-schema-graph\">{\"@context\":\"https:\\\/\\\/schema.org\",\"@graph\":[{\"@type\":\"Article\",\"@id\":\"http:\\\/\\\/laprats.fr\\\/blog\\\/menu-de-lag-du-04-octobre\\\/#article\",\"isPartOf\":{\"@id\":\"http:\\\/\\\/laprats.fr\\\/blog\\\/menu-de-lag-du-04-octobre\\\/\"},\"author\":{\"name\":\"Pascal Gendrot\",\"@id\":\"https:\\\/\\\/laprats.fr\\\/blog\\\/#\\\/schema\\\/person\\\/90a4b4782b20a014cc9b183a4707820c\"},\"headline\":\"Menu de l&rsquo;AG du 04 octobre\",\"datePublished\":\"2025-09-06T16:21:35+00:00\",\"dateModified\":\"2025-09-06T16:21:39+00:00\",\"mainEntityOfPage\":{\"@id\":\"http:\\\/\\\/laprats.fr\\\/blog\\\/menu-de-lag-du-04-octobre\\\/\"},\"wordCount\":74,\"commentCount\":0,\"articleSection\":[\"Info association\"],\"inLanguage\":\"fr-FR\",\"potentialAction\":[{\"@type\":\"CommentAction\",\"name\":\"Comment\",\"target\":[\"http:\\\/\\\/laprats.fr\\\/blog\\\/menu-de-lag-du-04-octobre\\\/#respond\"]}]},{\"@type\":\"WebPage\",\"@id\":\"http:\\\/\\\/laprats.fr\\\/blog\\\/menu-de-lag-du-04-octobre\\\/\",\"url\":\"http:\\\/\\\/laprats.fr\\\/blog\\\/menu-de-lag-du-04-octobre\\\/\",\"name\":\"Menu de l'AG du 04 octobre - Bienvenue\",\"isPartOf\":{\"@id\":\"https:\\\/\\\/laprats.fr\\\/blog\\\/#website\"},\"datePublished\":\"2025-09-06T16:21:35+00:00\",\"dateModified\":\"2025-09-06T16:21:39+00:00\",\"author\":{\"@id\":\"https:\\\/\\\/laprats.fr\\\/blog\\\/#\\\/schema\\\/person\\\/90a4b4782b20a014cc9b183a4707820c\"},\"breadcrumb\":{\"@id\":\"http:\\\/\\\/laprats.fr\\\/blog\\\/menu-de-lag-du-04-octobre\\\/#breadcrumb\"},\"inLanguage\":\"fr-FR\",\"potentialAction\":[{\"@type\":\"ReadAction\",\"target\":[\"http:\\\/\\\/laprats.fr\\\/blog\\\/menu-de-lag-du-04-octobre\\\/\"]}]},{\"@type\":\"BreadcrumbList\",\"@id\":\"http:\\\/\\\/laprats.fr\\\/blog\\\/menu-de-lag-du-04-octobre\\\/#breadcrumb\",\"itemListElement\":[{\"@type\":\"ListItem\",\"position\":1,\"name\":\"Accueil\",\"item\":\"https:\\\/\\\/laprats.fr\\\/blog\\\/\"},{\"@type\":\"ListItem\",\"position\":2,\"name\":\"Menu de l&rsquo;AG du 04 octobre\"}]},{\"@type\":\"WebSite\",\"@id\":\"https:\\\/\\\/laprats.fr\\\/blog\\\/#website\",\"url\":\"https:\\\/\\\/laprats.fr\\\/blog\\\/\",\"name\":\"Bienvenue\",\"description\":\"D&#039;hier et d&#039;aujourd&#039;hui ... pour demain\",\"potentialAction\":[{\"@type\":\"SearchAction\",\"target\":{\"@type\":\"EntryPoint\",\"urlTemplate\":\"https:\\\/\\\/laprats.fr\\\/blog\\\/?s={search_term_string}\"},\"query-input\":{\"@type\":\"PropertyValueSpecification\",\"valueRequired\":true,\"valueName\":\"search_term_string\"}}],\"inLanguage\":\"fr-FR\"},{\"@type\":\"Person\",\"@id\":\"https:\\\/\\\/laprats.fr\\\/blog\\\/#\\\/schema\\\/person\\\/90a4b4782b20a014cc9b183a4707820c\",\"name\":\"Pascal Gendrot\",\"image\":{\"@type\":\"ImageObject\",\"inLanguage\":\"fr-FR\",\"@id\":\"https:\\\/\\\/secure.gravatar.com\\\/avatar\\\/649cd38650031007bbd5ec3c73411225e4a69679f8049c7237814718f484b5c0?s=96&d=mm&r=g\",\"url\":\"https:\\\/\\\/secure.gravatar.com\\\/avatar\\\/649cd38650031007bbd5ec3c73411225e4a69679f8049c7237814718f484b5c0?s=96&d=mm&r=g\",\"contentUrl\":\"https:\\\/\\\/secure.gravatar.com\\\/avatar\\\/649cd38650031007bbd5ec3c73411225e4a69679f8049c7237814718f484b5c0?s=96&d=mm&r=g\",\"caption\":\"Pascal Gendrot\"}}]}<\/script>\n<!-- \/ Yoast SEO plugin. -->","yoast_head_json":{"title":"Menu de l'AG du 04 octobre - Bienvenue","robots":{"index":"index","follow":"follow","max-snippet":"max-snippet:-1","max-image-preview":"max-image-preview:large","max-video-preview":"max-video-preview:-1"},"canonical":"http:\/\/laprats.fr\/blog\/menu-de-lag-du-04-octobre\/","og_locale":"fr_FR","og_type":"article","og_title":"Menu de l'AG du 04 octobre - Bienvenue","og_description":"Il est l\u00e0 ! R\u00e9galez vous d&rsquo;avance &#8230; c&rsquo;est le menu concoquet\u00e9 par le chef du lyc\u00e9e: Amuse Bouche Assiette terre et mer Foie gras, chutney et oignons rouge, pain [&hellip;]","og_url":"http:\/\/laprats.fr\/blog\/menu-de-lag-du-04-octobre\/","og_site_name":"Bienvenue","article_publisher":"https:\/\/fr-fr.facebook.com\/pages\/Association-La-Prats-de-Cluny\/224204740976190?sk=wall","article_published_time":"2025-09-06T16:21:35+00:00","article_modified_time":"2025-09-06T16:21:39+00:00","og_image":[{"width":200,"height":200,"url":"https:\/\/laprats.fr\/blog\/wp-content\/uploads\/2014\/09\/fonddepage.jpg","type":"image\/jpeg"}],"author":"Pascal Gendrot","twitter_misc":{"\u00c9crit par":"Pascal Gendrot"},"schema":{"@context":"https:\/\/schema.org","@graph":[{"@type":"Article","@id":"http:\/\/laprats.fr\/blog\/menu-de-lag-du-04-octobre\/#article","isPartOf":{"@id":"http:\/\/laprats.fr\/blog\/menu-de-lag-du-04-octobre\/"},"author":{"name":"Pascal Gendrot","@id":"https:\/\/laprats.fr\/blog\/#\/schema\/person\/90a4b4782b20a014cc9b183a4707820c"},"headline":"Menu de l&rsquo;AG du 04 octobre","datePublished":"2025-09-06T16:21:35+00:00","dateModified":"2025-09-06T16:21:39+00:00","mainEntityOfPage":{"@id":"http:\/\/laprats.fr\/blog\/menu-de-lag-du-04-octobre\/"},"wordCount":74,"commentCount":0,"articleSection":["Info association"],"inLanguage":"fr-FR","potentialAction":[{"@type":"CommentAction","name":"Comment","target":["http:\/\/laprats.fr\/blog\/menu-de-lag-du-04-octobre\/#respond"]}]},{"@type":"WebPage","@id":"http:\/\/laprats.fr\/blog\/menu-de-lag-du-04-octobre\/","url":"http:\/\/laprats.fr\/blog\/menu-de-lag-du-04-octobre\/","name":"Menu de l'AG du 04 octobre - Bienvenue","isPartOf":{"@id":"https:\/\/laprats.fr\/blog\/#website"},"datePublished":"2025-09-06T16:21:35+00:00","dateModified":"2025-09-06T16:21:39+00:00","author":{"@id":"https:\/\/laprats.fr\/blog\/#\/schema\/person\/90a4b4782b20a014cc9b183a4707820c"},"breadcrumb":{"@id":"http:\/\/laprats.fr\/blog\/menu-de-lag-du-04-octobre\/#breadcrumb"},"inLanguage":"fr-FR","potentialAction":[{"@type":"ReadAction","target":["http:\/\/laprats.fr\/blog\/menu-de-lag-du-04-octobre\/"]}]},{"@type":"BreadcrumbList","@id":"http:\/\/laprats.fr\/blog\/menu-de-lag-du-04-octobre\/#breadcrumb","itemListElement":[{"@type":"ListItem","position":1,"name":"Accueil","item":"https:\/\/laprats.fr\/blog\/"},{"@type":"ListItem","position":2,"name":"Menu de l&rsquo;AG du 04 octobre"}]},{"@type":"WebSite","@id":"https:\/\/laprats.fr\/blog\/#website","url":"https:\/\/laprats.fr\/blog\/","name":"Bienvenue","description":"D&#039;hier et d&#039;aujourd&#039;hui ... pour demain","potentialAction":[{"@type":"SearchAction","target":{"@type":"EntryPoint","urlTemplate":"https:\/\/laprats.fr\/blog\/?s={search_term_string}"},"query-input":{"@type":"PropertyValueSpecification","valueRequired":true,"valueName":"search_term_string"}}],"inLanguage":"fr-FR"},{"@type":"Person","@id":"https:\/\/laprats.fr\/blog\/#\/schema\/person\/90a4b4782b20a014cc9b183a4707820c","name":"Pascal Gendrot","image":{"@type":"ImageObject","inLanguage":"fr-FR","@id":"https:\/\/secure.gravatar.com\/avatar\/649cd38650031007bbd5ec3c73411225e4a69679f8049c7237814718f484b5c0?s=96&d=mm&r=g","url":"https:\/\/secure.gravatar.com\/avatar\/649cd38650031007bbd5ec3c73411225e4a69679f8049c7237814718f484b5c0?s=96&d=mm&r=g","contentUrl":"https:\/\/secure.gravatar.com\/avatar\/649cd38650031007bbd5ec3c73411225e4a69679f8049c7237814718f484b5c0?s=96&d=mm&r=g","caption":"Pascal Gendrot"}}]}},"_links":{"self":[{"href":"https:\/\/laprats.fr\/blog\/wp-json\/wp\/v2\/posts\/2748","targetHints":{"allow":["GET"]}}],"collection":[{"href":"https:\/\/laprats.fr\/blog\/wp-json\/wp\/v2\/posts"}],"about":[{"href":"https:\/\/laprats.fr\/blog\/wp-json\/wp\/v2\/types\/post"}],"author":[{"embeddable":true,"href":"https:\/\/laprats.fr\/blog\/wp-json\/wp\/v2\/users\/6"}],"replies":[{"embeddable":true,"href":"https:\/\/laprats.fr\/blog\/wp-json\/wp\/v2\/comments?post=2748"}],"version-history":[{"count":1,"href":"https:\/\/laprats.fr\/blog\/wp-json\/wp\/v2\/posts\/2748\/revisions"}],"predecessor-version":[{"id":2749,"href":"https:\/\/laprats.fr\/blog\/wp-json\/wp\/v2\/posts\/2748\/revisions\/2749"}],"wp:attachment":[{"href":"https:\/\/laprats.fr\/blog\/wp-json\/wp\/v2\/media?parent=2748"}],"wp:term":[{"taxonomy":"category","embeddable":true,"href":"https:\/\/laprats.fr\/blog\/wp-json\/wp\/v2\/categories?post=2748"},{"taxonomy":"post_tag","embeddable":true,"href":"https:\/\/laprats.fr\/blog\/wp-json\/wp\/v2\/tags?post=2748"}],"curies":[{"name":"wp","href":"https:\/\/api.w.org\/{rel}","templated":true}]}}