{"id":2723,"date":"2025-04-24T18:06:19","date_gmt":"2025-04-24T16:06:19","guid":{"rendered":"https:\/\/laprats.fr\/blog\/?p=2723"},"modified":"2025-04-24T18:06:22","modified_gmt":"2025-04-24T16:06:22","slug":"le-8-mai-au-lycee","status":"publish","type":"post","link":"https:\/\/laprats.fr\/blog\/le-8-mai-au-lycee\/","title":{"rendered":"Le 8 mai au lyc\u00e9e"},"content":{"rendered":"\n<p><em>Mesdames, Messieurs,<\/em><\/p>\n<p><em>Cette ann\u00e9e, la c\u00e9r\u00e9monie comm\u00e9morative de la journ\u00e9e de la Lib\u00e9ration du 8 mai 1945 organis\u00e9e par la municipalit\u00e9 de Cluny d\u00e9butera au lyc\u00e9e La Prat&rsquo;s (ce qui est d\u00e9j\u00e0 le cas pour la c\u00e9r\u00e9monie du 11 novembre). A cette occasion, les \u00e9l\u00e8ves du club\u00a0Histoire\u00a0du lyc\u00e9e liront un t\u00e9moignage de Madame Marie-Louise ZIMBERLIN, professeure de Lettres-Anglais au lyc\u00e9e La Prat&rsquo;s de 1916 \u00e0 1945 et membre du mouvement de r\u00e9sistance\u00a0Franc-Tireur, qui fut d\u00e9port\u00e9e au camp de Ravensbr\u00fcck.<\/em><\/p>\n<p><em>A cette occasion, j&rsquo;invite les personnels, \u00e9l\u00e8ves et parents d&rsquo;\u00e9l\u00e8ves ainsi que les membres de <\/em><strong><em>l&rsquo;association La Prat&rsquo;s de Cluny<\/em><\/strong><em> qui le souhaitent \u00e0 participer \u00e0 cette c\u00e9r\u00e9monie rendant hommage \u00e0 tous les personnels et anciens \u00e9l\u00e8ves du lyc\u00e9e La Prat&rsquo;s morts pour la France au cours de la Seconde Guerre mondiale.<\/em><\/p>\n<p><em>Le rassemblement est fix\u00e9 le jeudi 8 Mai prochain \u00e0 10h devant l&rsquo;entr\u00e9e principale du lyc\u00e9e.<\/em><\/p>\n<p><em>Tr\u00e8s cordialement,<\/em><\/p>\n<p><em>Laurent JOLY <\/em><\/p>\n","protected":false},"excerpt":{"rendered":"<p>Mesdames, Messieurs, Cette ann\u00e9e, la c\u00e9r\u00e9monie comm\u00e9morative de la journ\u00e9e de la Lib\u00e9ration du 8 mai 1945 organis\u00e9e par la municipalit\u00e9 de Cluny d\u00e9butera au lyc\u00e9e La Prat&rsquo;s (ce qui <a href=\"https:\/\/laprats.fr\/blog\/le-8-mai-au-lycee\/\" class=\"more-link\">[&hellip;]<\/a><\/p>\n","protected":false},"author":6,"featured_media":0,"comment_status":"open","ping_status":"open","sticky":false,"template":"","format":"standard","meta":{"Layout":"","footnotes":""},"categories":[5],"tags":[],"class_list":["entry","author-pascal","post-2723","post","type-post","status-publish","format-standard","category-info-association"],"yoast_head":"<!-- This site is optimized with the Yoast SEO plugin v27.4 - https:\/\/yoast.com\/product\/yoast-seo-wordpress\/ -->\n<title>Le 8 mai au lyc\u00e9e - Bienvenue<\/title>\n<meta name=\"robots\" content=\"index, follow, max-snippet:-1, max-image-preview:large, max-video-preview:-1\" \/>\n<link rel=\"canonical\" href=\"https:\/\/laprats.fr\/blog\/le-8-mai-au-lycee\/\" \/>\n<meta property=\"og:locale\" content=\"fr_FR\" \/>\n<meta property=\"og:type\" content=\"article\" \/>\n<meta property=\"og:title\" content=\"Le 8 mai au lyc\u00e9e - Bienvenue\" \/>\n<meta property=\"og:description\" content=\"Mesdames, Messieurs, Cette ann\u00e9e, la c\u00e9r\u00e9monie comm\u00e9morative de la journ\u00e9e de la Lib\u00e9ration du 8 mai 1945 organis\u00e9e par la municipalit\u00e9 de Cluny d\u00e9butera au lyc\u00e9e La Prat&rsquo;s (ce qui [&hellip;]\" \/>\n<meta property=\"og:url\" content=\"https:\/\/laprats.fr\/blog\/le-8-mai-au-lycee\/\" \/>\n<meta property=\"og:site_name\" content=\"Bienvenue\" \/>\n<meta property=\"article:publisher\" content=\"https:\/\/fr-fr.facebook.com\/pages\/Association-La-Prats-de-Cluny\/224204740976190?sk=wall\" \/>\n<meta property=\"article:published_time\" content=\"2025-04-24T16:06:19+00:00\" \/>\n<meta property=\"article:modified_time\" content=\"2025-04-24T16:06:22+00:00\" \/>\n<meta property=\"og:image\" content=\"https:\/\/laprats.fr\/blog\/wp-content\/uploads\/2014\/09\/fonddepage.jpg\" \/>\n\t<meta property=\"og:image:width\" content=\"200\" \/>\n\t<meta property=\"og:image:height\" content=\"200\" \/>\n\t<meta property=\"og:image:type\" content=\"image\/jpeg\" \/>\n<meta name=\"author\" content=\"Pascal Gendrot\" \/>\n<meta name=\"twitter:label1\" content=\"\u00c9crit par\" \/>\n\t<meta name=\"twitter:data1\" content=\"Pascal Gendrot\" \/>\n\t<meta name=\"twitter:label2\" content=\"Dur\u00e9e de lecture estim\u00e9e\" \/>\n\t<meta name=\"twitter:data2\" content=\"1 minute\" \/>\n<script type=\"application\/ld+json\" class=\"yoast-schema-graph\">{\"@context\":\"https:\\\/\\\/schema.org\",\"@graph\":[{\"@type\":\"Article\",\"@id\":\"https:\\\/\\\/laprats.fr\\\/blog\\\/le-8-mai-au-lycee\\\/#article\",\"isPartOf\":{\"@id\":\"https:\\\/\\\/laprats.fr\\\/blog\\\/le-8-mai-au-lycee\\\/\"},\"author\":{\"name\":\"Pascal Gendrot\",\"@id\":\"https:\\\/\\\/laprats.fr\\\/blog\\\/#\\\/schema\\\/person\\\/90a4b4782b20a014cc9b183a4707820c\"},\"headline\":\"Le 8 mai au lyc\u00e9e\",\"datePublished\":\"2025-04-24T16:06:19+00:00\",\"dateModified\":\"2025-04-24T16:06:22+00:00\",\"mainEntityOfPage\":{\"@id\":\"https:\\\/\\\/laprats.fr\\\/blog\\\/le-8-mai-au-lycee\\\/\"},\"wordCount\":178,\"commentCount\":0,\"articleSection\":[\"Info association\"],\"inLanguage\":\"fr-FR\",\"potentialAction\":[{\"@type\":\"CommentAction\",\"name\":\"Comment\",\"target\":[\"https:\\\/\\\/laprats.fr\\\/blog\\\/le-8-mai-au-lycee\\\/#respond\"]}]},{\"@type\":\"WebPage\",\"@id\":\"https:\\\/\\\/laprats.fr\\\/blog\\\/le-8-mai-au-lycee\\\/\",\"url\":\"https:\\\/\\\/laprats.fr\\\/blog\\\/le-8-mai-au-lycee\\\/\",\"name\":\"Le 8 mai au lyc\u00e9e - Bienvenue\",\"isPartOf\":{\"@id\":\"https:\\\/\\\/laprats.fr\\\/blog\\\/#website\"},\"datePublished\":\"2025-04-24T16:06:19+00:00\",\"dateModified\":\"2025-04-24T16:06:22+00:00\",\"author\":{\"@id\":\"https:\\\/\\\/laprats.fr\\\/blog\\\/#\\\/schema\\\/person\\\/90a4b4782b20a014cc9b183a4707820c\"},\"breadcrumb\":{\"@id\":\"https:\\\/\\\/laprats.fr\\\/blog\\\/le-8-mai-au-lycee\\\/#breadcrumb\"},\"inLanguage\":\"fr-FR\",\"potentialAction\":[{\"@type\":\"ReadAction\",\"target\":[\"https:\\\/\\\/laprats.fr\\\/blog\\\/le-8-mai-au-lycee\\\/\"]}]},{\"@type\":\"BreadcrumbList\",\"@id\":\"https:\\\/\\\/laprats.fr\\\/blog\\\/le-8-mai-au-lycee\\\/#breadcrumb\",\"itemListElement\":[{\"@type\":\"ListItem\",\"position\":1,\"name\":\"Accueil\",\"item\":\"https:\\\/\\\/laprats.fr\\\/blog\\\/\"},{\"@type\":\"ListItem\",\"position\":2,\"name\":\"Le 8 mai au lyc\u00e9e\"}]},{\"@type\":\"WebSite\",\"@id\":\"https:\\\/\\\/laprats.fr\\\/blog\\\/#website\",\"url\":\"https:\\\/\\\/laprats.fr\\\/blog\\\/\",\"name\":\"Bienvenue\",\"description\":\"D&#039;hier et d&#039;aujourd&#039;hui ... pour demain\",\"potentialAction\":[{\"@type\":\"SearchAction\",\"target\":{\"@type\":\"EntryPoint\",\"urlTemplate\":\"https:\\\/\\\/laprats.fr\\\/blog\\\/?s={search_term_string}\"},\"query-input\":{\"@type\":\"PropertyValueSpecification\",\"valueRequired\":true,\"valueName\":\"search_term_string\"}}],\"inLanguage\":\"fr-FR\"},{\"@type\":\"Person\",\"@id\":\"https:\\\/\\\/laprats.fr\\\/blog\\\/#\\\/schema\\\/person\\\/90a4b4782b20a014cc9b183a4707820c\",\"name\":\"Pascal Gendrot\",\"image\":{\"@type\":\"ImageObject\",\"inLanguage\":\"fr-FR\",\"@id\":\"https:\\\/\\\/secure.gravatar.com\\\/avatar\\\/649cd38650031007bbd5ec3c73411225e4a69679f8049c7237814718f484b5c0?s=96&d=mm&r=g\",\"url\":\"https:\\\/\\\/secure.gravatar.com\\\/avatar\\\/649cd38650031007bbd5ec3c73411225e4a69679f8049c7237814718f484b5c0?s=96&d=mm&r=g\",\"contentUrl\":\"https:\\\/\\\/secure.gravatar.com\\\/avatar\\\/649cd38650031007bbd5ec3c73411225e4a69679f8049c7237814718f484b5c0?s=96&d=mm&r=g\",\"caption\":\"Pascal Gendrot\"}}]}<\/script>\n<!-- \/ Yoast SEO plugin. -->","yoast_head_json":{"title":"Le 8 mai au lyc\u00e9e - Bienvenue","robots":{"index":"index","follow":"follow","max-snippet":"max-snippet:-1","max-image-preview":"max-image-preview:large","max-video-preview":"max-video-preview:-1"},"canonical":"https:\/\/laprats.fr\/blog\/le-8-mai-au-lycee\/","og_locale":"fr_FR","og_type":"article","og_title":"Le 8 mai au lyc\u00e9e - Bienvenue","og_description":"Mesdames, Messieurs, Cette ann\u00e9e, la c\u00e9r\u00e9monie comm\u00e9morative de la journ\u00e9e de la Lib\u00e9ration du 8 mai 1945 organis\u00e9e par la municipalit\u00e9 de Cluny d\u00e9butera au lyc\u00e9e La Prat&rsquo;s (ce qui [&hellip;]","og_url":"https:\/\/laprats.fr\/blog\/le-8-mai-au-lycee\/","og_site_name":"Bienvenue","article_publisher":"https:\/\/fr-fr.facebook.com\/pages\/Association-La-Prats-de-Cluny\/224204740976190?sk=wall","article_published_time":"2025-04-24T16:06:19+00:00","article_modified_time":"2025-04-24T16:06:22+00:00","og_image":[{"width":200,"height":200,"url":"https:\/\/laprats.fr\/blog\/wp-content\/uploads\/2014\/09\/fonddepage.jpg","type":"image\/jpeg"}],"author":"Pascal Gendrot","twitter_misc":{"\u00c9crit par":"Pascal Gendrot","Dur\u00e9e de lecture estim\u00e9e":"1 minute"},"schema":{"@context":"https:\/\/schema.org","@graph":[{"@type":"Article","@id":"https:\/\/laprats.fr\/blog\/le-8-mai-au-lycee\/#article","isPartOf":{"@id":"https:\/\/laprats.fr\/blog\/le-8-mai-au-lycee\/"},"author":{"name":"Pascal Gendrot","@id":"https:\/\/laprats.fr\/blog\/#\/schema\/person\/90a4b4782b20a014cc9b183a4707820c"},"headline":"Le 8 mai au lyc\u00e9e","datePublished":"2025-04-24T16:06:19+00:00","dateModified":"2025-04-24T16:06:22+00:00","mainEntityOfPage":{"@id":"https:\/\/laprats.fr\/blog\/le-8-mai-au-lycee\/"},"wordCount":178,"commentCount":0,"articleSection":["Info association"],"inLanguage":"fr-FR","potentialAction":[{"@type":"CommentAction","name":"Comment","target":["https:\/\/laprats.fr\/blog\/le-8-mai-au-lycee\/#respond"]}]},{"@type":"WebPage","@id":"https:\/\/laprats.fr\/blog\/le-8-mai-au-lycee\/","url":"https:\/\/laprats.fr\/blog\/le-8-mai-au-lycee\/","name":"Le 8 mai au lyc\u00e9e - Bienvenue","isPartOf":{"@id":"https:\/\/laprats.fr\/blog\/#website"},"datePublished":"2025-04-24T16:06:19+00:00","dateModified":"2025-04-24T16:06:22+00:00","author":{"@id":"https:\/\/laprats.fr\/blog\/#\/schema\/person\/90a4b4782b20a014cc9b183a4707820c"},"breadcrumb":{"@id":"https:\/\/laprats.fr\/blog\/le-8-mai-au-lycee\/#breadcrumb"},"inLanguage":"fr-FR","potentialAction":[{"@type":"ReadAction","target":["https:\/\/laprats.fr\/blog\/le-8-mai-au-lycee\/"]}]},{"@type":"BreadcrumbList","@id":"https:\/\/laprats.fr\/blog\/le-8-mai-au-lycee\/#breadcrumb","itemListElement":[{"@type":"ListItem","position":1,"name":"Accueil","item":"https:\/\/laprats.fr\/blog\/"},{"@type":"ListItem","position":2,"name":"Le 8 mai au lyc\u00e9e"}]},{"@type":"WebSite","@id":"https:\/\/laprats.fr\/blog\/#website","url":"https:\/\/laprats.fr\/blog\/","name":"Bienvenue","description":"D&#039;hier et d&#039;aujourd&#039;hui ... pour demain","potentialAction":[{"@type":"SearchAction","target":{"@type":"EntryPoint","urlTemplate":"https:\/\/laprats.fr\/blog\/?s={search_term_string}"},"query-input":{"@type":"PropertyValueSpecification","valueRequired":true,"valueName":"search_term_string"}}],"inLanguage":"fr-FR"},{"@type":"Person","@id":"https:\/\/laprats.fr\/blog\/#\/schema\/person\/90a4b4782b20a014cc9b183a4707820c","name":"Pascal Gendrot","image":{"@type":"ImageObject","inLanguage":"fr-FR","@id":"https:\/\/secure.gravatar.com\/avatar\/649cd38650031007bbd5ec3c73411225e4a69679f8049c7237814718f484b5c0?s=96&d=mm&r=g","url":"https:\/\/secure.gravatar.com\/avatar\/649cd38650031007bbd5ec3c73411225e4a69679f8049c7237814718f484b5c0?s=96&d=mm&r=g","contentUrl":"https:\/\/secure.gravatar.com\/avatar\/649cd38650031007bbd5ec3c73411225e4a69679f8049c7237814718f484b5c0?s=96&d=mm&r=g","caption":"Pascal Gendrot"}}]}},"_links":{"self":[{"href":"https:\/\/laprats.fr\/blog\/wp-json\/wp\/v2\/posts\/2723","targetHints":{"allow":["GET"]}}],"collection":[{"href":"https:\/\/laprats.fr\/blog\/wp-json\/wp\/v2\/posts"}],"about":[{"href":"https:\/\/laprats.fr\/blog\/wp-json\/wp\/v2\/types\/post"}],"author":[{"embeddable":true,"href":"https:\/\/laprats.fr\/blog\/wp-json\/wp\/v2\/users\/6"}],"replies":[{"embeddable":true,"href":"https:\/\/laprats.fr\/blog\/wp-json\/wp\/v2\/comments?post=2723"}],"version-history":[{"count":1,"href":"https:\/\/laprats.fr\/blog\/wp-json\/wp\/v2\/posts\/2723\/revisions"}],"predecessor-version":[{"id":2724,"href":"https:\/\/laprats.fr\/blog\/wp-json\/wp\/v2\/posts\/2723\/revisions\/2724"}],"wp:attachment":[{"href":"https:\/\/laprats.fr\/blog\/wp-json\/wp\/v2\/media?parent=2723"}],"wp:term":[{"taxonomy":"category","embeddable":true,"href":"https:\/\/laprats.fr\/blog\/wp-json\/wp\/v2\/categories?post=2723"},{"taxonomy":"post_tag","embeddable":true,"href":"https:\/\/laprats.fr\/blog\/wp-json\/wp\/v2\/tags?post=2723"}],"curies":[{"name":"wp","href":"https:\/\/api.w.org\/{rel}","templated":true}]}}