{"id":2690,"date":"2025-04-06T09:34:32","date_gmt":"2025-04-06T07:34:32","guid":{"rendered":"https:\/\/laprats.fr\/blog\/?p=2690"},"modified":"2025-04-06T09:39:19","modified_gmt":"2025-04-06T07:39:19","slug":"visite-cetic-framatome","status":"publish","type":"post","link":"https:\/\/laprats.fr\/blog\/visite-cetic-framatome\/","title":{"rendered":"Visite CETIC Framatome"},"content":{"rendered":"\n<p><strong>VISITE FRAMATOME et CETIC Chalon-sur-Sa\u00f4ne le lundi 24 mars 2025.<\/strong><\/p>\n<p>Nous avions rendez-vous \u00e0 7h30 \u00e0 la Prat\u2019s ce lundi 24 mars, pour la visite du CETIC et de Framatome Chalon.<a href=\"http:\/\/laprats.fr\/blog\/wp-content\/uploads\/2025\/04\/CR1.jpg\"><img loading=\"lazy\" decoding=\"async\" class=\"size-medium wp-image-2692 aligncenter\" src=\"http:\/\/laprats.fr\/blog\/wp-content\/uploads\/2025\/04\/CR1-300x200.jpg\" alt=\"\" width=\"300\" height=\"200\" srcset=\"https:\/\/laprats.fr\/blog\/wp-content\/uploads\/2025\/04\/CR1-300x200.jpg 300w, https:\/\/laprats.fr\/blog\/wp-content\/uploads\/2025\/04\/CR1-768x513.jpg 768w, https:\/\/laprats.fr\/blog\/wp-content\/uploads\/2025\/04\/CR1-749x500.jpg 749w, https:\/\/laprats.fr\/blog\/wp-content\/uploads\/2025\/04\/CR1.jpg 779w\" sizes=\"auto, (max-width: 300px) 100vw, 300px\" \/><\/a>C\u2019est sous un soleil naissant que nous avons retrouv\u00e9 Pascal CLEMENT Professeur de Electronique, Olivier GRADELET Professeur de technologie m\u00e9canique, Sandrine COTTIN \u00a0AESH \u00a0d\u2019un \u00e9l\u00e8ve autiste (Accompagnante des El\u00e8ves en Situation de Handicap) et les \u00e9l\u00e8ves de 1<sup>\u00e8re<\/sup> et terminale. Voyage sans encombre et calme mais rallong\u00e9 par un d\u00e9tour par Salornay du fait de la fermeture de la route \u00e0 Massilly pour travaux.<\/p>\n<p>Arriv\u00e9e au CETIC (<strong>C<\/strong>entre d\u2019<strong>E<\/strong>xp\u00e9rimentation et de validation des <strong>T<\/strong>echniques d\u2019<strong>I<\/strong>nterpr\u00e9tation sur<strong> C<\/strong>haudi\u00e8res nucl\u00e9aires) qui est un GIE (Groupement d\u2019int\u00e9r\u00eat\u00a0 Economique) entre EDF SAS et FRAMATOME.\u00a0 Dans les faits, un centre de formation aux techniques de maintenance et d\u2019intervention en centrale nucl\u00e9aire. Le site a la particularit\u00e9 de permettre l\u2019intervention sur des maquettes \u00e0 l\u2019\u00e9chelle 1, dans les conditions \u00e9quivalentes \u00e0 celles des centrales, bien s\u00fbr sans la radioactivit\u00e9.\u00a0 Il n\u2019y a que 7 employ\u00e9s dans cette structure.<\/p>\n<p style=\"text-align: center;\"><a href=\"http:\/\/laprats.fr\/blog\/wp-content\/uploads\/2025\/04\/CR2-rotated.jpg\"><img loading=\"lazy\" decoding=\"async\" class=\"alignnone size-medium wp-image-2700\" src=\"http:\/\/laprats.fr\/blog\/wp-content\/uploads\/2025\/04\/CR2-200x300.jpg\" alt=\"\" width=\"200\" height=\"300\" srcset=\"https:\/\/laprats.fr\/blog\/wp-content\/uploads\/2025\/04\/CR2-200x300.jpg 200w, https:\/\/laprats.fr\/blog\/wp-content\/uploads\/2025\/04\/CR2-334x500.jpg 334w, https:\/\/laprats.fr\/blog\/wp-content\/uploads\/2025\/04\/CR2-rotated.jpg 612w\" sizes=\"auto, (max-width: 200px) 100vw, 200px\" \/><\/a><\/p>\n<p>Accueil en salle de r\u00e9union pour un petit film de pr\u00e9sentation, puis apr\u00e8s avoir rev\u00eatu les EPI (Equipements de Protection Individuelle) que sont la charlotte, le casque jaune et l\u2019oreillette de l\u2019audio-guide, nous avons visit\u00e9 en 2 groupes. Nos guides tr\u00e8s comp\u00e9tents nous ont passionn\u00e9s, m\u00eame si quelquefois le langage technique n\u2019\u00e9tait pas simple \u00e0 assimiler. Avons pu voir une \u00e9quipe de techniciens en formation et faire toutes les photos que nous souhaitions tant \u00e0 l\u2019int\u00e9rieur qu\u2019\u00e0 l\u2019ext\u00e9rieur. Ainsi avons-nous pu d\u00e9filer sous un couvercle de cuve de r\u00e9acteur et en appr\u00e9cier le rev\u00eatement inox ou en inconel.<\/p>\n<p><a href=\"http:\/\/laprats.fr\/blog\/wp-content\/uploads\/2025\/04\/CR3.jpg\"><img loading=\"lazy\" decoding=\"async\" class=\"size-medium wp-image-2694 aligncenter\" src=\"http:\/\/laprats.fr\/blog\/wp-content\/uploads\/2025\/04\/CR3-300x201.jpg\" alt=\"\" width=\"300\" height=\"201\" srcset=\"https:\/\/laprats.fr\/blog\/wp-content\/uploads\/2025\/04\/CR3-300x201.jpg 300w, https:\/\/laprats.fr\/blog\/wp-content\/uploads\/2025\/04\/CR3-768x515.jpg 768w, https:\/\/laprats.fr\/blog\/wp-content\/uploads\/2025\/04\/CR3-746x500.jpg 746w, https:\/\/laprats.fr\/blog\/wp-content\/uploads\/2025\/04\/CR3.jpg 816w\" sizes=\"auto, (max-width: 300px) 100vw, 300px\" \/><\/a><\/p>\n<p>Mont\u00e9e en autocar pour parcourir les quelques centaines de m\u00e8tres qui nous s\u00e9parent du restaurant de l\u2019IUT. Repas copieux avec entr\u00e9e, plat, dessert et en plus 1 yaourt ou 1 cr\u00e8me chocolat. Petite d\u00e9tente dans le parc attenant ou courses \u00e0 Carrefour, avant de remonter dans l\u2019autocar pour se rendre chez Framatome Saint Marcel.<\/p>\n<p>Petit probl\u00e8me, Framatome est en pleine extension (12000 M2 pr\u00e9vus) avec refonte des acc\u00e8s au site, de ce fait nous n\u2019\u00e9tions pas \u00e0 la bonne entr\u00e9e, d\u2019o\u00f9 une brillante marche arri\u00e8re de notre chauffeur<\/p>\n<p>L\u00e0 malheureusement les photos \u00e9taient interdites d\u2019o\u00f9 l\u2019unique photo des b\u00e2timents ext\u00e9rieurs.<\/p>\n<p style=\"text-align: center;\"><a href=\"http:\/\/laprats.fr\/blog\/wp-content\/uploads\/2025\/04\/CR4.jpg\"><img loading=\"lazy\" decoding=\"async\" class=\"alignnone size-medium wp-image-2695\" src=\"http:\/\/laprats.fr\/blog\/wp-content\/uploads\/2025\/04\/CR4-300x200.jpg\" alt=\"\" width=\"300\" height=\"200\" srcset=\"https:\/\/laprats.fr\/blog\/wp-content\/uploads\/2025\/04\/CR4-300x200.jpg 300w, https:\/\/laprats.fr\/blog\/wp-content\/uploads\/2025\/04\/CR4-768x511.jpg 768w, https:\/\/laprats.fr\/blog\/wp-content\/uploads\/2025\/04\/CR4-751x500.jpg 751w, https:\/\/laprats.fr\/blog\/wp-content\/uploads\/2025\/04\/CR4.jpg 781w\" sizes=\"auto, (max-width: 300px) 100vw, 300px\" \/><\/a><\/p>\n<p>A l\u2019instar du CETIC, le lieu est encore plus prot\u00e9g\u00e9: \u00e9change de notre CI contre un badge visiteur, qui permettra de franchir le sas d\u2019entr\u00e9e. EPI, mais cette fois avec des chaussures de s\u00e9curit\u00e9, une casquette rouge du plus bel effet et une blouse bicolore moderne. Nos guides on beaucoup insist\u00e9 sur la s\u00e9curit\u00e9 en g\u00e9n\u00e9rale. Nous avons pu constater sur le film pr\u00e9sent\u00e9 qu\u2019il n\u2019y avait pas eu d\u2019AT (accident du travail) depuis 4 ans. L\u2019usine se compose de 3 grands hall avec ponts roulant de 60 tonnes, jusqu\u2019\u00e0 400 et 600t dans le hall d\u2019assemblage final, portant ainsi la capacit\u00e9 de levage \u00e0 1000 t en jumel\u00e9. Le site fabrique principalement les GV (g\u00e9n\u00e9rateurs de vapeurs) au nombre de 3 dans chaque centrale. Ceux-ci utilisent le r\u00e9seau secondaire d\u2019eau surchauff\u00e9e \u00e0 320\u00b0 sous haute pression, \u00e9vitant ainsi la vaporisation de l\u2019eau. Ils r\u00e9chauffent l\u2019eau sous pression pour la transformer en vapeur \u00e0 haute pression. Celle-ci, apr\u00e8s avoir \u00e9t\u00e9 dess\u00e9ch\u00e9e dans la partie sup. du couvercle, alimente le 2 (ou 3) \u00e9tages des turbines qui entrainent l\u2019alternateur.<\/p>\n<p style=\"text-align: center;\"><a href=\"http:\/\/laprats.fr\/blog\/wp-content\/uploads\/2025\/04\/CR5.jpg\"><img loading=\"lazy\" decoding=\"async\" class=\"alignnone size-medium wp-image-2696\" src=\"http:\/\/laprats.fr\/blog\/wp-content\/uploads\/2025\/04\/CR5-300x200.jpg\" alt=\"\" width=\"300\" height=\"200\" srcset=\"https:\/\/laprats.fr\/blog\/wp-content\/uploads\/2025\/04\/CR5-300x200.jpg 300w, https:\/\/laprats.fr\/blog\/wp-content\/uploads\/2025\/04\/CR5-768x513.jpg 768w, https:\/\/laprats.fr\/blog\/wp-content\/uploads\/2025\/04\/CR5-749x500.jpg 749w, https:\/\/laprats.fr\/blog\/wp-content\/uploads\/2025\/04\/CR5.jpg 779w\" sizes=\"auto, (max-width: 300px) 100vw, 300px\" \/><\/a>\u00a0 <a href=\"http:\/\/laprats.fr\/blog\/wp-content\/uploads\/2025\/04\/CR6.jpg\"><img loading=\"lazy\" decoding=\"async\" class=\"alignnone size-medium wp-image-2697\" src=\"http:\/\/laprats.fr\/blog\/wp-content\/uploads\/2025\/04\/CR6-300x200.jpg\" alt=\"\" width=\"300\" height=\"200\" srcset=\"https:\/\/laprats.fr\/blog\/wp-content\/uploads\/2025\/04\/CR6-300x200.jpg 300w, https:\/\/laprats.fr\/blog\/wp-content\/uploads\/2025\/04\/CR6-768x511.jpg 768w, https:\/\/laprats.fr\/blog\/wp-content\/uploads\/2025\/04\/CR6-751x500.jpg 751w, https:\/\/laprats.fr\/blog\/wp-content\/uploads\/2025\/04\/CR6.jpg 793w\" sizes=\"auto, (max-width: 300px) 100vw, 300px\" \/><\/a><\/p>\n<p>La plupart des viroles proviennent de la forge du Creusot, mais les plus grosses proviennent du Japon, actuellement seul capable de forger des pi\u00e8ces \u00e0 partir de lingot de 600t. L\u2019usinage des plaque interm\u00e9diaires de l\u2019\u00e9changeur est spectaculaire, d\u2019abord le per\u00e7age en CN (commande num\u00e9rique), puis le brochage sur une machine Comau, transformant la lourde plaque de 2t en une fine dentelle de seulement 600Kg. Il y en a 3 par GV. Le montage des tubes \u00e9changeurs s\u2019effectue dans le dernier hall dans une enceinte isol\u00e9e, en surpression pour \u00e9viter toute poussi\u00e8re. De nombreux contr\u00f4les destructifs sur \u00e9prouvette ou non destructifs sont effectu\u00e9s au cours du processus, quelquefois m\u00eame sous-trait\u00e9s \u00e0 des entreprises ext\u00e9rieures sp\u00e9cialis\u00e9s. D\u2019o\u00f9 une dur\u00e9e d\u2019environ 72 mois pour \u00e9laborer compl\u00e8tement un GV\u00a0: de la r\u00e9ception des composants jusqu\u2019\u00e0 la protection finale. Les GV sont ensuite charg\u00e9s sur une barge et exp\u00e9di\u00e9s par bateau jusqu\u2019au port de destination finale. Il a fallu creuser une darse sp\u00e9ciale sur le bord de Sa\u00f4ne et bien s\u00fbr construire les chemins de roulement de pont capables de supporter 1000t.<\/p>\n<p><a href=\"http:\/\/laprats.fr\/blog\/wp-content\/uploads\/2025\/04\/1000009063-scaled.jpg\"><img loading=\"lazy\" decoding=\"async\" class=\" wp-image-2702 aligncenter\" src=\"http:\/\/laprats.fr\/blog\/wp-content\/uploads\/2025\/04\/1000009063-300x225.jpg\" alt=\"\" width=\"354\" height=\"265\" srcset=\"https:\/\/laprats.fr\/blog\/wp-content\/uploads\/2025\/04\/1000009063-300x225.jpg 300w, https:\/\/laprats.fr\/blog\/wp-content\/uploads\/2025\/04\/1000009063-1024x768.jpg 1024w, https:\/\/laprats.fr\/blog\/wp-content\/uploads\/2025\/04\/1000009063-768x576.jpg 768w, https:\/\/laprats.fr\/blog\/wp-content\/uploads\/2025\/04\/1000009063-1536x1152.jpg 1536w, https:\/\/laprats.fr\/blog\/wp-content\/uploads\/2025\/04\/1000009063-2048x1536.jpg 2048w, https:\/\/laprats.fr\/blog\/wp-content\/uploads\/2025\/04\/1000009063-175x131.jpg 175w, https:\/\/laprats.fr\/blog\/wp-content\/uploads\/2025\/04\/1000009063-667x500.jpg 667w\" sizes=\"auto, (max-width: 354px) 100vw, 354px\" \/><\/a><\/p>\n<p>Un grand merci \u00e0 notre guide Peggy LUCAS qui a pris les photos du groupe et a bien voulu nous les envoyer imm\u00e9diatement.<\/p>\n<p>\u00a0<\/p>\n<p>\u00a0<\/p>\n","protected":false},"excerpt":{"rendered":"<p>VISITE FRAMATOME et CETIC Chalon-sur-Sa\u00f4ne le lundi 24 mars 2025. Nous avions rendez-vous \u00e0 7h30 \u00e0 la Prat\u2019s ce lundi 24 mars, pour la visite du CETIC et de Framatome <a href=\"https:\/\/laprats.fr\/blog\/visite-cetic-framatome\/\" class=\"more-link\">[&hellip;]<\/a><\/p>\n","protected":false},"author":6,"featured_media":2694,"comment_status":"open","ping_status":"open","sticky":false,"template":"","format":"standard","meta":{"Layout":"","footnotes":""},"categories":[5],"tags":[],"class_list":["entry","author-pascal","post-2690","post","type-post","status-publish","format-standard","has-post-thumbnail","category-info-association"],"yoast_head":"<!-- This site is optimized with the Yoast SEO plugin v27.5 - https:\/\/yoast.com\/product\/yoast-seo-wordpress\/ -->\n<title>Visite CETIC Framatome - Bienvenue<\/title>\n<meta name=\"robots\" content=\"index, follow, max-snippet:-1, max-image-preview:large, max-video-preview:-1\" \/>\n<link rel=\"canonical\" href=\"https:\/\/laprats.fr\/blog\/visite-cetic-framatome\/\" \/>\n<meta property=\"og:locale\" content=\"fr_FR\" \/>\n<meta property=\"og:type\" content=\"article\" \/>\n<meta property=\"og:title\" content=\"Visite CETIC Framatome - Bienvenue\" \/>\n<meta property=\"og:description\" content=\"VISITE FRAMATOME et CETIC Chalon-sur-Sa\u00f4ne le lundi 24 mars 2025. Nous avions rendez-vous \u00e0 7h30 \u00e0 la Prat\u2019s ce lundi 24 mars, pour la visite du CETIC et de Framatome [&hellip;]\" \/>\n<meta property=\"og:url\" content=\"https:\/\/laprats.fr\/blog\/visite-cetic-framatome\/\" \/>\n<meta property=\"og:site_name\" content=\"Bienvenue\" \/>\n<meta property=\"article:publisher\" content=\"https:\/\/fr-fr.facebook.com\/pages\/Association-La-Prats-de-Cluny\/224204740976190?sk=wall\" \/>\n<meta property=\"article:published_time\" content=\"2025-04-06T07:34:32+00:00\" \/>\n<meta property=\"article:modified_time\" content=\"2025-04-06T07:39:19+00:00\" \/>\n<meta property=\"og:image\" content=\"https:\/\/laprats.fr\/blog\/wp-content\/uploads\/2025\/04\/CR3.jpg\" \/>\n\t<meta property=\"og:image:width\" content=\"816\" \/>\n\t<meta property=\"og:image:height\" content=\"547\" \/>\n\t<meta property=\"og:image:type\" content=\"image\/jpeg\" \/>\n<meta name=\"author\" content=\"Pascal Gendrot\" \/>\n<meta name=\"twitter:label1\" content=\"\u00c9crit par\" \/>\n\t<meta name=\"twitter:data1\" content=\"Pascal Gendrot\" \/>\n\t<meta name=\"twitter:label2\" content=\"Dur\u00e9e de lecture estim\u00e9e\" \/>\n\t<meta name=\"twitter:data2\" content=\"4 minutes\" \/>\n<script type=\"application\/ld+json\" class=\"yoast-schema-graph\">{\"@context\":\"https:\\\/\\\/schema.org\",\"@graph\":[{\"@type\":\"Article\",\"@id\":\"https:\\\/\\\/laprats.fr\\\/blog\\\/visite-cetic-framatome\\\/#article\",\"isPartOf\":{\"@id\":\"https:\\\/\\\/laprats.fr\\\/blog\\\/visite-cetic-framatome\\\/\"},\"author\":{\"name\":\"Pascal Gendrot\",\"@id\":\"http:\\\/\\\/laprats.fr\\\/blog\\\/#\\\/schema\\\/person\\\/90a4b4782b20a014cc9b183a4707820c\"},\"headline\":\"Visite CETIC Framatome\",\"datePublished\":\"2025-04-06T07:34:32+00:00\",\"dateModified\":\"2025-04-06T07:39:19+00:00\",\"mainEntityOfPage\":{\"@id\":\"https:\\\/\\\/laprats.fr\\\/blog\\\/visite-cetic-framatome\\\/\"},\"wordCount\":838,\"commentCount\":0,\"image\":{\"@id\":\"https:\\\/\\\/laprats.fr\\\/blog\\\/visite-cetic-framatome\\\/#primaryimage\"},\"thumbnailUrl\":\"https:\\\/\\\/laprats.fr\\\/blog\\\/wp-content\\\/uploads\\\/2025\\\/04\\\/CR3.jpg\",\"articleSection\":[\"Info association\"],\"inLanguage\":\"fr-FR\",\"potentialAction\":[{\"@type\":\"CommentAction\",\"name\":\"Comment\",\"target\":[\"https:\\\/\\\/laprats.fr\\\/blog\\\/visite-cetic-framatome\\\/#respond\"]}]},{\"@type\":\"WebPage\",\"@id\":\"https:\\\/\\\/laprats.fr\\\/blog\\\/visite-cetic-framatome\\\/\",\"url\":\"https:\\\/\\\/laprats.fr\\\/blog\\\/visite-cetic-framatome\\\/\",\"name\":\"Visite CETIC Framatome - Bienvenue\",\"isPartOf\":{\"@id\":\"http:\\\/\\\/laprats.fr\\\/blog\\\/#website\"},\"primaryImageOfPage\":{\"@id\":\"https:\\\/\\\/laprats.fr\\\/blog\\\/visite-cetic-framatome\\\/#primaryimage\"},\"image\":{\"@id\":\"https:\\\/\\\/laprats.fr\\\/blog\\\/visite-cetic-framatome\\\/#primaryimage\"},\"thumbnailUrl\":\"https:\\\/\\\/laprats.fr\\\/blog\\\/wp-content\\\/uploads\\\/2025\\\/04\\\/CR3.jpg\",\"datePublished\":\"2025-04-06T07:34:32+00:00\",\"dateModified\":\"2025-04-06T07:39:19+00:00\",\"author\":{\"@id\":\"http:\\\/\\\/laprats.fr\\\/blog\\\/#\\\/schema\\\/person\\\/90a4b4782b20a014cc9b183a4707820c\"},\"breadcrumb\":{\"@id\":\"https:\\\/\\\/laprats.fr\\\/blog\\\/visite-cetic-framatome\\\/#breadcrumb\"},\"inLanguage\":\"fr-FR\",\"potentialAction\":[{\"@type\":\"ReadAction\",\"target\":[\"https:\\\/\\\/laprats.fr\\\/blog\\\/visite-cetic-framatome\\\/\"]}]},{\"@type\":\"ImageObject\",\"inLanguage\":\"fr-FR\",\"@id\":\"https:\\\/\\\/laprats.fr\\\/blog\\\/visite-cetic-framatome\\\/#primaryimage\",\"url\":\"https:\\\/\\\/laprats.fr\\\/blog\\\/wp-content\\\/uploads\\\/2025\\\/04\\\/CR3.jpg\",\"contentUrl\":\"https:\\\/\\\/laprats.fr\\\/blog\\\/wp-content\\\/uploads\\\/2025\\\/04\\\/CR3.jpg\",\"width\":816,\"height\":547},{\"@type\":\"BreadcrumbList\",\"@id\":\"https:\\\/\\\/laprats.fr\\\/blog\\\/visite-cetic-framatome\\\/#breadcrumb\",\"itemListElement\":[{\"@type\":\"ListItem\",\"position\":1,\"name\":\"Accueil\",\"item\":\"http:\\\/\\\/laprats.fr\\\/blog\\\/\"},{\"@type\":\"ListItem\",\"position\":2,\"name\":\"Visite CETIC Framatome\"}]},{\"@type\":\"WebSite\",\"@id\":\"http:\\\/\\\/laprats.fr\\\/blog\\\/#website\",\"url\":\"http:\\\/\\\/laprats.fr\\\/blog\\\/\",\"name\":\"Bienvenue\",\"description\":\"D&#039;hier et d&#039;aujourd&#039;hui ... pour demain\",\"potentialAction\":[{\"@type\":\"SearchAction\",\"target\":{\"@type\":\"EntryPoint\",\"urlTemplate\":\"http:\\\/\\\/laprats.fr\\\/blog\\\/?s={search_term_string}\"},\"query-input\":{\"@type\":\"PropertyValueSpecification\",\"valueRequired\":true,\"valueName\":\"search_term_string\"}}],\"inLanguage\":\"fr-FR\"},{\"@type\":\"Person\",\"@id\":\"http:\\\/\\\/laprats.fr\\\/blog\\\/#\\\/schema\\\/person\\\/90a4b4782b20a014cc9b183a4707820c\",\"name\":\"Pascal Gendrot\",\"image\":{\"@type\":\"ImageObject\",\"inLanguage\":\"fr-FR\",\"@id\":\"https:\\\/\\\/secure.gravatar.com\\\/avatar\\\/649cd38650031007bbd5ec3c73411225e4a69679f8049c7237814718f484b5c0?s=96&d=mm&r=g\",\"url\":\"https:\\\/\\\/secure.gravatar.com\\\/avatar\\\/649cd38650031007bbd5ec3c73411225e4a69679f8049c7237814718f484b5c0?s=96&d=mm&r=g\",\"contentUrl\":\"https:\\\/\\\/secure.gravatar.com\\\/avatar\\\/649cd38650031007bbd5ec3c73411225e4a69679f8049c7237814718f484b5c0?s=96&d=mm&r=g\",\"caption\":\"Pascal Gendrot\"}}]}<\/script>\n<!-- \/ Yoast SEO plugin. -->","yoast_head_json":{"title":"Visite CETIC Framatome - Bienvenue","robots":{"index":"index","follow":"follow","max-snippet":"max-snippet:-1","max-image-preview":"max-image-preview:large","max-video-preview":"max-video-preview:-1"},"canonical":"https:\/\/laprats.fr\/blog\/visite-cetic-framatome\/","og_locale":"fr_FR","og_type":"article","og_title":"Visite CETIC Framatome - Bienvenue","og_description":"VISITE FRAMATOME et CETIC Chalon-sur-Sa\u00f4ne le lundi 24 mars 2025. Nous avions rendez-vous \u00e0 7h30 \u00e0 la Prat\u2019s ce lundi 24 mars, pour la visite du CETIC et de Framatome [&hellip;]","og_url":"https:\/\/laprats.fr\/blog\/visite-cetic-framatome\/","og_site_name":"Bienvenue","article_publisher":"https:\/\/fr-fr.facebook.com\/pages\/Association-La-Prats-de-Cluny\/224204740976190?sk=wall","article_published_time":"2025-04-06T07:34:32+00:00","article_modified_time":"2025-04-06T07:39:19+00:00","og_image":[{"width":816,"height":547,"url":"https:\/\/laprats.fr\/blog\/wp-content\/uploads\/2025\/04\/CR3.jpg","type":"image\/jpeg"}],"author":"Pascal Gendrot","twitter_misc":{"\u00c9crit par":"Pascal Gendrot","Dur\u00e9e de lecture estim\u00e9e":"4 minutes"},"schema":{"@context":"https:\/\/schema.org","@graph":[{"@type":"Article","@id":"https:\/\/laprats.fr\/blog\/visite-cetic-framatome\/#article","isPartOf":{"@id":"https:\/\/laprats.fr\/blog\/visite-cetic-framatome\/"},"author":{"name":"Pascal Gendrot","@id":"http:\/\/laprats.fr\/blog\/#\/schema\/person\/90a4b4782b20a014cc9b183a4707820c"},"headline":"Visite CETIC Framatome","datePublished":"2025-04-06T07:34:32+00:00","dateModified":"2025-04-06T07:39:19+00:00","mainEntityOfPage":{"@id":"https:\/\/laprats.fr\/blog\/visite-cetic-framatome\/"},"wordCount":838,"commentCount":0,"image":{"@id":"https:\/\/laprats.fr\/blog\/visite-cetic-framatome\/#primaryimage"},"thumbnailUrl":"https:\/\/laprats.fr\/blog\/wp-content\/uploads\/2025\/04\/CR3.jpg","articleSection":["Info association"],"inLanguage":"fr-FR","potentialAction":[{"@type":"CommentAction","name":"Comment","target":["https:\/\/laprats.fr\/blog\/visite-cetic-framatome\/#respond"]}]},{"@type":"WebPage","@id":"https:\/\/laprats.fr\/blog\/visite-cetic-framatome\/","url":"https:\/\/laprats.fr\/blog\/visite-cetic-framatome\/","name":"Visite CETIC Framatome - Bienvenue","isPartOf":{"@id":"http:\/\/laprats.fr\/blog\/#website"},"primaryImageOfPage":{"@id":"https:\/\/laprats.fr\/blog\/visite-cetic-framatome\/#primaryimage"},"image":{"@id":"https:\/\/laprats.fr\/blog\/visite-cetic-framatome\/#primaryimage"},"thumbnailUrl":"https:\/\/laprats.fr\/blog\/wp-content\/uploads\/2025\/04\/CR3.jpg","datePublished":"2025-04-06T07:34:32+00:00","dateModified":"2025-04-06T07:39:19+00:00","author":{"@id":"http:\/\/laprats.fr\/blog\/#\/schema\/person\/90a4b4782b20a014cc9b183a4707820c"},"breadcrumb":{"@id":"https:\/\/laprats.fr\/blog\/visite-cetic-framatome\/#breadcrumb"},"inLanguage":"fr-FR","potentialAction":[{"@type":"ReadAction","target":["https:\/\/laprats.fr\/blog\/visite-cetic-framatome\/"]}]},{"@type":"ImageObject","inLanguage":"fr-FR","@id":"https:\/\/laprats.fr\/blog\/visite-cetic-framatome\/#primaryimage","url":"https:\/\/laprats.fr\/blog\/wp-content\/uploads\/2025\/04\/CR3.jpg","contentUrl":"https:\/\/laprats.fr\/blog\/wp-content\/uploads\/2025\/04\/CR3.jpg","width":816,"height":547},{"@type":"BreadcrumbList","@id":"https:\/\/laprats.fr\/blog\/visite-cetic-framatome\/#breadcrumb","itemListElement":[{"@type":"ListItem","position":1,"name":"Accueil","item":"http:\/\/laprats.fr\/blog\/"},{"@type":"ListItem","position":2,"name":"Visite CETIC Framatome"}]},{"@type":"WebSite","@id":"http:\/\/laprats.fr\/blog\/#website","url":"http:\/\/laprats.fr\/blog\/","name":"Bienvenue","description":"D&#039;hier et d&#039;aujourd&#039;hui ... pour demain","potentialAction":[{"@type":"SearchAction","target":{"@type":"EntryPoint","urlTemplate":"http:\/\/laprats.fr\/blog\/?s={search_term_string}"},"query-input":{"@type":"PropertyValueSpecification","valueRequired":true,"valueName":"search_term_string"}}],"inLanguage":"fr-FR"},{"@type":"Person","@id":"http:\/\/laprats.fr\/blog\/#\/schema\/person\/90a4b4782b20a014cc9b183a4707820c","name":"Pascal Gendrot","image":{"@type":"ImageObject","inLanguage":"fr-FR","@id":"https:\/\/secure.gravatar.com\/avatar\/649cd38650031007bbd5ec3c73411225e4a69679f8049c7237814718f484b5c0?s=96&d=mm&r=g","url":"https:\/\/secure.gravatar.com\/avatar\/649cd38650031007bbd5ec3c73411225e4a69679f8049c7237814718f484b5c0?s=96&d=mm&r=g","contentUrl":"https:\/\/secure.gravatar.com\/avatar\/649cd38650031007bbd5ec3c73411225e4a69679f8049c7237814718f484b5c0?s=96&d=mm&r=g","caption":"Pascal Gendrot"}}]}},"_links":{"self":[{"href":"https:\/\/laprats.fr\/blog\/wp-json\/wp\/v2\/posts\/2690","targetHints":{"allow":["GET"]}}],"collection":[{"href":"https:\/\/laprats.fr\/blog\/wp-json\/wp\/v2\/posts"}],"about":[{"href":"https:\/\/laprats.fr\/blog\/wp-json\/wp\/v2\/types\/post"}],"author":[{"embeddable":true,"href":"https:\/\/laprats.fr\/blog\/wp-json\/wp\/v2\/users\/6"}],"replies":[{"embeddable":true,"href":"https:\/\/laprats.fr\/blog\/wp-json\/wp\/v2\/comments?post=2690"}],"version-history":[{"count":4,"href":"https:\/\/laprats.fr\/blog\/wp-json\/wp\/v2\/posts\/2690\/revisions"}],"predecessor-version":[{"id":2703,"href":"https:\/\/laprats.fr\/blog\/wp-json\/wp\/v2\/posts\/2690\/revisions\/2703"}],"wp:featuredmedia":[{"embeddable":true,"href":"https:\/\/laprats.fr\/blog\/wp-json\/wp\/v2\/media\/2694"}],"wp:attachment":[{"href":"https:\/\/laprats.fr\/blog\/wp-json\/wp\/v2\/media?parent=2690"}],"wp:term":[{"taxonomy":"category","embeddable":true,"href":"https:\/\/laprats.fr\/blog\/wp-json\/wp\/v2\/categories?post=2690"},{"taxonomy":"post_tag","embeddable":true,"href":"https:\/\/laprats.fr\/blog\/wp-json\/wp\/v2\/tags?post=2690"}],"curies":[{"name":"wp","href":"https:\/\/api.w.org\/{rel}","templated":true}]}}