{"id":2487,"date":"2023-11-01T13:49:49","date_gmt":"2023-11-01T12:49:49","guid":{"rendered":"https:\/\/laprats.fr\/blog\/?p=2487"},"modified":"2023-11-01T13:55:29","modified_gmt":"2023-11-01T12:55:29","slug":"assemblee-generale-2023","status":"publish","type":"post","link":"https:\/\/laprats.fr\/blog\/assemblee-generale-2023\/","title":{"rendered":"Assembl\u00e9e G\u00e9n\u00e9rale 2023"},"content":{"rendered":"\n<p>Comme chaque ann\u00e9e, l&rsquo;assembl\u00e9e g\u00e9n\u00e9rale de votre association s&rsquo;est tenue le premier samedi d&rsquo;octobre. Nous avons \u00e9t\u00e9 re\u00e7us par le lyc\u00e9e dans les locaux du r\u00e9fectoire o\u00f9 nous avons pu faire le bilan de l&rsquo;ann\u00e9e \u00e9coul\u00e9e et nous projeter sur l&rsquo;ann\u00e9e \u00e0 venir (<a href=\"http:\/\/laprats.fr\/blog\/wp-content\/uploads\/2023\/10\/crag2023.pdf\">compte rendu \u00e0 t\u00e9l\u00e9charger<\/a>). Apr\u00e8s le d\u00e9p\u00f4t de gerbe au monument au mort, sous le drapeau du souvenir imagin\u00e9 par le lyc\u00e9e, le chef des cuisines du lyc\u00e9e et son \u00e9quipe nous ont servi un repas de f\u00eate. Un grand merci au lyc\u00e9e pour son accueil et aux fid\u00e8les cotisants pour leur participation.<\/p>\n<p style=\"text-align: left;\"><a href=\"http:\/\/laprats.fr\/blog\/wp-content\/uploads\/2023\/10\/IMG_8889-scaled.jpg\"><img loading=\"lazy\" decoding=\"async\" class=\"alignnone size-medium wp-image-2472\" src=\"http:\/\/laprats.fr\/blog\/wp-content\/uploads\/2023\/10\/IMG_8889-300x200.jpg\" alt=\"\" width=\"300\" height=\"200\" srcset=\"https:\/\/laprats.fr\/blog\/wp-content\/uploads\/2023\/10\/IMG_8889-300x200.jpg 300w, https:\/\/laprats.fr\/blog\/wp-content\/uploads\/2023\/10\/IMG_8889-1024x683.jpg 1024w, https:\/\/laprats.fr\/blog\/wp-content\/uploads\/2023\/10\/IMG_8889-768x512.jpg 768w, https:\/\/laprats.fr\/blog\/wp-content\/uploads\/2023\/10\/IMG_8889-1536x1024.jpg 1536w, https:\/\/laprats.fr\/blog\/wp-content\/uploads\/2023\/10\/IMG_8889-2048x1365.jpg 2048w, https:\/\/laprats.fr\/blog\/wp-content\/uploads\/2023\/10\/IMG_8889-750x500.jpg 750w\" sizes=\"auto, (max-width: 300px) 100vw, 300px\" \/><\/a><a href=\"http:\/\/laprats.fr\/blog\/wp-content\/uploads\/2023\/10\/IMG_8895-scaled.jpg\"> <img loading=\"lazy\" decoding=\"async\" class=\"alignnone size-medium wp-image-2473\" src=\"http:\/\/laprats.fr\/blog\/wp-content\/uploads\/2023\/10\/IMG_8895-300x200.jpg\" alt=\"\" width=\"300\" height=\"200\" srcset=\"https:\/\/laprats.fr\/blog\/wp-content\/uploads\/2023\/10\/IMG_8895-300x200.jpg 300w, https:\/\/laprats.fr\/blog\/wp-content\/uploads\/2023\/10\/IMG_8895-1024x683.jpg 1024w, https:\/\/laprats.fr\/blog\/wp-content\/uploads\/2023\/10\/IMG_8895-768x512.jpg 768w, https:\/\/laprats.fr\/blog\/wp-content\/uploads\/2023\/10\/IMG_8895-1536x1024.jpg 1536w, https:\/\/laprats.fr\/blog\/wp-content\/uploads\/2023\/10\/IMG_8895-2048x1365.jpg 2048w, https:\/\/laprats.fr\/blog\/wp-content\/uploads\/2023\/10\/IMG_8895-750x500.jpg 750w\" sizes=\"auto, (max-width: 300px) 100vw, 300px\" \/><\/a><\/p>\n<p>Les \u00e9l\u00e8ves rejoignent leurs places\u00a0 &#8230;\u00a0\u00a0 Le proviseur adjoint nous pr\u00e9sente le drapeau du lyc\u00e9e<\/p>\n<p><a href=\"http:\/\/laprats.fr\/blog\/wp-content\/uploads\/2023\/10\/IMG_8908-scaled.jpg\"><img loading=\"lazy\" decoding=\"async\" class=\"alignnone size-medium wp-image-2474\" src=\"http:\/\/laprats.fr\/blog\/wp-content\/uploads\/2023\/10\/IMG_8908-300x200.jpg\" alt=\"\" width=\"300\" height=\"200\" srcset=\"https:\/\/laprats.fr\/blog\/wp-content\/uploads\/2023\/10\/IMG_8908-300x200.jpg 300w, https:\/\/laprats.fr\/blog\/wp-content\/uploads\/2023\/10\/IMG_8908-1024x683.jpg 1024w, https:\/\/laprats.fr\/blog\/wp-content\/uploads\/2023\/10\/IMG_8908-768x512.jpg 768w, https:\/\/laprats.fr\/blog\/wp-content\/uploads\/2023\/10\/IMG_8908-1536x1024.jpg 1536w, https:\/\/laprats.fr\/blog\/wp-content\/uploads\/2023\/10\/IMG_8908-2048x1365.jpg 2048w, https:\/\/laprats.fr\/blog\/wp-content\/uploads\/2023\/10\/IMG_8908-750x500.jpg 750w\" sizes=\"auto, (max-width: 300px) 100vw, 300px\" \/><\/a><\/p>\n<p>Une minute de silence en m\u00e9moire des anciens \u00e9l\u00e8ves et personnels du lyc\u00e9e morts pour la France.<\/p>\n<p><a href=\"http:\/\/laprats.fr\/blog\/wp-content\/uploads\/2023\/10\/IMG_8929-scaled.jpg\"><img loading=\"lazy\" decoding=\"async\" class=\"alignnone size-medium wp-image-2477\" src=\"http:\/\/laprats.fr\/blog\/wp-content\/uploads\/2023\/10\/IMG_8929-300x200.jpg\" alt=\"\" width=\"300\" height=\"200\" srcset=\"https:\/\/laprats.fr\/blog\/wp-content\/uploads\/2023\/10\/IMG_8929-300x200.jpg 300w, https:\/\/laprats.fr\/blog\/wp-content\/uploads\/2023\/10\/IMG_8929-1024x683.jpg 1024w, https:\/\/laprats.fr\/blog\/wp-content\/uploads\/2023\/10\/IMG_8929-768x512.jpg 768w, https:\/\/laprats.fr\/blog\/wp-content\/uploads\/2023\/10\/IMG_8929-1536x1024.jpg 1536w, https:\/\/laprats.fr\/blog\/wp-content\/uploads\/2023\/10\/IMG_8929-2048x1365.jpg 2048w, https:\/\/laprats.fr\/blog\/wp-content\/uploads\/2023\/10\/IMG_8929-750x500.jpg 750w\" sizes=\"auto, (max-width: 300px) 100vw, 300px\" \/><\/a>\u00a0 <a href=\"http:\/\/laprats.fr\/blog\/wp-content\/uploads\/2023\/10\/IMG_8911-scaled.jpg\"><img loading=\"lazy\" decoding=\"async\" class=\"alignnone size-medium wp-image-2475\" src=\"http:\/\/laprats.fr\/blog\/wp-content\/uploads\/2023\/10\/IMG_8911-300x200.jpg\" alt=\"\" width=\"300\" height=\"200\" srcset=\"https:\/\/laprats.fr\/blog\/wp-content\/uploads\/2023\/10\/IMG_8911-300x200.jpg 300w, https:\/\/laprats.fr\/blog\/wp-content\/uploads\/2023\/10\/IMG_8911-1024x683.jpg 1024w, https:\/\/laprats.fr\/blog\/wp-content\/uploads\/2023\/10\/IMG_8911-768x512.jpg 768w, https:\/\/laprats.fr\/blog\/wp-content\/uploads\/2023\/10\/IMG_8911-1536x1024.jpg 1536w, https:\/\/laprats.fr\/blog\/wp-content\/uploads\/2023\/10\/IMG_8911-2048x1365.jpg 2048w, https:\/\/laprats.fr\/blog\/wp-content\/uploads\/2023\/10\/IMG_8911-750x500.jpg 750w\" sizes=\"auto, (max-width: 300px) 100vw, 300px\" \/><\/a><\/p>\n<p>Un repas de roi pr\u00e9par\u00e9 et servi par le chef et son \u00e9quipe et un ban bourguignon pour Fabrice Michelon, gestionnaire des comptes du lyc\u00e9e dont le d\u00e9part \u00e0 la retraite approche \u00e0 grands pas. Merci \u00e0 lui pour avoir particip\u00e9 au renforcement des liens entre le lyc\u00e9e et l&rsquo;association.<\/p>\n<p><a href=\"https:\/\/laprats.fr\/blog\/lassociation\/comptes-rendus\/\" target=\"_blank\" rel=\"noopener\">Cliquer<\/a> pour plus de photos<\/p>\n<p>\u00a0<\/p>\n<p>\u00a0<\/p>\n","protected":false},"excerpt":{"rendered":"<p>Comme chaque ann\u00e9e, l&rsquo;assembl\u00e9e g\u00e9n\u00e9rale de votre association s&rsquo;est tenue le premier samedi d&rsquo;octobre. Nous avons \u00e9t\u00e9 re\u00e7us par le lyc\u00e9e dans les locaux du r\u00e9fectoire o\u00f9 nous avons pu <a href=\"https:\/\/laprats.fr\/blog\/assemblee-generale-2023\/\" class=\"more-link\">[&hellip;]<\/a><\/p>\n","protected":false},"author":6,"featured_media":2475,"comment_status":"open","ping_status":"open","sticky":false,"template":"","format":"standard","meta":{"Layout":"","footnotes":""},"categories":[5],"tags":[],"class_list":["entry","author-pascal","post-2487","post","type-post","status-publish","format-standard","has-post-thumbnail","category-info-association"],"yoast_head":"<!-- This site is optimized with the Yoast SEO plugin v27.5 - https:\/\/yoast.com\/product\/yoast-seo-wordpress\/ -->\n<title>Assembl\u00e9e G\u00e9n\u00e9rale 2023 - Bienvenue<\/title>\n<meta name=\"robots\" content=\"index, follow, max-snippet:-1, max-image-preview:large, max-video-preview:-1\" \/>\n<link rel=\"canonical\" href=\"https:\/\/laprats.fr\/blog\/assemblee-generale-2023\/\" \/>\n<meta property=\"og:locale\" content=\"fr_FR\" \/>\n<meta property=\"og:type\" content=\"article\" \/>\n<meta property=\"og:title\" content=\"Assembl\u00e9e G\u00e9n\u00e9rale 2023 - Bienvenue\" \/>\n<meta property=\"og:description\" content=\"Comme chaque ann\u00e9e, l&rsquo;assembl\u00e9e g\u00e9n\u00e9rale de votre association s&rsquo;est tenue le premier samedi d&rsquo;octobre. Nous avons \u00e9t\u00e9 re\u00e7us par le lyc\u00e9e dans les locaux du r\u00e9fectoire o\u00f9 nous avons pu [&hellip;]\" \/>\n<meta property=\"og:url\" content=\"https:\/\/laprats.fr\/blog\/assemblee-generale-2023\/\" \/>\n<meta property=\"og:site_name\" content=\"Bienvenue\" \/>\n<meta property=\"article:publisher\" content=\"https:\/\/fr-fr.facebook.com\/pages\/Association-La-Prats-de-Cluny\/224204740976190?sk=wall\" \/>\n<meta property=\"article:published_time\" content=\"2023-11-01T12:49:49+00:00\" \/>\n<meta property=\"article:modified_time\" content=\"2023-11-01T12:55:29+00:00\" \/>\n<meta property=\"og:image\" content=\"https:\/\/laprats.fr\/blog\/wp-content\/uploads\/2023\/10\/IMG_8911-scaled.jpg\" \/>\n\t<meta property=\"og:image:width\" content=\"2560\" \/>\n\t<meta property=\"og:image:height\" content=\"1707\" \/>\n\t<meta property=\"og:image:type\" content=\"image\/jpeg\" \/>\n<meta name=\"author\" content=\"Pascal Gendrot\" \/>\n<meta name=\"twitter:label1\" content=\"\u00c9crit par\" \/>\n\t<meta name=\"twitter:data1\" content=\"Pascal Gendrot\" \/>\n\t<meta name=\"twitter:label2\" content=\"Dur\u00e9e de lecture estim\u00e9e\" \/>\n\t<meta name=\"twitter:data2\" content=\"1 minute\" \/>\n<script type=\"application\/ld+json\" class=\"yoast-schema-graph\">{\"@context\":\"https:\\\/\\\/schema.org\",\"@graph\":[{\"@type\":\"Article\",\"@id\":\"https:\\\/\\\/laprats.fr\\\/blog\\\/assemblee-generale-2023\\\/#article\",\"isPartOf\":{\"@id\":\"https:\\\/\\\/laprats.fr\\\/blog\\\/assemblee-generale-2023\\\/\"},\"author\":{\"name\":\"Pascal Gendrot\",\"@id\":\"http:\\\/\\\/laprats.fr\\\/blog\\\/#\\\/schema\\\/person\\\/90a4b4782b20a014cc9b183a4707820c\"},\"headline\":\"Assembl\u00e9e G\u00e9n\u00e9rale 2023\",\"datePublished\":\"2023-11-01T12:49:49+00:00\",\"dateModified\":\"2023-11-01T12:55:29+00:00\",\"mainEntityOfPage\":{\"@id\":\"https:\\\/\\\/laprats.fr\\\/blog\\\/assemblee-generale-2023\\\/\"},\"wordCount\":212,\"commentCount\":0,\"image\":{\"@id\":\"https:\\\/\\\/laprats.fr\\\/blog\\\/assemblee-generale-2023\\\/#primaryimage\"},\"thumbnailUrl\":\"https:\\\/\\\/laprats.fr\\\/blog\\\/wp-content\\\/uploads\\\/2023\\\/10\\\/IMG_8911-scaled.jpg\",\"articleSection\":[\"Info association\"],\"inLanguage\":\"fr-FR\",\"potentialAction\":[{\"@type\":\"CommentAction\",\"name\":\"Comment\",\"target\":[\"https:\\\/\\\/laprats.fr\\\/blog\\\/assemblee-generale-2023\\\/#respond\"]}]},{\"@type\":\"WebPage\",\"@id\":\"https:\\\/\\\/laprats.fr\\\/blog\\\/assemblee-generale-2023\\\/\",\"url\":\"https:\\\/\\\/laprats.fr\\\/blog\\\/assemblee-generale-2023\\\/\",\"name\":\"Assembl\u00e9e G\u00e9n\u00e9rale 2023 - Bienvenue\",\"isPartOf\":{\"@id\":\"http:\\\/\\\/laprats.fr\\\/blog\\\/#website\"},\"primaryImageOfPage\":{\"@id\":\"https:\\\/\\\/laprats.fr\\\/blog\\\/assemblee-generale-2023\\\/#primaryimage\"},\"image\":{\"@id\":\"https:\\\/\\\/laprats.fr\\\/blog\\\/assemblee-generale-2023\\\/#primaryimage\"},\"thumbnailUrl\":\"https:\\\/\\\/laprats.fr\\\/blog\\\/wp-content\\\/uploads\\\/2023\\\/10\\\/IMG_8911-scaled.jpg\",\"datePublished\":\"2023-11-01T12:49:49+00:00\",\"dateModified\":\"2023-11-01T12:55:29+00:00\",\"author\":{\"@id\":\"http:\\\/\\\/laprats.fr\\\/blog\\\/#\\\/schema\\\/person\\\/90a4b4782b20a014cc9b183a4707820c\"},\"breadcrumb\":{\"@id\":\"https:\\\/\\\/laprats.fr\\\/blog\\\/assemblee-generale-2023\\\/#breadcrumb\"},\"inLanguage\":\"fr-FR\",\"potentialAction\":[{\"@type\":\"ReadAction\",\"target\":[\"https:\\\/\\\/laprats.fr\\\/blog\\\/assemblee-generale-2023\\\/\"]}]},{\"@type\":\"ImageObject\",\"inLanguage\":\"fr-FR\",\"@id\":\"https:\\\/\\\/laprats.fr\\\/blog\\\/assemblee-generale-2023\\\/#primaryimage\",\"url\":\"https:\\\/\\\/laprats.fr\\\/blog\\\/wp-content\\\/uploads\\\/2023\\\/10\\\/IMG_8911-scaled.jpg\",\"contentUrl\":\"https:\\\/\\\/laprats.fr\\\/blog\\\/wp-content\\\/uploads\\\/2023\\\/10\\\/IMG_8911-scaled.jpg\",\"width\":2560,\"height\":1707},{\"@type\":\"BreadcrumbList\",\"@id\":\"https:\\\/\\\/laprats.fr\\\/blog\\\/assemblee-generale-2023\\\/#breadcrumb\",\"itemListElement\":[{\"@type\":\"ListItem\",\"position\":1,\"name\":\"Accueil\",\"item\":\"http:\\\/\\\/laprats.fr\\\/blog\\\/\"},{\"@type\":\"ListItem\",\"position\":2,\"name\":\"Assembl\u00e9e G\u00e9n\u00e9rale 2023\"}]},{\"@type\":\"WebSite\",\"@id\":\"http:\\\/\\\/laprats.fr\\\/blog\\\/#website\",\"url\":\"http:\\\/\\\/laprats.fr\\\/blog\\\/\",\"name\":\"Bienvenue\",\"description\":\"D&#039;hier et d&#039;aujourd&#039;hui ... pour demain\",\"potentialAction\":[{\"@type\":\"SearchAction\",\"target\":{\"@type\":\"EntryPoint\",\"urlTemplate\":\"http:\\\/\\\/laprats.fr\\\/blog\\\/?s={search_term_string}\"},\"query-input\":{\"@type\":\"PropertyValueSpecification\",\"valueRequired\":true,\"valueName\":\"search_term_string\"}}],\"inLanguage\":\"fr-FR\"},{\"@type\":\"Person\",\"@id\":\"http:\\\/\\\/laprats.fr\\\/blog\\\/#\\\/schema\\\/person\\\/90a4b4782b20a014cc9b183a4707820c\",\"name\":\"Pascal Gendrot\",\"image\":{\"@type\":\"ImageObject\",\"inLanguage\":\"fr-FR\",\"@id\":\"https:\\\/\\\/secure.gravatar.com\\\/avatar\\\/649cd38650031007bbd5ec3c73411225e4a69679f8049c7237814718f484b5c0?s=96&d=mm&r=g\",\"url\":\"https:\\\/\\\/secure.gravatar.com\\\/avatar\\\/649cd38650031007bbd5ec3c73411225e4a69679f8049c7237814718f484b5c0?s=96&d=mm&r=g\",\"contentUrl\":\"https:\\\/\\\/secure.gravatar.com\\\/avatar\\\/649cd38650031007bbd5ec3c73411225e4a69679f8049c7237814718f484b5c0?s=96&d=mm&r=g\",\"caption\":\"Pascal Gendrot\"}}]}<\/script>\n<!-- \/ Yoast SEO plugin. -->","yoast_head_json":{"title":"Assembl\u00e9e G\u00e9n\u00e9rale 2023 - Bienvenue","robots":{"index":"index","follow":"follow","max-snippet":"max-snippet:-1","max-image-preview":"max-image-preview:large","max-video-preview":"max-video-preview:-1"},"canonical":"https:\/\/laprats.fr\/blog\/assemblee-generale-2023\/","og_locale":"fr_FR","og_type":"article","og_title":"Assembl\u00e9e G\u00e9n\u00e9rale 2023 - Bienvenue","og_description":"Comme chaque ann\u00e9e, l&rsquo;assembl\u00e9e g\u00e9n\u00e9rale de votre association s&rsquo;est tenue le premier samedi d&rsquo;octobre. Nous avons \u00e9t\u00e9 re\u00e7us par le lyc\u00e9e dans les locaux du r\u00e9fectoire o\u00f9 nous avons pu [&hellip;]","og_url":"https:\/\/laprats.fr\/blog\/assemblee-generale-2023\/","og_site_name":"Bienvenue","article_publisher":"https:\/\/fr-fr.facebook.com\/pages\/Association-La-Prats-de-Cluny\/224204740976190?sk=wall","article_published_time":"2023-11-01T12:49:49+00:00","article_modified_time":"2023-11-01T12:55:29+00:00","og_image":[{"width":2560,"height":1707,"url":"https:\/\/laprats.fr\/blog\/wp-content\/uploads\/2023\/10\/IMG_8911-scaled.jpg","type":"image\/jpeg"}],"author":"Pascal Gendrot","twitter_misc":{"\u00c9crit par":"Pascal Gendrot","Dur\u00e9e de lecture estim\u00e9e":"1 minute"},"schema":{"@context":"https:\/\/schema.org","@graph":[{"@type":"Article","@id":"https:\/\/laprats.fr\/blog\/assemblee-generale-2023\/#article","isPartOf":{"@id":"https:\/\/laprats.fr\/blog\/assemblee-generale-2023\/"},"author":{"name":"Pascal Gendrot","@id":"http:\/\/laprats.fr\/blog\/#\/schema\/person\/90a4b4782b20a014cc9b183a4707820c"},"headline":"Assembl\u00e9e G\u00e9n\u00e9rale 2023","datePublished":"2023-11-01T12:49:49+00:00","dateModified":"2023-11-01T12:55:29+00:00","mainEntityOfPage":{"@id":"https:\/\/laprats.fr\/blog\/assemblee-generale-2023\/"},"wordCount":212,"commentCount":0,"image":{"@id":"https:\/\/laprats.fr\/blog\/assemblee-generale-2023\/#primaryimage"},"thumbnailUrl":"https:\/\/laprats.fr\/blog\/wp-content\/uploads\/2023\/10\/IMG_8911-scaled.jpg","articleSection":["Info association"],"inLanguage":"fr-FR","potentialAction":[{"@type":"CommentAction","name":"Comment","target":["https:\/\/laprats.fr\/blog\/assemblee-generale-2023\/#respond"]}]},{"@type":"WebPage","@id":"https:\/\/laprats.fr\/blog\/assemblee-generale-2023\/","url":"https:\/\/laprats.fr\/blog\/assemblee-generale-2023\/","name":"Assembl\u00e9e G\u00e9n\u00e9rale 2023 - Bienvenue","isPartOf":{"@id":"http:\/\/laprats.fr\/blog\/#website"},"primaryImageOfPage":{"@id":"https:\/\/laprats.fr\/blog\/assemblee-generale-2023\/#primaryimage"},"image":{"@id":"https:\/\/laprats.fr\/blog\/assemblee-generale-2023\/#primaryimage"},"thumbnailUrl":"https:\/\/laprats.fr\/blog\/wp-content\/uploads\/2023\/10\/IMG_8911-scaled.jpg","datePublished":"2023-11-01T12:49:49+00:00","dateModified":"2023-11-01T12:55:29+00:00","author":{"@id":"http:\/\/laprats.fr\/blog\/#\/schema\/person\/90a4b4782b20a014cc9b183a4707820c"},"breadcrumb":{"@id":"https:\/\/laprats.fr\/blog\/assemblee-generale-2023\/#breadcrumb"},"inLanguage":"fr-FR","potentialAction":[{"@type":"ReadAction","target":["https:\/\/laprats.fr\/blog\/assemblee-generale-2023\/"]}]},{"@type":"ImageObject","inLanguage":"fr-FR","@id":"https:\/\/laprats.fr\/blog\/assemblee-generale-2023\/#primaryimage","url":"https:\/\/laprats.fr\/blog\/wp-content\/uploads\/2023\/10\/IMG_8911-scaled.jpg","contentUrl":"https:\/\/laprats.fr\/blog\/wp-content\/uploads\/2023\/10\/IMG_8911-scaled.jpg","width":2560,"height":1707},{"@type":"BreadcrumbList","@id":"https:\/\/laprats.fr\/blog\/assemblee-generale-2023\/#breadcrumb","itemListElement":[{"@type":"ListItem","position":1,"name":"Accueil","item":"http:\/\/laprats.fr\/blog\/"},{"@type":"ListItem","position":2,"name":"Assembl\u00e9e G\u00e9n\u00e9rale 2023"}]},{"@type":"WebSite","@id":"http:\/\/laprats.fr\/blog\/#website","url":"http:\/\/laprats.fr\/blog\/","name":"Bienvenue","description":"D&#039;hier et d&#039;aujourd&#039;hui ... pour demain","potentialAction":[{"@type":"SearchAction","target":{"@type":"EntryPoint","urlTemplate":"http:\/\/laprats.fr\/blog\/?s={search_term_string}"},"query-input":{"@type":"PropertyValueSpecification","valueRequired":true,"valueName":"search_term_string"}}],"inLanguage":"fr-FR"},{"@type":"Person","@id":"http:\/\/laprats.fr\/blog\/#\/schema\/person\/90a4b4782b20a014cc9b183a4707820c","name":"Pascal Gendrot","image":{"@type":"ImageObject","inLanguage":"fr-FR","@id":"https:\/\/secure.gravatar.com\/avatar\/649cd38650031007bbd5ec3c73411225e4a69679f8049c7237814718f484b5c0?s=96&d=mm&r=g","url":"https:\/\/secure.gravatar.com\/avatar\/649cd38650031007bbd5ec3c73411225e4a69679f8049c7237814718f484b5c0?s=96&d=mm&r=g","contentUrl":"https:\/\/secure.gravatar.com\/avatar\/649cd38650031007bbd5ec3c73411225e4a69679f8049c7237814718f484b5c0?s=96&d=mm&r=g","caption":"Pascal Gendrot"}}]}},"_links":{"self":[{"href":"https:\/\/laprats.fr\/blog\/wp-json\/wp\/v2\/posts\/2487","targetHints":{"allow":["GET"]}}],"collection":[{"href":"https:\/\/laprats.fr\/blog\/wp-json\/wp\/v2\/posts"}],"about":[{"href":"https:\/\/laprats.fr\/blog\/wp-json\/wp\/v2\/types\/post"}],"author":[{"embeddable":true,"href":"https:\/\/laprats.fr\/blog\/wp-json\/wp\/v2\/users\/6"}],"replies":[{"embeddable":true,"href":"https:\/\/laprats.fr\/blog\/wp-json\/wp\/v2\/comments?post=2487"}],"version-history":[{"count":4,"href":"https:\/\/laprats.fr\/blog\/wp-json\/wp\/v2\/posts\/2487\/revisions"}],"predecessor-version":[{"id":2492,"href":"https:\/\/laprats.fr\/blog\/wp-json\/wp\/v2\/posts\/2487\/revisions\/2492"}],"wp:featuredmedia":[{"embeddable":true,"href":"https:\/\/laprats.fr\/blog\/wp-json\/wp\/v2\/media\/2475"}],"wp:attachment":[{"href":"https:\/\/laprats.fr\/blog\/wp-json\/wp\/v2\/media?parent=2487"}],"wp:term":[{"taxonomy":"category","embeddable":true,"href":"https:\/\/laprats.fr\/blog\/wp-json\/wp\/v2\/categories?post=2487"},{"taxonomy":"post_tag","embeddable":true,"href":"https:\/\/laprats.fr\/blog\/wp-json\/wp\/v2\/tags?post=2487"}],"curies":[{"name":"wp","href":"https:\/\/api.w.org\/{rel}","templated":true}]}}