{"id":1694,"date":"2018-10-02T16:43:51","date_gmt":"2018-10-02T14:43:51","guid":{"rendered":"http:\/\/laprats.fr\/blog\/?p=1694"},"modified":"2018-10-02T16:43:51","modified_gmt":"2018-10-02T14:43:51","slug":"departs-en-retraite-a-la-prats","status":"publish","type":"post","link":"https:\/\/laprats.fr\/blog\/departs-en-retraite-a-la-prats\/","title":{"rendered":"D\u00e9parts en retraite \u00e0 la Prat&rsquo;s"},"content":{"rendered":"<p>Nous \u00e9tions invit\u00e9s en ce dernier vendredi de septembre au pot de d\u00e9part en retraite de trois nouvelles anciennes Prat&rsquo;siennes. Apr\u00e8s un discours de Monsieur le Proviseur et des interventions de leurs coll\u00e8gues, Mesdames Robert (qui a vu d\u00e9filer des \u00e9l\u00e8ves pendant 40 ans au r\u00e9fectoire), Abramowsky (fille de prat&rsquo;sien et secr\u00e9taire au lyc\u00e9e) et Landr\u00e9 (professeur de science) ont \u00e9galement fait part de leurs souvenirs, mais surtout de leurs nombreux projets de voyages et autres activit\u00e9s. Familles, coll\u00e8gues et amis ont remis de nombreux cadeaux aux heureuses retrait\u00e9es.<\/p>\n<p><a href=\"http:\/\/laprats.fr\/blog\/wp-content\/uploads\/2018\/10\/P1220276.jpg\"><img loading=\"lazy\" decoding=\"async\" class=\"size-medium wp-image-1693 aligncenter\" src=\"http:\/\/laprats.fr\/blog\/wp-content\/uploads\/2018\/10\/P1220276-300x169.jpg\" alt=\"\" width=\"300\" height=\"169\" srcset=\"https:\/\/laprats.fr\/blog\/wp-content\/uploads\/2018\/10\/P1220276-300x169.jpg 300w, https:\/\/laprats.fr\/blog\/wp-content\/uploads\/2018\/10\/P1220276-768x432.jpg 768w, https:\/\/laprats.fr\/blog\/wp-content\/uploads\/2018\/10\/P1220276-1024x576.jpg 1024w, https:\/\/laprats.fr\/blog\/wp-content\/uploads\/2018\/10\/P1220276-889x500.jpg 889w\" sizes=\"auto, (max-width: 300px) 100vw, 300px\" \/><\/a>Nous ne doutons pas que Michel, retrait\u00e9 exp\u00e9riment\u00e9, les aura confort\u00e9es dans leur choix.<\/p>\n<p>Bonne et heureuse retraite \u00e0 toutes les trois !<\/p>\n","protected":false},"excerpt":{"rendered":"<p>Nous \u00e9tions invit\u00e9s en ce dernier vendredi de septembre au pot de d\u00e9part en retraite de trois nouvelles anciennes Prat&rsquo;siennes. Apr\u00e8s un discours de Monsieur le Proviseur et des interventions <a href=\"https:\/\/laprats.fr\/blog\/departs-en-retraite-a-la-prats\/\" class=\"more-link\">[&hellip;]<\/a><\/p>\n","protected":false},"author":6,"featured_media":1692,"comment_status":"open","ping_status":"open","sticky":false,"template":"","format":"standard","meta":{"Layout":"","footnotes":""},"categories":[5,4],"tags":[],"class_list":["entry","author-pascal","post-1694","post","type-post","status-publish","format-standard","has-post-thumbnail","category-info-association","category-info-prats"],"yoast_head":"<!-- This site is optimized with the Yoast SEO plugin v27.5 - https:\/\/yoast.com\/product\/yoast-seo-wordpress\/ -->\n<title>D\u00e9parts en retraite \u00e0 la Prat&#039;s - Bienvenue<\/title>\n<meta name=\"robots\" content=\"index, follow, max-snippet:-1, max-image-preview:large, max-video-preview:-1\" \/>\n<link rel=\"canonical\" href=\"http:\/\/laprats.fr\/blog\/departs-en-retraite-a-la-prats\/\" \/>\n<meta property=\"og:locale\" content=\"fr_FR\" \/>\n<meta property=\"og:type\" content=\"article\" \/>\n<meta property=\"og:title\" content=\"D\u00e9parts en retraite \u00e0 la Prat&#039;s - Bienvenue\" \/>\n<meta property=\"og:description\" content=\"Nous \u00e9tions invit\u00e9s en ce dernier vendredi de septembre au pot de d\u00e9part en retraite de trois nouvelles anciennes Prat&rsquo;siennes. Apr\u00e8s un discours de Monsieur le Proviseur et des interventions [&hellip;]\" \/>\n<meta property=\"og:url\" content=\"http:\/\/laprats.fr\/blog\/departs-en-retraite-a-la-prats\/\" \/>\n<meta property=\"og:site_name\" content=\"Bienvenue\" \/>\n<meta property=\"article:publisher\" content=\"https:\/\/fr-fr.facebook.com\/pages\/Association-La-Prats-de-Cluny\/224204740976190?sk=wall\" \/>\n<meta property=\"article:published_time\" content=\"2018-10-02T14:43:51+00:00\" \/>\n<meta property=\"og:image\" content=\"http:\/\/laprats.fr\/blog\/wp-content\/uploads\/2018\/10\/P1220020.jpg\" \/>\n\t<meta property=\"og:image:width\" content=\"4941\" \/>\n\t<meta property=\"og:image:height\" content=\"1890\" \/>\n\t<meta property=\"og:image:type\" content=\"image\/jpeg\" \/>\n<meta name=\"author\" content=\"Pascal Gendrot\" \/>\n<meta name=\"twitter:label1\" content=\"\u00c9crit par\" \/>\n\t<meta name=\"twitter:data1\" content=\"Pascal Gendrot\" \/>\n\t<meta name=\"twitter:label2\" content=\"Dur\u00e9e de lecture estim\u00e9e\" \/>\n\t<meta name=\"twitter:data2\" content=\"1 minute\" \/>\n<script type=\"application\/ld+json\" class=\"yoast-schema-graph\">{\"@context\":\"https:\\\/\\\/schema.org\",\"@graph\":[{\"@type\":\"Article\",\"@id\":\"http:\\\/\\\/laprats.fr\\\/blog\\\/departs-en-retraite-a-la-prats\\\/#article\",\"isPartOf\":{\"@id\":\"http:\\\/\\\/laprats.fr\\\/blog\\\/departs-en-retraite-a-la-prats\\\/\"},\"author\":{\"name\":\"Pascal Gendrot\",\"@id\":\"http:\\\/\\\/laprats.fr\\\/blog\\\/#\\\/schema\\\/person\\\/90a4b4782b20a014cc9b183a4707820c\"},\"headline\":\"D\u00e9parts en retraite \u00e0 la Prat&rsquo;s\",\"datePublished\":\"2018-10-02T14:43:51+00:00\",\"mainEntityOfPage\":{\"@id\":\"http:\\\/\\\/laprats.fr\\\/blog\\\/departs-en-retraite-a-la-prats\\\/\"},\"wordCount\":129,\"commentCount\":0,\"image\":{\"@id\":\"http:\\\/\\\/laprats.fr\\\/blog\\\/departs-en-retraite-a-la-prats\\\/#primaryimage\"},\"thumbnailUrl\":\"https:\\\/\\\/laprats.fr\\\/blog\\\/wp-content\\\/uploads\\\/2018\\\/10\\\/P1220020.jpg\",\"articleSection\":[\"Info association\",\"Info Prat's\"],\"inLanguage\":\"fr-FR\",\"potentialAction\":[{\"@type\":\"CommentAction\",\"name\":\"Comment\",\"target\":[\"http:\\\/\\\/laprats.fr\\\/blog\\\/departs-en-retraite-a-la-prats\\\/#respond\"]}]},{\"@type\":\"WebPage\",\"@id\":\"http:\\\/\\\/laprats.fr\\\/blog\\\/departs-en-retraite-a-la-prats\\\/\",\"url\":\"http:\\\/\\\/laprats.fr\\\/blog\\\/departs-en-retraite-a-la-prats\\\/\",\"name\":\"D\u00e9parts en retraite \u00e0 la Prat's - Bienvenue\",\"isPartOf\":{\"@id\":\"http:\\\/\\\/laprats.fr\\\/blog\\\/#website\"},\"primaryImageOfPage\":{\"@id\":\"http:\\\/\\\/laprats.fr\\\/blog\\\/departs-en-retraite-a-la-prats\\\/#primaryimage\"},\"image\":{\"@id\":\"http:\\\/\\\/laprats.fr\\\/blog\\\/departs-en-retraite-a-la-prats\\\/#primaryimage\"},\"thumbnailUrl\":\"https:\\\/\\\/laprats.fr\\\/blog\\\/wp-content\\\/uploads\\\/2018\\\/10\\\/P1220020.jpg\",\"datePublished\":\"2018-10-02T14:43:51+00:00\",\"author\":{\"@id\":\"http:\\\/\\\/laprats.fr\\\/blog\\\/#\\\/schema\\\/person\\\/90a4b4782b20a014cc9b183a4707820c\"},\"breadcrumb\":{\"@id\":\"http:\\\/\\\/laprats.fr\\\/blog\\\/departs-en-retraite-a-la-prats\\\/#breadcrumb\"},\"inLanguage\":\"fr-FR\",\"potentialAction\":[{\"@type\":\"ReadAction\",\"target\":[\"http:\\\/\\\/laprats.fr\\\/blog\\\/departs-en-retraite-a-la-prats\\\/\"]}]},{\"@type\":\"ImageObject\",\"inLanguage\":\"fr-FR\",\"@id\":\"http:\\\/\\\/laprats.fr\\\/blog\\\/departs-en-retraite-a-la-prats\\\/#primaryimage\",\"url\":\"https:\\\/\\\/laprats.fr\\\/blog\\\/wp-content\\\/uploads\\\/2018\\\/10\\\/P1220020.jpg\",\"contentUrl\":\"https:\\\/\\\/laprats.fr\\\/blog\\\/wp-content\\\/uploads\\\/2018\\\/10\\\/P1220020.jpg\",\"width\":4941,\"height\":1890},{\"@type\":\"BreadcrumbList\",\"@id\":\"http:\\\/\\\/laprats.fr\\\/blog\\\/departs-en-retraite-a-la-prats\\\/#breadcrumb\",\"itemListElement\":[{\"@type\":\"ListItem\",\"position\":1,\"name\":\"Accueil\",\"item\":\"http:\\\/\\\/laprats.fr\\\/blog\\\/\"},{\"@type\":\"ListItem\",\"position\":2,\"name\":\"D\u00e9parts en retraite \u00e0 la Prat&rsquo;s\"}]},{\"@type\":\"WebSite\",\"@id\":\"http:\\\/\\\/laprats.fr\\\/blog\\\/#website\",\"url\":\"http:\\\/\\\/laprats.fr\\\/blog\\\/\",\"name\":\"Bienvenue\",\"description\":\"D&#039;hier et d&#039;aujourd&#039;hui ... pour demain\",\"potentialAction\":[{\"@type\":\"SearchAction\",\"target\":{\"@type\":\"EntryPoint\",\"urlTemplate\":\"http:\\\/\\\/laprats.fr\\\/blog\\\/?s={search_term_string}\"},\"query-input\":{\"@type\":\"PropertyValueSpecification\",\"valueRequired\":true,\"valueName\":\"search_term_string\"}}],\"inLanguage\":\"fr-FR\"},{\"@type\":\"Person\",\"@id\":\"http:\\\/\\\/laprats.fr\\\/blog\\\/#\\\/schema\\\/person\\\/90a4b4782b20a014cc9b183a4707820c\",\"name\":\"Pascal Gendrot\",\"image\":{\"@type\":\"ImageObject\",\"inLanguage\":\"fr-FR\",\"@id\":\"https:\\\/\\\/secure.gravatar.com\\\/avatar\\\/649cd38650031007bbd5ec3c73411225e4a69679f8049c7237814718f484b5c0?s=96&d=mm&r=g\",\"url\":\"https:\\\/\\\/secure.gravatar.com\\\/avatar\\\/649cd38650031007bbd5ec3c73411225e4a69679f8049c7237814718f484b5c0?s=96&d=mm&r=g\",\"contentUrl\":\"https:\\\/\\\/secure.gravatar.com\\\/avatar\\\/649cd38650031007bbd5ec3c73411225e4a69679f8049c7237814718f484b5c0?s=96&d=mm&r=g\",\"caption\":\"Pascal Gendrot\"}}]}<\/script>\n<!-- \/ Yoast SEO plugin. -->","yoast_head_json":{"title":"D\u00e9parts en retraite \u00e0 la Prat's - Bienvenue","robots":{"index":"index","follow":"follow","max-snippet":"max-snippet:-1","max-image-preview":"max-image-preview:large","max-video-preview":"max-video-preview:-1"},"canonical":"http:\/\/laprats.fr\/blog\/departs-en-retraite-a-la-prats\/","og_locale":"fr_FR","og_type":"article","og_title":"D\u00e9parts en retraite \u00e0 la Prat's - Bienvenue","og_description":"Nous \u00e9tions invit\u00e9s en ce dernier vendredi de septembre au pot de d\u00e9part en retraite de trois nouvelles anciennes Prat&rsquo;siennes. Apr\u00e8s un discours de Monsieur le Proviseur et des interventions [&hellip;]","og_url":"http:\/\/laprats.fr\/blog\/departs-en-retraite-a-la-prats\/","og_site_name":"Bienvenue","article_publisher":"https:\/\/fr-fr.facebook.com\/pages\/Association-La-Prats-de-Cluny\/224204740976190?sk=wall","article_published_time":"2018-10-02T14:43:51+00:00","og_image":[{"width":4941,"height":1890,"url":"http:\/\/laprats.fr\/blog\/wp-content\/uploads\/2018\/10\/P1220020.jpg","type":"image\/jpeg"}],"author":"Pascal Gendrot","twitter_misc":{"\u00c9crit par":"Pascal Gendrot","Dur\u00e9e de lecture estim\u00e9e":"1 minute"},"schema":{"@context":"https:\/\/schema.org","@graph":[{"@type":"Article","@id":"http:\/\/laprats.fr\/blog\/departs-en-retraite-a-la-prats\/#article","isPartOf":{"@id":"http:\/\/laprats.fr\/blog\/departs-en-retraite-a-la-prats\/"},"author":{"name":"Pascal Gendrot","@id":"http:\/\/laprats.fr\/blog\/#\/schema\/person\/90a4b4782b20a014cc9b183a4707820c"},"headline":"D\u00e9parts en retraite \u00e0 la Prat&rsquo;s","datePublished":"2018-10-02T14:43:51+00:00","mainEntityOfPage":{"@id":"http:\/\/laprats.fr\/blog\/departs-en-retraite-a-la-prats\/"},"wordCount":129,"commentCount":0,"image":{"@id":"http:\/\/laprats.fr\/blog\/departs-en-retraite-a-la-prats\/#primaryimage"},"thumbnailUrl":"https:\/\/laprats.fr\/blog\/wp-content\/uploads\/2018\/10\/P1220020.jpg","articleSection":["Info association","Info Prat's"],"inLanguage":"fr-FR","potentialAction":[{"@type":"CommentAction","name":"Comment","target":["http:\/\/laprats.fr\/blog\/departs-en-retraite-a-la-prats\/#respond"]}]},{"@type":"WebPage","@id":"http:\/\/laprats.fr\/blog\/departs-en-retraite-a-la-prats\/","url":"http:\/\/laprats.fr\/blog\/departs-en-retraite-a-la-prats\/","name":"D\u00e9parts en retraite \u00e0 la Prat's - Bienvenue","isPartOf":{"@id":"http:\/\/laprats.fr\/blog\/#website"},"primaryImageOfPage":{"@id":"http:\/\/laprats.fr\/blog\/departs-en-retraite-a-la-prats\/#primaryimage"},"image":{"@id":"http:\/\/laprats.fr\/blog\/departs-en-retraite-a-la-prats\/#primaryimage"},"thumbnailUrl":"https:\/\/laprats.fr\/blog\/wp-content\/uploads\/2018\/10\/P1220020.jpg","datePublished":"2018-10-02T14:43:51+00:00","author":{"@id":"http:\/\/laprats.fr\/blog\/#\/schema\/person\/90a4b4782b20a014cc9b183a4707820c"},"breadcrumb":{"@id":"http:\/\/laprats.fr\/blog\/departs-en-retraite-a-la-prats\/#breadcrumb"},"inLanguage":"fr-FR","potentialAction":[{"@type":"ReadAction","target":["http:\/\/laprats.fr\/blog\/departs-en-retraite-a-la-prats\/"]}]},{"@type":"ImageObject","inLanguage":"fr-FR","@id":"http:\/\/laprats.fr\/blog\/departs-en-retraite-a-la-prats\/#primaryimage","url":"https:\/\/laprats.fr\/blog\/wp-content\/uploads\/2018\/10\/P1220020.jpg","contentUrl":"https:\/\/laprats.fr\/blog\/wp-content\/uploads\/2018\/10\/P1220020.jpg","width":4941,"height":1890},{"@type":"BreadcrumbList","@id":"http:\/\/laprats.fr\/blog\/departs-en-retraite-a-la-prats\/#breadcrumb","itemListElement":[{"@type":"ListItem","position":1,"name":"Accueil","item":"http:\/\/laprats.fr\/blog\/"},{"@type":"ListItem","position":2,"name":"D\u00e9parts en retraite \u00e0 la Prat&rsquo;s"}]},{"@type":"WebSite","@id":"http:\/\/laprats.fr\/blog\/#website","url":"http:\/\/laprats.fr\/blog\/","name":"Bienvenue","description":"D&#039;hier et d&#039;aujourd&#039;hui ... pour demain","potentialAction":[{"@type":"SearchAction","target":{"@type":"EntryPoint","urlTemplate":"http:\/\/laprats.fr\/blog\/?s={search_term_string}"},"query-input":{"@type":"PropertyValueSpecification","valueRequired":true,"valueName":"search_term_string"}}],"inLanguage":"fr-FR"},{"@type":"Person","@id":"http:\/\/laprats.fr\/blog\/#\/schema\/person\/90a4b4782b20a014cc9b183a4707820c","name":"Pascal Gendrot","image":{"@type":"ImageObject","inLanguage":"fr-FR","@id":"https:\/\/secure.gravatar.com\/avatar\/649cd38650031007bbd5ec3c73411225e4a69679f8049c7237814718f484b5c0?s=96&d=mm&r=g","url":"https:\/\/secure.gravatar.com\/avatar\/649cd38650031007bbd5ec3c73411225e4a69679f8049c7237814718f484b5c0?s=96&d=mm&r=g","contentUrl":"https:\/\/secure.gravatar.com\/avatar\/649cd38650031007bbd5ec3c73411225e4a69679f8049c7237814718f484b5c0?s=96&d=mm&r=g","caption":"Pascal Gendrot"}}]}},"_links":{"self":[{"href":"https:\/\/laprats.fr\/blog\/wp-json\/wp\/v2\/posts\/1694","targetHints":{"allow":["GET"]}}],"collection":[{"href":"https:\/\/laprats.fr\/blog\/wp-json\/wp\/v2\/posts"}],"about":[{"href":"https:\/\/laprats.fr\/blog\/wp-json\/wp\/v2\/types\/post"}],"author":[{"embeddable":true,"href":"https:\/\/laprats.fr\/blog\/wp-json\/wp\/v2\/users\/6"}],"replies":[{"embeddable":true,"href":"https:\/\/laprats.fr\/blog\/wp-json\/wp\/v2\/comments?post=1694"}],"version-history":[{"count":1,"href":"https:\/\/laprats.fr\/blog\/wp-json\/wp\/v2\/posts\/1694\/revisions"}],"predecessor-version":[{"id":1695,"href":"https:\/\/laprats.fr\/blog\/wp-json\/wp\/v2\/posts\/1694\/revisions\/1695"}],"wp:featuredmedia":[{"embeddable":true,"href":"https:\/\/laprats.fr\/blog\/wp-json\/wp\/v2\/media\/1692"}],"wp:attachment":[{"href":"https:\/\/laprats.fr\/blog\/wp-json\/wp\/v2\/media?parent=1694"}],"wp:term":[{"taxonomy":"category","embeddable":true,"href":"https:\/\/laprats.fr\/blog\/wp-json\/wp\/v2\/categories?post=1694"},{"taxonomy":"post_tag","embeddable":true,"href":"https:\/\/laprats.fr\/blog\/wp-json\/wp\/v2\/tags?post=1694"}],"curies":[{"name":"wp","href":"https:\/\/api.w.org\/{rel}","templated":true}]}}