{"id":561,"date":"2014-11-16T10:57:09","date_gmt":"2014-11-16T10:57:09","guid":{"rendered":"http:\/\/laprats.fr\/blog\/?p=561"},"modified":"2015-05-16T08:43:46","modified_gmt":"2015-05-16T06:43:46","slug":"11-novembre-lincident-clos","status":"publish","type":"post","link":"http:\/\/laprats.fr\/blog\/11-novembre-lincident-clos\/","title":{"rendered":"11 Novembre, l&rsquo;incident est clos"},"content":{"rendered":"<p>C&rsquo;est un proviseur tr\u00e8s \u00e9mu qui, \u00e0 mon invitation, est venu s&rsquo;exprimer lors du C.A. de notre Association ce samedi 15 novembre. Monsieur Diry \u00e9tait l\u00e0 pour nous rappeler son attachement aux valeurs de m\u00e9moire et pr\u00e9senter ses excuses aux personnes qui ont \u00e9t\u00e9 bless\u00e9es pas sa d\u00e9cision malheureuse de ne pas permettre l&rsquo;acc\u00e8s \u00e0 la st\u00e8le qui se trouve dans l&rsquo;enceinte du lyc\u00e9e. Nous avons ensemble convenu de redonner son lustre, d\u00e8s 2015, \u00e0 cette premi\u00e8re \u00e9tape du d\u00e9fil\u00e9 du 11 novembre, en motivant \u00e9l\u00e8ves, professeurs et anciens \u00e9l\u00e8ves et personnels \u00e0 se retrouver pour honorer la m\u00e9moire de ceux qui ont donn\u00e9 leur vie . Pour ce qui concerne l&rsquo;Association, l&rsquo;incident est clos et nous comptons poursuivre encore longtemps nos bonnes relations avec notre lyc\u00e9e.<\/p>\n<p>Le Pr\u00e9sident<\/p>\n","protected":false},"excerpt":{"rendered":"<p>C&rsquo;est un proviseur tr\u00e8s \u00e9mu qui, \u00e0 mon invitation, est venu s&rsquo;exprimer lors du C.A. de notre Association ce samedi 15 novembre. Monsieur Diry \u00e9tait l\u00e0 pour nous rappeler son <a href=\"http:\/\/laprats.fr\/blog\/11-novembre-lincident-clos\/\" class=\"more-link\">[&hellip;]<\/a><\/p>\n","protected":false},"author":6,"featured_media":0,"comment_status":"open","ping_status":"open","sticky":false,"template":"","format":"standard","meta":{"Layout":"","footnotes":""},"categories":[5,4],"tags":[],"class_list":["entry","author-pascal","post-561","post","type-post","status-publish","format-standard","category-info-association","category-info-prats"],"yoast_head":"<!-- This site is optimized with the Yoast SEO plugin v27.4 - https:\/\/yoast.com\/product\/yoast-seo-wordpress\/ -->\n<title>11 Novembre, l&#039;incident est clos - Bienvenue<\/title>\n<meta name=\"robots\" content=\"index, follow, max-snippet:-1, max-image-preview:large, max-video-preview:-1\" \/>\n<link rel=\"canonical\" href=\"https:\/\/laprats.fr\/blog\/11-novembre-lincident-clos\/\" \/>\n<meta property=\"og:locale\" content=\"fr_FR\" \/>\n<meta property=\"og:type\" content=\"article\" \/>\n<meta property=\"og:title\" content=\"11 Novembre, l&#039;incident est clos - Bienvenue\" \/>\n<meta property=\"og:description\" content=\"C&rsquo;est un proviseur tr\u00e8s \u00e9mu qui, \u00e0 mon invitation, est venu s&rsquo;exprimer lors du C.A. de notre Association ce samedi 15 novembre. Monsieur Diry \u00e9tait l\u00e0 pour nous rappeler son [&hellip;]\" \/>\n<meta property=\"og:url\" content=\"https:\/\/laprats.fr\/blog\/11-novembre-lincident-clos\/\" \/>\n<meta property=\"og:site_name\" content=\"Bienvenue\" \/>\n<meta property=\"article:publisher\" content=\"https:\/\/fr-fr.facebook.com\/pages\/Association-La-Prats-de-Cluny\/224204740976190?sk=wall\" \/>\n<meta property=\"article:published_time\" content=\"2014-11-16T10:57:09+00:00\" \/>\n<meta property=\"article:modified_time\" content=\"2015-05-16T06:43:46+00:00\" \/>\n<meta property=\"og:image\" content=\"http:\/\/laprats.fr\/blog\/wp-content\/uploads\/2014\/09\/fonddepage.jpg\" \/>\n\t<meta property=\"og:image:width\" content=\"200\" \/>\n\t<meta property=\"og:image:height\" content=\"200\" \/>\n\t<meta property=\"og:image:type\" content=\"image\/jpeg\" \/>\n<meta name=\"author\" content=\"Pascal Gendrot\" \/>\n<meta name=\"twitter:label1\" content=\"\u00c9crit par\" \/>\n\t<meta name=\"twitter:data1\" content=\"Pascal Gendrot\" \/>\n\t<meta name=\"twitter:label2\" content=\"Dur\u00e9e de lecture estim\u00e9e\" \/>\n\t<meta name=\"twitter:data2\" content=\"1 minute\" \/>\n<script type=\"application\/ld+json\" class=\"yoast-schema-graph\">{\"@context\":\"https:\\\/\\\/schema.org\",\"@graph\":[{\"@type\":\"Article\",\"@id\":\"https:\\\/\\\/laprats.fr\\\/blog\\\/11-novembre-lincident-clos\\\/#article\",\"isPartOf\":{\"@id\":\"https:\\\/\\\/laprats.fr\\\/blog\\\/11-novembre-lincident-clos\\\/\"},\"author\":{\"name\":\"Pascal Gendrot\",\"@id\":\"http:\\\/\\\/laprats.fr\\\/blog\\\/#\\\/schema\\\/person\\\/90a4b4782b20a014cc9b183a4707820c\"},\"headline\":\"11 Novembre, l&rsquo;incident est clos\",\"datePublished\":\"2014-11-16T10:57:09+00:00\",\"dateModified\":\"2015-05-16T06:43:46+00:00\",\"mainEntityOfPage\":{\"@id\":\"https:\\\/\\\/laprats.fr\\\/blog\\\/11-novembre-lincident-clos\\\/\"},\"wordCount\":142,\"commentCount\":0,\"articleSection\":[\"Info association\",\"Info Prat's\"],\"inLanguage\":\"fr-FR\",\"potentialAction\":[{\"@type\":\"CommentAction\",\"name\":\"Comment\",\"target\":[\"https:\\\/\\\/laprats.fr\\\/blog\\\/11-novembre-lincident-clos\\\/#respond\"]}]},{\"@type\":\"WebPage\",\"@id\":\"https:\\\/\\\/laprats.fr\\\/blog\\\/11-novembre-lincident-clos\\\/\",\"url\":\"https:\\\/\\\/laprats.fr\\\/blog\\\/11-novembre-lincident-clos\\\/\",\"name\":\"11 Novembre, l'incident est clos - Bienvenue\",\"isPartOf\":{\"@id\":\"http:\\\/\\\/laprats.fr\\\/blog\\\/#website\"},\"datePublished\":\"2014-11-16T10:57:09+00:00\",\"dateModified\":\"2015-05-16T06:43:46+00:00\",\"author\":{\"@id\":\"http:\\\/\\\/laprats.fr\\\/blog\\\/#\\\/schema\\\/person\\\/90a4b4782b20a014cc9b183a4707820c\"},\"breadcrumb\":{\"@id\":\"https:\\\/\\\/laprats.fr\\\/blog\\\/11-novembre-lincident-clos\\\/#breadcrumb\"},\"inLanguage\":\"fr-FR\",\"potentialAction\":[{\"@type\":\"ReadAction\",\"target\":[\"https:\\\/\\\/laprats.fr\\\/blog\\\/11-novembre-lincident-clos\\\/\"]}]},{\"@type\":\"BreadcrumbList\",\"@id\":\"https:\\\/\\\/laprats.fr\\\/blog\\\/11-novembre-lincident-clos\\\/#breadcrumb\",\"itemListElement\":[{\"@type\":\"ListItem\",\"position\":1,\"name\":\"Accueil\",\"item\":\"http:\\\/\\\/laprats.fr\\\/blog\\\/\"},{\"@type\":\"ListItem\",\"position\":2,\"name\":\"11 Novembre, l&rsquo;incident est clos\"}]},{\"@type\":\"WebSite\",\"@id\":\"http:\\\/\\\/laprats.fr\\\/blog\\\/#website\",\"url\":\"http:\\\/\\\/laprats.fr\\\/blog\\\/\",\"name\":\"Bienvenue\",\"description\":\"D&#039;hier et d&#039;aujourd&#039;hui ... pour demain\",\"potentialAction\":[{\"@type\":\"SearchAction\",\"target\":{\"@type\":\"EntryPoint\",\"urlTemplate\":\"http:\\\/\\\/laprats.fr\\\/blog\\\/?s={search_term_string}\"},\"query-input\":{\"@type\":\"PropertyValueSpecification\",\"valueRequired\":true,\"valueName\":\"search_term_string\"}}],\"inLanguage\":\"fr-FR\"},{\"@type\":\"Person\",\"@id\":\"http:\\\/\\\/laprats.fr\\\/blog\\\/#\\\/schema\\\/person\\\/90a4b4782b20a014cc9b183a4707820c\",\"name\":\"Pascal Gendrot\",\"image\":{\"@type\":\"ImageObject\",\"inLanguage\":\"fr-FR\",\"@id\":\"https:\\\/\\\/secure.gravatar.com\\\/avatar\\\/649cd38650031007bbd5ec3c73411225e4a69679f8049c7237814718f484b5c0?s=96&d=mm&r=g\",\"url\":\"https:\\\/\\\/secure.gravatar.com\\\/avatar\\\/649cd38650031007bbd5ec3c73411225e4a69679f8049c7237814718f484b5c0?s=96&d=mm&r=g\",\"contentUrl\":\"https:\\\/\\\/secure.gravatar.com\\\/avatar\\\/649cd38650031007bbd5ec3c73411225e4a69679f8049c7237814718f484b5c0?s=96&d=mm&r=g\",\"caption\":\"Pascal Gendrot\"}}]}<\/script>\n<!-- \/ Yoast SEO plugin. -->","yoast_head_json":{"title":"11 Novembre, l'incident est clos - Bienvenue","robots":{"index":"index","follow":"follow","max-snippet":"max-snippet:-1","max-image-preview":"max-image-preview:large","max-video-preview":"max-video-preview:-1"},"canonical":"https:\/\/laprats.fr\/blog\/11-novembre-lincident-clos\/","og_locale":"fr_FR","og_type":"article","og_title":"11 Novembre, l'incident est clos - Bienvenue","og_description":"C&rsquo;est un proviseur tr\u00e8s \u00e9mu qui, \u00e0 mon invitation, est venu s&rsquo;exprimer lors du C.A. de notre Association ce samedi 15 novembre. Monsieur Diry \u00e9tait l\u00e0 pour nous rappeler son [&hellip;]","og_url":"https:\/\/laprats.fr\/blog\/11-novembre-lincident-clos\/","og_site_name":"Bienvenue","article_publisher":"https:\/\/fr-fr.facebook.com\/pages\/Association-La-Prats-de-Cluny\/224204740976190?sk=wall","article_published_time":"2014-11-16T10:57:09+00:00","article_modified_time":"2015-05-16T06:43:46+00:00","og_image":[{"width":200,"height":200,"url":"http:\/\/laprats.fr\/blog\/wp-content\/uploads\/2014\/09\/fonddepage.jpg","type":"image\/jpeg"}],"author":"Pascal Gendrot","twitter_misc":{"\u00c9crit par":"Pascal Gendrot","Dur\u00e9e de lecture estim\u00e9e":"1 minute"},"schema":{"@context":"https:\/\/schema.org","@graph":[{"@type":"Article","@id":"https:\/\/laprats.fr\/blog\/11-novembre-lincident-clos\/#article","isPartOf":{"@id":"https:\/\/laprats.fr\/blog\/11-novembre-lincident-clos\/"},"author":{"name":"Pascal Gendrot","@id":"http:\/\/laprats.fr\/blog\/#\/schema\/person\/90a4b4782b20a014cc9b183a4707820c"},"headline":"11 Novembre, l&rsquo;incident est clos","datePublished":"2014-11-16T10:57:09+00:00","dateModified":"2015-05-16T06:43:46+00:00","mainEntityOfPage":{"@id":"https:\/\/laprats.fr\/blog\/11-novembre-lincident-clos\/"},"wordCount":142,"commentCount":0,"articleSection":["Info association","Info Prat's"],"inLanguage":"fr-FR","potentialAction":[{"@type":"CommentAction","name":"Comment","target":["https:\/\/laprats.fr\/blog\/11-novembre-lincident-clos\/#respond"]}]},{"@type":"WebPage","@id":"https:\/\/laprats.fr\/blog\/11-novembre-lincident-clos\/","url":"https:\/\/laprats.fr\/blog\/11-novembre-lincident-clos\/","name":"11 Novembre, l'incident est clos - Bienvenue","isPartOf":{"@id":"http:\/\/laprats.fr\/blog\/#website"},"datePublished":"2014-11-16T10:57:09+00:00","dateModified":"2015-05-16T06:43:46+00:00","author":{"@id":"http:\/\/laprats.fr\/blog\/#\/schema\/person\/90a4b4782b20a014cc9b183a4707820c"},"breadcrumb":{"@id":"https:\/\/laprats.fr\/blog\/11-novembre-lincident-clos\/#breadcrumb"},"inLanguage":"fr-FR","potentialAction":[{"@type":"ReadAction","target":["https:\/\/laprats.fr\/blog\/11-novembre-lincident-clos\/"]}]},{"@type":"BreadcrumbList","@id":"https:\/\/laprats.fr\/blog\/11-novembre-lincident-clos\/#breadcrumb","itemListElement":[{"@type":"ListItem","position":1,"name":"Accueil","item":"http:\/\/laprats.fr\/blog\/"},{"@type":"ListItem","position":2,"name":"11 Novembre, l&rsquo;incident est clos"}]},{"@type":"WebSite","@id":"http:\/\/laprats.fr\/blog\/#website","url":"http:\/\/laprats.fr\/blog\/","name":"Bienvenue","description":"D&#039;hier et d&#039;aujourd&#039;hui ... pour demain","potentialAction":[{"@type":"SearchAction","target":{"@type":"EntryPoint","urlTemplate":"http:\/\/laprats.fr\/blog\/?s={search_term_string}"},"query-input":{"@type":"PropertyValueSpecification","valueRequired":true,"valueName":"search_term_string"}}],"inLanguage":"fr-FR"},{"@type":"Person","@id":"http:\/\/laprats.fr\/blog\/#\/schema\/person\/90a4b4782b20a014cc9b183a4707820c","name":"Pascal Gendrot","image":{"@type":"ImageObject","inLanguage":"fr-FR","@id":"https:\/\/secure.gravatar.com\/avatar\/649cd38650031007bbd5ec3c73411225e4a69679f8049c7237814718f484b5c0?s=96&d=mm&r=g","url":"https:\/\/secure.gravatar.com\/avatar\/649cd38650031007bbd5ec3c73411225e4a69679f8049c7237814718f484b5c0?s=96&d=mm&r=g","contentUrl":"https:\/\/secure.gravatar.com\/avatar\/649cd38650031007bbd5ec3c73411225e4a69679f8049c7237814718f484b5c0?s=96&d=mm&r=g","caption":"Pascal Gendrot"}}]}},"_links":{"self":[{"href":"http:\/\/laprats.fr\/blog\/wp-json\/wp\/v2\/posts\/561","targetHints":{"allow":["GET"]}}],"collection":[{"href":"http:\/\/laprats.fr\/blog\/wp-json\/wp\/v2\/posts"}],"about":[{"href":"http:\/\/laprats.fr\/blog\/wp-json\/wp\/v2\/types\/post"}],"author":[{"embeddable":true,"href":"http:\/\/laprats.fr\/blog\/wp-json\/wp\/v2\/users\/6"}],"replies":[{"embeddable":true,"href":"http:\/\/laprats.fr\/blog\/wp-json\/wp\/v2\/comments?post=561"}],"version-history":[{"count":2,"href":"http:\/\/laprats.fr\/blog\/wp-json\/wp\/v2\/posts\/561\/revisions"}],"predecessor-version":[{"id":583,"href":"http:\/\/laprats.fr\/blog\/wp-json\/wp\/v2\/posts\/561\/revisions\/583"}],"wp:attachment":[{"href":"http:\/\/laprats.fr\/blog\/wp-json\/wp\/v2\/media?parent=561"}],"wp:term":[{"taxonomy":"category","embeddable":true,"href":"http:\/\/laprats.fr\/blog\/wp-json\/wp\/v2\/categories?post=561"},{"taxonomy":"post_tag","embeddable":true,"href":"http:\/\/laprats.fr\/blog\/wp-json\/wp\/v2\/tags?post=561"}],"curies":[{"name":"wp","href":"https:\/\/api.w.org\/{rel}","templated":true}]}}