{"id":2767,"date":"2025-11-01T11:39:40","date_gmt":"2025-11-01T10:39:40","guid":{"rendered":"https:\/\/laprats.fr\/blog\/?p=2767"},"modified":"2025-11-01T11:39:44","modified_gmt":"2025-11-01T10:39:44","slug":"remise-des-diplomes-au-lycee-le-17-octobre","status":"publish","type":"post","link":"http:\/\/laprats.fr\/blog\/remise-des-diplomes-au-lycee-le-17-octobre\/","title":{"rendered":"Remise des dipl\u00f4mes au lyc\u00e9e le 17 octobre"},"content":{"rendered":"\n\n\n<p>Cette ann\u00e9e encore \u00e0 l\u2019invitation\u00a0 du Lyc\u00e9e La Prat\u2019s, l\u2019association des anciens a pu f\u00e9liciter les nouveaux dipl\u00f4m\u00e9s 2025.<\/p>\n<p>C\u2019\u00e9tait l\u2019occasion de pr\u00e9senter rapidement notre association aux nouveaux \u00ab\u00a0anciens \u00e9l\u00e8ves\u00a0\u00bb.<\/p>\n<p>M. Joly proviseur du lyc\u00e9e, n\u2019a pas manqu\u00e9 de souligner nos actions aupr\u00e8s des \u00e9l\u00e8ves.<\/p>\n<p>Nicolas BOUILLIN et Michel PAGNON ont remis le traditionnel parchemin souvenir aux \u00e9l\u00e8ves pr\u00e9sents (une soixantaine environ).<\/p>\n<p style=\"text-align: center;\"><a href=\"http:\/\/laprats.fr\/blog\/wp-content\/uploads\/2025\/11\/diplo1-2025-scaled.jpg\"><img loading=\"lazy\" decoding=\"async\" class=\"alignnone size-medium wp-image-2775\" src=\"http:\/\/laprats.fr\/blog\/wp-content\/uploads\/2025\/11\/diplo1-2025-300x225.jpg\" alt=\"\" width=\"300\" height=\"225\" srcset=\"http:\/\/laprats.fr\/blog\/wp-content\/uploads\/2025\/11\/diplo1-2025-300x225.jpg 300w, http:\/\/laprats.fr\/blog\/wp-content\/uploads\/2025\/11\/diplo1-2025-1024x768.jpg 1024w, http:\/\/laprats.fr\/blog\/wp-content\/uploads\/2025\/11\/diplo1-2025-768x576.jpg 768w, http:\/\/laprats.fr\/blog\/wp-content\/uploads\/2025\/11\/diplo1-2025-1536x1152.jpg 1536w, http:\/\/laprats.fr\/blog\/wp-content\/uploads\/2025\/11\/diplo1-2025-2048x1536.jpg 2048w, http:\/\/laprats.fr\/blog\/wp-content\/uploads\/2025\/11\/diplo1-2025-175x131.jpg 175w, http:\/\/laprats.fr\/blog\/wp-content\/uploads\/2025\/11\/diplo1-2025-667x500.jpg 667w\" sizes=\"auto, (max-width: 300px) 100vw, 300px\" \/><\/a><\/p>\n","protected":false},"excerpt":{"rendered":"<p>Cette ann\u00e9e encore \u00e0 l\u2019invitation\u00a0 du Lyc\u00e9e La Prat\u2019s, l\u2019association des anciens a pu f\u00e9liciter les nouveaux dipl\u00f4m\u00e9s 2025. C\u2019\u00e9tait l\u2019occasion de pr\u00e9senter rapidement notre association aux nouveaux \u00ab\u00a0anciens \u00e9l\u00e8ves\u00a0\u00bb. <a href=\"http:\/\/laprats.fr\/blog\/remise-des-diplomes-au-lycee-le-17-octobre\/\" class=\"more-link\">[&hellip;]<\/a><\/p>\n","protected":false},"author":6,"featured_media":2776,"comment_status":"open","ping_status":"open","sticky":false,"template":"","format":"standard","meta":{"Layout":"","footnotes":""},"categories":[5],"tags":[],"class_list":["entry","author-pascal","post-2767","post","type-post","status-publish","format-standard","has-post-thumbnail","category-info-association"],"yoast_head":"<!-- This site is optimized with the Yoast SEO plugin v27.5 - https:\/\/yoast.com\/product\/yoast-seo-wordpress\/ -->\n<title>Remise des dipl\u00f4mes au lyc\u00e9e le 17 octobre - Bienvenue<\/title>\n<meta name=\"robots\" content=\"index, follow, max-snippet:-1, max-image-preview:large, max-video-preview:-1\" \/>\n<link rel=\"canonical\" href=\"http:\/\/laprats.fr\/blog\/remise-des-diplomes-au-lycee-le-17-octobre\/\" \/>\n<meta property=\"og:locale\" content=\"fr_FR\" \/>\n<meta property=\"og:type\" content=\"article\" \/>\n<meta property=\"og:title\" content=\"Remise des dipl\u00f4mes au lyc\u00e9e le 17 octobre - Bienvenue\" \/>\n<meta property=\"og:description\" content=\"Cette ann\u00e9e encore \u00e0 l\u2019invitation\u00a0 du Lyc\u00e9e La Prat\u2019s, l\u2019association des anciens a pu f\u00e9liciter les nouveaux dipl\u00f4m\u00e9s 2025. C\u2019\u00e9tait l\u2019occasion de pr\u00e9senter rapidement notre association aux nouveaux \u00ab\u00a0anciens \u00e9l\u00e8ves\u00a0\u00bb. [&hellip;]\" \/>\n<meta property=\"og:url\" content=\"http:\/\/laprats.fr\/blog\/remise-des-diplomes-au-lycee-le-17-octobre\/\" \/>\n<meta property=\"og:site_name\" content=\"Bienvenue\" \/>\n<meta property=\"article:publisher\" content=\"https:\/\/fr-fr.facebook.com\/pages\/Association-La-Prats-de-Cluny\/224204740976190?sk=wall\" \/>\n<meta property=\"article:published_time\" content=\"2025-11-01T10:39:40+00:00\" \/>\n<meta property=\"article:modified_time\" content=\"2025-11-01T10:39:44+00:00\" \/>\n<meta property=\"og:image\" content=\"http:\/\/laprats.fr\/blog\/wp-content\/uploads\/2025\/11\/diplo-2-2025-scaled.jpg\" \/>\n\t<meta property=\"og:image:width\" content=\"2560\" \/>\n\t<meta property=\"og:image:height\" content=\"1920\" \/>\n\t<meta property=\"og:image:type\" content=\"image\/jpeg\" \/>\n<meta name=\"author\" content=\"Pascal Gendrot\" \/>\n<meta name=\"twitter:label1\" content=\"\u00c9crit par\" \/>\n\t<meta name=\"twitter:data1\" content=\"Pascal Gendrot\" \/>\n<script type=\"application\/ld+json\" class=\"yoast-schema-graph\">{\"@context\":\"https:\\\/\\\/schema.org\",\"@graph\":[{\"@type\":\"Article\",\"@id\":\"http:\\\/\\\/laprats.fr\\\/blog\\\/remise-des-diplomes-au-lycee-le-17-octobre\\\/#article\",\"isPartOf\":{\"@id\":\"http:\\\/\\\/laprats.fr\\\/blog\\\/remise-des-diplomes-au-lycee-le-17-octobre\\\/\"},\"author\":{\"name\":\"Pascal Gendrot\",\"@id\":\"https:\\\/\\\/laprats.fr\\\/blog\\\/#\\\/schema\\\/person\\\/90a4b4782b20a014cc9b183a4707820c\"},\"headline\":\"Remise des dipl\u00f4mes au lyc\u00e9e le 17 octobre\",\"datePublished\":\"2025-11-01T10:39:40+00:00\",\"dateModified\":\"2025-11-01T10:39:44+00:00\",\"mainEntityOfPage\":{\"@id\":\"http:\\\/\\\/laprats.fr\\\/blog\\\/remise-des-diplomes-au-lycee-le-17-octobre\\\/\"},\"wordCount\":87,\"commentCount\":0,\"image\":{\"@id\":\"http:\\\/\\\/laprats.fr\\\/blog\\\/remise-des-diplomes-au-lycee-le-17-octobre\\\/#primaryimage\"},\"thumbnailUrl\":\"http:\\\/\\\/laprats.fr\\\/blog\\\/wp-content\\\/uploads\\\/2025\\\/11\\\/diplo-2-2025-scaled.jpg\",\"articleSection\":[\"Info association\"],\"inLanguage\":\"fr-FR\",\"potentialAction\":[{\"@type\":\"CommentAction\",\"name\":\"Comment\",\"target\":[\"http:\\\/\\\/laprats.fr\\\/blog\\\/remise-des-diplomes-au-lycee-le-17-octobre\\\/#respond\"]}]},{\"@type\":\"WebPage\",\"@id\":\"http:\\\/\\\/laprats.fr\\\/blog\\\/remise-des-diplomes-au-lycee-le-17-octobre\\\/\",\"url\":\"http:\\\/\\\/laprats.fr\\\/blog\\\/remise-des-diplomes-au-lycee-le-17-octobre\\\/\",\"name\":\"Remise des dipl\u00f4mes au lyc\u00e9e le 17 octobre - Bienvenue\",\"isPartOf\":{\"@id\":\"https:\\\/\\\/laprats.fr\\\/blog\\\/#website\"},\"primaryImageOfPage\":{\"@id\":\"http:\\\/\\\/laprats.fr\\\/blog\\\/remise-des-diplomes-au-lycee-le-17-octobre\\\/#primaryimage\"},\"image\":{\"@id\":\"http:\\\/\\\/laprats.fr\\\/blog\\\/remise-des-diplomes-au-lycee-le-17-octobre\\\/#primaryimage\"},\"thumbnailUrl\":\"http:\\\/\\\/laprats.fr\\\/blog\\\/wp-content\\\/uploads\\\/2025\\\/11\\\/diplo-2-2025-scaled.jpg\",\"datePublished\":\"2025-11-01T10:39:40+00:00\",\"dateModified\":\"2025-11-01T10:39:44+00:00\",\"author\":{\"@id\":\"https:\\\/\\\/laprats.fr\\\/blog\\\/#\\\/schema\\\/person\\\/90a4b4782b20a014cc9b183a4707820c\"},\"breadcrumb\":{\"@id\":\"http:\\\/\\\/laprats.fr\\\/blog\\\/remise-des-diplomes-au-lycee-le-17-octobre\\\/#breadcrumb\"},\"inLanguage\":\"fr-FR\",\"potentialAction\":[{\"@type\":\"ReadAction\",\"target\":[\"http:\\\/\\\/laprats.fr\\\/blog\\\/remise-des-diplomes-au-lycee-le-17-octobre\\\/\"]}]},{\"@type\":\"ImageObject\",\"inLanguage\":\"fr-FR\",\"@id\":\"http:\\\/\\\/laprats.fr\\\/blog\\\/remise-des-diplomes-au-lycee-le-17-octobre\\\/#primaryimage\",\"url\":\"http:\\\/\\\/laprats.fr\\\/blog\\\/wp-content\\\/uploads\\\/2025\\\/11\\\/diplo-2-2025-scaled.jpg\",\"contentUrl\":\"http:\\\/\\\/laprats.fr\\\/blog\\\/wp-content\\\/uploads\\\/2025\\\/11\\\/diplo-2-2025-scaled.jpg\",\"width\":2560,\"height\":1920},{\"@type\":\"BreadcrumbList\",\"@id\":\"http:\\\/\\\/laprats.fr\\\/blog\\\/remise-des-diplomes-au-lycee-le-17-octobre\\\/#breadcrumb\",\"itemListElement\":[{\"@type\":\"ListItem\",\"position\":1,\"name\":\"Accueil\",\"item\":\"https:\\\/\\\/laprats.fr\\\/blog\\\/\"},{\"@type\":\"ListItem\",\"position\":2,\"name\":\"Remise des dipl\u00f4mes au lyc\u00e9e le 17 octobre\"}]},{\"@type\":\"WebSite\",\"@id\":\"https:\\\/\\\/laprats.fr\\\/blog\\\/#website\",\"url\":\"https:\\\/\\\/laprats.fr\\\/blog\\\/\",\"name\":\"Bienvenue\",\"description\":\"D&#039;hier et d&#039;aujourd&#039;hui ... pour demain\",\"potentialAction\":[{\"@type\":\"SearchAction\",\"target\":{\"@type\":\"EntryPoint\",\"urlTemplate\":\"https:\\\/\\\/laprats.fr\\\/blog\\\/?s={search_term_string}\"},\"query-input\":{\"@type\":\"PropertyValueSpecification\",\"valueRequired\":true,\"valueName\":\"search_term_string\"}}],\"inLanguage\":\"fr-FR\"},{\"@type\":\"Person\",\"@id\":\"https:\\\/\\\/laprats.fr\\\/blog\\\/#\\\/schema\\\/person\\\/90a4b4782b20a014cc9b183a4707820c\",\"name\":\"Pascal Gendrot\",\"image\":{\"@type\":\"ImageObject\",\"inLanguage\":\"fr-FR\",\"@id\":\"https:\\\/\\\/secure.gravatar.com\\\/avatar\\\/649cd38650031007bbd5ec3c73411225e4a69679f8049c7237814718f484b5c0?s=96&d=mm&r=g\",\"url\":\"https:\\\/\\\/secure.gravatar.com\\\/avatar\\\/649cd38650031007bbd5ec3c73411225e4a69679f8049c7237814718f484b5c0?s=96&d=mm&r=g\",\"contentUrl\":\"https:\\\/\\\/secure.gravatar.com\\\/avatar\\\/649cd38650031007bbd5ec3c73411225e4a69679f8049c7237814718f484b5c0?s=96&d=mm&r=g\",\"caption\":\"Pascal Gendrot\"}}]}<\/script>\n<!-- \/ Yoast SEO plugin. -->","yoast_head_json":{"title":"Remise des dipl\u00f4mes au lyc\u00e9e le 17 octobre - Bienvenue","robots":{"index":"index","follow":"follow","max-snippet":"max-snippet:-1","max-image-preview":"max-image-preview:large","max-video-preview":"max-video-preview:-1"},"canonical":"http:\/\/laprats.fr\/blog\/remise-des-diplomes-au-lycee-le-17-octobre\/","og_locale":"fr_FR","og_type":"article","og_title":"Remise des dipl\u00f4mes au lyc\u00e9e le 17 octobre - Bienvenue","og_description":"Cette ann\u00e9e encore \u00e0 l\u2019invitation\u00a0 du Lyc\u00e9e La Prat\u2019s, l\u2019association des anciens a pu f\u00e9liciter les nouveaux dipl\u00f4m\u00e9s 2025. C\u2019\u00e9tait l\u2019occasion de pr\u00e9senter rapidement notre association aux nouveaux \u00ab\u00a0anciens \u00e9l\u00e8ves\u00a0\u00bb. [&hellip;]","og_url":"http:\/\/laprats.fr\/blog\/remise-des-diplomes-au-lycee-le-17-octobre\/","og_site_name":"Bienvenue","article_publisher":"https:\/\/fr-fr.facebook.com\/pages\/Association-La-Prats-de-Cluny\/224204740976190?sk=wall","article_published_time":"2025-11-01T10:39:40+00:00","article_modified_time":"2025-11-01T10:39:44+00:00","og_image":[{"width":2560,"height":1920,"url":"http:\/\/laprats.fr\/blog\/wp-content\/uploads\/2025\/11\/diplo-2-2025-scaled.jpg","type":"image\/jpeg"}],"author":"Pascal Gendrot","twitter_misc":{"\u00c9crit par":"Pascal Gendrot"},"schema":{"@context":"https:\/\/schema.org","@graph":[{"@type":"Article","@id":"http:\/\/laprats.fr\/blog\/remise-des-diplomes-au-lycee-le-17-octobre\/#article","isPartOf":{"@id":"http:\/\/laprats.fr\/blog\/remise-des-diplomes-au-lycee-le-17-octobre\/"},"author":{"name":"Pascal Gendrot","@id":"https:\/\/laprats.fr\/blog\/#\/schema\/person\/90a4b4782b20a014cc9b183a4707820c"},"headline":"Remise des dipl\u00f4mes au lyc\u00e9e le 17 octobre","datePublished":"2025-11-01T10:39:40+00:00","dateModified":"2025-11-01T10:39:44+00:00","mainEntityOfPage":{"@id":"http:\/\/laprats.fr\/blog\/remise-des-diplomes-au-lycee-le-17-octobre\/"},"wordCount":87,"commentCount":0,"image":{"@id":"http:\/\/laprats.fr\/blog\/remise-des-diplomes-au-lycee-le-17-octobre\/#primaryimage"},"thumbnailUrl":"http:\/\/laprats.fr\/blog\/wp-content\/uploads\/2025\/11\/diplo-2-2025-scaled.jpg","articleSection":["Info association"],"inLanguage":"fr-FR","potentialAction":[{"@type":"CommentAction","name":"Comment","target":["http:\/\/laprats.fr\/blog\/remise-des-diplomes-au-lycee-le-17-octobre\/#respond"]}]},{"@type":"WebPage","@id":"http:\/\/laprats.fr\/blog\/remise-des-diplomes-au-lycee-le-17-octobre\/","url":"http:\/\/laprats.fr\/blog\/remise-des-diplomes-au-lycee-le-17-octobre\/","name":"Remise des dipl\u00f4mes au lyc\u00e9e le 17 octobre - Bienvenue","isPartOf":{"@id":"https:\/\/laprats.fr\/blog\/#website"},"primaryImageOfPage":{"@id":"http:\/\/laprats.fr\/blog\/remise-des-diplomes-au-lycee-le-17-octobre\/#primaryimage"},"image":{"@id":"http:\/\/laprats.fr\/blog\/remise-des-diplomes-au-lycee-le-17-octobre\/#primaryimage"},"thumbnailUrl":"http:\/\/laprats.fr\/blog\/wp-content\/uploads\/2025\/11\/diplo-2-2025-scaled.jpg","datePublished":"2025-11-01T10:39:40+00:00","dateModified":"2025-11-01T10:39:44+00:00","author":{"@id":"https:\/\/laprats.fr\/blog\/#\/schema\/person\/90a4b4782b20a014cc9b183a4707820c"},"breadcrumb":{"@id":"http:\/\/laprats.fr\/blog\/remise-des-diplomes-au-lycee-le-17-octobre\/#breadcrumb"},"inLanguage":"fr-FR","potentialAction":[{"@type":"ReadAction","target":["http:\/\/laprats.fr\/blog\/remise-des-diplomes-au-lycee-le-17-octobre\/"]}]},{"@type":"ImageObject","inLanguage":"fr-FR","@id":"http:\/\/laprats.fr\/blog\/remise-des-diplomes-au-lycee-le-17-octobre\/#primaryimage","url":"http:\/\/laprats.fr\/blog\/wp-content\/uploads\/2025\/11\/diplo-2-2025-scaled.jpg","contentUrl":"http:\/\/laprats.fr\/blog\/wp-content\/uploads\/2025\/11\/diplo-2-2025-scaled.jpg","width":2560,"height":1920},{"@type":"BreadcrumbList","@id":"http:\/\/laprats.fr\/blog\/remise-des-diplomes-au-lycee-le-17-octobre\/#breadcrumb","itemListElement":[{"@type":"ListItem","position":1,"name":"Accueil","item":"https:\/\/laprats.fr\/blog\/"},{"@type":"ListItem","position":2,"name":"Remise des dipl\u00f4mes au lyc\u00e9e le 17 octobre"}]},{"@type":"WebSite","@id":"https:\/\/laprats.fr\/blog\/#website","url":"https:\/\/laprats.fr\/blog\/","name":"Bienvenue","description":"D&#039;hier et d&#039;aujourd&#039;hui ... pour demain","potentialAction":[{"@type":"SearchAction","target":{"@type":"EntryPoint","urlTemplate":"https:\/\/laprats.fr\/blog\/?s={search_term_string}"},"query-input":{"@type":"PropertyValueSpecification","valueRequired":true,"valueName":"search_term_string"}}],"inLanguage":"fr-FR"},{"@type":"Person","@id":"https:\/\/laprats.fr\/blog\/#\/schema\/person\/90a4b4782b20a014cc9b183a4707820c","name":"Pascal Gendrot","image":{"@type":"ImageObject","inLanguage":"fr-FR","@id":"https:\/\/secure.gravatar.com\/avatar\/649cd38650031007bbd5ec3c73411225e4a69679f8049c7237814718f484b5c0?s=96&d=mm&r=g","url":"https:\/\/secure.gravatar.com\/avatar\/649cd38650031007bbd5ec3c73411225e4a69679f8049c7237814718f484b5c0?s=96&d=mm&r=g","contentUrl":"https:\/\/secure.gravatar.com\/avatar\/649cd38650031007bbd5ec3c73411225e4a69679f8049c7237814718f484b5c0?s=96&d=mm&r=g","caption":"Pascal Gendrot"}}]}},"_links":{"self":[{"href":"http:\/\/laprats.fr\/blog\/wp-json\/wp\/v2\/posts\/2767","targetHints":{"allow":["GET"]}}],"collection":[{"href":"http:\/\/laprats.fr\/blog\/wp-json\/wp\/v2\/posts"}],"about":[{"href":"http:\/\/laprats.fr\/blog\/wp-json\/wp\/v2\/types\/post"}],"author":[{"embeddable":true,"href":"http:\/\/laprats.fr\/blog\/wp-json\/wp\/v2\/users\/6"}],"replies":[{"embeddable":true,"href":"http:\/\/laprats.fr\/blog\/wp-json\/wp\/v2\/comments?post=2767"}],"version-history":[{"count":3,"href":"http:\/\/laprats.fr\/blog\/wp-json\/wp\/v2\/posts\/2767\/revisions"}],"predecessor-version":[{"id":2777,"href":"http:\/\/laprats.fr\/blog\/wp-json\/wp\/v2\/posts\/2767\/revisions\/2777"}],"wp:featuredmedia":[{"embeddable":true,"href":"http:\/\/laprats.fr\/blog\/wp-json\/wp\/v2\/media\/2776"}],"wp:attachment":[{"href":"http:\/\/laprats.fr\/blog\/wp-json\/wp\/v2\/media?parent=2767"}],"wp:term":[{"taxonomy":"category","embeddable":true,"href":"http:\/\/laprats.fr\/blog\/wp-json\/wp\/v2\/categories?post=2767"},{"taxonomy":"post_tag","embeddable":true,"href":"http:\/\/laprats.fr\/blog\/wp-json\/wp\/v2\/tags?post=2767"}],"curies":[{"name":"wp","href":"https:\/\/api.w.org\/{rel}","templated":true}]}}