{"id":2444,"date":"2023-08-23T08:39:24","date_gmt":"2023-08-23T06:39:24","guid":{"rendered":"https:\/\/laprats.fr\/blog\/?p=2444"},"modified":"2023-08-23T08:39:28","modified_gmt":"2023-08-23T06:39:28","slug":"les-elections-de-la-g-doctobre-2023","status":"publish","type":"post","link":"http:\/\/laprats.fr\/blog\/les-elections-de-la-g-doctobre-2023\/","title":{"rendered":"Les \u00e9lections de l&rsquo;A.G. d&rsquo;octobre 2023"},"content":{"rendered":"\n<p>Cher(e)s Prats&rsquo;ien(ne)s<\/p>\n<p>Cette ann\u00e9e, comme tous les deux ans, des \u00e9lections auront lieu au moment de notre A.G. de d\u00e9but octobre pour renouveler la moiti\u00e9 du bureau du conseil d&rsquo;administration de votre association.<\/p>\n<p>Si tu es int\u00e9ress\u00e9 il suffit d&rsquo;\u00eatre \u00e0 jour de cotisation pour pouvoir te pr\u00e9senter.<\/p>\n<p>Pour rappel, les conseils d&rsquo;administration se tiennent quatre fois par ans en moyenne. Ces r\u00e9unions se d\u00e9roule sur Cluny, ce qui ne dois pas \u00eatre un frein si tu habites un peu loin car nous les r\u00e9alisons \u00e9galement en visioconf\u00e9rence. Tu retrouveras les buts de l&rsquo;association dans <a href=\"_wp_link_placeholder\" data-wplink-edit=\"true\">les statuts<\/a> et en consultant les articles publi\u00e9s au cours des ann\u00e9es \u00e9coul\u00e9es.<\/p>\n<p>Toutes les bonnes volont\u00e9s sont les bienvenues ainsi que les id\u00e9es nouvelles pour que notre association continue \u00e0 maintenir les liens entre les ancien(ne)s prats&rsquo;ien(ne)s et \u00e0 aider les lyc\u00e9en(ne)s actuel(le)s pour la r\u00e9alisation de certains de leur projets.<\/p>\n<p>Bien amicalement,<\/p>\n<p>Pascal<\/p>\n","protected":false},"excerpt":{"rendered":"<p>Cher(e)s Prats&rsquo;ien(ne)s Cette ann\u00e9e, comme tous les deux ans, des \u00e9lections auront lieu au moment de notre A.G. de d\u00e9but octobre pour renouveler la moiti\u00e9 du bureau du conseil d&rsquo;administration <a href=\"http:\/\/laprats.fr\/blog\/les-elections-de-la-g-doctobre-2023\/\" class=\"more-link\">[&hellip;]<\/a><\/p>\n","protected":false},"author":6,"featured_media":0,"comment_status":"open","ping_status":"open","sticky":false,"template":"","format":"standard","meta":{"Layout":"","footnotes":""},"categories":[5],"tags":[],"class_list":["entry","author-pascal","post-2444","post","type-post","status-publish","format-standard","category-info-association"],"yoast_head":"<!-- This site is optimized with the Yoast SEO plugin v27.5 - https:\/\/yoast.com\/product\/yoast-seo-wordpress\/ -->\n<title>Les \u00e9lections de l&#039;A.G. d&#039;octobre 2023 - Bienvenue<\/title>\n<meta name=\"robots\" content=\"index, follow, max-snippet:-1, max-image-preview:large, max-video-preview:-1\" \/>\n<link rel=\"canonical\" href=\"https:\/\/laprats.fr\/blog\/les-elections-de-la-g-doctobre-2023\/\" \/>\n<meta property=\"og:locale\" content=\"fr_FR\" \/>\n<meta property=\"og:type\" content=\"article\" \/>\n<meta property=\"og:title\" content=\"Les \u00e9lections de l&#039;A.G. d&#039;octobre 2023 - Bienvenue\" \/>\n<meta property=\"og:description\" content=\"Cher(e)s Prats&rsquo;ien(ne)s Cette ann\u00e9e, comme tous les deux ans, des \u00e9lections auront lieu au moment de notre A.G. de d\u00e9but octobre pour renouveler la moiti\u00e9 du bureau du conseil d&rsquo;administration [&hellip;]\" \/>\n<meta property=\"og:url\" content=\"https:\/\/laprats.fr\/blog\/les-elections-de-la-g-doctobre-2023\/\" \/>\n<meta property=\"og:site_name\" content=\"Bienvenue\" \/>\n<meta property=\"article:publisher\" content=\"https:\/\/fr-fr.facebook.com\/pages\/Association-La-Prats-de-Cluny\/224204740976190?sk=wall\" \/>\n<meta property=\"article:published_time\" content=\"2023-08-23T06:39:24+00:00\" \/>\n<meta property=\"article:modified_time\" content=\"2023-08-23T06:39:28+00:00\" \/>\n<meta property=\"og:image\" content=\"http:\/\/laprats.fr\/blog\/wp-content\/uploads\/2014\/09\/fonddepage.jpg\" \/>\n\t<meta property=\"og:image:width\" content=\"200\" \/>\n\t<meta property=\"og:image:height\" content=\"200\" \/>\n\t<meta property=\"og:image:type\" content=\"image\/jpeg\" \/>\n<meta name=\"author\" content=\"Pascal Gendrot\" \/>\n<meta name=\"twitter:label1\" content=\"\u00c9crit par\" \/>\n\t<meta name=\"twitter:data1\" content=\"Pascal Gendrot\" \/>\n\t<meta name=\"twitter:label2\" content=\"Dur\u00e9e de lecture estim\u00e9e\" \/>\n\t<meta name=\"twitter:data2\" content=\"1 minute\" \/>\n<script type=\"application\/ld+json\" class=\"yoast-schema-graph\">{\"@context\":\"https:\\\/\\\/schema.org\",\"@graph\":[{\"@type\":\"Article\",\"@id\":\"https:\\\/\\\/laprats.fr\\\/blog\\\/les-elections-de-la-g-doctobre-2023\\\/#article\",\"isPartOf\":{\"@id\":\"https:\\\/\\\/laprats.fr\\\/blog\\\/les-elections-de-la-g-doctobre-2023\\\/\"},\"author\":{\"name\":\"Pascal Gendrot\",\"@id\":\"http:\\\/\\\/laprats.fr\\\/blog\\\/#\\\/schema\\\/person\\\/90a4b4782b20a014cc9b183a4707820c\"},\"headline\":\"Les \u00e9lections de l&rsquo;A.G. d&rsquo;octobre 2023\",\"datePublished\":\"2023-08-23T06:39:24+00:00\",\"dateModified\":\"2023-08-23T06:39:28+00:00\",\"mainEntityOfPage\":{\"@id\":\"https:\\\/\\\/laprats.fr\\\/blog\\\/les-elections-de-la-g-doctobre-2023\\\/\"},\"wordCount\":182,\"commentCount\":0,\"articleSection\":[\"Info association\"],\"inLanguage\":\"fr-FR\",\"potentialAction\":[{\"@type\":\"CommentAction\",\"name\":\"Comment\",\"target\":[\"https:\\\/\\\/laprats.fr\\\/blog\\\/les-elections-de-la-g-doctobre-2023\\\/#respond\"]}]},{\"@type\":\"WebPage\",\"@id\":\"https:\\\/\\\/laprats.fr\\\/blog\\\/les-elections-de-la-g-doctobre-2023\\\/\",\"url\":\"https:\\\/\\\/laprats.fr\\\/blog\\\/les-elections-de-la-g-doctobre-2023\\\/\",\"name\":\"Les \u00e9lections de l'A.G. d'octobre 2023 - Bienvenue\",\"isPartOf\":{\"@id\":\"http:\\\/\\\/laprats.fr\\\/blog\\\/#website\"},\"datePublished\":\"2023-08-23T06:39:24+00:00\",\"dateModified\":\"2023-08-23T06:39:28+00:00\",\"author\":{\"@id\":\"http:\\\/\\\/laprats.fr\\\/blog\\\/#\\\/schema\\\/person\\\/90a4b4782b20a014cc9b183a4707820c\"},\"breadcrumb\":{\"@id\":\"https:\\\/\\\/laprats.fr\\\/blog\\\/les-elections-de-la-g-doctobre-2023\\\/#breadcrumb\"},\"inLanguage\":\"fr-FR\",\"potentialAction\":[{\"@type\":\"ReadAction\",\"target\":[\"https:\\\/\\\/laprats.fr\\\/blog\\\/les-elections-de-la-g-doctobre-2023\\\/\"]}]},{\"@type\":\"BreadcrumbList\",\"@id\":\"https:\\\/\\\/laprats.fr\\\/blog\\\/les-elections-de-la-g-doctobre-2023\\\/#breadcrumb\",\"itemListElement\":[{\"@type\":\"ListItem\",\"position\":1,\"name\":\"Accueil\",\"item\":\"http:\\\/\\\/laprats.fr\\\/blog\\\/\"},{\"@type\":\"ListItem\",\"position\":2,\"name\":\"Les \u00e9lections de l&rsquo;A.G. d&rsquo;octobre 2023\"}]},{\"@type\":\"WebSite\",\"@id\":\"http:\\\/\\\/laprats.fr\\\/blog\\\/#website\",\"url\":\"http:\\\/\\\/laprats.fr\\\/blog\\\/\",\"name\":\"Bienvenue\",\"description\":\"D&#039;hier et d&#039;aujourd&#039;hui ... pour demain\",\"potentialAction\":[{\"@type\":\"SearchAction\",\"target\":{\"@type\":\"EntryPoint\",\"urlTemplate\":\"http:\\\/\\\/laprats.fr\\\/blog\\\/?s={search_term_string}\"},\"query-input\":{\"@type\":\"PropertyValueSpecification\",\"valueRequired\":true,\"valueName\":\"search_term_string\"}}],\"inLanguage\":\"fr-FR\"},{\"@type\":\"Person\",\"@id\":\"http:\\\/\\\/laprats.fr\\\/blog\\\/#\\\/schema\\\/person\\\/90a4b4782b20a014cc9b183a4707820c\",\"name\":\"Pascal Gendrot\",\"image\":{\"@type\":\"ImageObject\",\"inLanguage\":\"fr-FR\",\"@id\":\"https:\\\/\\\/secure.gravatar.com\\\/avatar\\\/649cd38650031007bbd5ec3c73411225e4a69679f8049c7237814718f484b5c0?s=96&d=mm&r=g\",\"url\":\"https:\\\/\\\/secure.gravatar.com\\\/avatar\\\/649cd38650031007bbd5ec3c73411225e4a69679f8049c7237814718f484b5c0?s=96&d=mm&r=g\",\"contentUrl\":\"https:\\\/\\\/secure.gravatar.com\\\/avatar\\\/649cd38650031007bbd5ec3c73411225e4a69679f8049c7237814718f484b5c0?s=96&d=mm&r=g\",\"caption\":\"Pascal Gendrot\"}}]}<\/script>\n<!-- \/ Yoast SEO plugin. -->","yoast_head_json":{"title":"Les \u00e9lections de l'A.G. d'octobre 2023 - Bienvenue","robots":{"index":"index","follow":"follow","max-snippet":"max-snippet:-1","max-image-preview":"max-image-preview:large","max-video-preview":"max-video-preview:-1"},"canonical":"https:\/\/laprats.fr\/blog\/les-elections-de-la-g-doctobre-2023\/","og_locale":"fr_FR","og_type":"article","og_title":"Les \u00e9lections de l'A.G. d'octobre 2023 - Bienvenue","og_description":"Cher(e)s Prats&rsquo;ien(ne)s Cette ann\u00e9e, comme tous les deux ans, des \u00e9lections auront lieu au moment de notre A.G. de d\u00e9but octobre pour renouveler la moiti\u00e9 du bureau du conseil d&rsquo;administration [&hellip;]","og_url":"https:\/\/laprats.fr\/blog\/les-elections-de-la-g-doctobre-2023\/","og_site_name":"Bienvenue","article_publisher":"https:\/\/fr-fr.facebook.com\/pages\/Association-La-Prats-de-Cluny\/224204740976190?sk=wall","article_published_time":"2023-08-23T06:39:24+00:00","article_modified_time":"2023-08-23T06:39:28+00:00","og_image":[{"width":200,"height":200,"url":"http:\/\/laprats.fr\/blog\/wp-content\/uploads\/2014\/09\/fonddepage.jpg","type":"image\/jpeg"}],"author":"Pascal Gendrot","twitter_misc":{"\u00c9crit par":"Pascal Gendrot","Dur\u00e9e de lecture estim\u00e9e":"1 minute"},"schema":{"@context":"https:\/\/schema.org","@graph":[{"@type":"Article","@id":"https:\/\/laprats.fr\/blog\/les-elections-de-la-g-doctobre-2023\/#article","isPartOf":{"@id":"https:\/\/laprats.fr\/blog\/les-elections-de-la-g-doctobre-2023\/"},"author":{"name":"Pascal Gendrot","@id":"http:\/\/laprats.fr\/blog\/#\/schema\/person\/90a4b4782b20a014cc9b183a4707820c"},"headline":"Les \u00e9lections de l&rsquo;A.G. d&rsquo;octobre 2023","datePublished":"2023-08-23T06:39:24+00:00","dateModified":"2023-08-23T06:39:28+00:00","mainEntityOfPage":{"@id":"https:\/\/laprats.fr\/blog\/les-elections-de-la-g-doctobre-2023\/"},"wordCount":182,"commentCount":0,"articleSection":["Info association"],"inLanguage":"fr-FR","potentialAction":[{"@type":"CommentAction","name":"Comment","target":["https:\/\/laprats.fr\/blog\/les-elections-de-la-g-doctobre-2023\/#respond"]}]},{"@type":"WebPage","@id":"https:\/\/laprats.fr\/blog\/les-elections-de-la-g-doctobre-2023\/","url":"https:\/\/laprats.fr\/blog\/les-elections-de-la-g-doctobre-2023\/","name":"Les \u00e9lections de l'A.G. d'octobre 2023 - Bienvenue","isPartOf":{"@id":"http:\/\/laprats.fr\/blog\/#website"},"datePublished":"2023-08-23T06:39:24+00:00","dateModified":"2023-08-23T06:39:28+00:00","author":{"@id":"http:\/\/laprats.fr\/blog\/#\/schema\/person\/90a4b4782b20a014cc9b183a4707820c"},"breadcrumb":{"@id":"https:\/\/laprats.fr\/blog\/les-elections-de-la-g-doctobre-2023\/#breadcrumb"},"inLanguage":"fr-FR","potentialAction":[{"@type":"ReadAction","target":["https:\/\/laprats.fr\/blog\/les-elections-de-la-g-doctobre-2023\/"]}]},{"@type":"BreadcrumbList","@id":"https:\/\/laprats.fr\/blog\/les-elections-de-la-g-doctobre-2023\/#breadcrumb","itemListElement":[{"@type":"ListItem","position":1,"name":"Accueil","item":"http:\/\/laprats.fr\/blog\/"},{"@type":"ListItem","position":2,"name":"Les \u00e9lections de l&rsquo;A.G. d&rsquo;octobre 2023"}]},{"@type":"WebSite","@id":"http:\/\/laprats.fr\/blog\/#website","url":"http:\/\/laprats.fr\/blog\/","name":"Bienvenue","description":"D&#039;hier et d&#039;aujourd&#039;hui ... pour demain","potentialAction":[{"@type":"SearchAction","target":{"@type":"EntryPoint","urlTemplate":"http:\/\/laprats.fr\/blog\/?s={search_term_string}"},"query-input":{"@type":"PropertyValueSpecification","valueRequired":true,"valueName":"search_term_string"}}],"inLanguage":"fr-FR"},{"@type":"Person","@id":"http:\/\/laprats.fr\/blog\/#\/schema\/person\/90a4b4782b20a014cc9b183a4707820c","name":"Pascal Gendrot","image":{"@type":"ImageObject","inLanguage":"fr-FR","@id":"https:\/\/secure.gravatar.com\/avatar\/649cd38650031007bbd5ec3c73411225e4a69679f8049c7237814718f484b5c0?s=96&d=mm&r=g","url":"https:\/\/secure.gravatar.com\/avatar\/649cd38650031007bbd5ec3c73411225e4a69679f8049c7237814718f484b5c0?s=96&d=mm&r=g","contentUrl":"https:\/\/secure.gravatar.com\/avatar\/649cd38650031007bbd5ec3c73411225e4a69679f8049c7237814718f484b5c0?s=96&d=mm&r=g","caption":"Pascal Gendrot"}}]}},"_links":{"self":[{"href":"http:\/\/laprats.fr\/blog\/wp-json\/wp\/v2\/posts\/2444","targetHints":{"allow":["GET"]}}],"collection":[{"href":"http:\/\/laprats.fr\/blog\/wp-json\/wp\/v2\/posts"}],"about":[{"href":"http:\/\/laprats.fr\/blog\/wp-json\/wp\/v2\/types\/post"}],"author":[{"embeddable":true,"href":"http:\/\/laprats.fr\/blog\/wp-json\/wp\/v2\/users\/6"}],"replies":[{"embeddable":true,"href":"http:\/\/laprats.fr\/blog\/wp-json\/wp\/v2\/comments?post=2444"}],"version-history":[{"count":1,"href":"http:\/\/laprats.fr\/blog\/wp-json\/wp\/v2\/posts\/2444\/revisions"}],"predecessor-version":[{"id":2445,"href":"http:\/\/laprats.fr\/blog\/wp-json\/wp\/v2\/posts\/2444\/revisions\/2445"}],"wp:attachment":[{"href":"http:\/\/laprats.fr\/blog\/wp-json\/wp\/v2\/media?parent=2444"}],"wp:term":[{"taxonomy":"category","embeddable":true,"href":"http:\/\/laprats.fr\/blog\/wp-json\/wp\/v2\/categories?post=2444"},{"taxonomy":"post_tag","embeddable":true,"href":"http:\/\/laprats.fr\/blog\/wp-json\/wp\/v2\/tags?post=2444"}],"curies":[{"name":"wp","href":"https:\/\/api.w.org\/{rel}","templated":true}]}}