{"id":2106,"date":"2020-08-17T10:35:09","date_gmt":"2020-08-17T08:35:09","guid":{"rendered":"http:\/\/laprats.fr\/blog\/?p=2106"},"modified":"2020-08-17T10:39:20","modified_gmt":"2020-08-17T08:39:20","slug":"retour-sur-le-voyage-des-eleves","status":"publish","type":"post","link":"http:\/\/laprats.fr\/blog\/retour-sur-le-voyage-des-eleves\/","title":{"rendered":"Retour sur le voyage des \u00e9l\u00e8ves"},"content":{"rendered":"\n<p>Ci-dessous, l&rsquo;article paru le 25 f\u00e9vrier dans le JSL suite au voyage organis\u00e9 pour les \u00e9l\u00e8ves, par l&rsquo;association, en partenariat avec le lyc\u00e9e et des entreprises de la r\u00e9gion Creusotine.<\/p>\n<p><a href=\"http:\/\/laprats.fr\/blog\/wp-content\/uploads\/2020\/08\/Pratsvoyageeleve2020.jpg\"><img loading=\"lazy\" decoding=\"async\" class=\"alignnone  wp-image-2105\" src=\"http:\/\/laprats.fr\/blog\/wp-content\/uploads\/2020\/08\/Pratsvoyageeleve2020-300x286.jpg\" alt=\"\" width=\"382\" height=\"364\" srcset=\"http:\/\/laprats.fr\/blog\/wp-content\/uploads\/2020\/08\/Pratsvoyageeleve2020-300x286.jpg 300w, http:\/\/laprats.fr\/blog\/wp-content\/uploads\/2020\/08\/Pratsvoyageeleve2020-1024x976.jpg 1024w, http:\/\/laprats.fr\/blog\/wp-content\/uploads\/2020\/08\/Pratsvoyageeleve2020-768x732.jpg 768w, http:\/\/laprats.fr\/blog\/wp-content\/uploads\/2020\/08\/Pratsvoyageeleve2020-1536x1464.jpg 1536w, http:\/\/laprats.fr\/blog\/wp-content\/uploads\/2020\/08\/Pratsvoyageeleve2020-525x500.jpg 525w, http:\/\/laprats.fr\/blog\/wp-content\/uploads\/2020\/08\/Pratsvoyageeleve2020.jpg 1626w\" sizes=\"auto, (max-width: 382px) 100vw, 382px\" \/><\/a><\/p>\n","protected":false},"excerpt":{"rendered":"<p>Ci-dessous, l&rsquo;article paru le 25 f\u00e9vrier dans le JSL suite au voyage organis\u00e9 pour les \u00e9l\u00e8ves, par l&rsquo;association, en partenariat avec le lyc\u00e9e et des entreprises de la r\u00e9gion Creusotine.<\/p>\n","protected":false},"author":6,"featured_media":0,"comment_status":"open","ping_status":"open","sticky":false,"template":"","format":"standard","meta":{"Layout":"","footnotes":""},"categories":[5],"tags":[],"class_list":["entry","author-pascal","post-2106","post","type-post","status-publish","format-standard","category-info-association"],"yoast_head":"<!-- This site is optimized with the Yoast SEO plugin v27.4 - https:\/\/yoast.com\/product\/yoast-seo-wordpress\/ -->\n<title>Retour sur le voyage des \u00e9l\u00e8ves - Bienvenue<\/title>\n<meta name=\"robots\" content=\"index, follow, max-snippet:-1, max-image-preview:large, max-video-preview:-1\" \/>\n<link rel=\"canonical\" href=\"http:\/\/laprats.fr\/blog\/retour-sur-le-voyage-des-eleves\/\" \/>\n<meta property=\"og:locale\" content=\"fr_FR\" \/>\n<meta property=\"og:type\" content=\"article\" \/>\n<meta property=\"og:title\" content=\"Retour sur le voyage des \u00e9l\u00e8ves - Bienvenue\" \/>\n<meta property=\"og:description\" content=\"Ci-dessous, l&rsquo;article paru le 25 f\u00e9vrier dans le JSL suite au voyage organis\u00e9 pour les \u00e9l\u00e8ves, par l&rsquo;association, en partenariat avec le lyc\u00e9e et des entreprises de la r\u00e9gion Creusotine.\" \/>\n<meta property=\"og:url\" content=\"http:\/\/laprats.fr\/blog\/retour-sur-le-voyage-des-eleves\/\" \/>\n<meta property=\"og:site_name\" content=\"Bienvenue\" \/>\n<meta property=\"article:publisher\" content=\"https:\/\/fr-fr.facebook.com\/pages\/Association-La-Prats-de-Cluny\/224204740976190?sk=wall\" \/>\n<meta property=\"article:published_time\" content=\"2020-08-17T08:35:09+00:00\" \/>\n<meta property=\"article:modified_time\" content=\"2020-08-17T08:39:20+00:00\" \/>\n<meta property=\"og:image\" content=\"http:\/\/laprats.fr\/blog\/wp-content\/uploads\/2020\/08\/Pratsvoyageeleve2020-300x286.jpg\" \/>\n<meta name=\"author\" content=\"Pascal Gendrot\" \/>\n<meta name=\"twitter:label1\" content=\"\u00c9crit par\" \/>\n\t<meta name=\"twitter:data1\" content=\"Pascal Gendrot\" \/>\n<script type=\"application\/ld+json\" class=\"yoast-schema-graph\">{\"@context\":\"https:\\\/\\\/schema.org\",\"@graph\":[{\"@type\":\"Article\",\"@id\":\"http:\\\/\\\/laprats.fr\\\/blog\\\/retour-sur-le-voyage-des-eleves\\\/#article\",\"isPartOf\":{\"@id\":\"http:\\\/\\\/laprats.fr\\\/blog\\\/retour-sur-le-voyage-des-eleves\\\/\"},\"author\":{\"name\":\"Pascal Gendrot\",\"@id\":\"http:\\\/\\\/laprats.fr\\\/blog\\\/#\\\/schema\\\/person\\\/90a4b4782b20a014cc9b183a4707820c\"},\"headline\":\"Retour sur le voyage des \u00e9l\u00e8ves\",\"datePublished\":\"2020-08-17T08:35:09+00:00\",\"dateModified\":\"2020-08-17T08:39:20+00:00\",\"mainEntityOfPage\":{\"@id\":\"http:\\\/\\\/laprats.fr\\\/blog\\\/retour-sur-le-voyage-des-eleves\\\/\"},\"wordCount\":40,\"commentCount\":0,\"image\":{\"@id\":\"http:\\\/\\\/laprats.fr\\\/blog\\\/retour-sur-le-voyage-des-eleves\\\/#primaryimage\"},\"thumbnailUrl\":\"http:\\\/\\\/laprats.fr\\\/blog\\\/wp-content\\\/uploads\\\/2020\\\/08\\\/Pratsvoyageeleve2020-300x286.jpg\",\"articleSection\":[\"Info association\"],\"inLanguage\":\"fr-FR\",\"potentialAction\":[{\"@type\":\"CommentAction\",\"name\":\"Comment\",\"target\":[\"http:\\\/\\\/laprats.fr\\\/blog\\\/retour-sur-le-voyage-des-eleves\\\/#respond\"]}]},{\"@type\":\"WebPage\",\"@id\":\"http:\\\/\\\/laprats.fr\\\/blog\\\/retour-sur-le-voyage-des-eleves\\\/\",\"url\":\"http:\\\/\\\/laprats.fr\\\/blog\\\/retour-sur-le-voyage-des-eleves\\\/\",\"name\":\"Retour sur le voyage des \u00e9l\u00e8ves - Bienvenue\",\"isPartOf\":{\"@id\":\"http:\\\/\\\/laprats.fr\\\/blog\\\/#website\"},\"primaryImageOfPage\":{\"@id\":\"http:\\\/\\\/laprats.fr\\\/blog\\\/retour-sur-le-voyage-des-eleves\\\/#primaryimage\"},\"image\":{\"@id\":\"http:\\\/\\\/laprats.fr\\\/blog\\\/retour-sur-le-voyage-des-eleves\\\/#primaryimage\"},\"thumbnailUrl\":\"http:\\\/\\\/laprats.fr\\\/blog\\\/wp-content\\\/uploads\\\/2020\\\/08\\\/Pratsvoyageeleve2020-300x286.jpg\",\"datePublished\":\"2020-08-17T08:35:09+00:00\",\"dateModified\":\"2020-08-17T08:39:20+00:00\",\"author\":{\"@id\":\"http:\\\/\\\/laprats.fr\\\/blog\\\/#\\\/schema\\\/person\\\/90a4b4782b20a014cc9b183a4707820c\"},\"breadcrumb\":{\"@id\":\"http:\\\/\\\/laprats.fr\\\/blog\\\/retour-sur-le-voyage-des-eleves\\\/#breadcrumb\"},\"inLanguage\":\"fr-FR\",\"potentialAction\":[{\"@type\":\"ReadAction\",\"target\":[\"http:\\\/\\\/laprats.fr\\\/blog\\\/retour-sur-le-voyage-des-eleves\\\/\"]}]},{\"@type\":\"ImageObject\",\"inLanguage\":\"fr-FR\",\"@id\":\"http:\\\/\\\/laprats.fr\\\/blog\\\/retour-sur-le-voyage-des-eleves\\\/#primaryimage\",\"url\":\"http:\\\/\\\/laprats.fr\\\/blog\\\/wp-content\\\/uploads\\\/2020\\\/08\\\/Pratsvoyageeleve2020.jpg\",\"contentUrl\":\"http:\\\/\\\/laprats.fr\\\/blog\\\/wp-content\\\/uploads\\\/2020\\\/08\\\/Pratsvoyageeleve2020.jpg\",\"width\":1626,\"height\":1550},{\"@type\":\"BreadcrumbList\",\"@id\":\"http:\\\/\\\/laprats.fr\\\/blog\\\/retour-sur-le-voyage-des-eleves\\\/#breadcrumb\",\"itemListElement\":[{\"@type\":\"ListItem\",\"position\":1,\"name\":\"Accueil\",\"item\":\"http:\\\/\\\/laprats.fr\\\/blog\\\/\"},{\"@type\":\"ListItem\",\"position\":2,\"name\":\"Retour sur le voyage des \u00e9l\u00e8ves\"}]},{\"@type\":\"WebSite\",\"@id\":\"http:\\\/\\\/laprats.fr\\\/blog\\\/#website\",\"url\":\"http:\\\/\\\/laprats.fr\\\/blog\\\/\",\"name\":\"Bienvenue\",\"description\":\"D&#039;hier et d&#039;aujourd&#039;hui ... pour demain\",\"potentialAction\":[{\"@type\":\"SearchAction\",\"target\":{\"@type\":\"EntryPoint\",\"urlTemplate\":\"http:\\\/\\\/laprats.fr\\\/blog\\\/?s={search_term_string}\"},\"query-input\":{\"@type\":\"PropertyValueSpecification\",\"valueRequired\":true,\"valueName\":\"search_term_string\"}}],\"inLanguage\":\"fr-FR\"},{\"@type\":\"Person\",\"@id\":\"http:\\\/\\\/laprats.fr\\\/blog\\\/#\\\/schema\\\/person\\\/90a4b4782b20a014cc9b183a4707820c\",\"name\":\"Pascal Gendrot\",\"image\":{\"@type\":\"ImageObject\",\"inLanguage\":\"fr-FR\",\"@id\":\"https:\\\/\\\/secure.gravatar.com\\\/avatar\\\/649cd38650031007bbd5ec3c73411225e4a69679f8049c7237814718f484b5c0?s=96&d=mm&r=g\",\"url\":\"https:\\\/\\\/secure.gravatar.com\\\/avatar\\\/649cd38650031007bbd5ec3c73411225e4a69679f8049c7237814718f484b5c0?s=96&d=mm&r=g\",\"contentUrl\":\"https:\\\/\\\/secure.gravatar.com\\\/avatar\\\/649cd38650031007bbd5ec3c73411225e4a69679f8049c7237814718f484b5c0?s=96&d=mm&r=g\",\"caption\":\"Pascal Gendrot\"}}]}<\/script>\n<!-- \/ Yoast SEO plugin. -->","yoast_head_json":{"title":"Retour sur le voyage des \u00e9l\u00e8ves - Bienvenue","robots":{"index":"index","follow":"follow","max-snippet":"max-snippet:-1","max-image-preview":"max-image-preview:large","max-video-preview":"max-video-preview:-1"},"canonical":"http:\/\/laprats.fr\/blog\/retour-sur-le-voyage-des-eleves\/","og_locale":"fr_FR","og_type":"article","og_title":"Retour sur le voyage des \u00e9l\u00e8ves - Bienvenue","og_description":"Ci-dessous, l&rsquo;article paru le 25 f\u00e9vrier dans le JSL suite au voyage organis\u00e9 pour les \u00e9l\u00e8ves, par l&rsquo;association, en partenariat avec le lyc\u00e9e et des entreprises de la r\u00e9gion Creusotine.","og_url":"http:\/\/laprats.fr\/blog\/retour-sur-le-voyage-des-eleves\/","og_site_name":"Bienvenue","article_publisher":"https:\/\/fr-fr.facebook.com\/pages\/Association-La-Prats-de-Cluny\/224204740976190?sk=wall","article_published_time":"2020-08-17T08:35:09+00:00","article_modified_time":"2020-08-17T08:39:20+00:00","og_image":[{"url":"http:\/\/laprats.fr\/blog\/wp-content\/uploads\/2020\/08\/Pratsvoyageeleve2020-300x286.jpg","type":"","width":"","height":""}],"author":"Pascal Gendrot","twitter_misc":{"\u00c9crit par":"Pascal Gendrot"},"schema":{"@context":"https:\/\/schema.org","@graph":[{"@type":"Article","@id":"http:\/\/laprats.fr\/blog\/retour-sur-le-voyage-des-eleves\/#article","isPartOf":{"@id":"http:\/\/laprats.fr\/blog\/retour-sur-le-voyage-des-eleves\/"},"author":{"name":"Pascal Gendrot","@id":"http:\/\/laprats.fr\/blog\/#\/schema\/person\/90a4b4782b20a014cc9b183a4707820c"},"headline":"Retour sur le voyage des \u00e9l\u00e8ves","datePublished":"2020-08-17T08:35:09+00:00","dateModified":"2020-08-17T08:39:20+00:00","mainEntityOfPage":{"@id":"http:\/\/laprats.fr\/blog\/retour-sur-le-voyage-des-eleves\/"},"wordCount":40,"commentCount":0,"image":{"@id":"http:\/\/laprats.fr\/blog\/retour-sur-le-voyage-des-eleves\/#primaryimage"},"thumbnailUrl":"http:\/\/laprats.fr\/blog\/wp-content\/uploads\/2020\/08\/Pratsvoyageeleve2020-300x286.jpg","articleSection":["Info association"],"inLanguage":"fr-FR","potentialAction":[{"@type":"CommentAction","name":"Comment","target":["http:\/\/laprats.fr\/blog\/retour-sur-le-voyage-des-eleves\/#respond"]}]},{"@type":"WebPage","@id":"http:\/\/laprats.fr\/blog\/retour-sur-le-voyage-des-eleves\/","url":"http:\/\/laprats.fr\/blog\/retour-sur-le-voyage-des-eleves\/","name":"Retour sur le voyage des \u00e9l\u00e8ves - Bienvenue","isPartOf":{"@id":"http:\/\/laprats.fr\/blog\/#website"},"primaryImageOfPage":{"@id":"http:\/\/laprats.fr\/blog\/retour-sur-le-voyage-des-eleves\/#primaryimage"},"image":{"@id":"http:\/\/laprats.fr\/blog\/retour-sur-le-voyage-des-eleves\/#primaryimage"},"thumbnailUrl":"http:\/\/laprats.fr\/blog\/wp-content\/uploads\/2020\/08\/Pratsvoyageeleve2020-300x286.jpg","datePublished":"2020-08-17T08:35:09+00:00","dateModified":"2020-08-17T08:39:20+00:00","author":{"@id":"http:\/\/laprats.fr\/blog\/#\/schema\/person\/90a4b4782b20a014cc9b183a4707820c"},"breadcrumb":{"@id":"http:\/\/laprats.fr\/blog\/retour-sur-le-voyage-des-eleves\/#breadcrumb"},"inLanguage":"fr-FR","potentialAction":[{"@type":"ReadAction","target":["http:\/\/laprats.fr\/blog\/retour-sur-le-voyage-des-eleves\/"]}]},{"@type":"ImageObject","inLanguage":"fr-FR","@id":"http:\/\/laprats.fr\/blog\/retour-sur-le-voyage-des-eleves\/#primaryimage","url":"http:\/\/laprats.fr\/blog\/wp-content\/uploads\/2020\/08\/Pratsvoyageeleve2020.jpg","contentUrl":"http:\/\/laprats.fr\/blog\/wp-content\/uploads\/2020\/08\/Pratsvoyageeleve2020.jpg","width":1626,"height":1550},{"@type":"BreadcrumbList","@id":"http:\/\/laprats.fr\/blog\/retour-sur-le-voyage-des-eleves\/#breadcrumb","itemListElement":[{"@type":"ListItem","position":1,"name":"Accueil","item":"http:\/\/laprats.fr\/blog\/"},{"@type":"ListItem","position":2,"name":"Retour sur le voyage des \u00e9l\u00e8ves"}]},{"@type":"WebSite","@id":"http:\/\/laprats.fr\/blog\/#website","url":"http:\/\/laprats.fr\/blog\/","name":"Bienvenue","description":"D&#039;hier et d&#039;aujourd&#039;hui ... pour demain","potentialAction":[{"@type":"SearchAction","target":{"@type":"EntryPoint","urlTemplate":"http:\/\/laprats.fr\/blog\/?s={search_term_string}"},"query-input":{"@type":"PropertyValueSpecification","valueRequired":true,"valueName":"search_term_string"}}],"inLanguage":"fr-FR"},{"@type":"Person","@id":"http:\/\/laprats.fr\/blog\/#\/schema\/person\/90a4b4782b20a014cc9b183a4707820c","name":"Pascal Gendrot","image":{"@type":"ImageObject","inLanguage":"fr-FR","@id":"https:\/\/secure.gravatar.com\/avatar\/649cd38650031007bbd5ec3c73411225e4a69679f8049c7237814718f484b5c0?s=96&d=mm&r=g","url":"https:\/\/secure.gravatar.com\/avatar\/649cd38650031007bbd5ec3c73411225e4a69679f8049c7237814718f484b5c0?s=96&d=mm&r=g","contentUrl":"https:\/\/secure.gravatar.com\/avatar\/649cd38650031007bbd5ec3c73411225e4a69679f8049c7237814718f484b5c0?s=96&d=mm&r=g","caption":"Pascal Gendrot"}}]}},"_links":{"self":[{"href":"http:\/\/laprats.fr\/blog\/wp-json\/wp\/v2\/posts\/2106","targetHints":{"allow":["GET"]}}],"collection":[{"href":"http:\/\/laprats.fr\/blog\/wp-json\/wp\/v2\/posts"}],"about":[{"href":"http:\/\/laprats.fr\/blog\/wp-json\/wp\/v2\/types\/post"}],"author":[{"embeddable":true,"href":"http:\/\/laprats.fr\/blog\/wp-json\/wp\/v2\/users\/6"}],"replies":[{"embeddable":true,"href":"http:\/\/laprats.fr\/blog\/wp-json\/wp\/v2\/comments?post=2106"}],"version-history":[{"count":2,"href":"http:\/\/laprats.fr\/blog\/wp-json\/wp\/v2\/posts\/2106\/revisions"}],"predecessor-version":[{"id":2108,"href":"http:\/\/laprats.fr\/blog\/wp-json\/wp\/v2\/posts\/2106\/revisions\/2108"}],"wp:attachment":[{"href":"http:\/\/laprats.fr\/blog\/wp-json\/wp\/v2\/media?parent=2106"}],"wp:term":[{"taxonomy":"category","embeddable":true,"href":"http:\/\/laprats.fr\/blog\/wp-json\/wp\/v2\/categories?post=2106"},{"taxonomy":"post_tag","embeddable":true,"href":"http:\/\/laprats.fr\/blog\/wp-json\/wp\/v2\/tags?post=2106"}],"curies":[{"name":"wp","href":"https:\/\/api.w.org\/{rel}","templated":true}]}}