{"id":2064,"date":"2020-03-29T15:10:57","date_gmt":"2020-03-29T13:10:57","guid":{"rendered":"http:\/\/laprats.fr\/blog\/?p=2064"},"modified":"2020-03-29T15:10:58","modified_gmt":"2020-03-29T13:10:58","slug":"la-s-du-lycee-a-100-ans","status":"publish","type":"post","link":"http:\/\/laprats.fr\/blog\/la-s-du-lycee-a-100-ans\/","title":{"rendered":"L&rsquo;A.S. du lyc\u00e9e \u00e0 100 ans"},"content":{"rendered":"\n<p>En ces temps difficiles de confinement, ouvrez une fen\u00eatre sur un moment de culture en d\u00e9couvrant l&rsquo;histoire de Cluny et du lyc\u00e9e avec ce mois-ci <a href=\"https:\/\/cluny-histoiresdhistoire.com\/2020\/03\/22\/bon-anniversaire-a-lassociation-sportive\/\" target=\"_blank\" rel=\"noopener noreferrer\">un article de Chantal Clergue<\/a> sur les 100 ans de l&rsquo;association sportive du lyc\u00e9e.<\/p>\n<p>Prenez soin de vous et de vos proches.<\/p>\n<p>Amicalement,<\/p>\n<p>Pascal<\/p>\n","protected":false},"excerpt":{"rendered":"<p>En ces temps difficiles de confinement, ouvrez une fen\u00eatre sur un moment de culture en d\u00e9couvrant l&rsquo;histoire de Cluny et du lyc\u00e9e avec ce mois-ci un article de Chantal Clergue <a href=\"http:\/\/laprats.fr\/blog\/la-s-du-lycee-a-100-ans\/\" class=\"more-link\">[&hellip;]<\/a><\/p>\n","protected":false},"author":6,"featured_media":2066,"comment_status":"open","ping_status":"open","sticky":false,"template":"","format":"standard","meta":{"Layout":"","footnotes":""},"categories":[5],"tags":[],"class_list":["entry","author-pascal","post-2064","post","type-post","status-publish","format-standard","has-post-thumbnail","category-info-association"],"yoast_head":"<!-- This site is optimized with the Yoast SEO plugin v27.4 - https:\/\/yoast.com\/product\/yoast-seo-wordpress\/ -->\n<title>L&#039;A.S. du lyc\u00e9e \u00e0 100 ans - Bienvenue<\/title>\n<meta name=\"robots\" content=\"index, follow, max-snippet:-1, max-image-preview:large, max-video-preview:-1\" \/>\n<link rel=\"canonical\" href=\"http:\/\/laprats.fr\/blog\/la-s-du-lycee-a-100-ans\/\" \/>\n<meta property=\"og:locale\" content=\"fr_FR\" \/>\n<meta property=\"og:type\" content=\"article\" \/>\n<meta property=\"og:title\" content=\"L&#039;A.S. du lyc\u00e9e \u00e0 100 ans - Bienvenue\" \/>\n<meta property=\"og:description\" content=\"En ces temps difficiles de confinement, ouvrez une fen\u00eatre sur un moment de culture en d\u00e9couvrant l&rsquo;histoire de Cluny et du lyc\u00e9e avec ce mois-ci un article de Chantal Clergue [&hellip;]\" \/>\n<meta property=\"og:url\" content=\"http:\/\/laprats.fr\/blog\/la-s-du-lycee-a-100-ans\/\" \/>\n<meta property=\"og:site_name\" content=\"Bienvenue\" \/>\n<meta property=\"article:publisher\" content=\"https:\/\/fr-fr.facebook.com\/pages\/Association-La-Prats-de-Cluny\/224204740976190?sk=wall\" \/>\n<meta property=\"article:published_time\" content=\"2020-03-29T13:10:57+00:00\" \/>\n<meta property=\"article:modified_time\" content=\"2020-03-29T13:10:58+00:00\" \/>\n<meta property=\"og:image\" content=\"http:\/\/laprats.fr\/blog\/wp-content\/uploads\/2020\/03\/histoiredhistoire.jpg\" \/>\n\t<meta property=\"og:image:width\" content=\"238\" \/>\n\t<meta property=\"og:image:height\" content=\"133\" \/>\n\t<meta property=\"og:image:type\" content=\"image\/jpeg\" \/>\n<meta name=\"author\" content=\"Pascal Gendrot\" \/>\n<meta name=\"twitter:label1\" content=\"\u00c9crit par\" \/>\n\t<meta name=\"twitter:data1\" content=\"Pascal Gendrot\" \/>\n<script type=\"application\/ld+json\" class=\"yoast-schema-graph\">{\"@context\":\"https:\\\/\\\/schema.org\",\"@graph\":[{\"@type\":\"Article\",\"@id\":\"http:\\\/\\\/laprats.fr\\\/blog\\\/la-s-du-lycee-a-100-ans\\\/#article\",\"isPartOf\":{\"@id\":\"http:\\\/\\\/laprats.fr\\\/blog\\\/la-s-du-lycee-a-100-ans\\\/\"},\"author\":{\"name\":\"Pascal Gendrot\",\"@id\":\"http:\\\/\\\/laprats.fr\\\/blog\\\/#\\\/schema\\\/person\\\/90a4b4782b20a014cc9b183a4707820c\"},\"headline\":\"L&rsquo;A.S. du lyc\u00e9e \u00e0 100 ans\",\"datePublished\":\"2020-03-29T13:10:57+00:00\",\"dateModified\":\"2020-03-29T13:10:58+00:00\",\"mainEntityOfPage\":{\"@id\":\"http:\\\/\\\/laprats.fr\\\/blog\\\/la-s-du-lycee-a-100-ans\\\/\"},\"wordCount\":58,\"commentCount\":0,\"image\":{\"@id\":\"http:\\\/\\\/laprats.fr\\\/blog\\\/la-s-du-lycee-a-100-ans\\\/#primaryimage\"},\"thumbnailUrl\":\"http:\\\/\\\/laprats.fr\\\/blog\\\/wp-content\\\/uploads\\\/2020\\\/03\\\/histoiredhistoire.jpg\",\"articleSection\":[\"Info association\"],\"inLanguage\":\"fr-FR\",\"potentialAction\":[{\"@type\":\"CommentAction\",\"name\":\"Comment\",\"target\":[\"http:\\\/\\\/laprats.fr\\\/blog\\\/la-s-du-lycee-a-100-ans\\\/#respond\"]}]},{\"@type\":\"WebPage\",\"@id\":\"http:\\\/\\\/laprats.fr\\\/blog\\\/la-s-du-lycee-a-100-ans\\\/\",\"url\":\"http:\\\/\\\/laprats.fr\\\/blog\\\/la-s-du-lycee-a-100-ans\\\/\",\"name\":\"L'A.S. du lyc\u00e9e \u00e0 100 ans - Bienvenue\",\"isPartOf\":{\"@id\":\"http:\\\/\\\/laprats.fr\\\/blog\\\/#website\"},\"primaryImageOfPage\":{\"@id\":\"http:\\\/\\\/laprats.fr\\\/blog\\\/la-s-du-lycee-a-100-ans\\\/#primaryimage\"},\"image\":{\"@id\":\"http:\\\/\\\/laprats.fr\\\/blog\\\/la-s-du-lycee-a-100-ans\\\/#primaryimage\"},\"thumbnailUrl\":\"http:\\\/\\\/laprats.fr\\\/blog\\\/wp-content\\\/uploads\\\/2020\\\/03\\\/histoiredhistoire.jpg\",\"datePublished\":\"2020-03-29T13:10:57+00:00\",\"dateModified\":\"2020-03-29T13:10:58+00:00\",\"author\":{\"@id\":\"http:\\\/\\\/laprats.fr\\\/blog\\\/#\\\/schema\\\/person\\\/90a4b4782b20a014cc9b183a4707820c\"},\"breadcrumb\":{\"@id\":\"http:\\\/\\\/laprats.fr\\\/blog\\\/la-s-du-lycee-a-100-ans\\\/#breadcrumb\"},\"inLanguage\":\"fr-FR\",\"potentialAction\":[{\"@type\":\"ReadAction\",\"target\":[\"http:\\\/\\\/laprats.fr\\\/blog\\\/la-s-du-lycee-a-100-ans\\\/\"]}]},{\"@type\":\"ImageObject\",\"inLanguage\":\"fr-FR\",\"@id\":\"http:\\\/\\\/laprats.fr\\\/blog\\\/la-s-du-lycee-a-100-ans\\\/#primaryimage\",\"url\":\"http:\\\/\\\/laprats.fr\\\/blog\\\/wp-content\\\/uploads\\\/2020\\\/03\\\/histoiredhistoire.jpg\",\"contentUrl\":\"http:\\\/\\\/laprats.fr\\\/blog\\\/wp-content\\\/uploads\\\/2020\\\/03\\\/histoiredhistoire.jpg\",\"width\":238,\"height\":133},{\"@type\":\"BreadcrumbList\",\"@id\":\"http:\\\/\\\/laprats.fr\\\/blog\\\/la-s-du-lycee-a-100-ans\\\/#breadcrumb\",\"itemListElement\":[{\"@type\":\"ListItem\",\"position\":1,\"name\":\"Accueil\",\"item\":\"http:\\\/\\\/laprats.fr\\\/blog\\\/\"},{\"@type\":\"ListItem\",\"position\":2,\"name\":\"L&rsquo;A.S. du lyc\u00e9e \u00e0 100 ans\"}]},{\"@type\":\"WebSite\",\"@id\":\"http:\\\/\\\/laprats.fr\\\/blog\\\/#website\",\"url\":\"http:\\\/\\\/laprats.fr\\\/blog\\\/\",\"name\":\"Bienvenue\",\"description\":\"D&#039;hier et d&#039;aujourd&#039;hui ... pour demain\",\"potentialAction\":[{\"@type\":\"SearchAction\",\"target\":{\"@type\":\"EntryPoint\",\"urlTemplate\":\"http:\\\/\\\/laprats.fr\\\/blog\\\/?s={search_term_string}\"},\"query-input\":{\"@type\":\"PropertyValueSpecification\",\"valueRequired\":true,\"valueName\":\"search_term_string\"}}],\"inLanguage\":\"fr-FR\"},{\"@type\":\"Person\",\"@id\":\"http:\\\/\\\/laprats.fr\\\/blog\\\/#\\\/schema\\\/person\\\/90a4b4782b20a014cc9b183a4707820c\",\"name\":\"Pascal Gendrot\",\"image\":{\"@type\":\"ImageObject\",\"inLanguage\":\"fr-FR\",\"@id\":\"https:\\\/\\\/secure.gravatar.com\\\/avatar\\\/649cd38650031007bbd5ec3c73411225e4a69679f8049c7237814718f484b5c0?s=96&d=mm&r=g\",\"url\":\"https:\\\/\\\/secure.gravatar.com\\\/avatar\\\/649cd38650031007bbd5ec3c73411225e4a69679f8049c7237814718f484b5c0?s=96&d=mm&r=g\",\"contentUrl\":\"https:\\\/\\\/secure.gravatar.com\\\/avatar\\\/649cd38650031007bbd5ec3c73411225e4a69679f8049c7237814718f484b5c0?s=96&d=mm&r=g\",\"caption\":\"Pascal Gendrot\"}}]}<\/script>\n<!-- \/ Yoast SEO plugin. -->","yoast_head_json":{"title":"L'A.S. du lyc\u00e9e \u00e0 100 ans - Bienvenue","robots":{"index":"index","follow":"follow","max-snippet":"max-snippet:-1","max-image-preview":"max-image-preview:large","max-video-preview":"max-video-preview:-1"},"canonical":"http:\/\/laprats.fr\/blog\/la-s-du-lycee-a-100-ans\/","og_locale":"fr_FR","og_type":"article","og_title":"L'A.S. du lyc\u00e9e \u00e0 100 ans - Bienvenue","og_description":"En ces temps difficiles de confinement, ouvrez une fen\u00eatre sur un moment de culture en d\u00e9couvrant l&rsquo;histoire de Cluny et du lyc\u00e9e avec ce mois-ci un article de Chantal Clergue [&hellip;]","og_url":"http:\/\/laprats.fr\/blog\/la-s-du-lycee-a-100-ans\/","og_site_name":"Bienvenue","article_publisher":"https:\/\/fr-fr.facebook.com\/pages\/Association-La-Prats-de-Cluny\/224204740976190?sk=wall","article_published_time":"2020-03-29T13:10:57+00:00","article_modified_time":"2020-03-29T13:10:58+00:00","og_image":[{"width":238,"height":133,"url":"http:\/\/laprats.fr\/blog\/wp-content\/uploads\/2020\/03\/histoiredhistoire.jpg","type":"image\/jpeg"}],"author":"Pascal Gendrot","twitter_misc":{"\u00c9crit par":"Pascal Gendrot"},"schema":{"@context":"https:\/\/schema.org","@graph":[{"@type":"Article","@id":"http:\/\/laprats.fr\/blog\/la-s-du-lycee-a-100-ans\/#article","isPartOf":{"@id":"http:\/\/laprats.fr\/blog\/la-s-du-lycee-a-100-ans\/"},"author":{"name":"Pascal Gendrot","@id":"http:\/\/laprats.fr\/blog\/#\/schema\/person\/90a4b4782b20a014cc9b183a4707820c"},"headline":"L&rsquo;A.S. du lyc\u00e9e \u00e0 100 ans","datePublished":"2020-03-29T13:10:57+00:00","dateModified":"2020-03-29T13:10:58+00:00","mainEntityOfPage":{"@id":"http:\/\/laprats.fr\/blog\/la-s-du-lycee-a-100-ans\/"},"wordCount":58,"commentCount":0,"image":{"@id":"http:\/\/laprats.fr\/blog\/la-s-du-lycee-a-100-ans\/#primaryimage"},"thumbnailUrl":"http:\/\/laprats.fr\/blog\/wp-content\/uploads\/2020\/03\/histoiredhistoire.jpg","articleSection":["Info association"],"inLanguage":"fr-FR","potentialAction":[{"@type":"CommentAction","name":"Comment","target":["http:\/\/laprats.fr\/blog\/la-s-du-lycee-a-100-ans\/#respond"]}]},{"@type":"WebPage","@id":"http:\/\/laprats.fr\/blog\/la-s-du-lycee-a-100-ans\/","url":"http:\/\/laprats.fr\/blog\/la-s-du-lycee-a-100-ans\/","name":"L'A.S. du lyc\u00e9e \u00e0 100 ans - Bienvenue","isPartOf":{"@id":"http:\/\/laprats.fr\/blog\/#website"},"primaryImageOfPage":{"@id":"http:\/\/laprats.fr\/blog\/la-s-du-lycee-a-100-ans\/#primaryimage"},"image":{"@id":"http:\/\/laprats.fr\/blog\/la-s-du-lycee-a-100-ans\/#primaryimage"},"thumbnailUrl":"http:\/\/laprats.fr\/blog\/wp-content\/uploads\/2020\/03\/histoiredhistoire.jpg","datePublished":"2020-03-29T13:10:57+00:00","dateModified":"2020-03-29T13:10:58+00:00","author":{"@id":"http:\/\/laprats.fr\/blog\/#\/schema\/person\/90a4b4782b20a014cc9b183a4707820c"},"breadcrumb":{"@id":"http:\/\/laprats.fr\/blog\/la-s-du-lycee-a-100-ans\/#breadcrumb"},"inLanguage":"fr-FR","potentialAction":[{"@type":"ReadAction","target":["http:\/\/laprats.fr\/blog\/la-s-du-lycee-a-100-ans\/"]}]},{"@type":"ImageObject","inLanguage":"fr-FR","@id":"http:\/\/laprats.fr\/blog\/la-s-du-lycee-a-100-ans\/#primaryimage","url":"http:\/\/laprats.fr\/blog\/wp-content\/uploads\/2020\/03\/histoiredhistoire.jpg","contentUrl":"http:\/\/laprats.fr\/blog\/wp-content\/uploads\/2020\/03\/histoiredhistoire.jpg","width":238,"height":133},{"@type":"BreadcrumbList","@id":"http:\/\/laprats.fr\/blog\/la-s-du-lycee-a-100-ans\/#breadcrumb","itemListElement":[{"@type":"ListItem","position":1,"name":"Accueil","item":"http:\/\/laprats.fr\/blog\/"},{"@type":"ListItem","position":2,"name":"L&rsquo;A.S. du lyc\u00e9e \u00e0 100 ans"}]},{"@type":"WebSite","@id":"http:\/\/laprats.fr\/blog\/#website","url":"http:\/\/laprats.fr\/blog\/","name":"Bienvenue","description":"D&#039;hier et d&#039;aujourd&#039;hui ... pour demain","potentialAction":[{"@type":"SearchAction","target":{"@type":"EntryPoint","urlTemplate":"http:\/\/laprats.fr\/blog\/?s={search_term_string}"},"query-input":{"@type":"PropertyValueSpecification","valueRequired":true,"valueName":"search_term_string"}}],"inLanguage":"fr-FR"},{"@type":"Person","@id":"http:\/\/laprats.fr\/blog\/#\/schema\/person\/90a4b4782b20a014cc9b183a4707820c","name":"Pascal Gendrot","image":{"@type":"ImageObject","inLanguage":"fr-FR","@id":"https:\/\/secure.gravatar.com\/avatar\/649cd38650031007bbd5ec3c73411225e4a69679f8049c7237814718f484b5c0?s=96&d=mm&r=g","url":"https:\/\/secure.gravatar.com\/avatar\/649cd38650031007bbd5ec3c73411225e4a69679f8049c7237814718f484b5c0?s=96&d=mm&r=g","contentUrl":"https:\/\/secure.gravatar.com\/avatar\/649cd38650031007bbd5ec3c73411225e4a69679f8049c7237814718f484b5c0?s=96&d=mm&r=g","caption":"Pascal Gendrot"}}]}},"_links":{"self":[{"href":"http:\/\/laprats.fr\/blog\/wp-json\/wp\/v2\/posts\/2064","targetHints":{"allow":["GET"]}}],"collection":[{"href":"http:\/\/laprats.fr\/blog\/wp-json\/wp\/v2\/posts"}],"about":[{"href":"http:\/\/laprats.fr\/blog\/wp-json\/wp\/v2\/types\/post"}],"author":[{"embeddable":true,"href":"http:\/\/laprats.fr\/blog\/wp-json\/wp\/v2\/users\/6"}],"replies":[{"embeddable":true,"href":"http:\/\/laprats.fr\/blog\/wp-json\/wp\/v2\/comments?post=2064"}],"version-history":[{"count":2,"href":"http:\/\/laprats.fr\/blog\/wp-json\/wp\/v2\/posts\/2064\/revisions"}],"predecessor-version":[{"id":2067,"href":"http:\/\/laprats.fr\/blog\/wp-json\/wp\/v2\/posts\/2064\/revisions\/2067"}],"wp:featuredmedia":[{"embeddable":true,"href":"http:\/\/laprats.fr\/blog\/wp-json\/wp\/v2\/media\/2066"}],"wp:attachment":[{"href":"http:\/\/laprats.fr\/blog\/wp-json\/wp\/v2\/media?parent=2064"}],"wp:term":[{"taxonomy":"category","embeddable":true,"href":"http:\/\/laprats.fr\/blog\/wp-json\/wp\/v2\/categories?post=2064"},{"taxonomy":"post_tag","embeddable":true,"href":"http:\/\/laprats.fr\/blog\/wp-json\/wp\/v2\/tags?post=2064"}],"curies":[{"name":"wp","href":"https:\/\/api.w.org\/{rel}","templated":true}]}}