{"id":2062,"date":"2020-03-29T15:01:57","date_gmt":"2020-03-29T13:01:57","guid":{"rendered":"http:\/\/laprats.fr\/blog\/?p=2062"},"modified":"2020-03-29T15:01:58","modified_gmt":"2020-03-29T13:01:58","slug":"au-revoir-raymond","status":"publish","type":"post","link":"http:\/\/laprats.fr\/blog\/au-revoir-raymond\/","title":{"rendered":"Au revoir Raymond"},"content":{"rendered":"\n<p>Raymond Cardinal nous a quitt\u00e9s fin f\u00e9vrier \u00e0 l&rsquo;age de 92 ans. C&rsquo;\u00e9tait l&rsquo;un de nos fid\u00e8les anciens, pr\u00e9sent \u00e0 chaque assembl\u00e9e g\u00e9n\u00e9rale comme en octobre dernier, mais aussi lors de quelques unes de nos sorties, notamment au mus\u00e9e du compagnonnage pr\u00e8s de chez lui \u00e0 Roman\u00e8che-Thorins. Fils de serrurier, il avait repris l&rsquo;entreprise familiale m\u00e2connaise et \u00e9tait passionn\u00e9 par le travail du m\u00e9tal. En retraite depuis 1989, il partageait avec nous sa m\u00e9moire de l&rsquo;histoire du lyc\u00e9e et il nous manquera \u00e0 tous. Nous sommes de tour c\u0153ur avec sa famille en ces moments de peine.<\/p>\n","protected":false},"excerpt":{"rendered":"<p>Raymond Cardinal nous a quitt\u00e9s fin f\u00e9vrier \u00e0 l&rsquo;age de 92 ans. C&rsquo;\u00e9tait l&rsquo;un de nos fid\u00e8les anciens, pr\u00e9sent \u00e0 chaque assembl\u00e9e g\u00e9n\u00e9rale comme en octobre dernier, mais aussi lors <a href=\"http:\/\/laprats.fr\/blog\/au-revoir-raymond\/\" class=\"more-link\">[&hellip;]<\/a><\/p>\n","protected":false},"author":6,"featured_media":2061,"comment_status":"open","ping_status":"open","sticky":false,"template":"","format":"standard","meta":{"Layout":"","footnotes":""},"categories":[5],"tags":[],"class_list":["entry","author-pascal","post-2062","post","type-post","status-publish","format-standard","has-post-thumbnail","category-info-association"],"yoast_head":"<!-- This site is optimized with the Yoast SEO plugin v27.4 - https:\/\/yoast.com\/product\/yoast-seo-wordpress\/ -->\n<title>Au revoir Raymond - Bienvenue<\/title>\n<meta name=\"robots\" content=\"index, follow, max-snippet:-1, max-image-preview:large, max-video-preview:-1\" \/>\n<link rel=\"canonical\" href=\"http:\/\/laprats.fr\/blog\/au-revoir-raymond\/\" \/>\n<meta property=\"og:locale\" content=\"fr_FR\" \/>\n<meta property=\"og:type\" content=\"article\" \/>\n<meta property=\"og:title\" content=\"Au revoir Raymond - Bienvenue\" \/>\n<meta property=\"og:description\" content=\"Raymond Cardinal nous a quitt\u00e9s fin f\u00e9vrier \u00e0 l&rsquo;age de 92 ans. C&rsquo;\u00e9tait l&rsquo;un de nos fid\u00e8les anciens, pr\u00e9sent \u00e0 chaque assembl\u00e9e g\u00e9n\u00e9rale comme en octobre dernier, mais aussi lors [&hellip;]\" \/>\n<meta property=\"og:url\" content=\"http:\/\/laprats.fr\/blog\/au-revoir-raymond\/\" \/>\n<meta property=\"og:site_name\" content=\"Bienvenue\" \/>\n<meta property=\"article:publisher\" content=\"https:\/\/fr-fr.facebook.com\/pages\/Association-La-Prats-de-Cluny\/224204740976190?sk=wall\" \/>\n<meta property=\"article:published_time\" content=\"2020-03-29T13:01:57+00:00\" \/>\n<meta property=\"article:modified_time\" content=\"2020-03-29T13:01:58+00:00\" \/>\n<meta property=\"og:image\" content=\"http:\/\/laprats.fr\/blog\/wp-content\/uploads\/2020\/03\/raymondcardinal-scaled.jpg\" \/>\n\t<meta property=\"og:image:width\" content=\"2560\" \/>\n\t<meta property=\"og:image:height\" content=\"2127\" \/>\n\t<meta property=\"og:image:type\" content=\"image\/jpeg\" \/>\n<meta name=\"author\" content=\"Pascal Gendrot\" \/>\n<meta name=\"twitter:label1\" content=\"\u00c9crit par\" \/>\n\t<meta name=\"twitter:data1\" content=\"Pascal Gendrot\" \/>\n\t<meta name=\"twitter:label2\" content=\"Dur\u00e9e de lecture estim\u00e9e\" \/>\n\t<meta name=\"twitter:data2\" content=\"1 minute\" \/>\n<script type=\"application\/ld+json\" class=\"yoast-schema-graph\">{\"@context\":\"https:\\\/\\\/schema.org\",\"@graph\":[{\"@type\":\"Article\",\"@id\":\"http:\\\/\\\/laprats.fr\\\/blog\\\/au-revoir-raymond\\\/#article\",\"isPartOf\":{\"@id\":\"http:\\\/\\\/laprats.fr\\\/blog\\\/au-revoir-raymond\\\/\"},\"author\":{\"name\":\"Pascal Gendrot\",\"@id\":\"http:\\\/\\\/laprats.fr\\\/blog\\\/#\\\/schema\\\/person\\\/90a4b4782b20a014cc9b183a4707820c\"},\"headline\":\"Au revoir Raymond\",\"datePublished\":\"2020-03-29T13:01:57+00:00\",\"dateModified\":\"2020-03-29T13:01:58+00:00\",\"mainEntityOfPage\":{\"@id\":\"http:\\\/\\\/laprats.fr\\\/blog\\\/au-revoir-raymond\\\/\"},\"wordCount\":110,\"commentCount\":0,\"image\":{\"@id\":\"http:\\\/\\\/laprats.fr\\\/blog\\\/au-revoir-raymond\\\/#primaryimage\"},\"thumbnailUrl\":\"http:\\\/\\\/laprats.fr\\\/blog\\\/wp-content\\\/uploads\\\/2020\\\/03\\\/raymondcardinal-scaled.jpg\",\"articleSection\":[\"Info association\"],\"inLanguage\":\"fr-FR\",\"potentialAction\":[{\"@type\":\"CommentAction\",\"name\":\"Comment\",\"target\":[\"http:\\\/\\\/laprats.fr\\\/blog\\\/au-revoir-raymond\\\/#respond\"]}]},{\"@type\":\"WebPage\",\"@id\":\"http:\\\/\\\/laprats.fr\\\/blog\\\/au-revoir-raymond\\\/\",\"url\":\"http:\\\/\\\/laprats.fr\\\/blog\\\/au-revoir-raymond\\\/\",\"name\":\"Au revoir Raymond - Bienvenue\",\"isPartOf\":{\"@id\":\"http:\\\/\\\/laprats.fr\\\/blog\\\/#website\"},\"primaryImageOfPage\":{\"@id\":\"http:\\\/\\\/laprats.fr\\\/blog\\\/au-revoir-raymond\\\/#primaryimage\"},\"image\":{\"@id\":\"http:\\\/\\\/laprats.fr\\\/blog\\\/au-revoir-raymond\\\/#primaryimage\"},\"thumbnailUrl\":\"http:\\\/\\\/laprats.fr\\\/blog\\\/wp-content\\\/uploads\\\/2020\\\/03\\\/raymondcardinal-scaled.jpg\",\"datePublished\":\"2020-03-29T13:01:57+00:00\",\"dateModified\":\"2020-03-29T13:01:58+00:00\",\"author\":{\"@id\":\"http:\\\/\\\/laprats.fr\\\/blog\\\/#\\\/schema\\\/person\\\/90a4b4782b20a014cc9b183a4707820c\"},\"breadcrumb\":{\"@id\":\"http:\\\/\\\/laprats.fr\\\/blog\\\/au-revoir-raymond\\\/#breadcrumb\"},\"inLanguage\":\"fr-FR\",\"potentialAction\":[{\"@type\":\"ReadAction\",\"target\":[\"http:\\\/\\\/laprats.fr\\\/blog\\\/au-revoir-raymond\\\/\"]}]},{\"@type\":\"ImageObject\",\"inLanguage\":\"fr-FR\",\"@id\":\"http:\\\/\\\/laprats.fr\\\/blog\\\/au-revoir-raymond\\\/#primaryimage\",\"url\":\"http:\\\/\\\/laprats.fr\\\/blog\\\/wp-content\\\/uploads\\\/2020\\\/03\\\/raymondcardinal-scaled.jpg\",\"contentUrl\":\"http:\\\/\\\/laprats.fr\\\/blog\\\/wp-content\\\/uploads\\\/2020\\\/03\\\/raymondcardinal-scaled.jpg\",\"width\":2560,\"height\":2127},{\"@type\":\"BreadcrumbList\",\"@id\":\"http:\\\/\\\/laprats.fr\\\/blog\\\/au-revoir-raymond\\\/#breadcrumb\",\"itemListElement\":[{\"@type\":\"ListItem\",\"position\":1,\"name\":\"Accueil\",\"item\":\"http:\\\/\\\/laprats.fr\\\/blog\\\/\"},{\"@type\":\"ListItem\",\"position\":2,\"name\":\"Au revoir Raymond\"}]},{\"@type\":\"WebSite\",\"@id\":\"http:\\\/\\\/laprats.fr\\\/blog\\\/#website\",\"url\":\"http:\\\/\\\/laprats.fr\\\/blog\\\/\",\"name\":\"Bienvenue\",\"description\":\"D&#039;hier et d&#039;aujourd&#039;hui ... pour demain\",\"potentialAction\":[{\"@type\":\"SearchAction\",\"target\":{\"@type\":\"EntryPoint\",\"urlTemplate\":\"http:\\\/\\\/laprats.fr\\\/blog\\\/?s={search_term_string}\"},\"query-input\":{\"@type\":\"PropertyValueSpecification\",\"valueRequired\":true,\"valueName\":\"search_term_string\"}}],\"inLanguage\":\"fr-FR\"},{\"@type\":\"Person\",\"@id\":\"http:\\\/\\\/laprats.fr\\\/blog\\\/#\\\/schema\\\/person\\\/90a4b4782b20a014cc9b183a4707820c\",\"name\":\"Pascal Gendrot\",\"image\":{\"@type\":\"ImageObject\",\"inLanguage\":\"fr-FR\",\"@id\":\"https:\\\/\\\/secure.gravatar.com\\\/avatar\\\/649cd38650031007bbd5ec3c73411225e4a69679f8049c7237814718f484b5c0?s=96&d=mm&r=g\",\"url\":\"https:\\\/\\\/secure.gravatar.com\\\/avatar\\\/649cd38650031007bbd5ec3c73411225e4a69679f8049c7237814718f484b5c0?s=96&d=mm&r=g\",\"contentUrl\":\"https:\\\/\\\/secure.gravatar.com\\\/avatar\\\/649cd38650031007bbd5ec3c73411225e4a69679f8049c7237814718f484b5c0?s=96&d=mm&r=g\",\"caption\":\"Pascal Gendrot\"}}]}<\/script>\n<!-- \/ Yoast SEO plugin. -->","yoast_head_json":{"title":"Au revoir Raymond - Bienvenue","robots":{"index":"index","follow":"follow","max-snippet":"max-snippet:-1","max-image-preview":"max-image-preview:large","max-video-preview":"max-video-preview:-1"},"canonical":"http:\/\/laprats.fr\/blog\/au-revoir-raymond\/","og_locale":"fr_FR","og_type":"article","og_title":"Au revoir Raymond - Bienvenue","og_description":"Raymond Cardinal nous a quitt\u00e9s fin f\u00e9vrier \u00e0 l&rsquo;age de 92 ans. C&rsquo;\u00e9tait l&rsquo;un de nos fid\u00e8les anciens, pr\u00e9sent \u00e0 chaque assembl\u00e9e g\u00e9n\u00e9rale comme en octobre dernier, mais aussi lors [&hellip;]","og_url":"http:\/\/laprats.fr\/blog\/au-revoir-raymond\/","og_site_name":"Bienvenue","article_publisher":"https:\/\/fr-fr.facebook.com\/pages\/Association-La-Prats-de-Cluny\/224204740976190?sk=wall","article_published_time":"2020-03-29T13:01:57+00:00","article_modified_time":"2020-03-29T13:01:58+00:00","og_image":[{"width":2560,"height":2127,"url":"http:\/\/laprats.fr\/blog\/wp-content\/uploads\/2020\/03\/raymondcardinal-scaled.jpg","type":"image\/jpeg"}],"author":"Pascal Gendrot","twitter_misc":{"\u00c9crit par":"Pascal Gendrot","Dur\u00e9e de lecture estim\u00e9e":"1 minute"},"schema":{"@context":"https:\/\/schema.org","@graph":[{"@type":"Article","@id":"http:\/\/laprats.fr\/blog\/au-revoir-raymond\/#article","isPartOf":{"@id":"http:\/\/laprats.fr\/blog\/au-revoir-raymond\/"},"author":{"name":"Pascal Gendrot","@id":"http:\/\/laprats.fr\/blog\/#\/schema\/person\/90a4b4782b20a014cc9b183a4707820c"},"headline":"Au revoir Raymond","datePublished":"2020-03-29T13:01:57+00:00","dateModified":"2020-03-29T13:01:58+00:00","mainEntityOfPage":{"@id":"http:\/\/laprats.fr\/blog\/au-revoir-raymond\/"},"wordCount":110,"commentCount":0,"image":{"@id":"http:\/\/laprats.fr\/blog\/au-revoir-raymond\/#primaryimage"},"thumbnailUrl":"http:\/\/laprats.fr\/blog\/wp-content\/uploads\/2020\/03\/raymondcardinal-scaled.jpg","articleSection":["Info association"],"inLanguage":"fr-FR","potentialAction":[{"@type":"CommentAction","name":"Comment","target":["http:\/\/laprats.fr\/blog\/au-revoir-raymond\/#respond"]}]},{"@type":"WebPage","@id":"http:\/\/laprats.fr\/blog\/au-revoir-raymond\/","url":"http:\/\/laprats.fr\/blog\/au-revoir-raymond\/","name":"Au revoir Raymond - Bienvenue","isPartOf":{"@id":"http:\/\/laprats.fr\/blog\/#website"},"primaryImageOfPage":{"@id":"http:\/\/laprats.fr\/blog\/au-revoir-raymond\/#primaryimage"},"image":{"@id":"http:\/\/laprats.fr\/blog\/au-revoir-raymond\/#primaryimage"},"thumbnailUrl":"http:\/\/laprats.fr\/blog\/wp-content\/uploads\/2020\/03\/raymondcardinal-scaled.jpg","datePublished":"2020-03-29T13:01:57+00:00","dateModified":"2020-03-29T13:01:58+00:00","author":{"@id":"http:\/\/laprats.fr\/blog\/#\/schema\/person\/90a4b4782b20a014cc9b183a4707820c"},"breadcrumb":{"@id":"http:\/\/laprats.fr\/blog\/au-revoir-raymond\/#breadcrumb"},"inLanguage":"fr-FR","potentialAction":[{"@type":"ReadAction","target":["http:\/\/laprats.fr\/blog\/au-revoir-raymond\/"]}]},{"@type":"ImageObject","inLanguage":"fr-FR","@id":"http:\/\/laprats.fr\/blog\/au-revoir-raymond\/#primaryimage","url":"http:\/\/laprats.fr\/blog\/wp-content\/uploads\/2020\/03\/raymondcardinal-scaled.jpg","contentUrl":"http:\/\/laprats.fr\/blog\/wp-content\/uploads\/2020\/03\/raymondcardinal-scaled.jpg","width":2560,"height":2127},{"@type":"BreadcrumbList","@id":"http:\/\/laprats.fr\/blog\/au-revoir-raymond\/#breadcrumb","itemListElement":[{"@type":"ListItem","position":1,"name":"Accueil","item":"http:\/\/laprats.fr\/blog\/"},{"@type":"ListItem","position":2,"name":"Au revoir Raymond"}]},{"@type":"WebSite","@id":"http:\/\/laprats.fr\/blog\/#website","url":"http:\/\/laprats.fr\/blog\/","name":"Bienvenue","description":"D&#039;hier et d&#039;aujourd&#039;hui ... pour demain","potentialAction":[{"@type":"SearchAction","target":{"@type":"EntryPoint","urlTemplate":"http:\/\/laprats.fr\/blog\/?s={search_term_string}"},"query-input":{"@type":"PropertyValueSpecification","valueRequired":true,"valueName":"search_term_string"}}],"inLanguage":"fr-FR"},{"@type":"Person","@id":"http:\/\/laprats.fr\/blog\/#\/schema\/person\/90a4b4782b20a014cc9b183a4707820c","name":"Pascal Gendrot","image":{"@type":"ImageObject","inLanguage":"fr-FR","@id":"https:\/\/secure.gravatar.com\/avatar\/649cd38650031007bbd5ec3c73411225e4a69679f8049c7237814718f484b5c0?s=96&d=mm&r=g","url":"https:\/\/secure.gravatar.com\/avatar\/649cd38650031007bbd5ec3c73411225e4a69679f8049c7237814718f484b5c0?s=96&d=mm&r=g","contentUrl":"https:\/\/secure.gravatar.com\/avatar\/649cd38650031007bbd5ec3c73411225e4a69679f8049c7237814718f484b5c0?s=96&d=mm&r=g","caption":"Pascal Gendrot"}}]}},"_links":{"self":[{"href":"http:\/\/laprats.fr\/blog\/wp-json\/wp\/v2\/posts\/2062","targetHints":{"allow":["GET"]}}],"collection":[{"href":"http:\/\/laprats.fr\/blog\/wp-json\/wp\/v2\/posts"}],"about":[{"href":"http:\/\/laprats.fr\/blog\/wp-json\/wp\/v2\/types\/post"}],"author":[{"embeddable":true,"href":"http:\/\/laprats.fr\/blog\/wp-json\/wp\/v2\/users\/6"}],"replies":[{"embeddable":true,"href":"http:\/\/laprats.fr\/blog\/wp-json\/wp\/v2\/comments?post=2062"}],"version-history":[{"count":1,"href":"http:\/\/laprats.fr\/blog\/wp-json\/wp\/v2\/posts\/2062\/revisions"}],"predecessor-version":[{"id":2063,"href":"http:\/\/laprats.fr\/blog\/wp-json\/wp\/v2\/posts\/2062\/revisions\/2063"}],"wp:featuredmedia":[{"embeddable":true,"href":"http:\/\/laprats.fr\/blog\/wp-json\/wp\/v2\/media\/2061"}],"wp:attachment":[{"href":"http:\/\/laprats.fr\/blog\/wp-json\/wp\/v2\/media?parent=2062"}],"wp:term":[{"taxonomy":"category","embeddable":true,"href":"http:\/\/laprats.fr\/blog\/wp-json\/wp\/v2\/categories?post=2062"},{"taxonomy":"post_tag","embeddable":true,"href":"http:\/\/laprats.fr\/blog\/wp-json\/wp\/v2\/tags?post=2062"}],"curies":[{"name":"wp","href":"https:\/\/api.w.org\/{rel}","templated":true}]}}