{"id":2030,"date":"2020-01-25T19:57:44","date_gmt":"2020-01-25T18:57:44","guid":{"rendered":"http:\/\/laprats.fr\/blog\/?p=2030"},"modified":"2020-01-26T08:39:55","modified_gmt":"2020-01-26T07:39:55","slug":"accompagnez-les-visites-dusines","status":"publish","type":"post","link":"http:\/\/laprats.fr\/blog\/accompagnez-les-visites-dusines\/","title":{"rendered":"Accompagnez les visites d&rsquo;usines"},"content":{"rendered":"\n<p>La visite annuelle des \u00e9l\u00e8ves de la Prat\u2019s aura lieu le Mardi 18 f\u00e9vrier au Creusot et environs. Nous visiterons Alstom Transport, Thermodyn et la ferme photovolta\u00efque de St Eus\u00e8be. Le lyc\u00e9e a d\u00e9sign\u00e9 trente \u00e9l\u00e8ves divis\u00e9s en 2 groupes de 15 \u00e9l\u00e8ves accompagn\u00e9s de 1 enseignant et du proviseur:<\/p>\n<p>&#8211; le matin\u00a0 le groupe 1 chez Alstom et le groupe 2 \u00e0 St Eus\u00e8be<\/p>\n<p>&#8211; midi repas \u00e0 cafeteria de Casino et si possible \u00e9changes interg\u00e9n\u00e9rationnel<\/p>\n<p>&#8211; l\u2019apr\u00e8s midi le groupe 2 chez Thermodyn et le groupe 1 \u00e0 St Eus\u00e8be<\/p>\n<p>\u00a0<\/p>\n<p>Compte tenu des capacit\u00e9s de r\u00e9ception des entreprises, la visite est ouverte aux anciens comme suit:<\/p>\n<p>&#8211;\u00a0\u00a0\u00a0\u00a0 Chez Alstom 3 anciens + Guyon ou Pagnon<\/p>\n<p>&#8211;\u00a0\u00a0\u00a0\u00a0 Chez Thermodyn\u00a0 7 anciens + Guyon ou Pagnon<\/p>\n<p>&#8211;\u00a0\u00a0\u00a0\u00a0 St Eus\u00e8be pour ceux qui le souhaitent<\/p>\n<p>On prendra par ordre d\u2019inscription et en fonction des souhaits. La participation demand\u00e9e est de 20 euros pour un d\u00e9part de Cluny avec le bus et 15 euros pour ceux qui nous rejoindrons sur place au Creusot.<\/p>\n<p>Je vous invite donc \u00e0 <a href=\"michel.pagnon@orange.fr\">vous inscrire<\/a> avant le 3 f\u00e9vrier si vous \u00eates int\u00e9ress\u00e9s.<\/p>\n<p>Michel Pagnon<\/p>\n<p><a href=\"mailto:michel.pagnon@orange.fr\">michel.pagnon@orange.fr<\/a><\/p>\n<p>\u00a0<\/p>\n","protected":false},"excerpt":{"rendered":"<p>La visite annuelle des \u00e9l\u00e8ves de la Prat\u2019s aura lieu le Mardi 18 f\u00e9vrier au Creusot et environs. Nous visiterons Alstom Transport, Thermodyn et la ferme photovolta\u00efque de St Eus\u00e8be. <a href=\"http:\/\/laprats.fr\/blog\/accompagnez-les-visites-dusines\/\" class=\"more-link\">[&hellip;]<\/a><\/p>\n","protected":false},"author":6,"featured_media":0,"comment_status":"open","ping_status":"open","sticky":false,"template":"","format":"standard","meta":{"Layout":"","footnotes":""},"categories":[5],"tags":[],"class_list":["entry","author-pascal","post-2030","post","type-post","status-publish","format-standard","category-info-association"],"yoast_head":"<!-- This site is optimized with the Yoast SEO plugin v27.4 - https:\/\/yoast.com\/product\/yoast-seo-wordpress\/ -->\n<title>Accompagnez les visites d&#039;usines - Bienvenue<\/title>\n<meta name=\"robots\" content=\"index, follow, max-snippet:-1, max-image-preview:large, max-video-preview:-1\" \/>\n<link rel=\"canonical\" href=\"https:\/\/laprats.fr\/blog\/accompagnez-les-visites-dusines\/\" \/>\n<meta property=\"og:locale\" content=\"fr_FR\" \/>\n<meta property=\"og:type\" content=\"article\" \/>\n<meta property=\"og:title\" content=\"Accompagnez les visites d&#039;usines - Bienvenue\" \/>\n<meta property=\"og:description\" content=\"La visite annuelle des \u00e9l\u00e8ves de la Prat\u2019s aura lieu le Mardi 18 f\u00e9vrier au Creusot et environs. Nous visiterons Alstom Transport, Thermodyn et la ferme photovolta\u00efque de St Eus\u00e8be. [&hellip;]\" \/>\n<meta property=\"og:url\" content=\"https:\/\/laprats.fr\/blog\/accompagnez-les-visites-dusines\/\" \/>\n<meta property=\"og:site_name\" content=\"Bienvenue\" \/>\n<meta property=\"article:publisher\" content=\"https:\/\/fr-fr.facebook.com\/pages\/Association-La-Prats-de-Cluny\/224204740976190?sk=wall\" \/>\n<meta property=\"article:published_time\" content=\"2020-01-25T18:57:44+00:00\" \/>\n<meta property=\"article:modified_time\" content=\"2020-01-26T07:39:55+00:00\" \/>\n<meta property=\"og:image\" content=\"http:\/\/laprats.fr\/blog\/wp-content\/uploads\/2014\/09\/fonddepage.jpg\" \/>\n\t<meta property=\"og:image:width\" content=\"200\" \/>\n\t<meta property=\"og:image:height\" content=\"200\" \/>\n\t<meta property=\"og:image:type\" content=\"image\/jpeg\" \/>\n<meta name=\"author\" content=\"Pascal Gendrot\" \/>\n<meta name=\"twitter:label1\" content=\"\u00c9crit par\" \/>\n\t<meta name=\"twitter:data1\" content=\"Pascal Gendrot\" \/>\n\t<meta name=\"twitter:label2\" content=\"Dur\u00e9e de lecture estim\u00e9e\" \/>\n\t<meta name=\"twitter:data2\" content=\"1 minute\" \/>\n<script type=\"application\/ld+json\" class=\"yoast-schema-graph\">{\"@context\":\"https:\\\/\\\/schema.org\",\"@graph\":[{\"@type\":\"Article\",\"@id\":\"https:\\\/\\\/laprats.fr\\\/blog\\\/accompagnez-les-visites-dusines\\\/#article\",\"isPartOf\":{\"@id\":\"https:\\\/\\\/laprats.fr\\\/blog\\\/accompagnez-les-visites-dusines\\\/\"},\"author\":{\"name\":\"Pascal Gendrot\",\"@id\":\"http:\\\/\\\/laprats.fr\\\/blog\\\/#\\\/schema\\\/person\\\/90a4b4782b20a014cc9b183a4707820c\"},\"headline\":\"Accompagnez les visites d&rsquo;usines\",\"datePublished\":\"2020-01-25T18:57:44+00:00\",\"dateModified\":\"2020-01-26T07:39:55+00:00\",\"mainEntityOfPage\":{\"@id\":\"https:\\\/\\\/laprats.fr\\\/blog\\\/accompagnez-les-visites-dusines\\\/\"},\"wordCount\":203,\"commentCount\":0,\"articleSection\":[\"Info association\"],\"inLanguage\":\"fr-FR\",\"potentialAction\":[{\"@type\":\"CommentAction\",\"name\":\"Comment\",\"target\":[\"https:\\\/\\\/laprats.fr\\\/blog\\\/accompagnez-les-visites-dusines\\\/#respond\"]}]},{\"@type\":\"WebPage\",\"@id\":\"https:\\\/\\\/laprats.fr\\\/blog\\\/accompagnez-les-visites-dusines\\\/\",\"url\":\"https:\\\/\\\/laprats.fr\\\/blog\\\/accompagnez-les-visites-dusines\\\/\",\"name\":\"Accompagnez les visites d'usines - Bienvenue\",\"isPartOf\":{\"@id\":\"http:\\\/\\\/laprats.fr\\\/blog\\\/#website\"},\"datePublished\":\"2020-01-25T18:57:44+00:00\",\"dateModified\":\"2020-01-26T07:39:55+00:00\",\"author\":{\"@id\":\"http:\\\/\\\/laprats.fr\\\/blog\\\/#\\\/schema\\\/person\\\/90a4b4782b20a014cc9b183a4707820c\"},\"breadcrumb\":{\"@id\":\"https:\\\/\\\/laprats.fr\\\/blog\\\/accompagnez-les-visites-dusines\\\/#breadcrumb\"},\"inLanguage\":\"fr-FR\",\"potentialAction\":[{\"@type\":\"ReadAction\",\"target\":[\"https:\\\/\\\/laprats.fr\\\/blog\\\/accompagnez-les-visites-dusines\\\/\"]}]},{\"@type\":\"BreadcrumbList\",\"@id\":\"https:\\\/\\\/laprats.fr\\\/blog\\\/accompagnez-les-visites-dusines\\\/#breadcrumb\",\"itemListElement\":[{\"@type\":\"ListItem\",\"position\":1,\"name\":\"Accueil\",\"item\":\"http:\\\/\\\/laprats.fr\\\/blog\\\/\"},{\"@type\":\"ListItem\",\"position\":2,\"name\":\"Accompagnez les visites d&rsquo;usines\"}]},{\"@type\":\"WebSite\",\"@id\":\"http:\\\/\\\/laprats.fr\\\/blog\\\/#website\",\"url\":\"http:\\\/\\\/laprats.fr\\\/blog\\\/\",\"name\":\"Bienvenue\",\"description\":\"D&#039;hier et d&#039;aujourd&#039;hui ... pour demain\",\"potentialAction\":[{\"@type\":\"SearchAction\",\"target\":{\"@type\":\"EntryPoint\",\"urlTemplate\":\"http:\\\/\\\/laprats.fr\\\/blog\\\/?s={search_term_string}\"},\"query-input\":{\"@type\":\"PropertyValueSpecification\",\"valueRequired\":true,\"valueName\":\"search_term_string\"}}],\"inLanguage\":\"fr-FR\"},{\"@type\":\"Person\",\"@id\":\"http:\\\/\\\/laprats.fr\\\/blog\\\/#\\\/schema\\\/person\\\/90a4b4782b20a014cc9b183a4707820c\",\"name\":\"Pascal Gendrot\",\"image\":{\"@type\":\"ImageObject\",\"inLanguage\":\"fr-FR\",\"@id\":\"https:\\\/\\\/secure.gravatar.com\\\/avatar\\\/649cd38650031007bbd5ec3c73411225e4a69679f8049c7237814718f484b5c0?s=96&d=mm&r=g\",\"url\":\"https:\\\/\\\/secure.gravatar.com\\\/avatar\\\/649cd38650031007bbd5ec3c73411225e4a69679f8049c7237814718f484b5c0?s=96&d=mm&r=g\",\"contentUrl\":\"https:\\\/\\\/secure.gravatar.com\\\/avatar\\\/649cd38650031007bbd5ec3c73411225e4a69679f8049c7237814718f484b5c0?s=96&d=mm&r=g\",\"caption\":\"Pascal Gendrot\"}}]}<\/script>\n<!-- \/ Yoast SEO plugin. -->","yoast_head_json":{"title":"Accompagnez les visites d'usines - Bienvenue","robots":{"index":"index","follow":"follow","max-snippet":"max-snippet:-1","max-image-preview":"max-image-preview:large","max-video-preview":"max-video-preview:-1"},"canonical":"https:\/\/laprats.fr\/blog\/accompagnez-les-visites-dusines\/","og_locale":"fr_FR","og_type":"article","og_title":"Accompagnez les visites d'usines - Bienvenue","og_description":"La visite annuelle des \u00e9l\u00e8ves de la Prat\u2019s aura lieu le Mardi 18 f\u00e9vrier au Creusot et environs. Nous visiterons Alstom Transport, Thermodyn et la ferme photovolta\u00efque de St Eus\u00e8be. [&hellip;]","og_url":"https:\/\/laprats.fr\/blog\/accompagnez-les-visites-dusines\/","og_site_name":"Bienvenue","article_publisher":"https:\/\/fr-fr.facebook.com\/pages\/Association-La-Prats-de-Cluny\/224204740976190?sk=wall","article_published_time":"2020-01-25T18:57:44+00:00","article_modified_time":"2020-01-26T07:39:55+00:00","og_image":[{"width":200,"height":200,"url":"http:\/\/laprats.fr\/blog\/wp-content\/uploads\/2014\/09\/fonddepage.jpg","type":"image\/jpeg"}],"author":"Pascal Gendrot","twitter_misc":{"\u00c9crit par":"Pascal Gendrot","Dur\u00e9e de lecture estim\u00e9e":"1 minute"},"schema":{"@context":"https:\/\/schema.org","@graph":[{"@type":"Article","@id":"https:\/\/laprats.fr\/blog\/accompagnez-les-visites-dusines\/#article","isPartOf":{"@id":"https:\/\/laprats.fr\/blog\/accompagnez-les-visites-dusines\/"},"author":{"name":"Pascal Gendrot","@id":"http:\/\/laprats.fr\/blog\/#\/schema\/person\/90a4b4782b20a014cc9b183a4707820c"},"headline":"Accompagnez les visites d&rsquo;usines","datePublished":"2020-01-25T18:57:44+00:00","dateModified":"2020-01-26T07:39:55+00:00","mainEntityOfPage":{"@id":"https:\/\/laprats.fr\/blog\/accompagnez-les-visites-dusines\/"},"wordCount":203,"commentCount":0,"articleSection":["Info association"],"inLanguage":"fr-FR","potentialAction":[{"@type":"CommentAction","name":"Comment","target":["https:\/\/laprats.fr\/blog\/accompagnez-les-visites-dusines\/#respond"]}]},{"@type":"WebPage","@id":"https:\/\/laprats.fr\/blog\/accompagnez-les-visites-dusines\/","url":"https:\/\/laprats.fr\/blog\/accompagnez-les-visites-dusines\/","name":"Accompagnez les visites d'usines - Bienvenue","isPartOf":{"@id":"http:\/\/laprats.fr\/blog\/#website"},"datePublished":"2020-01-25T18:57:44+00:00","dateModified":"2020-01-26T07:39:55+00:00","author":{"@id":"http:\/\/laprats.fr\/blog\/#\/schema\/person\/90a4b4782b20a014cc9b183a4707820c"},"breadcrumb":{"@id":"https:\/\/laprats.fr\/blog\/accompagnez-les-visites-dusines\/#breadcrumb"},"inLanguage":"fr-FR","potentialAction":[{"@type":"ReadAction","target":["https:\/\/laprats.fr\/blog\/accompagnez-les-visites-dusines\/"]}]},{"@type":"BreadcrumbList","@id":"https:\/\/laprats.fr\/blog\/accompagnez-les-visites-dusines\/#breadcrumb","itemListElement":[{"@type":"ListItem","position":1,"name":"Accueil","item":"http:\/\/laprats.fr\/blog\/"},{"@type":"ListItem","position":2,"name":"Accompagnez les visites d&rsquo;usines"}]},{"@type":"WebSite","@id":"http:\/\/laprats.fr\/blog\/#website","url":"http:\/\/laprats.fr\/blog\/","name":"Bienvenue","description":"D&#039;hier et d&#039;aujourd&#039;hui ... pour demain","potentialAction":[{"@type":"SearchAction","target":{"@type":"EntryPoint","urlTemplate":"http:\/\/laprats.fr\/blog\/?s={search_term_string}"},"query-input":{"@type":"PropertyValueSpecification","valueRequired":true,"valueName":"search_term_string"}}],"inLanguage":"fr-FR"},{"@type":"Person","@id":"http:\/\/laprats.fr\/blog\/#\/schema\/person\/90a4b4782b20a014cc9b183a4707820c","name":"Pascal Gendrot","image":{"@type":"ImageObject","inLanguage":"fr-FR","@id":"https:\/\/secure.gravatar.com\/avatar\/649cd38650031007bbd5ec3c73411225e4a69679f8049c7237814718f484b5c0?s=96&d=mm&r=g","url":"https:\/\/secure.gravatar.com\/avatar\/649cd38650031007bbd5ec3c73411225e4a69679f8049c7237814718f484b5c0?s=96&d=mm&r=g","contentUrl":"https:\/\/secure.gravatar.com\/avatar\/649cd38650031007bbd5ec3c73411225e4a69679f8049c7237814718f484b5c0?s=96&d=mm&r=g","caption":"Pascal Gendrot"}}]}},"_links":{"self":[{"href":"http:\/\/laprats.fr\/blog\/wp-json\/wp\/v2\/posts\/2030","targetHints":{"allow":["GET"]}}],"collection":[{"href":"http:\/\/laprats.fr\/blog\/wp-json\/wp\/v2\/posts"}],"about":[{"href":"http:\/\/laprats.fr\/blog\/wp-json\/wp\/v2\/types\/post"}],"author":[{"embeddable":true,"href":"http:\/\/laprats.fr\/blog\/wp-json\/wp\/v2\/users\/6"}],"replies":[{"embeddable":true,"href":"http:\/\/laprats.fr\/blog\/wp-json\/wp\/v2\/comments?post=2030"}],"version-history":[{"count":2,"href":"http:\/\/laprats.fr\/blog\/wp-json\/wp\/v2\/posts\/2030\/revisions"}],"predecessor-version":[{"id":2032,"href":"http:\/\/laprats.fr\/blog\/wp-json\/wp\/v2\/posts\/2030\/revisions\/2032"}],"wp:attachment":[{"href":"http:\/\/laprats.fr\/blog\/wp-json\/wp\/v2\/media?parent=2030"}],"wp:term":[{"taxonomy":"category","embeddable":true,"href":"http:\/\/laprats.fr\/blog\/wp-json\/wp\/v2\/categories?post=2030"},{"taxonomy":"post_tag","embeddable":true,"href":"http:\/\/laprats.fr\/blog\/wp-json\/wp\/v2\/tags?post=2030"}],"curies":[{"name":"wp","href":"https:\/\/api.w.org\/{rel}","templated":true}]}}