{"id":2025,"date":"2020-01-08T19:44:53","date_gmt":"2020-01-08T18:44:53","guid":{"rendered":"http:\/\/laprats.fr\/blog\/?p=2025"},"modified":"2020-01-08T19:44:56","modified_gmt":"2020-01-08T18:44:56","slug":"serge-bavoux-sen-est-alle","status":"publish","type":"post","link":"http:\/\/laprats.fr\/blog\/serge-bavoux-sen-est-alle\/","title":{"rendered":"Serge Bavoux s&rsquo;en est all\u00e9"},"content":{"rendered":"\n<p><a href=\"http:\/\/laprats.fr\/blog\/wp-content\/uploads\/2016\/05\/sergebavoux01.jpg\"><img loading=\"lazy\" decoding=\"async\" class=\"size-medium wp-image-1349 aligncenter\" src=\"http:\/\/laprats.fr\/blog\/wp-content\/uploads\/2016\/05\/sergebavoux01-300x281.jpg\" alt=\"\" width=\"300\" height=\"281\" srcset=\"http:\/\/laprats.fr\/blog\/wp-content\/uploads\/2016\/05\/sergebavoux01-300x281.jpg 300w, http:\/\/laprats.fr\/blog\/wp-content\/uploads\/2016\/05\/sergebavoux01-534x500.jpg 534w, http:\/\/laprats.fr\/blog\/wp-content\/uploads\/2016\/05\/sergebavoux01.jpg 596w\" sizes=\"auto, (max-width: 300px) 100vw, 300px\" \/><\/a>C&rsquo;est avec tristesse que nous apprenons la mort d&rsquo;un charmant Prat&rsquo;sien.<\/p>\n<p>Serge Bavoux est n\u00e9 le 8 mars 1929 \u00e0 Gaillac. \u00c0 l&rsquo;adolescence, il vit avec ses parents \u00e0 La Guiche o\u00f9 son p\u00e8re -Aim\u00e9- exerce la profession d&rsquo;\u00e9lectricien. En 1941, Serge entre \u00e0 La Prat&rsquo;s. Rien ne sera facile pour lui. Sa m\u00e8re reste seule alors que son p\u00e8re croupit en prison parce qu&rsquo;il est communiste. Ainsi, lorsque Serge verra les les plus \u00e2g\u00e9s de l&rsquo;\u00c9cole pratique partir au maquis le 6 juin 1944, ordre lui sera donn\u00e9 de rester sur place.\u00a0 Certes il n&rsquo;est pas en \u00e2ge de travailler, mais il est devenu en quelque sorte le \u00ab\u00a0soutien moral de famille\u00a0\u00bb.<\/p>\n<p>Serge sortira de La Prat&rsquo;s en 1946. Ses souvenirs, sa carri\u00e8re, point besoin de les d\u00e9tailler puisque vous pouvez les lire sur <a href=\"http:\/\/laprats.fr\/blog\/vos-anecdotes\/serge-bavoux\/\">http:\/\/laprats.fr\/blog\/vos-anecdotes\/serge-bavoux\/<\/a><\/p>\n<p>Car Serge \u00e9tait un merveilleux conteur, appr\u00e9ci\u00e9 des jeunes \u00e9l\u00e8ves qui l&rsquo;\u00e9coutaient \u00e0 chaque fois qu&rsquo;il passait \u00e0 La Prat&rsquo;s, allant et venant dans les couloirs de l&rsquo;internat, racontant La Zim, les vols de patates d&rsquo;\u00e9l\u00e8ves qui avaient faim pendant ces tristes ann\u00e9es, les douches \u00e0 l&rsquo;eau froide, les billets verts qui permettaient de repartir \u00e0 La Guiche \u00e0 v\u00e9lo, le surveillant ligot\u00e9 \u00e0 l&rsquo;internat dans la nuit du 6 juin&#8230; On riait aussi beaucoup avec Serge.<\/p>\n<p>Et puis, n&rsquo;oublions pas le chercheur, l&rsquo;\u00e9rudit qu&rsquo;il a aussi \u00e9t\u00e9, les articles savants qu&rsquo;il a publi\u00e9s pour la Soci\u00e9t\u00e9 d&rsquo;\u00e9mulation du Jura. Il aura contribu\u00e9, sans nul doute, \u00e0 nous faire conna\u00eetre aussi l&rsquo;Histoire de \u00ab\u00a0sa\u00a0\u00bb Prat&rsquo;s. Car l&rsquo;\u00c9cole est toujours rest\u00e9e sa seconde maison.<\/p>\n<p>Serge, c&rsquo;\u00e9tait tout \u00e7a. Un grand coeur, un bon vivant, un conteur&#8230;<\/p>\n<p>Chantal Clergue <\/p>\n","protected":false},"excerpt":{"rendered":"<p>C&rsquo;est avec tristesse que nous apprenons la mort d&rsquo;un charmant Prat&rsquo;sien. Serge Bavoux est n\u00e9 le 8 mars 1929 \u00e0 Gaillac. \u00c0 l&rsquo;adolescence, il vit avec ses parents \u00e0 La <a href=\"http:\/\/laprats.fr\/blog\/serge-bavoux-sen-est-alle\/\" class=\"more-link\">[&hellip;]<\/a><\/p>\n","protected":false},"author":6,"featured_media":2024,"comment_status":"open","ping_status":"open","sticky":false,"template":"","format":"standard","meta":{"Layout":"","footnotes":""},"categories":[5],"tags":[],"class_list":["entry","author-pascal","post-2025","post","type-post","status-publish","format-standard","has-post-thumbnail","category-info-association"],"yoast_head":"<!-- This site is optimized with the Yoast SEO plugin v27.4 - https:\/\/yoast.com\/product\/yoast-seo-wordpress\/ -->\n<title>Serge Bavoux s&#039;en est all\u00e9 - Bienvenue<\/title>\n<meta name=\"robots\" content=\"index, follow, max-snippet:-1, max-image-preview:large, max-video-preview:-1\" \/>\n<link rel=\"canonical\" href=\"http:\/\/laprats.fr\/blog\/serge-bavoux-sen-est-alle\/\" \/>\n<meta property=\"og:locale\" content=\"fr_FR\" \/>\n<meta property=\"og:type\" content=\"article\" \/>\n<meta property=\"og:title\" content=\"Serge Bavoux s&#039;en est all\u00e9 - Bienvenue\" \/>\n<meta property=\"og:description\" content=\"C&rsquo;est avec tristesse que nous apprenons la mort d&rsquo;un charmant Prat&rsquo;sien. Serge Bavoux est n\u00e9 le 8 mars 1929 \u00e0 Gaillac. \u00c0 l&rsquo;adolescence, il vit avec ses parents \u00e0 La [&hellip;]\" \/>\n<meta property=\"og:url\" content=\"http:\/\/laprats.fr\/blog\/serge-bavoux-sen-est-alle\/\" \/>\n<meta property=\"og:site_name\" content=\"Bienvenue\" \/>\n<meta property=\"article:publisher\" content=\"https:\/\/fr-fr.facebook.com\/pages\/Association-La-Prats-de-Cluny\/224204740976190?sk=wall\" \/>\n<meta property=\"article:published_time\" content=\"2020-01-08T18:44:53+00:00\" \/>\n<meta property=\"article:modified_time\" content=\"2020-01-08T18:44:56+00:00\" \/>\n<meta property=\"og:image\" content=\"http:\/\/laprats.fr\/blog\/wp-content\/uploads\/2020\/01\/serge-bavoux.jpg\" \/>\n\t<meta property=\"og:image:width\" content=\"591\" \/>\n\t<meta property=\"og:image:height\" content=\"393\" \/>\n\t<meta property=\"og:image:type\" content=\"image\/jpeg\" \/>\n<meta name=\"author\" content=\"Pascal Gendrot\" \/>\n<meta name=\"twitter:label1\" content=\"\u00c9crit par\" \/>\n\t<meta name=\"twitter:data1\" content=\"Pascal Gendrot\" \/>\n\t<meta name=\"twitter:label2\" content=\"Dur\u00e9e de lecture estim\u00e9e\" \/>\n\t<meta name=\"twitter:data2\" content=\"1 minute\" \/>\n<script type=\"application\/ld+json\" class=\"yoast-schema-graph\">{\"@context\":\"https:\\\/\\\/schema.org\",\"@graph\":[{\"@type\":\"Article\",\"@id\":\"http:\\\/\\\/laprats.fr\\\/blog\\\/serge-bavoux-sen-est-alle\\\/#article\",\"isPartOf\":{\"@id\":\"http:\\\/\\\/laprats.fr\\\/blog\\\/serge-bavoux-sen-est-alle\\\/\"},\"author\":{\"name\":\"Pascal Gendrot\",\"@id\":\"http:\\\/\\\/laprats.fr\\\/blog\\\/#\\\/schema\\\/person\\\/90a4b4782b20a014cc9b183a4707820c\"},\"headline\":\"Serge Bavoux s&rsquo;en est all\u00e9\",\"datePublished\":\"2020-01-08T18:44:53+00:00\",\"dateModified\":\"2020-01-08T18:44:56+00:00\",\"mainEntityOfPage\":{\"@id\":\"http:\\\/\\\/laprats.fr\\\/blog\\\/serge-bavoux-sen-est-alle\\\/\"},\"wordCount\":289,\"commentCount\":0,\"image\":{\"@id\":\"http:\\\/\\\/laprats.fr\\\/blog\\\/serge-bavoux-sen-est-alle\\\/#primaryimage\"},\"thumbnailUrl\":\"http:\\\/\\\/laprats.fr\\\/blog\\\/wp-content\\\/uploads\\\/2020\\\/01\\\/serge-bavoux.jpg\",\"articleSection\":[\"Info association\"],\"inLanguage\":\"fr-FR\",\"potentialAction\":[{\"@type\":\"CommentAction\",\"name\":\"Comment\",\"target\":[\"http:\\\/\\\/laprats.fr\\\/blog\\\/serge-bavoux-sen-est-alle\\\/#respond\"]}]},{\"@type\":\"WebPage\",\"@id\":\"http:\\\/\\\/laprats.fr\\\/blog\\\/serge-bavoux-sen-est-alle\\\/\",\"url\":\"http:\\\/\\\/laprats.fr\\\/blog\\\/serge-bavoux-sen-est-alle\\\/\",\"name\":\"Serge Bavoux s'en est all\u00e9 - Bienvenue\",\"isPartOf\":{\"@id\":\"http:\\\/\\\/laprats.fr\\\/blog\\\/#website\"},\"primaryImageOfPage\":{\"@id\":\"http:\\\/\\\/laprats.fr\\\/blog\\\/serge-bavoux-sen-est-alle\\\/#primaryimage\"},\"image\":{\"@id\":\"http:\\\/\\\/laprats.fr\\\/blog\\\/serge-bavoux-sen-est-alle\\\/#primaryimage\"},\"thumbnailUrl\":\"http:\\\/\\\/laprats.fr\\\/blog\\\/wp-content\\\/uploads\\\/2020\\\/01\\\/serge-bavoux.jpg\",\"datePublished\":\"2020-01-08T18:44:53+00:00\",\"dateModified\":\"2020-01-08T18:44:56+00:00\",\"author\":{\"@id\":\"http:\\\/\\\/laprats.fr\\\/blog\\\/#\\\/schema\\\/person\\\/90a4b4782b20a014cc9b183a4707820c\"},\"breadcrumb\":{\"@id\":\"http:\\\/\\\/laprats.fr\\\/blog\\\/serge-bavoux-sen-est-alle\\\/#breadcrumb\"},\"inLanguage\":\"fr-FR\",\"potentialAction\":[{\"@type\":\"ReadAction\",\"target\":[\"http:\\\/\\\/laprats.fr\\\/blog\\\/serge-bavoux-sen-est-alle\\\/\"]}]},{\"@type\":\"ImageObject\",\"inLanguage\":\"fr-FR\",\"@id\":\"http:\\\/\\\/laprats.fr\\\/blog\\\/serge-bavoux-sen-est-alle\\\/#primaryimage\",\"url\":\"http:\\\/\\\/laprats.fr\\\/blog\\\/wp-content\\\/uploads\\\/2020\\\/01\\\/serge-bavoux.jpg\",\"contentUrl\":\"http:\\\/\\\/laprats.fr\\\/blog\\\/wp-content\\\/uploads\\\/2020\\\/01\\\/serge-bavoux.jpg\",\"width\":591,\"height\":393},{\"@type\":\"BreadcrumbList\",\"@id\":\"http:\\\/\\\/laprats.fr\\\/blog\\\/serge-bavoux-sen-est-alle\\\/#breadcrumb\",\"itemListElement\":[{\"@type\":\"ListItem\",\"position\":1,\"name\":\"Accueil\",\"item\":\"http:\\\/\\\/laprats.fr\\\/blog\\\/\"},{\"@type\":\"ListItem\",\"position\":2,\"name\":\"Serge Bavoux s&rsquo;en est all\u00e9\"}]},{\"@type\":\"WebSite\",\"@id\":\"http:\\\/\\\/laprats.fr\\\/blog\\\/#website\",\"url\":\"http:\\\/\\\/laprats.fr\\\/blog\\\/\",\"name\":\"Bienvenue\",\"description\":\"D&#039;hier et d&#039;aujourd&#039;hui ... pour demain\",\"potentialAction\":[{\"@type\":\"SearchAction\",\"target\":{\"@type\":\"EntryPoint\",\"urlTemplate\":\"http:\\\/\\\/laprats.fr\\\/blog\\\/?s={search_term_string}\"},\"query-input\":{\"@type\":\"PropertyValueSpecification\",\"valueRequired\":true,\"valueName\":\"search_term_string\"}}],\"inLanguage\":\"fr-FR\"},{\"@type\":\"Person\",\"@id\":\"http:\\\/\\\/laprats.fr\\\/blog\\\/#\\\/schema\\\/person\\\/90a4b4782b20a014cc9b183a4707820c\",\"name\":\"Pascal Gendrot\",\"image\":{\"@type\":\"ImageObject\",\"inLanguage\":\"fr-FR\",\"@id\":\"https:\\\/\\\/secure.gravatar.com\\\/avatar\\\/649cd38650031007bbd5ec3c73411225e4a69679f8049c7237814718f484b5c0?s=96&d=mm&r=g\",\"url\":\"https:\\\/\\\/secure.gravatar.com\\\/avatar\\\/649cd38650031007bbd5ec3c73411225e4a69679f8049c7237814718f484b5c0?s=96&d=mm&r=g\",\"contentUrl\":\"https:\\\/\\\/secure.gravatar.com\\\/avatar\\\/649cd38650031007bbd5ec3c73411225e4a69679f8049c7237814718f484b5c0?s=96&d=mm&r=g\",\"caption\":\"Pascal Gendrot\"}}]}<\/script>\n<!-- \/ Yoast SEO plugin. -->","yoast_head_json":{"title":"Serge Bavoux s'en est all\u00e9 - Bienvenue","robots":{"index":"index","follow":"follow","max-snippet":"max-snippet:-1","max-image-preview":"max-image-preview:large","max-video-preview":"max-video-preview:-1"},"canonical":"http:\/\/laprats.fr\/blog\/serge-bavoux-sen-est-alle\/","og_locale":"fr_FR","og_type":"article","og_title":"Serge Bavoux s'en est all\u00e9 - Bienvenue","og_description":"C&rsquo;est avec tristesse que nous apprenons la mort d&rsquo;un charmant Prat&rsquo;sien. Serge Bavoux est n\u00e9 le 8 mars 1929 \u00e0 Gaillac. \u00c0 l&rsquo;adolescence, il vit avec ses parents \u00e0 La [&hellip;]","og_url":"http:\/\/laprats.fr\/blog\/serge-bavoux-sen-est-alle\/","og_site_name":"Bienvenue","article_publisher":"https:\/\/fr-fr.facebook.com\/pages\/Association-La-Prats-de-Cluny\/224204740976190?sk=wall","article_published_time":"2020-01-08T18:44:53+00:00","article_modified_time":"2020-01-08T18:44:56+00:00","og_image":[{"width":591,"height":393,"url":"http:\/\/laprats.fr\/blog\/wp-content\/uploads\/2020\/01\/serge-bavoux.jpg","type":"image\/jpeg"}],"author":"Pascal Gendrot","twitter_misc":{"\u00c9crit par":"Pascal Gendrot","Dur\u00e9e de lecture estim\u00e9e":"1 minute"},"schema":{"@context":"https:\/\/schema.org","@graph":[{"@type":"Article","@id":"http:\/\/laprats.fr\/blog\/serge-bavoux-sen-est-alle\/#article","isPartOf":{"@id":"http:\/\/laprats.fr\/blog\/serge-bavoux-sen-est-alle\/"},"author":{"name":"Pascal Gendrot","@id":"http:\/\/laprats.fr\/blog\/#\/schema\/person\/90a4b4782b20a014cc9b183a4707820c"},"headline":"Serge Bavoux s&rsquo;en est all\u00e9","datePublished":"2020-01-08T18:44:53+00:00","dateModified":"2020-01-08T18:44:56+00:00","mainEntityOfPage":{"@id":"http:\/\/laprats.fr\/blog\/serge-bavoux-sen-est-alle\/"},"wordCount":289,"commentCount":0,"image":{"@id":"http:\/\/laprats.fr\/blog\/serge-bavoux-sen-est-alle\/#primaryimage"},"thumbnailUrl":"http:\/\/laprats.fr\/blog\/wp-content\/uploads\/2020\/01\/serge-bavoux.jpg","articleSection":["Info association"],"inLanguage":"fr-FR","potentialAction":[{"@type":"CommentAction","name":"Comment","target":["http:\/\/laprats.fr\/blog\/serge-bavoux-sen-est-alle\/#respond"]}]},{"@type":"WebPage","@id":"http:\/\/laprats.fr\/blog\/serge-bavoux-sen-est-alle\/","url":"http:\/\/laprats.fr\/blog\/serge-bavoux-sen-est-alle\/","name":"Serge Bavoux s'en est all\u00e9 - Bienvenue","isPartOf":{"@id":"http:\/\/laprats.fr\/blog\/#website"},"primaryImageOfPage":{"@id":"http:\/\/laprats.fr\/blog\/serge-bavoux-sen-est-alle\/#primaryimage"},"image":{"@id":"http:\/\/laprats.fr\/blog\/serge-bavoux-sen-est-alle\/#primaryimage"},"thumbnailUrl":"http:\/\/laprats.fr\/blog\/wp-content\/uploads\/2020\/01\/serge-bavoux.jpg","datePublished":"2020-01-08T18:44:53+00:00","dateModified":"2020-01-08T18:44:56+00:00","author":{"@id":"http:\/\/laprats.fr\/blog\/#\/schema\/person\/90a4b4782b20a014cc9b183a4707820c"},"breadcrumb":{"@id":"http:\/\/laprats.fr\/blog\/serge-bavoux-sen-est-alle\/#breadcrumb"},"inLanguage":"fr-FR","potentialAction":[{"@type":"ReadAction","target":["http:\/\/laprats.fr\/blog\/serge-bavoux-sen-est-alle\/"]}]},{"@type":"ImageObject","inLanguage":"fr-FR","@id":"http:\/\/laprats.fr\/blog\/serge-bavoux-sen-est-alle\/#primaryimage","url":"http:\/\/laprats.fr\/blog\/wp-content\/uploads\/2020\/01\/serge-bavoux.jpg","contentUrl":"http:\/\/laprats.fr\/blog\/wp-content\/uploads\/2020\/01\/serge-bavoux.jpg","width":591,"height":393},{"@type":"BreadcrumbList","@id":"http:\/\/laprats.fr\/blog\/serge-bavoux-sen-est-alle\/#breadcrumb","itemListElement":[{"@type":"ListItem","position":1,"name":"Accueil","item":"http:\/\/laprats.fr\/blog\/"},{"@type":"ListItem","position":2,"name":"Serge Bavoux s&rsquo;en est all\u00e9"}]},{"@type":"WebSite","@id":"http:\/\/laprats.fr\/blog\/#website","url":"http:\/\/laprats.fr\/blog\/","name":"Bienvenue","description":"D&#039;hier et d&#039;aujourd&#039;hui ... pour demain","potentialAction":[{"@type":"SearchAction","target":{"@type":"EntryPoint","urlTemplate":"http:\/\/laprats.fr\/blog\/?s={search_term_string}"},"query-input":{"@type":"PropertyValueSpecification","valueRequired":true,"valueName":"search_term_string"}}],"inLanguage":"fr-FR"},{"@type":"Person","@id":"http:\/\/laprats.fr\/blog\/#\/schema\/person\/90a4b4782b20a014cc9b183a4707820c","name":"Pascal Gendrot","image":{"@type":"ImageObject","inLanguage":"fr-FR","@id":"https:\/\/secure.gravatar.com\/avatar\/649cd38650031007bbd5ec3c73411225e4a69679f8049c7237814718f484b5c0?s=96&d=mm&r=g","url":"https:\/\/secure.gravatar.com\/avatar\/649cd38650031007bbd5ec3c73411225e4a69679f8049c7237814718f484b5c0?s=96&d=mm&r=g","contentUrl":"https:\/\/secure.gravatar.com\/avatar\/649cd38650031007bbd5ec3c73411225e4a69679f8049c7237814718f484b5c0?s=96&d=mm&r=g","caption":"Pascal Gendrot"}}]}},"_links":{"self":[{"href":"http:\/\/laprats.fr\/blog\/wp-json\/wp\/v2\/posts\/2025","targetHints":{"allow":["GET"]}}],"collection":[{"href":"http:\/\/laprats.fr\/blog\/wp-json\/wp\/v2\/posts"}],"about":[{"href":"http:\/\/laprats.fr\/blog\/wp-json\/wp\/v2\/types\/post"}],"author":[{"embeddable":true,"href":"http:\/\/laprats.fr\/blog\/wp-json\/wp\/v2\/users\/6"}],"replies":[{"embeddable":true,"href":"http:\/\/laprats.fr\/blog\/wp-json\/wp\/v2\/comments?post=2025"}],"version-history":[{"count":1,"href":"http:\/\/laprats.fr\/blog\/wp-json\/wp\/v2\/posts\/2025\/revisions"}],"predecessor-version":[{"id":2026,"href":"http:\/\/laprats.fr\/blog\/wp-json\/wp\/v2\/posts\/2025\/revisions\/2026"}],"wp:featuredmedia":[{"embeddable":true,"href":"http:\/\/laprats.fr\/blog\/wp-json\/wp\/v2\/media\/2024"}],"wp:attachment":[{"href":"http:\/\/laprats.fr\/blog\/wp-json\/wp\/v2\/media?parent=2025"}],"wp:term":[{"taxonomy":"category","embeddable":true,"href":"http:\/\/laprats.fr\/blog\/wp-json\/wp\/v2\/categories?post=2025"},{"taxonomy":"post_tag","embeddable":true,"href":"http:\/\/laprats.fr\/blog\/wp-json\/wp\/v2\/tags?post=2025"}],"curies":[{"name":"wp","href":"https:\/\/api.w.org\/{rel}","templated":true}]}}