{"id":1978,"date":"2019-11-11T16:39:49","date_gmt":"2019-11-11T15:39:49","guid":{"rendered":"http:\/\/laprats.fr\/blog\/?p=1978"},"modified":"2019-11-11T16:39:50","modified_gmt":"2019-11-11T15:39:50","slug":"c-a-du-09-novembre","status":"publish","type":"post","link":"http:\/\/laprats.fr\/blog\/c-a-du-09-novembre\/","title":{"rendered":"C.A. du 09 novembre"},"content":{"rendered":"\n<p>Comme tous les deux mois environ, le C.A. de l&rsquo;association s&rsquo;est r\u00e9uni pour faire le point sur les actions en cours (le compte rendu sera bient\u00f4t disponible sur le site internet).<\/p>\n<p>En cl\u00f4ture de ces deux heures de r\u00e9union, la joyeuse \u00e9quipe \u00e0 pu assembler et inaugurer les deux oriflammes compos\u00e9s sous la direction de Nicolas Bouillin.<\/p>\n<p>Ils seront d&rsquo;une grande aide pour habiller notre stand et le rendre plus attrayant lors des divers manifestions o\u00f9 nous pr\u00e9sentons notre association. Ils pourront \u00eatre associ\u00e9s \u00e0 la projection des vid\u00e9os r\u00e9alis\u00e9es par Michel Prat, voire \u00e0 des panneaux d&rsquo;affichage.<\/p>\n<p>Leur premi\u00e8re sortie officielle aura probablement lieu lors des prochaines journ\u00e9es portes ouvertes du lyc\u00e9e&#8230; Venez les admirer !!!<\/p>\n","protected":false},"excerpt":{"rendered":"<p>Comme tous les deux mois environ, le C.A. de l&rsquo;association s&rsquo;est r\u00e9uni pour faire le point sur les actions en cours (le compte rendu sera bient\u00f4t disponible sur le site <a href=\"http:\/\/laprats.fr\/blog\/c-a-du-09-novembre\/\" class=\"more-link\">[&hellip;]<\/a><\/p>\n","protected":false},"author":6,"featured_media":1977,"comment_status":"open","ping_status":"open","sticky":false,"template":"","format":"standard","meta":{"Layout":"","footnotes":""},"categories":[5],"tags":[],"class_list":["entry","author-pascal","post-1978","post","type-post","status-publish","format-standard","has-post-thumbnail","category-info-association"],"yoast_head":"<!-- This site is optimized with the Yoast SEO plugin v27.4 - https:\/\/yoast.com\/product\/yoast-seo-wordpress\/ -->\n<title>C.A. du 09 novembre - Bienvenue<\/title>\n<meta name=\"robots\" content=\"index, follow, max-snippet:-1, max-image-preview:large, max-video-preview:-1\" \/>\n<link rel=\"canonical\" href=\"http:\/\/laprats.fr\/blog\/c-a-du-09-novembre\/\" \/>\n<meta property=\"og:locale\" content=\"fr_FR\" \/>\n<meta property=\"og:type\" content=\"article\" \/>\n<meta property=\"og:title\" content=\"C.A. du 09 novembre - Bienvenue\" \/>\n<meta property=\"og:description\" content=\"Comme tous les deux mois environ, le C.A. de l&rsquo;association s&rsquo;est r\u00e9uni pour faire le point sur les actions en cours (le compte rendu sera bient\u00f4t disponible sur le site [&hellip;]\" \/>\n<meta property=\"og:url\" content=\"http:\/\/laprats.fr\/blog\/c-a-du-09-novembre\/\" \/>\n<meta property=\"og:site_name\" content=\"Bienvenue\" \/>\n<meta property=\"article:publisher\" content=\"https:\/\/fr-fr.facebook.com\/pages\/Association-La-Prats-de-Cluny\/224204740976190?sk=wall\" \/>\n<meta property=\"article:published_time\" content=\"2019-11-11T15:39:49+00:00\" \/>\n<meta property=\"article:modified_time\" content=\"2019-11-11T15:39:50+00:00\" \/>\n<meta property=\"og:image\" content=\"http:\/\/laprats.fr\/blog\/wp-content\/uploads\/2019\/11\/CA20191109-1024x576.jpg\" \/>\n\t<meta property=\"og:image:width\" content=\"1024\" \/>\n\t<meta property=\"og:image:height\" content=\"576\" \/>\n\t<meta property=\"og:image:type\" content=\"image\/jpeg\" \/>\n<meta name=\"author\" content=\"Pascal Gendrot\" \/>\n<meta name=\"twitter:label1\" content=\"\u00c9crit par\" \/>\n\t<meta name=\"twitter:data1\" content=\"Pascal Gendrot\" \/>\n\t<meta name=\"twitter:label2\" content=\"Dur\u00e9e de lecture estim\u00e9e\" \/>\n\t<meta name=\"twitter:data2\" content=\"1 minute\" \/>\n<script type=\"application\/ld+json\" class=\"yoast-schema-graph\">{\"@context\":\"https:\\\/\\\/schema.org\",\"@graph\":[{\"@type\":\"Article\",\"@id\":\"http:\\\/\\\/laprats.fr\\\/blog\\\/c-a-du-09-novembre\\\/#article\",\"isPartOf\":{\"@id\":\"http:\\\/\\\/laprats.fr\\\/blog\\\/c-a-du-09-novembre\\\/\"},\"author\":{\"name\":\"Pascal Gendrot\",\"@id\":\"http:\\\/\\\/laprats.fr\\\/blog\\\/#\\\/schema\\\/person\\\/90a4b4782b20a014cc9b183a4707820c\"},\"headline\":\"C.A. du 09 novembre\",\"datePublished\":\"2019-11-11T15:39:49+00:00\",\"dateModified\":\"2019-11-11T15:39:50+00:00\",\"mainEntityOfPage\":{\"@id\":\"http:\\\/\\\/laprats.fr\\\/blog\\\/c-a-du-09-novembre\\\/\"},\"wordCount\":131,\"commentCount\":0,\"image\":{\"@id\":\"http:\\\/\\\/laprats.fr\\\/blog\\\/c-a-du-09-novembre\\\/#primaryimage\"},\"thumbnailUrl\":\"http:\\\/\\\/laprats.fr\\\/blog\\\/wp-content\\\/uploads\\\/2019\\\/11\\\/CA20191109.jpg\",\"articleSection\":[\"Info association\"],\"inLanguage\":\"fr-FR\",\"potentialAction\":[{\"@type\":\"CommentAction\",\"name\":\"Comment\",\"target\":[\"http:\\\/\\\/laprats.fr\\\/blog\\\/c-a-du-09-novembre\\\/#respond\"]}]},{\"@type\":\"WebPage\",\"@id\":\"http:\\\/\\\/laprats.fr\\\/blog\\\/c-a-du-09-novembre\\\/\",\"url\":\"http:\\\/\\\/laprats.fr\\\/blog\\\/c-a-du-09-novembre\\\/\",\"name\":\"C.A. du 09 novembre - Bienvenue\",\"isPartOf\":{\"@id\":\"http:\\\/\\\/laprats.fr\\\/blog\\\/#website\"},\"primaryImageOfPage\":{\"@id\":\"http:\\\/\\\/laprats.fr\\\/blog\\\/c-a-du-09-novembre\\\/#primaryimage\"},\"image\":{\"@id\":\"http:\\\/\\\/laprats.fr\\\/blog\\\/c-a-du-09-novembre\\\/#primaryimage\"},\"thumbnailUrl\":\"http:\\\/\\\/laprats.fr\\\/blog\\\/wp-content\\\/uploads\\\/2019\\\/11\\\/CA20191109.jpg\",\"datePublished\":\"2019-11-11T15:39:49+00:00\",\"dateModified\":\"2019-11-11T15:39:50+00:00\",\"author\":{\"@id\":\"http:\\\/\\\/laprats.fr\\\/blog\\\/#\\\/schema\\\/person\\\/90a4b4782b20a014cc9b183a4707820c\"},\"breadcrumb\":{\"@id\":\"http:\\\/\\\/laprats.fr\\\/blog\\\/c-a-du-09-novembre\\\/#breadcrumb\"},\"inLanguage\":\"fr-FR\",\"potentialAction\":[{\"@type\":\"ReadAction\",\"target\":[\"http:\\\/\\\/laprats.fr\\\/blog\\\/c-a-du-09-novembre\\\/\"]}]},{\"@type\":\"ImageObject\",\"inLanguage\":\"fr-FR\",\"@id\":\"http:\\\/\\\/laprats.fr\\\/blog\\\/c-a-du-09-novembre\\\/#primaryimage\",\"url\":\"http:\\\/\\\/laprats.fr\\\/blog\\\/wp-content\\\/uploads\\\/2019\\\/11\\\/CA20191109.jpg\",\"contentUrl\":\"http:\\\/\\\/laprats.fr\\\/blog\\\/wp-content\\\/uploads\\\/2019\\\/11\\\/CA20191109.jpg\",\"width\":3840,\"height\":2160},{\"@type\":\"BreadcrumbList\",\"@id\":\"http:\\\/\\\/laprats.fr\\\/blog\\\/c-a-du-09-novembre\\\/#breadcrumb\",\"itemListElement\":[{\"@type\":\"ListItem\",\"position\":1,\"name\":\"Accueil\",\"item\":\"http:\\\/\\\/laprats.fr\\\/blog\\\/\"},{\"@type\":\"ListItem\",\"position\":2,\"name\":\"C.A. du 09 novembre\"}]},{\"@type\":\"WebSite\",\"@id\":\"http:\\\/\\\/laprats.fr\\\/blog\\\/#website\",\"url\":\"http:\\\/\\\/laprats.fr\\\/blog\\\/\",\"name\":\"Bienvenue\",\"description\":\"D&#039;hier et d&#039;aujourd&#039;hui ... pour demain\",\"potentialAction\":[{\"@type\":\"SearchAction\",\"target\":{\"@type\":\"EntryPoint\",\"urlTemplate\":\"http:\\\/\\\/laprats.fr\\\/blog\\\/?s={search_term_string}\"},\"query-input\":{\"@type\":\"PropertyValueSpecification\",\"valueRequired\":true,\"valueName\":\"search_term_string\"}}],\"inLanguage\":\"fr-FR\"},{\"@type\":\"Person\",\"@id\":\"http:\\\/\\\/laprats.fr\\\/blog\\\/#\\\/schema\\\/person\\\/90a4b4782b20a014cc9b183a4707820c\",\"name\":\"Pascal Gendrot\",\"image\":{\"@type\":\"ImageObject\",\"inLanguage\":\"fr-FR\",\"@id\":\"https:\\\/\\\/secure.gravatar.com\\\/avatar\\\/649cd38650031007bbd5ec3c73411225e4a69679f8049c7237814718f484b5c0?s=96&d=mm&r=g\",\"url\":\"https:\\\/\\\/secure.gravatar.com\\\/avatar\\\/649cd38650031007bbd5ec3c73411225e4a69679f8049c7237814718f484b5c0?s=96&d=mm&r=g\",\"contentUrl\":\"https:\\\/\\\/secure.gravatar.com\\\/avatar\\\/649cd38650031007bbd5ec3c73411225e4a69679f8049c7237814718f484b5c0?s=96&d=mm&r=g\",\"caption\":\"Pascal Gendrot\"}}]}<\/script>\n<!-- \/ Yoast SEO plugin. -->","yoast_head_json":{"title":"C.A. du 09 novembre - Bienvenue","robots":{"index":"index","follow":"follow","max-snippet":"max-snippet:-1","max-image-preview":"max-image-preview:large","max-video-preview":"max-video-preview:-1"},"canonical":"http:\/\/laprats.fr\/blog\/c-a-du-09-novembre\/","og_locale":"fr_FR","og_type":"article","og_title":"C.A. du 09 novembre - Bienvenue","og_description":"Comme tous les deux mois environ, le C.A. de l&rsquo;association s&rsquo;est r\u00e9uni pour faire le point sur les actions en cours (le compte rendu sera bient\u00f4t disponible sur le site [&hellip;]","og_url":"http:\/\/laprats.fr\/blog\/c-a-du-09-novembre\/","og_site_name":"Bienvenue","article_publisher":"https:\/\/fr-fr.facebook.com\/pages\/Association-La-Prats-de-Cluny\/224204740976190?sk=wall","article_published_time":"2019-11-11T15:39:49+00:00","article_modified_time":"2019-11-11T15:39:50+00:00","og_image":[{"width":1024,"height":576,"url":"http:\/\/laprats.fr\/blog\/wp-content\/uploads\/2019\/11\/CA20191109-1024x576.jpg","type":"image\/jpeg"}],"author":"Pascal Gendrot","twitter_misc":{"\u00c9crit par":"Pascal Gendrot","Dur\u00e9e de lecture estim\u00e9e":"1 minute"},"schema":{"@context":"https:\/\/schema.org","@graph":[{"@type":"Article","@id":"http:\/\/laprats.fr\/blog\/c-a-du-09-novembre\/#article","isPartOf":{"@id":"http:\/\/laprats.fr\/blog\/c-a-du-09-novembre\/"},"author":{"name":"Pascal Gendrot","@id":"http:\/\/laprats.fr\/blog\/#\/schema\/person\/90a4b4782b20a014cc9b183a4707820c"},"headline":"C.A. du 09 novembre","datePublished":"2019-11-11T15:39:49+00:00","dateModified":"2019-11-11T15:39:50+00:00","mainEntityOfPage":{"@id":"http:\/\/laprats.fr\/blog\/c-a-du-09-novembre\/"},"wordCount":131,"commentCount":0,"image":{"@id":"http:\/\/laprats.fr\/blog\/c-a-du-09-novembre\/#primaryimage"},"thumbnailUrl":"http:\/\/laprats.fr\/blog\/wp-content\/uploads\/2019\/11\/CA20191109.jpg","articleSection":["Info association"],"inLanguage":"fr-FR","potentialAction":[{"@type":"CommentAction","name":"Comment","target":["http:\/\/laprats.fr\/blog\/c-a-du-09-novembre\/#respond"]}]},{"@type":"WebPage","@id":"http:\/\/laprats.fr\/blog\/c-a-du-09-novembre\/","url":"http:\/\/laprats.fr\/blog\/c-a-du-09-novembre\/","name":"C.A. du 09 novembre - Bienvenue","isPartOf":{"@id":"http:\/\/laprats.fr\/blog\/#website"},"primaryImageOfPage":{"@id":"http:\/\/laprats.fr\/blog\/c-a-du-09-novembre\/#primaryimage"},"image":{"@id":"http:\/\/laprats.fr\/blog\/c-a-du-09-novembre\/#primaryimage"},"thumbnailUrl":"http:\/\/laprats.fr\/blog\/wp-content\/uploads\/2019\/11\/CA20191109.jpg","datePublished":"2019-11-11T15:39:49+00:00","dateModified":"2019-11-11T15:39:50+00:00","author":{"@id":"http:\/\/laprats.fr\/blog\/#\/schema\/person\/90a4b4782b20a014cc9b183a4707820c"},"breadcrumb":{"@id":"http:\/\/laprats.fr\/blog\/c-a-du-09-novembre\/#breadcrumb"},"inLanguage":"fr-FR","potentialAction":[{"@type":"ReadAction","target":["http:\/\/laprats.fr\/blog\/c-a-du-09-novembre\/"]}]},{"@type":"ImageObject","inLanguage":"fr-FR","@id":"http:\/\/laprats.fr\/blog\/c-a-du-09-novembre\/#primaryimage","url":"http:\/\/laprats.fr\/blog\/wp-content\/uploads\/2019\/11\/CA20191109.jpg","contentUrl":"http:\/\/laprats.fr\/blog\/wp-content\/uploads\/2019\/11\/CA20191109.jpg","width":3840,"height":2160},{"@type":"BreadcrumbList","@id":"http:\/\/laprats.fr\/blog\/c-a-du-09-novembre\/#breadcrumb","itemListElement":[{"@type":"ListItem","position":1,"name":"Accueil","item":"http:\/\/laprats.fr\/blog\/"},{"@type":"ListItem","position":2,"name":"C.A. du 09 novembre"}]},{"@type":"WebSite","@id":"http:\/\/laprats.fr\/blog\/#website","url":"http:\/\/laprats.fr\/blog\/","name":"Bienvenue","description":"D&#039;hier et d&#039;aujourd&#039;hui ... pour demain","potentialAction":[{"@type":"SearchAction","target":{"@type":"EntryPoint","urlTemplate":"http:\/\/laprats.fr\/blog\/?s={search_term_string}"},"query-input":{"@type":"PropertyValueSpecification","valueRequired":true,"valueName":"search_term_string"}}],"inLanguage":"fr-FR"},{"@type":"Person","@id":"http:\/\/laprats.fr\/blog\/#\/schema\/person\/90a4b4782b20a014cc9b183a4707820c","name":"Pascal Gendrot","image":{"@type":"ImageObject","inLanguage":"fr-FR","@id":"https:\/\/secure.gravatar.com\/avatar\/649cd38650031007bbd5ec3c73411225e4a69679f8049c7237814718f484b5c0?s=96&d=mm&r=g","url":"https:\/\/secure.gravatar.com\/avatar\/649cd38650031007bbd5ec3c73411225e4a69679f8049c7237814718f484b5c0?s=96&d=mm&r=g","contentUrl":"https:\/\/secure.gravatar.com\/avatar\/649cd38650031007bbd5ec3c73411225e4a69679f8049c7237814718f484b5c0?s=96&d=mm&r=g","caption":"Pascal Gendrot"}}]}},"_links":{"self":[{"href":"http:\/\/laprats.fr\/blog\/wp-json\/wp\/v2\/posts\/1978","targetHints":{"allow":["GET"]}}],"collection":[{"href":"http:\/\/laprats.fr\/blog\/wp-json\/wp\/v2\/posts"}],"about":[{"href":"http:\/\/laprats.fr\/blog\/wp-json\/wp\/v2\/types\/post"}],"author":[{"embeddable":true,"href":"http:\/\/laprats.fr\/blog\/wp-json\/wp\/v2\/users\/6"}],"replies":[{"embeddable":true,"href":"http:\/\/laprats.fr\/blog\/wp-json\/wp\/v2\/comments?post=1978"}],"version-history":[{"count":1,"href":"http:\/\/laprats.fr\/blog\/wp-json\/wp\/v2\/posts\/1978\/revisions"}],"predecessor-version":[{"id":1979,"href":"http:\/\/laprats.fr\/blog\/wp-json\/wp\/v2\/posts\/1978\/revisions\/1979"}],"wp:featuredmedia":[{"embeddable":true,"href":"http:\/\/laprats.fr\/blog\/wp-json\/wp\/v2\/media\/1977"}],"wp:attachment":[{"href":"http:\/\/laprats.fr\/blog\/wp-json\/wp\/v2\/media?parent=1978"}],"wp:term":[{"taxonomy":"category","embeddable":true,"href":"http:\/\/laprats.fr\/blog\/wp-json\/wp\/v2\/categories?post=1978"},{"taxonomy":"post_tag","embeddable":true,"href":"http:\/\/laprats.fr\/blog\/wp-json\/wp\/v2\/tags?post=1978"}],"curies":[{"name":"wp","href":"https:\/\/api.w.org\/{rel}","templated":true}]}}