{"id":1973,"date":"2019-10-19T11:17:23","date_gmt":"2019-10-19T09:17:23","guid":{"rendered":"http:\/\/laprats.fr\/blog\/?p=1973"},"modified":"2019-10-19T11:17:24","modified_gmt":"2019-10-19T09:17:24","slug":"remise-des-diplomes-a-la-prats","status":"publish","type":"post","link":"http:\/\/laprats.fr\/blog\/remise-des-diplomes-a-la-prats\/","title":{"rendered":"Remise des dipl\u00f4mes \u00e0 la Prat&rsquo;s"},"content":{"rendered":"\n<p>Ce vendredi 18 octobre, David Chavot et Pierre Vouillon repr\u00e9sentaient notre association lors de la remise officielle des dipl\u00f4mes \u00e0 la Prat&rsquo;s.<\/p>\n<p><a href=\"http:\/\/laprats.fr\/blog\/wp-content\/uploads\/2019\/10\/201910diplome3.jpg\"><img loading=\"lazy\" decoding=\"async\" class=\"size-medium wp-image-1972 aligncenter\" src=\"http:\/\/laprats.fr\/blog\/wp-content\/uploads\/2019\/10\/201910diplome3-300x225.jpg\" alt=\"\" width=\"300\" height=\"225\" srcset=\"http:\/\/laprats.fr\/blog\/wp-content\/uploads\/2019\/10\/201910diplome3-300x225.jpg 300w, http:\/\/laprats.fr\/blog\/wp-content\/uploads\/2019\/10\/201910diplome3-768x576.jpg 768w, http:\/\/laprats.fr\/blog\/wp-content\/uploads\/2019\/10\/201910diplome3-175x131.jpg 175w, http:\/\/laprats.fr\/blog\/wp-content\/uploads\/2019\/10\/201910diplome3-667x500.jpg 667w, http:\/\/laprats.fr\/blog\/wp-content\/uploads\/2019\/10\/201910diplome3.jpg 1008w\" sizes=\"auto, (max-width: 300px) 100vw, 300px\" \/><\/a><\/p>\n<p>Nous avions choisi cette ann\u00e9e de remettre aux nouveaux titulaires du Baccalaur\u00e9at et du Brevet de Technicien Sup\u00e9rieur un souvenir de leur passage au lyc\u00e9e, sous la forme d&rsquo;une reproduction d&rsquo;un plan du lyc\u00e9e dessin\u00e9 par Michel Bouillot.<\/p>\n<p>Nous renouvelons toutes nos f\u00e9licitations aux Prat&rsquo;sien(ne)s pour leur r\u00e9ussite et nous leur souhaitons de poursuivre leurs \u00e9tudes ou leurs carri\u00e8res professionnelles sur la m\u00eame lanc\u00e9e.<\/p>\n<h2 style=\"text-align: center;\"><strong>Bravo \u00e0 Toutes et \u00e0 Tous !<\/strong><\/h2>\n","protected":false},"excerpt":{"rendered":"<p>Ce vendredi 18 octobre, David Chavot et Pierre Vouillon repr\u00e9sentaient notre association lors de la remise officielle des dipl\u00f4mes \u00e0 la Prat&rsquo;s. Nous avions choisi cette ann\u00e9e de remettre aux <a href=\"http:\/\/laprats.fr\/blog\/remise-des-diplomes-a-la-prats\/\" class=\"more-link\">[&hellip;]<\/a><\/p>\n","protected":false},"author":6,"featured_media":1970,"comment_status":"open","ping_status":"open","sticky":false,"template":"","format":"standard","meta":{"Layout":"","footnotes":""},"categories":[5],"tags":[],"class_list":["entry","author-pascal","post-1973","post","type-post","status-publish","format-standard","has-post-thumbnail","category-info-association"],"yoast_head":"<!-- This site is optimized with the Yoast SEO plugin v27.4 - https:\/\/yoast.com\/product\/yoast-seo-wordpress\/ -->\n<title>Remise des dipl\u00f4mes \u00e0 la Prat&#039;s - Bienvenue<\/title>\n<meta name=\"robots\" content=\"index, follow, max-snippet:-1, max-image-preview:large, max-video-preview:-1\" \/>\n<link rel=\"canonical\" href=\"https:\/\/laprats.fr\/blog\/remise-des-diplomes-a-la-prats\/\" \/>\n<meta property=\"og:locale\" content=\"fr_FR\" \/>\n<meta property=\"og:type\" content=\"article\" \/>\n<meta property=\"og:title\" content=\"Remise des dipl\u00f4mes \u00e0 la Prat&#039;s - Bienvenue\" \/>\n<meta property=\"og:description\" content=\"Ce vendredi 18 octobre, David Chavot et Pierre Vouillon repr\u00e9sentaient notre association lors de la remise officielle des dipl\u00f4mes \u00e0 la Prat&rsquo;s. Nous avions choisi cette ann\u00e9e de remettre aux [&hellip;]\" \/>\n<meta property=\"og:url\" content=\"https:\/\/laprats.fr\/blog\/remise-des-diplomes-a-la-prats\/\" \/>\n<meta property=\"og:site_name\" content=\"Bienvenue\" \/>\n<meta property=\"article:publisher\" content=\"https:\/\/fr-fr.facebook.com\/pages\/Association-La-Prats-de-Cluny\/224204740976190?sk=wall\" \/>\n<meta property=\"article:published_time\" content=\"2019-10-19T09:17:23+00:00\" \/>\n<meta property=\"article:modified_time\" content=\"2019-10-19T09:17:24+00:00\" \/>\n<meta property=\"og:image\" content=\"https:\/\/laprats.fr\/blog\/wp-content\/uploads\/2019\/10\/201910diplome1.jpg\" \/>\n\t<meta property=\"og:image:width\" content=\"1008\" \/>\n\t<meta property=\"og:image:height\" content=\"756\" \/>\n\t<meta property=\"og:image:type\" content=\"image\/jpeg\" \/>\n<meta name=\"author\" content=\"Pascal Gendrot\" \/>\n<meta name=\"twitter:label1\" content=\"\u00c9crit par\" \/>\n\t<meta name=\"twitter:data1\" content=\"Pascal Gendrot\" \/>\n\t<meta name=\"twitter:label2\" content=\"Dur\u00e9e de lecture estim\u00e9e\" \/>\n\t<meta name=\"twitter:data2\" content=\"1 minute\" \/>\n<script type=\"application\/ld+json\" class=\"yoast-schema-graph\">{\"@context\":\"https:\\\/\\\/schema.org\",\"@graph\":[{\"@type\":\"Article\",\"@id\":\"https:\\\/\\\/laprats.fr\\\/blog\\\/remise-des-diplomes-a-la-prats\\\/#article\",\"isPartOf\":{\"@id\":\"https:\\\/\\\/laprats.fr\\\/blog\\\/remise-des-diplomes-a-la-prats\\\/\"},\"author\":{\"name\":\"Pascal Gendrot\",\"@id\":\"http:\\\/\\\/laprats.fr\\\/blog\\\/#\\\/schema\\\/person\\\/90a4b4782b20a014cc9b183a4707820c\"},\"headline\":\"Remise des dipl\u00f4mes \u00e0 la Prat&rsquo;s\",\"datePublished\":\"2019-10-19T09:17:23+00:00\",\"dateModified\":\"2019-10-19T09:17:24+00:00\",\"mainEntityOfPage\":{\"@id\":\"https:\\\/\\\/laprats.fr\\\/blog\\\/remise-des-diplomes-a-la-prats\\\/\"},\"wordCount\":108,\"commentCount\":0,\"image\":{\"@id\":\"https:\\\/\\\/laprats.fr\\\/blog\\\/remise-des-diplomes-a-la-prats\\\/#primaryimage\"},\"thumbnailUrl\":\"http:\\\/\\\/laprats.fr\\\/blog\\\/wp-content\\\/uploads\\\/2019\\\/10\\\/201910diplome1.jpg\",\"articleSection\":[\"Info association\"],\"inLanguage\":\"fr-FR\",\"potentialAction\":[{\"@type\":\"CommentAction\",\"name\":\"Comment\",\"target\":[\"https:\\\/\\\/laprats.fr\\\/blog\\\/remise-des-diplomes-a-la-prats\\\/#respond\"]}]},{\"@type\":\"WebPage\",\"@id\":\"https:\\\/\\\/laprats.fr\\\/blog\\\/remise-des-diplomes-a-la-prats\\\/\",\"url\":\"https:\\\/\\\/laprats.fr\\\/blog\\\/remise-des-diplomes-a-la-prats\\\/\",\"name\":\"Remise des dipl\u00f4mes \u00e0 la Prat's - Bienvenue\",\"isPartOf\":{\"@id\":\"http:\\\/\\\/laprats.fr\\\/blog\\\/#website\"},\"primaryImageOfPage\":{\"@id\":\"https:\\\/\\\/laprats.fr\\\/blog\\\/remise-des-diplomes-a-la-prats\\\/#primaryimage\"},\"image\":{\"@id\":\"https:\\\/\\\/laprats.fr\\\/blog\\\/remise-des-diplomes-a-la-prats\\\/#primaryimage\"},\"thumbnailUrl\":\"http:\\\/\\\/laprats.fr\\\/blog\\\/wp-content\\\/uploads\\\/2019\\\/10\\\/201910diplome1.jpg\",\"datePublished\":\"2019-10-19T09:17:23+00:00\",\"dateModified\":\"2019-10-19T09:17:24+00:00\",\"author\":{\"@id\":\"http:\\\/\\\/laprats.fr\\\/blog\\\/#\\\/schema\\\/person\\\/90a4b4782b20a014cc9b183a4707820c\"},\"breadcrumb\":{\"@id\":\"https:\\\/\\\/laprats.fr\\\/blog\\\/remise-des-diplomes-a-la-prats\\\/#breadcrumb\"},\"inLanguage\":\"fr-FR\",\"potentialAction\":[{\"@type\":\"ReadAction\",\"target\":[\"https:\\\/\\\/laprats.fr\\\/blog\\\/remise-des-diplomes-a-la-prats\\\/\"]}]},{\"@type\":\"ImageObject\",\"inLanguage\":\"fr-FR\",\"@id\":\"https:\\\/\\\/laprats.fr\\\/blog\\\/remise-des-diplomes-a-la-prats\\\/#primaryimage\",\"url\":\"http:\\\/\\\/laprats.fr\\\/blog\\\/wp-content\\\/uploads\\\/2019\\\/10\\\/201910diplome1.jpg\",\"contentUrl\":\"http:\\\/\\\/laprats.fr\\\/blog\\\/wp-content\\\/uploads\\\/2019\\\/10\\\/201910diplome1.jpg\",\"width\":1008,\"height\":756},{\"@type\":\"BreadcrumbList\",\"@id\":\"https:\\\/\\\/laprats.fr\\\/blog\\\/remise-des-diplomes-a-la-prats\\\/#breadcrumb\",\"itemListElement\":[{\"@type\":\"ListItem\",\"position\":1,\"name\":\"Accueil\",\"item\":\"http:\\\/\\\/laprats.fr\\\/blog\\\/\"},{\"@type\":\"ListItem\",\"position\":2,\"name\":\"Remise des dipl\u00f4mes \u00e0 la Prat&rsquo;s\"}]},{\"@type\":\"WebSite\",\"@id\":\"http:\\\/\\\/laprats.fr\\\/blog\\\/#website\",\"url\":\"http:\\\/\\\/laprats.fr\\\/blog\\\/\",\"name\":\"Bienvenue\",\"description\":\"D&#039;hier et d&#039;aujourd&#039;hui ... pour demain\",\"potentialAction\":[{\"@type\":\"SearchAction\",\"target\":{\"@type\":\"EntryPoint\",\"urlTemplate\":\"http:\\\/\\\/laprats.fr\\\/blog\\\/?s={search_term_string}\"},\"query-input\":{\"@type\":\"PropertyValueSpecification\",\"valueRequired\":true,\"valueName\":\"search_term_string\"}}],\"inLanguage\":\"fr-FR\"},{\"@type\":\"Person\",\"@id\":\"http:\\\/\\\/laprats.fr\\\/blog\\\/#\\\/schema\\\/person\\\/90a4b4782b20a014cc9b183a4707820c\",\"name\":\"Pascal Gendrot\",\"image\":{\"@type\":\"ImageObject\",\"inLanguage\":\"fr-FR\",\"@id\":\"https:\\\/\\\/secure.gravatar.com\\\/avatar\\\/649cd38650031007bbd5ec3c73411225e4a69679f8049c7237814718f484b5c0?s=96&d=mm&r=g\",\"url\":\"https:\\\/\\\/secure.gravatar.com\\\/avatar\\\/649cd38650031007bbd5ec3c73411225e4a69679f8049c7237814718f484b5c0?s=96&d=mm&r=g\",\"contentUrl\":\"https:\\\/\\\/secure.gravatar.com\\\/avatar\\\/649cd38650031007bbd5ec3c73411225e4a69679f8049c7237814718f484b5c0?s=96&d=mm&r=g\",\"caption\":\"Pascal Gendrot\"}}]}<\/script>\n<!-- \/ Yoast SEO plugin. -->","yoast_head_json":{"title":"Remise des dipl\u00f4mes \u00e0 la Prat's - Bienvenue","robots":{"index":"index","follow":"follow","max-snippet":"max-snippet:-1","max-image-preview":"max-image-preview:large","max-video-preview":"max-video-preview:-1"},"canonical":"https:\/\/laprats.fr\/blog\/remise-des-diplomes-a-la-prats\/","og_locale":"fr_FR","og_type":"article","og_title":"Remise des dipl\u00f4mes \u00e0 la Prat's - Bienvenue","og_description":"Ce vendredi 18 octobre, David Chavot et Pierre Vouillon repr\u00e9sentaient notre association lors de la remise officielle des dipl\u00f4mes \u00e0 la Prat&rsquo;s. Nous avions choisi cette ann\u00e9e de remettre aux [&hellip;]","og_url":"https:\/\/laprats.fr\/blog\/remise-des-diplomes-a-la-prats\/","og_site_name":"Bienvenue","article_publisher":"https:\/\/fr-fr.facebook.com\/pages\/Association-La-Prats-de-Cluny\/224204740976190?sk=wall","article_published_time":"2019-10-19T09:17:23+00:00","article_modified_time":"2019-10-19T09:17:24+00:00","og_image":[{"width":1008,"height":756,"url":"https:\/\/laprats.fr\/blog\/wp-content\/uploads\/2019\/10\/201910diplome1.jpg","type":"image\/jpeg"}],"author":"Pascal Gendrot","twitter_misc":{"\u00c9crit par":"Pascal Gendrot","Dur\u00e9e de lecture estim\u00e9e":"1 minute"},"schema":{"@context":"https:\/\/schema.org","@graph":[{"@type":"Article","@id":"https:\/\/laprats.fr\/blog\/remise-des-diplomes-a-la-prats\/#article","isPartOf":{"@id":"https:\/\/laprats.fr\/blog\/remise-des-diplomes-a-la-prats\/"},"author":{"name":"Pascal Gendrot","@id":"http:\/\/laprats.fr\/blog\/#\/schema\/person\/90a4b4782b20a014cc9b183a4707820c"},"headline":"Remise des dipl\u00f4mes \u00e0 la Prat&rsquo;s","datePublished":"2019-10-19T09:17:23+00:00","dateModified":"2019-10-19T09:17:24+00:00","mainEntityOfPage":{"@id":"https:\/\/laprats.fr\/blog\/remise-des-diplomes-a-la-prats\/"},"wordCount":108,"commentCount":0,"image":{"@id":"https:\/\/laprats.fr\/blog\/remise-des-diplomes-a-la-prats\/#primaryimage"},"thumbnailUrl":"http:\/\/laprats.fr\/blog\/wp-content\/uploads\/2019\/10\/201910diplome1.jpg","articleSection":["Info association"],"inLanguage":"fr-FR","potentialAction":[{"@type":"CommentAction","name":"Comment","target":["https:\/\/laprats.fr\/blog\/remise-des-diplomes-a-la-prats\/#respond"]}]},{"@type":"WebPage","@id":"https:\/\/laprats.fr\/blog\/remise-des-diplomes-a-la-prats\/","url":"https:\/\/laprats.fr\/blog\/remise-des-diplomes-a-la-prats\/","name":"Remise des dipl\u00f4mes \u00e0 la Prat's - Bienvenue","isPartOf":{"@id":"http:\/\/laprats.fr\/blog\/#website"},"primaryImageOfPage":{"@id":"https:\/\/laprats.fr\/blog\/remise-des-diplomes-a-la-prats\/#primaryimage"},"image":{"@id":"https:\/\/laprats.fr\/blog\/remise-des-diplomes-a-la-prats\/#primaryimage"},"thumbnailUrl":"http:\/\/laprats.fr\/blog\/wp-content\/uploads\/2019\/10\/201910diplome1.jpg","datePublished":"2019-10-19T09:17:23+00:00","dateModified":"2019-10-19T09:17:24+00:00","author":{"@id":"http:\/\/laprats.fr\/blog\/#\/schema\/person\/90a4b4782b20a014cc9b183a4707820c"},"breadcrumb":{"@id":"https:\/\/laprats.fr\/blog\/remise-des-diplomes-a-la-prats\/#breadcrumb"},"inLanguage":"fr-FR","potentialAction":[{"@type":"ReadAction","target":["https:\/\/laprats.fr\/blog\/remise-des-diplomes-a-la-prats\/"]}]},{"@type":"ImageObject","inLanguage":"fr-FR","@id":"https:\/\/laprats.fr\/blog\/remise-des-diplomes-a-la-prats\/#primaryimage","url":"http:\/\/laprats.fr\/blog\/wp-content\/uploads\/2019\/10\/201910diplome1.jpg","contentUrl":"http:\/\/laprats.fr\/blog\/wp-content\/uploads\/2019\/10\/201910diplome1.jpg","width":1008,"height":756},{"@type":"BreadcrumbList","@id":"https:\/\/laprats.fr\/blog\/remise-des-diplomes-a-la-prats\/#breadcrumb","itemListElement":[{"@type":"ListItem","position":1,"name":"Accueil","item":"http:\/\/laprats.fr\/blog\/"},{"@type":"ListItem","position":2,"name":"Remise des dipl\u00f4mes \u00e0 la Prat&rsquo;s"}]},{"@type":"WebSite","@id":"http:\/\/laprats.fr\/blog\/#website","url":"http:\/\/laprats.fr\/blog\/","name":"Bienvenue","description":"D&#039;hier et d&#039;aujourd&#039;hui ... pour demain","potentialAction":[{"@type":"SearchAction","target":{"@type":"EntryPoint","urlTemplate":"http:\/\/laprats.fr\/blog\/?s={search_term_string}"},"query-input":{"@type":"PropertyValueSpecification","valueRequired":true,"valueName":"search_term_string"}}],"inLanguage":"fr-FR"},{"@type":"Person","@id":"http:\/\/laprats.fr\/blog\/#\/schema\/person\/90a4b4782b20a014cc9b183a4707820c","name":"Pascal Gendrot","image":{"@type":"ImageObject","inLanguage":"fr-FR","@id":"https:\/\/secure.gravatar.com\/avatar\/649cd38650031007bbd5ec3c73411225e4a69679f8049c7237814718f484b5c0?s=96&d=mm&r=g","url":"https:\/\/secure.gravatar.com\/avatar\/649cd38650031007bbd5ec3c73411225e4a69679f8049c7237814718f484b5c0?s=96&d=mm&r=g","contentUrl":"https:\/\/secure.gravatar.com\/avatar\/649cd38650031007bbd5ec3c73411225e4a69679f8049c7237814718f484b5c0?s=96&d=mm&r=g","caption":"Pascal Gendrot"}}]}},"_links":{"self":[{"href":"http:\/\/laprats.fr\/blog\/wp-json\/wp\/v2\/posts\/1973","targetHints":{"allow":["GET"]}}],"collection":[{"href":"http:\/\/laprats.fr\/blog\/wp-json\/wp\/v2\/posts"}],"about":[{"href":"http:\/\/laprats.fr\/blog\/wp-json\/wp\/v2\/types\/post"}],"author":[{"embeddable":true,"href":"http:\/\/laprats.fr\/blog\/wp-json\/wp\/v2\/users\/6"}],"replies":[{"embeddable":true,"href":"http:\/\/laprats.fr\/blog\/wp-json\/wp\/v2\/comments?post=1973"}],"version-history":[{"count":1,"href":"http:\/\/laprats.fr\/blog\/wp-json\/wp\/v2\/posts\/1973\/revisions"}],"predecessor-version":[{"id":1974,"href":"http:\/\/laprats.fr\/blog\/wp-json\/wp\/v2\/posts\/1973\/revisions\/1974"}],"wp:featuredmedia":[{"embeddable":true,"href":"http:\/\/laprats.fr\/blog\/wp-json\/wp\/v2\/media\/1970"}],"wp:attachment":[{"href":"http:\/\/laprats.fr\/blog\/wp-json\/wp\/v2\/media?parent=1973"}],"wp:term":[{"taxonomy":"category","embeddable":true,"href":"http:\/\/laprats.fr\/blog\/wp-json\/wp\/v2\/categories?post=1973"},{"taxonomy":"post_tag","embeddable":true,"href":"http:\/\/laprats.fr\/blog\/wp-json\/wp\/v2\/tags?post=1973"}],"curies":[{"name":"wp","href":"https:\/\/api.w.org\/{rel}","templated":true}]}}