{"id":1963,"date":"2019-10-06T11:34:52","date_gmt":"2019-10-06T09:34:52","guid":{"rendered":"http:\/\/laprats.fr\/blog\/?p=1963"},"modified":"2019-10-06T20:04:26","modified_gmt":"2019-10-06T18:04:26","slug":"ago-2019-de-belles-rencontres-a-la-prats","status":"publish","type":"post","link":"http:\/\/laprats.fr\/blog\/ago-2019-de-belles-rencontres-a-la-prats\/","title":{"rendered":"AGO 2019 de belles rencontres \u00e0 la Prat&rsquo;s"},"content":{"rendered":"\n<p>Ce samedi 5 octobre 2019 s&rsquo;est tenue notre Assembl\u00e9e G\u00e9n\u00e9rale annuelle. Bien que moins nombreux qu&rsquo;en 2018 nous avons pass\u00e9 une tr\u00e8s belle journ\u00e9e.<\/p>\n<p>Apr\u00e8s un pot de bienvenue offert par le lyc\u00e9e, que nous remercions vivement pour son accueil et pour l&rsquo;int\u00e9r\u00eat port\u00e9 \u00e0 notre association, la r\u00e9union peut commencer.<\/p>\n<p><a href=\"http:\/\/laprats.fr\/blog\/wp-content\/uploads\/2019\/10\/AG2019-3.jpg\"><img loading=\"lazy\" decoding=\"async\" class=\"alignnone  wp-image-1952\" src=\"http:\/\/laprats.fr\/blog\/wp-content\/uploads\/2019\/10\/AG2019-3-300x200.jpg\" alt=\"\" width=\"246\" height=\"164\" srcset=\"http:\/\/laprats.fr\/blog\/wp-content\/uploads\/2019\/10\/AG2019-3-300x200.jpg 300w, http:\/\/laprats.fr\/blog\/wp-content\/uploads\/2019\/10\/AG2019-3-768x512.jpg 768w, http:\/\/laprats.fr\/blog\/wp-content\/uploads\/2019\/10\/AG2019-3-1024x683.jpg 1024w, http:\/\/laprats.fr\/blog\/wp-content\/uploads\/2019\/10\/AG2019-3-750x500.jpg 750w, http:\/\/laprats.fr\/blog\/wp-content\/uploads\/2019\/10\/AG2019-3.jpg 1152w\" sizes=\"auto, (max-width: 246px) 100vw, 246px\" \/><\/a> <a href=\"http:\/\/laprats.fr\/blog\/wp-content\/uploads\/2019\/10\/AG2019-4.jpg\"><img loading=\"lazy\" decoding=\"async\" class=\"alignnone  wp-image-1953\" src=\"http:\/\/laprats.fr\/blog\/wp-content\/uploads\/2019\/10\/AG2019-4-300x200.jpg\" alt=\"\" width=\"249\" height=\"166\" srcset=\"http:\/\/laprats.fr\/blog\/wp-content\/uploads\/2019\/10\/AG2019-4-300x200.jpg 300w, http:\/\/laprats.fr\/blog\/wp-content\/uploads\/2019\/10\/AG2019-4-768x512.jpg 768w, http:\/\/laprats.fr\/blog\/wp-content\/uploads\/2019\/10\/AG2019-4-1024x683.jpg 1024w, http:\/\/laprats.fr\/blog\/wp-content\/uploads\/2019\/10\/AG2019-4-750x500.jpg 750w, http:\/\/laprats.fr\/blog\/wp-content\/uploads\/2019\/10\/AG2019-4.jpg 1152w\" sizes=\"auto, (max-width: 249px) 100vw, 249px\" \/><\/a><\/p>\n<p>Notre pr\u00e9sident et diff\u00e9rents acteurs de l&rsquo;association exposent les actions men\u00e9es sur l&rsquo;ann\u00e9e \u00e9coul\u00e9e et les projets \u00e0 venir (plus de d\u00e9tails dans le compte rendu qui paraitra dans les prochains jours ).<\/p>\n<p>Le Proviseur adjoint nous parle des r\u00e9sultats du bac, des travaux de r\u00e9novation du lyc\u00e9e et du projet Erasmus.<\/p>\n<p>Un \u00e9l\u00e8ve, tr\u00e8s impliqu\u00e9 dans les associations du lyc\u00e9e, nous parle de celles-ci ainsi que de toutes les actions men\u00e9es par les \u00e9l\u00e8ves. Comme le fait remarquer un ancien, les Prat&rsquo;sien actuels sont beaucoup plus impliqu\u00e9s dans des activit\u00e9s &lsquo;extra-scolaires&rsquo; et plus ouverts au monde que nous ne l&rsquo;\u00e9tions.<\/p>\n<p>Les trois nouveaux anciens,venant pour la premi\u00e8re fois \u00e0 notre AG, se pr\u00e9sentent \u00e0 l&rsquo;assembl\u00e9e.<\/p>\n<p>Apr\u00e8s l&rsquo;AG rendez-vous est donn\u00e9 devant le monument aux morts du lyc\u00e9e pour le traditionnel d\u00e9p\u00f4t de gerbe.<\/p>\n<p><a href=\"http:\/\/laprats.fr\/blog\/wp-content\/uploads\/2019\/10\/AG2019-5.jpg\"><img loading=\"lazy\" decoding=\"async\" class=\"alignnone  wp-image-1954\" src=\"http:\/\/laprats.fr\/blog\/wp-content\/uploads\/2019\/10\/AG2019-5-300x200.jpg\" alt=\"\" width=\"285\" height=\"190\" srcset=\"http:\/\/laprats.fr\/blog\/wp-content\/uploads\/2019\/10\/AG2019-5-300x200.jpg 300w, http:\/\/laprats.fr\/blog\/wp-content\/uploads\/2019\/10\/AG2019-5-768x512.jpg 768w, http:\/\/laprats.fr\/blog\/wp-content\/uploads\/2019\/10\/AG2019-5-1024x683.jpg 1024w, http:\/\/laprats.fr\/blog\/wp-content\/uploads\/2019\/10\/AG2019-5-750x500.jpg 750w, http:\/\/laprats.fr\/blog\/wp-content\/uploads\/2019\/10\/AG2019-5.jpg 1152w\" sizes=\"auto, (max-width: 285px) 100vw, 285px\" \/><\/a> <a href=\"http:\/\/laprats.fr\/blog\/wp-content\/uploads\/2019\/10\/AG2019-6.jpg\"><img loading=\"lazy\" decoding=\"async\" class=\"alignnone  wp-image-1955\" src=\"http:\/\/laprats.fr\/blog\/wp-content\/uploads\/2019\/10\/AG2019-6-300x200.jpg\" alt=\"\" width=\"282\" height=\"188\" srcset=\"http:\/\/laprats.fr\/blog\/wp-content\/uploads\/2019\/10\/AG2019-6-300x200.jpg 300w, http:\/\/laprats.fr\/blog\/wp-content\/uploads\/2019\/10\/AG2019-6-768x512.jpg 768w, http:\/\/laprats.fr\/blog\/wp-content\/uploads\/2019\/10\/AG2019-6-1024x683.jpg 1024w, http:\/\/laprats.fr\/blog\/wp-content\/uploads\/2019\/10\/AG2019-6-750x500.jpg 750w, http:\/\/laprats.fr\/blog\/wp-content\/uploads\/2019\/10\/AG2019-6.jpg 1152w\" sizes=\"auto, (max-width: 282px) 100vw, 282px\" \/><\/a><\/p>\n<p>C&rsquo;est notre jeune prat&rsquo;sien, accompagn\u00e9 du Pr\u00e9sident et du Pr\u00e9sident d&rsquo;honneur de l&rsquo;association, qui officie.<\/p>\n<p>Le groupe se scinde ensuite en deux. Le premier compos\u00e9 des habitu\u00e9s se dirige vers le r\u00e9fectoire pour prendre l&rsquo;ap\u00e9ritif offert par le lyc\u00e9e, le second, accompagn\u00e9 par Monsieur le Proviseur Adjoint r\u00e9alise une petite visite du lyc\u00e9e avant de rejoindre le premier groupe.<\/p>\n<p>Un repas pr\u00e9par\u00e9 et servi par l&rsquo;\u00e9quipe de cuisine du lyc\u00e9e nous attends ensuite. Chacun s&rsquo;accorde \u00e0 dire que la qualit\u00e9 des plats et du service montre un savoir faire comparable \u00e0 celui d&rsquo;un restaurant gastronomique.<\/p>\n<p><a href=\"http:\/\/laprats.fr\/blog\/wp-content\/uploads\/2019\/10\/AG2019-10.jpg\"><img loading=\"lazy\" decoding=\"async\" class=\"alignnone  wp-image-1959\" src=\"http:\/\/laprats.fr\/blog\/wp-content\/uploads\/2019\/10\/AG2019-10-300x200.jpg\" alt=\"\" width=\"269\" height=\"179\" srcset=\"http:\/\/laprats.fr\/blog\/wp-content\/uploads\/2019\/10\/AG2019-10-300x200.jpg 300w, http:\/\/laprats.fr\/blog\/wp-content\/uploads\/2019\/10\/AG2019-10-768x512.jpg 768w, http:\/\/laprats.fr\/blog\/wp-content\/uploads\/2019\/10\/AG2019-10-1024x683.jpg 1024w, http:\/\/laprats.fr\/blog\/wp-content\/uploads\/2019\/10\/AG2019-10-750x500.jpg 750w, http:\/\/laprats.fr\/blog\/wp-content\/uploads\/2019\/10\/AG2019-10.jpg 1152w\" sizes=\"auto, (max-width: 269px) 100vw, 269px\" \/><\/a> <a href=\"http:\/\/laprats.fr\/blog\/wp-content\/uploads\/2019\/10\/AG2019-9.jpg\"><img loading=\"lazy\" decoding=\"async\" class=\"alignnone  wp-image-1958\" src=\"http:\/\/laprats.fr\/blog\/wp-content\/uploads\/2019\/10\/AG2019-9-300x200.jpg\" alt=\"\" width=\"267\" height=\"178\" srcset=\"http:\/\/laprats.fr\/blog\/wp-content\/uploads\/2019\/10\/AG2019-9-300x200.jpg 300w, http:\/\/laprats.fr\/blog\/wp-content\/uploads\/2019\/10\/AG2019-9-768x512.jpg 768w, http:\/\/laprats.fr\/blog\/wp-content\/uploads\/2019\/10\/AG2019-9-1024x683.jpg 1024w, http:\/\/laprats.fr\/blog\/wp-content\/uploads\/2019\/10\/AG2019-9-750x500.jpg 750w, http:\/\/laprats.fr\/blog\/wp-content\/uploads\/2019\/10\/AG2019-9.jpg 1152w\" sizes=\"auto, (max-width: 267px) 100vw, 267px\" \/><\/a><\/p>\n<p><a href=\"http:\/\/laprats.fr\/blog\/wp-content\/uploads\/2019\/10\/AG2019-11.jpg\"><img loading=\"lazy\" decoding=\"async\" class=\"alignnone  wp-image-1960\" src=\"http:\/\/laprats.fr\/blog\/wp-content\/uploads\/2019\/10\/AG2019-11-300x200.jpg\" alt=\"\" width=\"269\" height=\"179\" srcset=\"http:\/\/laprats.fr\/blog\/wp-content\/uploads\/2019\/10\/AG2019-11-300x200.jpg 300w, http:\/\/laprats.fr\/blog\/wp-content\/uploads\/2019\/10\/AG2019-11-768x512.jpg 768w, http:\/\/laprats.fr\/blog\/wp-content\/uploads\/2019\/10\/AG2019-11-1024x683.jpg 1024w, http:\/\/laprats.fr\/blog\/wp-content\/uploads\/2019\/10\/AG2019-11-750x500.jpg 750w, http:\/\/laprats.fr\/blog\/wp-content\/uploads\/2019\/10\/AG2019-11.jpg 1152w\" sizes=\"auto, (max-width: 269px) 100vw, 269px\" \/> <\/a><a href=\"http:\/\/laprats.fr\/blog\/wp-content\/uploads\/2019\/10\/AG2019-8.jpg\"><img loading=\"lazy\" decoding=\"async\" class=\"alignnone  wp-image-1957\" src=\"http:\/\/laprats.fr\/blog\/wp-content\/uploads\/2019\/10\/AG2019-8-300x200.jpg\" alt=\"\" width=\"266\" height=\"177\" srcset=\"http:\/\/laprats.fr\/blog\/wp-content\/uploads\/2019\/10\/AG2019-8-300x200.jpg 300w, http:\/\/laprats.fr\/blog\/wp-content\/uploads\/2019\/10\/AG2019-8-768x512.jpg 768w, http:\/\/laprats.fr\/blog\/wp-content\/uploads\/2019\/10\/AG2019-8-1024x683.jpg 1024w, http:\/\/laprats.fr\/blog\/wp-content\/uploads\/2019\/10\/AG2019-8-750x500.jpg 750w, http:\/\/laprats.fr\/blog\/wp-content\/uploads\/2019\/10\/AG2019-8.jpg 1152w\" sizes=\"auto, (max-width: 266px) 100vw, 266px\" \/><\/a><\/p>\n<p>Aux environs de 16h30 nous laissons les lieux aux personnels du lyc\u00e9e qui n&rsquo;ont pas termin\u00e9 leur journ\u00e9e et doivent encore d\u00e9barrasser les reliefs de cet excellent repas.<\/p>\n<p>Quelques courageux finiront l&rsquo;apr\u00e8s-midi par une d\u00e9gustation chez <a href=\"https:\/\/www.facebook.com\/pg\/Domaine-Christophe-Perrin-1452556538304055\/posts\/\" target=\"_blank\" rel=\"noopener noreferrer\">Christophe Perrin<\/a> viticulteur \u00e0 Chazeux. Nous arrivons en pleine p\u00e9riode de transformation du raisin, fruit d&rsquo;un travail de 10 mois. Madame Perrin nous donne toutes les explications pour comprendre l&rsquo;origine du go\u00fbt du vin, fruit du terroir, du travail et du savoir faire du viticulteur.<\/p>\n<p><a href=\"http:\/\/laprats.fr\/blog\/wp-content\/uploads\/2019\/10\/AG2019-13.jpg\"><img loading=\"lazy\" decoding=\"async\" class=\"alignnone  wp-image-1962\" src=\"http:\/\/laprats.fr\/blog\/wp-content\/uploads\/2019\/10\/AG2019-13-300x200.jpg\" alt=\"\" width=\"275\" height=\"183\" srcset=\"http:\/\/laprats.fr\/blog\/wp-content\/uploads\/2019\/10\/AG2019-13-300x200.jpg 300w, http:\/\/laprats.fr\/blog\/wp-content\/uploads\/2019\/10\/AG2019-13-768x512.jpg 768w, http:\/\/laprats.fr\/blog\/wp-content\/uploads\/2019\/10\/AG2019-13-1024x683.jpg 1024w, http:\/\/laprats.fr\/blog\/wp-content\/uploads\/2019\/10\/AG2019-13-750x500.jpg 750w, http:\/\/laprats.fr\/blog\/wp-content\/uploads\/2019\/10\/AG2019-13.jpg 1152w\" sizes=\"auto, (max-width: 275px) 100vw, 275px\" \/><\/a><a href=\"http:\/\/laprats.fr\/blog\/wp-content\/uploads\/2019\/10\/AG2019-2.jpg\"> <img loading=\"lazy\" decoding=\"async\" class=\"alignnone  wp-image-1951\" src=\"http:\/\/laprats.fr\/blog\/wp-content\/uploads\/2019\/10\/AG2019-2-300x200.jpg\" alt=\"\" width=\"276\" height=\"184\" srcset=\"http:\/\/laprats.fr\/blog\/wp-content\/uploads\/2019\/10\/AG2019-2-300x200.jpg 300w, http:\/\/laprats.fr\/blog\/wp-content\/uploads\/2019\/10\/AG2019-2-768x512.jpg 768w, http:\/\/laprats.fr\/blog\/wp-content\/uploads\/2019\/10\/AG2019-2-1024x683.jpg 1024w, http:\/\/laprats.fr\/blog\/wp-content\/uploads\/2019\/10\/AG2019-2-750x500.jpg 750w, http:\/\/laprats.fr\/blog\/wp-content\/uploads\/2019\/10\/AG2019-2.jpg 1152w\" sizes=\"auto, (max-width: 276px) 100vw, 276px\" \/><\/a><\/p>\n<p><a href=\"http:\/\/laprats.fr\/blog\/wp-content\/uploads\/2019\/10\/AG2019-1.jpg\"><img loading=\"lazy\" decoding=\"async\" class=\"size-medium wp-image-1950 aligncenter\" src=\"http:\/\/laprats.fr\/blog\/wp-content\/uploads\/2019\/10\/AG2019-1-300x200.jpg\" alt=\"\" width=\"300\" height=\"200\" srcset=\"http:\/\/laprats.fr\/blog\/wp-content\/uploads\/2019\/10\/AG2019-1-300x200.jpg 300w, http:\/\/laprats.fr\/blog\/wp-content\/uploads\/2019\/10\/AG2019-1-768x512.jpg 768w, http:\/\/laprats.fr\/blog\/wp-content\/uploads\/2019\/10\/AG2019-1-1024x683.jpg 1024w, http:\/\/laprats.fr\/blog\/wp-content\/uploads\/2019\/10\/AG2019-1-750x500.jpg 750w, http:\/\/laprats.fr\/blog\/wp-content\/uploads\/2019\/10\/AG2019-1.jpg 1152w\" sizes=\"auto, (max-width: 300px) 100vw, 300px\" \/><\/a>Un certain David C. (qui souhaite rester anonyme) profitera de l\u2019absence de son \u00e9pouse pour transgresser son r\u00e9gime et faire honneur au bon plat de charcuterie accompagnant la d\u00e9gustation.<\/p>\n<p style=\"text-align: center;\"><a href=\"http:\/\/laprats.fr\/blog\/wp-content\/uploads\/2019\/10\/AG2019.zip\">T\u00e9l\u00e9charger toutes les photos<\/a><\/p>\n<p style=\"text-align: center;\">Un grand merci aux organisateurs de cette journ\u00e9e !!!<\/p>\n","protected":false},"excerpt":{"rendered":"<p>Ce samedi 5 octobre 2019 s&rsquo;est tenue notre Assembl\u00e9e G\u00e9n\u00e9rale annuelle. Bien que moins nombreux qu&rsquo;en 2018 nous avons pass\u00e9 une tr\u00e8s belle journ\u00e9e. Apr\u00e8s un pot de bienvenue offert <a href=\"http:\/\/laprats.fr\/blog\/ago-2019-de-belles-rencontres-a-la-prats\/\" class=\"more-link\">[&hellip;]<\/a><\/p>\n","protected":false},"author":6,"featured_media":1956,"comment_status":"open","ping_status":"open","sticky":false,"template":"","format":"standard","meta":{"Layout":"","footnotes":""},"categories":[5],"tags":[],"class_list":["entry","author-pascal","post-1963","post","type-post","status-publish","format-standard","has-post-thumbnail","category-info-association"],"yoast_head":"<!-- This site is optimized with the Yoast SEO plugin v27.4 - https:\/\/yoast.com\/product\/yoast-seo-wordpress\/ -->\n<title>AGO 2019 de belles rencontres \u00e0 la Prat&#039;s - Bienvenue<\/title>\n<meta name=\"robots\" content=\"index, follow, max-snippet:-1, max-image-preview:large, max-video-preview:-1\" \/>\n<link rel=\"canonical\" href=\"https:\/\/laprats.fr\/blog\/ago-2019-de-belles-rencontres-a-la-prats\/\" \/>\n<meta property=\"og:locale\" content=\"fr_FR\" \/>\n<meta property=\"og:type\" content=\"article\" \/>\n<meta property=\"og:title\" content=\"AGO 2019 de belles rencontres \u00e0 la Prat&#039;s - Bienvenue\" \/>\n<meta property=\"og:description\" content=\"Ce samedi 5 octobre 2019 s&rsquo;est tenue notre Assembl\u00e9e G\u00e9n\u00e9rale annuelle. Bien que moins nombreux qu&rsquo;en 2018 nous avons pass\u00e9 une tr\u00e8s belle journ\u00e9e. Apr\u00e8s un pot de bienvenue offert [&hellip;]\" \/>\n<meta property=\"og:url\" content=\"https:\/\/laprats.fr\/blog\/ago-2019-de-belles-rencontres-a-la-prats\/\" \/>\n<meta property=\"og:site_name\" content=\"Bienvenue\" \/>\n<meta property=\"article:publisher\" content=\"https:\/\/fr-fr.facebook.com\/pages\/Association-La-Prats-de-Cluny\/224204740976190?sk=wall\" \/>\n<meta property=\"article:published_time\" content=\"2019-10-06T09:34:52+00:00\" \/>\n<meta property=\"article:modified_time\" content=\"2019-10-06T18:04:26+00:00\" \/>\n<meta property=\"og:image\" content=\"https:\/\/laprats.fr\/blog\/wp-content\/uploads\/2019\/10\/AG2019-7.jpg\" \/>\n\t<meta property=\"og:image:width\" content=\"1152\" \/>\n\t<meta property=\"og:image:height\" content=\"768\" \/>\n\t<meta property=\"og:image:type\" content=\"image\/jpeg\" \/>\n<meta name=\"author\" content=\"Pascal Gendrot\" \/>\n<meta name=\"twitter:label1\" content=\"\u00c9crit par\" \/>\n\t<meta name=\"twitter:data1\" content=\"Pascal Gendrot\" \/>\n\t<meta name=\"twitter:label2\" content=\"Dur\u00e9e de lecture estim\u00e9e\" \/>\n\t<meta name=\"twitter:data2\" content=\"2 minutes\" \/>\n<script type=\"application\/ld+json\" class=\"yoast-schema-graph\">{\"@context\":\"https:\\\/\\\/schema.org\",\"@graph\":[{\"@type\":\"Article\",\"@id\":\"https:\\\/\\\/laprats.fr\\\/blog\\\/ago-2019-de-belles-rencontres-a-la-prats\\\/#article\",\"isPartOf\":{\"@id\":\"https:\\\/\\\/laprats.fr\\\/blog\\\/ago-2019-de-belles-rencontres-a-la-prats\\\/\"},\"author\":{\"name\":\"Pascal Gendrot\",\"@id\":\"http:\\\/\\\/laprats.fr\\\/blog\\\/#\\\/schema\\\/person\\\/90a4b4782b20a014cc9b183a4707820c\"},\"headline\":\"AGO 2019 de belles rencontres \u00e0 la Prat&rsquo;s\",\"datePublished\":\"2019-10-06T09:34:52+00:00\",\"dateModified\":\"2019-10-06T18:04:26+00:00\",\"mainEntityOfPage\":{\"@id\":\"https:\\\/\\\/laprats.fr\\\/blog\\\/ago-2019-de-belles-rencontres-a-la-prats\\\/\"},\"wordCount\":455,\"commentCount\":0,\"image\":{\"@id\":\"https:\\\/\\\/laprats.fr\\\/blog\\\/ago-2019-de-belles-rencontres-a-la-prats\\\/#primaryimage\"},\"thumbnailUrl\":\"http:\\\/\\\/laprats.fr\\\/blog\\\/wp-content\\\/uploads\\\/2019\\\/10\\\/AG2019-7.jpg\",\"articleSection\":[\"Info association\"],\"inLanguage\":\"fr-FR\",\"potentialAction\":[{\"@type\":\"CommentAction\",\"name\":\"Comment\",\"target\":[\"https:\\\/\\\/laprats.fr\\\/blog\\\/ago-2019-de-belles-rencontres-a-la-prats\\\/#respond\"]}]},{\"@type\":\"WebPage\",\"@id\":\"https:\\\/\\\/laprats.fr\\\/blog\\\/ago-2019-de-belles-rencontres-a-la-prats\\\/\",\"url\":\"https:\\\/\\\/laprats.fr\\\/blog\\\/ago-2019-de-belles-rencontres-a-la-prats\\\/\",\"name\":\"AGO 2019 de belles rencontres \u00e0 la Prat's - Bienvenue\",\"isPartOf\":{\"@id\":\"http:\\\/\\\/laprats.fr\\\/blog\\\/#website\"},\"primaryImageOfPage\":{\"@id\":\"https:\\\/\\\/laprats.fr\\\/blog\\\/ago-2019-de-belles-rencontres-a-la-prats\\\/#primaryimage\"},\"image\":{\"@id\":\"https:\\\/\\\/laprats.fr\\\/blog\\\/ago-2019-de-belles-rencontres-a-la-prats\\\/#primaryimage\"},\"thumbnailUrl\":\"http:\\\/\\\/laprats.fr\\\/blog\\\/wp-content\\\/uploads\\\/2019\\\/10\\\/AG2019-7.jpg\",\"datePublished\":\"2019-10-06T09:34:52+00:00\",\"dateModified\":\"2019-10-06T18:04:26+00:00\",\"author\":{\"@id\":\"http:\\\/\\\/laprats.fr\\\/blog\\\/#\\\/schema\\\/person\\\/90a4b4782b20a014cc9b183a4707820c\"},\"breadcrumb\":{\"@id\":\"https:\\\/\\\/laprats.fr\\\/blog\\\/ago-2019-de-belles-rencontres-a-la-prats\\\/#breadcrumb\"},\"inLanguage\":\"fr-FR\",\"potentialAction\":[{\"@type\":\"ReadAction\",\"target\":[\"https:\\\/\\\/laprats.fr\\\/blog\\\/ago-2019-de-belles-rencontres-a-la-prats\\\/\"]}]},{\"@type\":\"ImageObject\",\"inLanguage\":\"fr-FR\",\"@id\":\"https:\\\/\\\/laprats.fr\\\/blog\\\/ago-2019-de-belles-rencontres-a-la-prats\\\/#primaryimage\",\"url\":\"http:\\\/\\\/laprats.fr\\\/blog\\\/wp-content\\\/uploads\\\/2019\\\/10\\\/AG2019-7.jpg\",\"contentUrl\":\"http:\\\/\\\/laprats.fr\\\/blog\\\/wp-content\\\/uploads\\\/2019\\\/10\\\/AG2019-7.jpg\",\"width\":1152,\"height\":768},{\"@type\":\"BreadcrumbList\",\"@id\":\"https:\\\/\\\/laprats.fr\\\/blog\\\/ago-2019-de-belles-rencontres-a-la-prats\\\/#breadcrumb\",\"itemListElement\":[{\"@type\":\"ListItem\",\"position\":1,\"name\":\"Accueil\",\"item\":\"http:\\\/\\\/laprats.fr\\\/blog\\\/\"},{\"@type\":\"ListItem\",\"position\":2,\"name\":\"AGO 2019 de belles rencontres \u00e0 la Prat&rsquo;s\"}]},{\"@type\":\"WebSite\",\"@id\":\"http:\\\/\\\/laprats.fr\\\/blog\\\/#website\",\"url\":\"http:\\\/\\\/laprats.fr\\\/blog\\\/\",\"name\":\"Bienvenue\",\"description\":\"D&#039;hier et d&#039;aujourd&#039;hui ... pour demain\",\"potentialAction\":[{\"@type\":\"SearchAction\",\"target\":{\"@type\":\"EntryPoint\",\"urlTemplate\":\"http:\\\/\\\/laprats.fr\\\/blog\\\/?s={search_term_string}\"},\"query-input\":{\"@type\":\"PropertyValueSpecification\",\"valueRequired\":true,\"valueName\":\"search_term_string\"}}],\"inLanguage\":\"fr-FR\"},{\"@type\":\"Person\",\"@id\":\"http:\\\/\\\/laprats.fr\\\/blog\\\/#\\\/schema\\\/person\\\/90a4b4782b20a014cc9b183a4707820c\",\"name\":\"Pascal Gendrot\",\"image\":{\"@type\":\"ImageObject\",\"inLanguage\":\"fr-FR\",\"@id\":\"https:\\\/\\\/secure.gravatar.com\\\/avatar\\\/649cd38650031007bbd5ec3c73411225e4a69679f8049c7237814718f484b5c0?s=96&d=mm&r=g\",\"url\":\"https:\\\/\\\/secure.gravatar.com\\\/avatar\\\/649cd38650031007bbd5ec3c73411225e4a69679f8049c7237814718f484b5c0?s=96&d=mm&r=g\",\"contentUrl\":\"https:\\\/\\\/secure.gravatar.com\\\/avatar\\\/649cd38650031007bbd5ec3c73411225e4a69679f8049c7237814718f484b5c0?s=96&d=mm&r=g\",\"caption\":\"Pascal Gendrot\"}}]}<\/script>\n<!-- \/ Yoast SEO plugin. -->","yoast_head_json":{"title":"AGO 2019 de belles rencontres \u00e0 la Prat's - Bienvenue","robots":{"index":"index","follow":"follow","max-snippet":"max-snippet:-1","max-image-preview":"max-image-preview:large","max-video-preview":"max-video-preview:-1"},"canonical":"https:\/\/laprats.fr\/blog\/ago-2019-de-belles-rencontres-a-la-prats\/","og_locale":"fr_FR","og_type":"article","og_title":"AGO 2019 de belles rencontres \u00e0 la Prat's - Bienvenue","og_description":"Ce samedi 5 octobre 2019 s&rsquo;est tenue notre Assembl\u00e9e G\u00e9n\u00e9rale annuelle. Bien que moins nombreux qu&rsquo;en 2018 nous avons pass\u00e9 une tr\u00e8s belle journ\u00e9e. Apr\u00e8s un pot de bienvenue offert [&hellip;]","og_url":"https:\/\/laprats.fr\/blog\/ago-2019-de-belles-rencontres-a-la-prats\/","og_site_name":"Bienvenue","article_publisher":"https:\/\/fr-fr.facebook.com\/pages\/Association-La-Prats-de-Cluny\/224204740976190?sk=wall","article_published_time":"2019-10-06T09:34:52+00:00","article_modified_time":"2019-10-06T18:04:26+00:00","og_image":[{"width":1152,"height":768,"url":"https:\/\/laprats.fr\/blog\/wp-content\/uploads\/2019\/10\/AG2019-7.jpg","type":"image\/jpeg"}],"author":"Pascal Gendrot","twitter_misc":{"\u00c9crit par":"Pascal Gendrot","Dur\u00e9e de lecture estim\u00e9e":"2 minutes"},"schema":{"@context":"https:\/\/schema.org","@graph":[{"@type":"Article","@id":"https:\/\/laprats.fr\/blog\/ago-2019-de-belles-rencontres-a-la-prats\/#article","isPartOf":{"@id":"https:\/\/laprats.fr\/blog\/ago-2019-de-belles-rencontres-a-la-prats\/"},"author":{"name":"Pascal Gendrot","@id":"http:\/\/laprats.fr\/blog\/#\/schema\/person\/90a4b4782b20a014cc9b183a4707820c"},"headline":"AGO 2019 de belles rencontres \u00e0 la Prat&rsquo;s","datePublished":"2019-10-06T09:34:52+00:00","dateModified":"2019-10-06T18:04:26+00:00","mainEntityOfPage":{"@id":"https:\/\/laprats.fr\/blog\/ago-2019-de-belles-rencontres-a-la-prats\/"},"wordCount":455,"commentCount":0,"image":{"@id":"https:\/\/laprats.fr\/blog\/ago-2019-de-belles-rencontres-a-la-prats\/#primaryimage"},"thumbnailUrl":"http:\/\/laprats.fr\/blog\/wp-content\/uploads\/2019\/10\/AG2019-7.jpg","articleSection":["Info association"],"inLanguage":"fr-FR","potentialAction":[{"@type":"CommentAction","name":"Comment","target":["https:\/\/laprats.fr\/blog\/ago-2019-de-belles-rencontres-a-la-prats\/#respond"]}]},{"@type":"WebPage","@id":"https:\/\/laprats.fr\/blog\/ago-2019-de-belles-rencontres-a-la-prats\/","url":"https:\/\/laprats.fr\/blog\/ago-2019-de-belles-rencontres-a-la-prats\/","name":"AGO 2019 de belles rencontres \u00e0 la Prat's - Bienvenue","isPartOf":{"@id":"http:\/\/laprats.fr\/blog\/#website"},"primaryImageOfPage":{"@id":"https:\/\/laprats.fr\/blog\/ago-2019-de-belles-rencontres-a-la-prats\/#primaryimage"},"image":{"@id":"https:\/\/laprats.fr\/blog\/ago-2019-de-belles-rencontres-a-la-prats\/#primaryimage"},"thumbnailUrl":"http:\/\/laprats.fr\/blog\/wp-content\/uploads\/2019\/10\/AG2019-7.jpg","datePublished":"2019-10-06T09:34:52+00:00","dateModified":"2019-10-06T18:04:26+00:00","author":{"@id":"http:\/\/laprats.fr\/blog\/#\/schema\/person\/90a4b4782b20a014cc9b183a4707820c"},"breadcrumb":{"@id":"https:\/\/laprats.fr\/blog\/ago-2019-de-belles-rencontres-a-la-prats\/#breadcrumb"},"inLanguage":"fr-FR","potentialAction":[{"@type":"ReadAction","target":["https:\/\/laprats.fr\/blog\/ago-2019-de-belles-rencontres-a-la-prats\/"]}]},{"@type":"ImageObject","inLanguage":"fr-FR","@id":"https:\/\/laprats.fr\/blog\/ago-2019-de-belles-rencontres-a-la-prats\/#primaryimage","url":"http:\/\/laprats.fr\/blog\/wp-content\/uploads\/2019\/10\/AG2019-7.jpg","contentUrl":"http:\/\/laprats.fr\/blog\/wp-content\/uploads\/2019\/10\/AG2019-7.jpg","width":1152,"height":768},{"@type":"BreadcrumbList","@id":"https:\/\/laprats.fr\/blog\/ago-2019-de-belles-rencontres-a-la-prats\/#breadcrumb","itemListElement":[{"@type":"ListItem","position":1,"name":"Accueil","item":"http:\/\/laprats.fr\/blog\/"},{"@type":"ListItem","position":2,"name":"AGO 2019 de belles rencontres \u00e0 la Prat&rsquo;s"}]},{"@type":"WebSite","@id":"http:\/\/laprats.fr\/blog\/#website","url":"http:\/\/laprats.fr\/blog\/","name":"Bienvenue","description":"D&#039;hier et d&#039;aujourd&#039;hui ... pour demain","potentialAction":[{"@type":"SearchAction","target":{"@type":"EntryPoint","urlTemplate":"http:\/\/laprats.fr\/blog\/?s={search_term_string}"},"query-input":{"@type":"PropertyValueSpecification","valueRequired":true,"valueName":"search_term_string"}}],"inLanguage":"fr-FR"},{"@type":"Person","@id":"http:\/\/laprats.fr\/blog\/#\/schema\/person\/90a4b4782b20a014cc9b183a4707820c","name":"Pascal Gendrot","image":{"@type":"ImageObject","inLanguage":"fr-FR","@id":"https:\/\/secure.gravatar.com\/avatar\/649cd38650031007bbd5ec3c73411225e4a69679f8049c7237814718f484b5c0?s=96&d=mm&r=g","url":"https:\/\/secure.gravatar.com\/avatar\/649cd38650031007bbd5ec3c73411225e4a69679f8049c7237814718f484b5c0?s=96&d=mm&r=g","contentUrl":"https:\/\/secure.gravatar.com\/avatar\/649cd38650031007bbd5ec3c73411225e4a69679f8049c7237814718f484b5c0?s=96&d=mm&r=g","caption":"Pascal Gendrot"}}]}},"_links":{"self":[{"href":"http:\/\/laprats.fr\/blog\/wp-json\/wp\/v2\/posts\/1963","targetHints":{"allow":["GET"]}}],"collection":[{"href":"http:\/\/laprats.fr\/blog\/wp-json\/wp\/v2\/posts"}],"about":[{"href":"http:\/\/laprats.fr\/blog\/wp-json\/wp\/v2\/types\/post"}],"author":[{"embeddable":true,"href":"http:\/\/laprats.fr\/blog\/wp-json\/wp\/v2\/users\/6"}],"replies":[{"embeddable":true,"href":"http:\/\/laprats.fr\/blog\/wp-json\/wp\/v2\/comments?post=1963"}],"version-history":[{"count":2,"href":"http:\/\/laprats.fr\/blog\/wp-json\/wp\/v2\/posts\/1963\/revisions"}],"predecessor-version":[{"id":1965,"href":"http:\/\/laprats.fr\/blog\/wp-json\/wp\/v2\/posts\/1963\/revisions\/1965"}],"wp:featuredmedia":[{"embeddable":true,"href":"http:\/\/laprats.fr\/blog\/wp-json\/wp\/v2\/media\/1956"}],"wp:attachment":[{"href":"http:\/\/laprats.fr\/blog\/wp-json\/wp\/v2\/media?parent=1963"}],"wp:term":[{"taxonomy":"category","embeddable":true,"href":"http:\/\/laprats.fr\/blog\/wp-json\/wp\/v2\/categories?post=1963"},{"taxonomy":"post_tag","embeddable":true,"href":"http:\/\/laprats.fr\/blog\/wp-json\/wp\/v2\/tags?post=1963"}],"curies":[{"name":"wp","href":"https:\/\/api.w.org\/{rel}","templated":true}]}}