{"id":1918,"date":"2019-09-26T09:20:32","date_gmt":"2019-09-26T07:20:32","guid":{"rendered":"http:\/\/laprats.fr\/blog\/?p=1918"},"modified":"2019-09-26T09:20:34","modified_gmt":"2019-09-26T07:20:34","slug":"decouverte-et-degustation-du-5-octobre","status":"publish","type":"post","link":"http:\/\/laprats.fr\/blog\/decouverte-et-degustation-du-5-octobre\/","title":{"rendered":"D\u00e9couverte et d\u00e9gustation du 5 octobre"},"content":{"rendered":"\n<p>Tout comme l&rsquo;ann\u00e9e derni\u00e8re, notre journ\u00e9e d&rsquo;AG va se terminer par une d\u00e9gustation et un repas :<\/p>\n<ul>\n<li>18h00 d\u00e9gustation : Christophe Perrin viticulteur \u00e0 Chazeux commune de Chissey les M\u00e2con<\/li>\n<li>19h15 Repas : \u00e0 Cormatin au restaurant Fleur de lys<\/li>\n<\/ul>\n<p>Pour cela, il faut imp\u00e9rativement vous inscrire aupr\u00e8s de Nicolas <a href=\"mailto:nbouillin@hotmail.com\">nbouillin@hotmail.com \u00a0<\/a>au plus vite<\/p>\n","protected":false},"excerpt":{"rendered":"<p>Tout comme l&rsquo;ann\u00e9e derni\u00e8re, notre journ\u00e9e d&rsquo;AG va se terminer par une d\u00e9gustation et un repas : 18h00 d\u00e9gustation : Christophe Perrin viticulteur \u00e0 Chazeux commune de Chissey les M\u00e2con <a href=\"http:\/\/laprats.fr\/blog\/decouverte-et-degustation-du-5-octobre\/\" class=\"more-link\">[&hellip;]<\/a><\/p>\n","protected":false},"author":6,"featured_media":0,"comment_status":"open","ping_status":"open","sticky":false,"template":"","format":"standard","meta":{"Layout":"","footnotes":""},"categories":[5],"tags":[],"class_list":["entry","author-pascal","post-1918","post","type-post","status-publish","format-standard","category-info-association"],"yoast_head":"<!-- This site is optimized with the Yoast SEO plugin v27.4 - https:\/\/yoast.com\/product\/yoast-seo-wordpress\/ -->\n<title>D\u00e9couverte et d\u00e9gustation du 5 octobre - Bienvenue<\/title>\n<meta name=\"robots\" content=\"index, follow, max-snippet:-1, max-image-preview:large, max-video-preview:-1\" \/>\n<link rel=\"canonical\" href=\"http:\/\/laprats.fr\/blog\/decouverte-et-degustation-du-5-octobre\/\" \/>\n<meta property=\"og:locale\" content=\"fr_FR\" \/>\n<meta property=\"og:type\" content=\"article\" \/>\n<meta property=\"og:title\" content=\"D\u00e9couverte et d\u00e9gustation du 5 octobre - Bienvenue\" \/>\n<meta property=\"og:description\" content=\"Tout comme l&rsquo;ann\u00e9e derni\u00e8re, notre journ\u00e9e d&rsquo;AG va se terminer par une d\u00e9gustation et un repas : 18h00 d\u00e9gustation : Christophe Perrin viticulteur \u00e0 Chazeux commune de Chissey les M\u00e2con [&hellip;]\" \/>\n<meta property=\"og:url\" content=\"http:\/\/laprats.fr\/blog\/decouverte-et-degustation-du-5-octobre\/\" \/>\n<meta property=\"og:site_name\" content=\"Bienvenue\" \/>\n<meta property=\"article:publisher\" content=\"https:\/\/fr-fr.facebook.com\/pages\/Association-La-Prats-de-Cluny\/224204740976190?sk=wall\" \/>\n<meta property=\"article:published_time\" content=\"2019-09-26T07:20:32+00:00\" \/>\n<meta property=\"article:modified_time\" content=\"2019-09-26T07:20:34+00:00\" \/>\n<meta property=\"og:image\" content=\"http:\/\/laprats.fr\/blog\/wp-content\/uploads\/2014\/09\/fonddepage.jpg\" \/>\n\t<meta property=\"og:image:width\" content=\"200\" \/>\n\t<meta property=\"og:image:height\" content=\"200\" \/>\n\t<meta property=\"og:image:type\" content=\"image\/jpeg\" \/>\n<meta name=\"author\" content=\"Pascal Gendrot\" \/>\n<meta name=\"twitter:label1\" content=\"\u00c9crit par\" \/>\n\t<meta name=\"twitter:data1\" content=\"Pascal Gendrot\" \/>\n<script type=\"application\/ld+json\" class=\"yoast-schema-graph\">{\"@context\":\"https:\\\/\\\/schema.org\",\"@graph\":[{\"@type\":\"Article\",\"@id\":\"http:\\\/\\\/laprats.fr\\\/blog\\\/decouverte-et-degustation-du-5-octobre\\\/#article\",\"isPartOf\":{\"@id\":\"http:\\\/\\\/laprats.fr\\\/blog\\\/decouverte-et-degustation-du-5-octobre\\\/\"},\"author\":{\"name\":\"Pascal Gendrot\",\"@id\":\"http:\\\/\\\/laprats.fr\\\/blog\\\/#\\\/schema\\\/person\\\/90a4b4782b20a014cc9b183a4707820c\"},\"headline\":\"D\u00e9couverte et d\u00e9gustation du 5 octobre\",\"datePublished\":\"2019-09-26T07:20:32+00:00\",\"dateModified\":\"2019-09-26T07:20:34+00:00\",\"mainEntityOfPage\":{\"@id\":\"http:\\\/\\\/laprats.fr\\\/blog\\\/decouverte-et-degustation-du-5-octobre\\\/\"},\"wordCount\":66,\"commentCount\":0,\"articleSection\":[\"Info association\"],\"inLanguage\":\"fr-FR\",\"potentialAction\":[{\"@type\":\"CommentAction\",\"name\":\"Comment\",\"target\":[\"http:\\\/\\\/laprats.fr\\\/blog\\\/decouverte-et-degustation-du-5-octobre\\\/#respond\"]}]},{\"@type\":\"WebPage\",\"@id\":\"http:\\\/\\\/laprats.fr\\\/blog\\\/decouverte-et-degustation-du-5-octobre\\\/\",\"url\":\"http:\\\/\\\/laprats.fr\\\/blog\\\/decouverte-et-degustation-du-5-octobre\\\/\",\"name\":\"D\u00e9couverte et d\u00e9gustation du 5 octobre - Bienvenue\",\"isPartOf\":{\"@id\":\"http:\\\/\\\/laprats.fr\\\/blog\\\/#website\"},\"datePublished\":\"2019-09-26T07:20:32+00:00\",\"dateModified\":\"2019-09-26T07:20:34+00:00\",\"author\":{\"@id\":\"http:\\\/\\\/laprats.fr\\\/blog\\\/#\\\/schema\\\/person\\\/90a4b4782b20a014cc9b183a4707820c\"},\"breadcrumb\":{\"@id\":\"http:\\\/\\\/laprats.fr\\\/blog\\\/decouverte-et-degustation-du-5-octobre\\\/#breadcrumb\"},\"inLanguage\":\"fr-FR\",\"potentialAction\":[{\"@type\":\"ReadAction\",\"target\":[\"http:\\\/\\\/laprats.fr\\\/blog\\\/decouverte-et-degustation-du-5-octobre\\\/\"]}]},{\"@type\":\"BreadcrumbList\",\"@id\":\"http:\\\/\\\/laprats.fr\\\/blog\\\/decouverte-et-degustation-du-5-octobre\\\/#breadcrumb\",\"itemListElement\":[{\"@type\":\"ListItem\",\"position\":1,\"name\":\"Accueil\",\"item\":\"http:\\\/\\\/laprats.fr\\\/blog\\\/\"},{\"@type\":\"ListItem\",\"position\":2,\"name\":\"D\u00e9couverte et d\u00e9gustation du 5 octobre\"}]},{\"@type\":\"WebSite\",\"@id\":\"http:\\\/\\\/laprats.fr\\\/blog\\\/#website\",\"url\":\"http:\\\/\\\/laprats.fr\\\/blog\\\/\",\"name\":\"Bienvenue\",\"description\":\"D&#039;hier et d&#039;aujourd&#039;hui ... pour demain\",\"potentialAction\":[{\"@type\":\"SearchAction\",\"target\":{\"@type\":\"EntryPoint\",\"urlTemplate\":\"http:\\\/\\\/laprats.fr\\\/blog\\\/?s={search_term_string}\"},\"query-input\":{\"@type\":\"PropertyValueSpecification\",\"valueRequired\":true,\"valueName\":\"search_term_string\"}}],\"inLanguage\":\"fr-FR\"},{\"@type\":\"Person\",\"@id\":\"http:\\\/\\\/laprats.fr\\\/blog\\\/#\\\/schema\\\/person\\\/90a4b4782b20a014cc9b183a4707820c\",\"name\":\"Pascal Gendrot\",\"image\":{\"@type\":\"ImageObject\",\"inLanguage\":\"fr-FR\",\"@id\":\"https:\\\/\\\/secure.gravatar.com\\\/avatar\\\/649cd38650031007bbd5ec3c73411225e4a69679f8049c7237814718f484b5c0?s=96&d=mm&r=g\",\"url\":\"https:\\\/\\\/secure.gravatar.com\\\/avatar\\\/649cd38650031007bbd5ec3c73411225e4a69679f8049c7237814718f484b5c0?s=96&d=mm&r=g\",\"contentUrl\":\"https:\\\/\\\/secure.gravatar.com\\\/avatar\\\/649cd38650031007bbd5ec3c73411225e4a69679f8049c7237814718f484b5c0?s=96&d=mm&r=g\",\"caption\":\"Pascal Gendrot\"}}]}<\/script>\n<!-- \/ Yoast SEO plugin. -->","yoast_head_json":{"title":"D\u00e9couverte et d\u00e9gustation du 5 octobre - Bienvenue","robots":{"index":"index","follow":"follow","max-snippet":"max-snippet:-1","max-image-preview":"max-image-preview:large","max-video-preview":"max-video-preview:-1"},"canonical":"http:\/\/laprats.fr\/blog\/decouverte-et-degustation-du-5-octobre\/","og_locale":"fr_FR","og_type":"article","og_title":"D\u00e9couverte et d\u00e9gustation du 5 octobre - Bienvenue","og_description":"Tout comme l&rsquo;ann\u00e9e derni\u00e8re, notre journ\u00e9e d&rsquo;AG va se terminer par une d\u00e9gustation et un repas : 18h00 d\u00e9gustation : Christophe Perrin viticulteur \u00e0 Chazeux commune de Chissey les M\u00e2con [&hellip;]","og_url":"http:\/\/laprats.fr\/blog\/decouverte-et-degustation-du-5-octobre\/","og_site_name":"Bienvenue","article_publisher":"https:\/\/fr-fr.facebook.com\/pages\/Association-La-Prats-de-Cluny\/224204740976190?sk=wall","article_published_time":"2019-09-26T07:20:32+00:00","article_modified_time":"2019-09-26T07:20:34+00:00","og_image":[{"width":200,"height":200,"url":"http:\/\/laprats.fr\/blog\/wp-content\/uploads\/2014\/09\/fonddepage.jpg","type":"image\/jpeg"}],"author":"Pascal Gendrot","twitter_misc":{"\u00c9crit par":"Pascal Gendrot"},"schema":{"@context":"https:\/\/schema.org","@graph":[{"@type":"Article","@id":"http:\/\/laprats.fr\/blog\/decouverte-et-degustation-du-5-octobre\/#article","isPartOf":{"@id":"http:\/\/laprats.fr\/blog\/decouverte-et-degustation-du-5-octobre\/"},"author":{"name":"Pascal Gendrot","@id":"http:\/\/laprats.fr\/blog\/#\/schema\/person\/90a4b4782b20a014cc9b183a4707820c"},"headline":"D\u00e9couverte et d\u00e9gustation du 5 octobre","datePublished":"2019-09-26T07:20:32+00:00","dateModified":"2019-09-26T07:20:34+00:00","mainEntityOfPage":{"@id":"http:\/\/laprats.fr\/blog\/decouverte-et-degustation-du-5-octobre\/"},"wordCount":66,"commentCount":0,"articleSection":["Info association"],"inLanguage":"fr-FR","potentialAction":[{"@type":"CommentAction","name":"Comment","target":["http:\/\/laprats.fr\/blog\/decouverte-et-degustation-du-5-octobre\/#respond"]}]},{"@type":"WebPage","@id":"http:\/\/laprats.fr\/blog\/decouverte-et-degustation-du-5-octobre\/","url":"http:\/\/laprats.fr\/blog\/decouverte-et-degustation-du-5-octobre\/","name":"D\u00e9couverte et d\u00e9gustation du 5 octobre - Bienvenue","isPartOf":{"@id":"http:\/\/laprats.fr\/blog\/#website"},"datePublished":"2019-09-26T07:20:32+00:00","dateModified":"2019-09-26T07:20:34+00:00","author":{"@id":"http:\/\/laprats.fr\/blog\/#\/schema\/person\/90a4b4782b20a014cc9b183a4707820c"},"breadcrumb":{"@id":"http:\/\/laprats.fr\/blog\/decouverte-et-degustation-du-5-octobre\/#breadcrumb"},"inLanguage":"fr-FR","potentialAction":[{"@type":"ReadAction","target":["http:\/\/laprats.fr\/blog\/decouverte-et-degustation-du-5-octobre\/"]}]},{"@type":"BreadcrumbList","@id":"http:\/\/laprats.fr\/blog\/decouverte-et-degustation-du-5-octobre\/#breadcrumb","itemListElement":[{"@type":"ListItem","position":1,"name":"Accueil","item":"http:\/\/laprats.fr\/blog\/"},{"@type":"ListItem","position":2,"name":"D\u00e9couverte et d\u00e9gustation du 5 octobre"}]},{"@type":"WebSite","@id":"http:\/\/laprats.fr\/blog\/#website","url":"http:\/\/laprats.fr\/blog\/","name":"Bienvenue","description":"D&#039;hier et d&#039;aujourd&#039;hui ... pour demain","potentialAction":[{"@type":"SearchAction","target":{"@type":"EntryPoint","urlTemplate":"http:\/\/laprats.fr\/blog\/?s={search_term_string}"},"query-input":{"@type":"PropertyValueSpecification","valueRequired":true,"valueName":"search_term_string"}}],"inLanguage":"fr-FR"},{"@type":"Person","@id":"http:\/\/laprats.fr\/blog\/#\/schema\/person\/90a4b4782b20a014cc9b183a4707820c","name":"Pascal Gendrot","image":{"@type":"ImageObject","inLanguage":"fr-FR","@id":"https:\/\/secure.gravatar.com\/avatar\/649cd38650031007bbd5ec3c73411225e4a69679f8049c7237814718f484b5c0?s=96&d=mm&r=g","url":"https:\/\/secure.gravatar.com\/avatar\/649cd38650031007bbd5ec3c73411225e4a69679f8049c7237814718f484b5c0?s=96&d=mm&r=g","contentUrl":"https:\/\/secure.gravatar.com\/avatar\/649cd38650031007bbd5ec3c73411225e4a69679f8049c7237814718f484b5c0?s=96&d=mm&r=g","caption":"Pascal Gendrot"}}]}},"_links":{"self":[{"href":"http:\/\/laprats.fr\/blog\/wp-json\/wp\/v2\/posts\/1918","targetHints":{"allow":["GET"]}}],"collection":[{"href":"http:\/\/laprats.fr\/blog\/wp-json\/wp\/v2\/posts"}],"about":[{"href":"http:\/\/laprats.fr\/blog\/wp-json\/wp\/v2\/types\/post"}],"author":[{"embeddable":true,"href":"http:\/\/laprats.fr\/blog\/wp-json\/wp\/v2\/users\/6"}],"replies":[{"embeddable":true,"href":"http:\/\/laprats.fr\/blog\/wp-json\/wp\/v2\/comments?post=1918"}],"version-history":[{"count":1,"href":"http:\/\/laprats.fr\/blog\/wp-json\/wp\/v2\/posts\/1918\/revisions"}],"predecessor-version":[{"id":1919,"href":"http:\/\/laprats.fr\/blog\/wp-json\/wp\/v2\/posts\/1918\/revisions\/1919"}],"wp:attachment":[{"href":"http:\/\/laprats.fr\/blog\/wp-json\/wp\/v2\/media?parent=1918"}],"wp:term":[{"taxonomy":"category","embeddable":true,"href":"http:\/\/laprats.fr\/blog\/wp-json\/wp\/v2\/categories?post=1918"},{"taxonomy":"post_tag","embeddable":true,"href":"http:\/\/laprats.fr\/blog\/wp-json\/wp\/v2\/tags?post=1918"}],"curies":[{"name":"wp","href":"https:\/\/api.w.org\/{rel}","templated":true}]}}