{"id":1860,"date":"2019-05-05T15:54:15","date_gmt":"2019-05-05T13:54:15","guid":{"rendered":"http:\/\/laprats.fr\/blog\/?p=1860"},"modified":"2019-05-05T15:54:16","modified_gmt":"2019-05-05T13:54:16","slug":"preparatifs-de-lag-2019","status":"publish","type":"post","link":"http:\/\/laprats.fr\/blog\/preparatifs-de-lag-2019\/","title":{"rendered":"Pr\u00e9paratifs de l&rsquo;AG 2019"},"content":{"rendered":"\n<p>Comme chaque ann\u00e9e \u00e0 cette p\u00e9riode, les membres du C.A. pr\u00e9parent l&rsquo;Assembl\u00e9e G\u00e9n\u00e9rale. Cette ann\u00e9e, elle se tiendra le samedi 05 octobre au lyc\u00e9e.<\/p>\n\n\n\n<p>Ce sont les ann\u00e9es 70 qui seront \u00e0 l&rsquo;honneur, m\u00eame si toutes les g\u00e9n\u00e9rations sont attendues, comme chaque ann\u00e9e.<\/p>\n\n\n\n<p>Une page d\u00e9di\u00e9e \u00e0 l&rsquo;\u00e9v\u00e8nement est ouverte et accessible depuis le menus principal (derni\u00e8re option du menu) afin de pouvoir suivre l&rsquo;avancement des pr\u00e9paratifs jusqu&rsquo;\u00e0 la mise en ligne des bulletins d&rsquo;inscription.<\/p>\n\n\n\n<p>Alors venez nombreux et faites passer le message !<\/p>\n","protected":false},"excerpt":{"rendered":"<p>Comme chaque ann\u00e9e \u00e0 cette p\u00e9riode, les membres du C.A. pr\u00e9parent l&rsquo;Assembl\u00e9e G\u00e9n\u00e9rale. Cette ann\u00e9e, elle se tiendra le samedi 05 octobre au lyc\u00e9e. Ce sont les ann\u00e9es 70 qui <a href=\"http:\/\/laprats.fr\/blog\/preparatifs-de-lag-2019\/\" class=\"more-link\">[&hellip;]<\/a><\/p>\n","protected":false},"author":6,"featured_media":1857,"comment_status":"open","ping_status":"open","sticky":false,"template":"","format":"standard","meta":{"Layout":"","footnotes":""},"categories":[5],"tags":[],"class_list":["entry","author-pascal","post-1860","post","type-post","status-publish","format-standard","has-post-thumbnail","category-info-association"],"yoast_head":"<!-- This site is optimized with the Yoast SEO plugin v27.4 - https:\/\/yoast.com\/product\/yoast-seo-wordpress\/ -->\n<title>Pr\u00e9paratifs de l&#039;AG 2019 - Bienvenue<\/title>\n<meta name=\"robots\" content=\"index, follow, max-snippet:-1, max-image-preview:large, max-video-preview:-1\" \/>\n<link rel=\"canonical\" href=\"https:\/\/laprats.fr\/blog\/preparatifs-de-lag-2019\/\" \/>\n<meta property=\"og:locale\" content=\"fr_FR\" \/>\n<meta property=\"og:type\" content=\"article\" \/>\n<meta property=\"og:title\" content=\"Pr\u00e9paratifs de l&#039;AG 2019 - Bienvenue\" \/>\n<meta property=\"og:description\" content=\"Comme chaque ann\u00e9e \u00e0 cette p\u00e9riode, les membres du C.A. pr\u00e9parent l&rsquo;Assembl\u00e9e G\u00e9n\u00e9rale. Cette ann\u00e9e, elle se tiendra le samedi 05 octobre au lyc\u00e9e. Ce sont les ann\u00e9es 70 qui [&hellip;]\" \/>\n<meta property=\"og:url\" content=\"https:\/\/laprats.fr\/blog\/preparatifs-de-lag-2019\/\" \/>\n<meta property=\"og:site_name\" content=\"Bienvenue\" \/>\n<meta property=\"article:publisher\" content=\"https:\/\/fr-fr.facebook.com\/pages\/Association-La-Prats-de-Cluny\/224204740976190?sk=wall\" \/>\n<meta property=\"article:published_time\" content=\"2019-05-05T13:54:15+00:00\" \/>\n<meta property=\"article:modified_time\" content=\"2019-05-05T13:54:16+00:00\" \/>\n<meta property=\"og:image\" content=\"https:\/\/laprats.fr\/blog\/wp-content\/uploads\/2019\/05\/sp\u00e9ciale70.jpg\" \/>\n\t<meta property=\"og:image:width\" content=\"420\" \/>\n\t<meta property=\"og:image:height\" content=\"243\" \/>\n\t<meta property=\"og:image:type\" content=\"image\/jpeg\" \/>\n<meta name=\"author\" content=\"Pascal Gendrot\" \/>\n<meta name=\"twitter:label1\" content=\"\u00c9crit par\" \/>\n\t<meta name=\"twitter:data1\" content=\"Pascal Gendrot\" \/>\n<script type=\"application\/ld+json\" class=\"yoast-schema-graph\">{\"@context\":\"https:\\\/\\\/schema.org\",\"@graph\":[{\"@type\":\"Article\",\"@id\":\"https:\\\/\\\/laprats.fr\\\/blog\\\/preparatifs-de-lag-2019\\\/#article\",\"isPartOf\":{\"@id\":\"https:\\\/\\\/laprats.fr\\\/blog\\\/preparatifs-de-lag-2019\\\/\"},\"author\":{\"name\":\"Pascal Gendrot\",\"@id\":\"http:\\\/\\\/laprats.fr\\\/blog\\\/#\\\/schema\\\/person\\\/90a4b4782b20a014cc9b183a4707820c\"},\"headline\":\"Pr\u00e9paratifs de l&rsquo;AG 2019\",\"datePublished\":\"2019-05-05T13:54:15+00:00\",\"dateModified\":\"2019-05-05T13:54:16+00:00\",\"mainEntityOfPage\":{\"@id\":\"https:\\\/\\\/laprats.fr\\\/blog\\\/preparatifs-de-lag-2019\\\/\"},\"wordCount\":102,\"commentCount\":0,\"image\":{\"@id\":\"https:\\\/\\\/laprats.fr\\\/blog\\\/preparatifs-de-lag-2019\\\/#primaryimage\"},\"thumbnailUrl\":\"http:\\\/\\\/laprats.fr\\\/blog\\\/wp-content\\\/uploads\\\/2019\\\/05\\\/sp\u00e9ciale70.jpg\",\"articleSection\":[\"Info association\"],\"inLanguage\":\"fr-FR\",\"potentialAction\":[{\"@type\":\"CommentAction\",\"name\":\"Comment\",\"target\":[\"https:\\\/\\\/laprats.fr\\\/blog\\\/preparatifs-de-lag-2019\\\/#respond\"]}]},{\"@type\":\"WebPage\",\"@id\":\"https:\\\/\\\/laprats.fr\\\/blog\\\/preparatifs-de-lag-2019\\\/\",\"url\":\"https:\\\/\\\/laprats.fr\\\/blog\\\/preparatifs-de-lag-2019\\\/\",\"name\":\"Pr\u00e9paratifs de l'AG 2019 - Bienvenue\",\"isPartOf\":{\"@id\":\"http:\\\/\\\/laprats.fr\\\/blog\\\/#website\"},\"primaryImageOfPage\":{\"@id\":\"https:\\\/\\\/laprats.fr\\\/blog\\\/preparatifs-de-lag-2019\\\/#primaryimage\"},\"image\":{\"@id\":\"https:\\\/\\\/laprats.fr\\\/blog\\\/preparatifs-de-lag-2019\\\/#primaryimage\"},\"thumbnailUrl\":\"http:\\\/\\\/laprats.fr\\\/blog\\\/wp-content\\\/uploads\\\/2019\\\/05\\\/sp\u00e9ciale70.jpg\",\"datePublished\":\"2019-05-05T13:54:15+00:00\",\"dateModified\":\"2019-05-05T13:54:16+00:00\",\"author\":{\"@id\":\"http:\\\/\\\/laprats.fr\\\/blog\\\/#\\\/schema\\\/person\\\/90a4b4782b20a014cc9b183a4707820c\"},\"breadcrumb\":{\"@id\":\"https:\\\/\\\/laprats.fr\\\/blog\\\/preparatifs-de-lag-2019\\\/#breadcrumb\"},\"inLanguage\":\"fr-FR\",\"potentialAction\":[{\"@type\":\"ReadAction\",\"target\":[\"https:\\\/\\\/laprats.fr\\\/blog\\\/preparatifs-de-lag-2019\\\/\"]}]},{\"@type\":\"ImageObject\",\"inLanguage\":\"fr-FR\",\"@id\":\"https:\\\/\\\/laprats.fr\\\/blog\\\/preparatifs-de-lag-2019\\\/#primaryimage\",\"url\":\"http:\\\/\\\/laprats.fr\\\/blog\\\/wp-content\\\/uploads\\\/2019\\\/05\\\/sp\u00e9ciale70.jpg\",\"contentUrl\":\"http:\\\/\\\/laprats.fr\\\/blog\\\/wp-content\\\/uploads\\\/2019\\\/05\\\/sp\u00e9ciale70.jpg\",\"width\":420,\"height\":243},{\"@type\":\"BreadcrumbList\",\"@id\":\"https:\\\/\\\/laprats.fr\\\/blog\\\/preparatifs-de-lag-2019\\\/#breadcrumb\",\"itemListElement\":[{\"@type\":\"ListItem\",\"position\":1,\"name\":\"Accueil\",\"item\":\"http:\\\/\\\/laprats.fr\\\/blog\\\/\"},{\"@type\":\"ListItem\",\"position\":2,\"name\":\"Pr\u00e9paratifs de l&rsquo;AG 2019\"}]},{\"@type\":\"WebSite\",\"@id\":\"http:\\\/\\\/laprats.fr\\\/blog\\\/#website\",\"url\":\"http:\\\/\\\/laprats.fr\\\/blog\\\/\",\"name\":\"Bienvenue\",\"description\":\"D&#039;hier et d&#039;aujourd&#039;hui ... pour demain\",\"potentialAction\":[{\"@type\":\"SearchAction\",\"target\":{\"@type\":\"EntryPoint\",\"urlTemplate\":\"http:\\\/\\\/laprats.fr\\\/blog\\\/?s={search_term_string}\"},\"query-input\":{\"@type\":\"PropertyValueSpecification\",\"valueRequired\":true,\"valueName\":\"search_term_string\"}}],\"inLanguage\":\"fr-FR\"},{\"@type\":\"Person\",\"@id\":\"http:\\\/\\\/laprats.fr\\\/blog\\\/#\\\/schema\\\/person\\\/90a4b4782b20a014cc9b183a4707820c\",\"name\":\"Pascal Gendrot\",\"image\":{\"@type\":\"ImageObject\",\"inLanguage\":\"fr-FR\",\"@id\":\"https:\\\/\\\/secure.gravatar.com\\\/avatar\\\/649cd38650031007bbd5ec3c73411225e4a69679f8049c7237814718f484b5c0?s=96&d=mm&r=g\",\"url\":\"https:\\\/\\\/secure.gravatar.com\\\/avatar\\\/649cd38650031007bbd5ec3c73411225e4a69679f8049c7237814718f484b5c0?s=96&d=mm&r=g\",\"contentUrl\":\"https:\\\/\\\/secure.gravatar.com\\\/avatar\\\/649cd38650031007bbd5ec3c73411225e4a69679f8049c7237814718f484b5c0?s=96&d=mm&r=g\",\"caption\":\"Pascal Gendrot\"}}]}<\/script>\n<!-- \/ Yoast SEO plugin. -->","yoast_head_json":{"title":"Pr\u00e9paratifs de l'AG 2019 - Bienvenue","robots":{"index":"index","follow":"follow","max-snippet":"max-snippet:-1","max-image-preview":"max-image-preview:large","max-video-preview":"max-video-preview:-1"},"canonical":"https:\/\/laprats.fr\/blog\/preparatifs-de-lag-2019\/","og_locale":"fr_FR","og_type":"article","og_title":"Pr\u00e9paratifs de l'AG 2019 - Bienvenue","og_description":"Comme chaque ann\u00e9e \u00e0 cette p\u00e9riode, les membres du C.A. pr\u00e9parent l&rsquo;Assembl\u00e9e G\u00e9n\u00e9rale. Cette ann\u00e9e, elle se tiendra le samedi 05 octobre au lyc\u00e9e. Ce sont les ann\u00e9es 70 qui [&hellip;]","og_url":"https:\/\/laprats.fr\/blog\/preparatifs-de-lag-2019\/","og_site_name":"Bienvenue","article_publisher":"https:\/\/fr-fr.facebook.com\/pages\/Association-La-Prats-de-Cluny\/224204740976190?sk=wall","article_published_time":"2019-05-05T13:54:15+00:00","article_modified_time":"2019-05-05T13:54:16+00:00","og_image":[{"width":420,"height":243,"url":"https:\/\/laprats.fr\/blog\/wp-content\/uploads\/2019\/05\/sp\u00e9ciale70.jpg","type":"image\/jpeg"}],"author":"Pascal Gendrot","twitter_misc":{"\u00c9crit par":"Pascal Gendrot"},"schema":{"@context":"https:\/\/schema.org","@graph":[{"@type":"Article","@id":"https:\/\/laprats.fr\/blog\/preparatifs-de-lag-2019\/#article","isPartOf":{"@id":"https:\/\/laprats.fr\/blog\/preparatifs-de-lag-2019\/"},"author":{"name":"Pascal Gendrot","@id":"http:\/\/laprats.fr\/blog\/#\/schema\/person\/90a4b4782b20a014cc9b183a4707820c"},"headline":"Pr\u00e9paratifs de l&rsquo;AG 2019","datePublished":"2019-05-05T13:54:15+00:00","dateModified":"2019-05-05T13:54:16+00:00","mainEntityOfPage":{"@id":"https:\/\/laprats.fr\/blog\/preparatifs-de-lag-2019\/"},"wordCount":102,"commentCount":0,"image":{"@id":"https:\/\/laprats.fr\/blog\/preparatifs-de-lag-2019\/#primaryimage"},"thumbnailUrl":"http:\/\/laprats.fr\/blog\/wp-content\/uploads\/2019\/05\/sp\u00e9ciale70.jpg","articleSection":["Info association"],"inLanguage":"fr-FR","potentialAction":[{"@type":"CommentAction","name":"Comment","target":["https:\/\/laprats.fr\/blog\/preparatifs-de-lag-2019\/#respond"]}]},{"@type":"WebPage","@id":"https:\/\/laprats.fr\/blog\/preparatifs-de-lag-2019\/","url":"https:\/\/laprats.fr\/blog\/preparatifs-de-lag-2019\/","name":"Pr\u00e9paratifs de l'AG 2019 - Bienvenue","isPartOf":{"@id":"http:\/\/laprats.fr\/blog\/#website"},"primaryImageOfPage":{"@id":"https:\/\/laprats.fr\/blog\/preparatifs-de-lag-2019\/#primaryimage"},"image":{"@id":"https:\/\/laprats.fr\/blog\/preparatifs-de-lag-2019\/#primaryimage"},"thumbnailUrl":"http:\/\/laprats.fr\/blog\/wp-content\/uploads\/2019\/05\/sp\u00e9ciale70.jpg","datePublished":"2019-05-05T13:54:15+00:00","dateModified":"2019-05-05T13:54:16+00:00","author":{"@id":"http:\/\/laprats.fr\/blog\/#\/schema\/person\/90a4b4782b20a014cc9b183a4707820c"},"breadcrumb":{"@id":"https:\/\/laprats.fr\/blog\/preparatifs-de-lag-2019\/#breadcrumb"},"inLanguage":"fr-FR","potentialAction":[{"@type":"ReadAction","target":["https:\/\/laprats.fr\/blog\/preparatifs-de-lag-2019\/"]}]},{"@type":"ImageObject","inLanguage":"fr-FR","@id":"https:\/\/laprats.fr\/blog\/preparatifs-de-lag-2019\/#primaryimage","url":"http:\/\/laprats.fr\/blog\/wp-content\/uploads\/2019\/05\/sp\u00e9ciale70.jpg","contentUrl":"http:\/\/laprats.fr\/blog\/wp-content\/uploads\/2019\/05\/sp\u00e9ciale70.jpg","width":420,"height":243},{"@type":"BreadcrumbList","@id":"https:\/\/laprats.fr\/blog\/preparatifs-de-lag-2019\/#breadcrumb","itemListElement":[{"@type":"ListItem","position":1,"name":"Accueil","item":"http:\/\/laprats.fr\/blog\/"},{"@type":"ListItem","position":2,"name":"Pr\u00e9paratifs de l&rsquo;AG 2019"}]},{"@type":"WebSite","@id":"http:\/\/laprats.fr\/blog\/#website","url":"http:\/\/laprats.fr\/blog\/","name":"Bienvenue","description":"D&#039;hier et d&#039;aujourd&#039;hui ... pour demain","potentialAction":[{"@type":"SearchAction","target":{"@type":"EntryPoint","urlTemplate":"http:\/\/laprats.fr\/blog\/?s={search_term_string}"},"query-input":{"@type":"PropertyValueSpecification","valueRequired":true,"valueName":"search_term_string"}}],"inLanguage":"fr-FR"},{"@type":"Person","@id":"http:\/\/laprats.fr\/blog\/#\/schema\/person\/90a4b4782b20a014cc9b183a4707820c","name":"Pascal Gendrot","image":{"@type":"ImageObject","inLanguage":"fr-FR","@id":"https:\/\/secure.gravatar.com\/avatar\/649cd38650031007bbd5ec3c73411225e4a69679f8049c7237814718f484b5c0?s=96&d=mm&r=g","url":"https:\/\/secure.gravatar.com\/avatar\/649cd38650031007bbd5ec3c73411225e4a69679f8049c7237814718f484b5c0?s=96&d=mm&r=g","contentUrl":"https:\/\/secure.gravatar.com\/avatar\/649cd38650031007bbd5ec3c73411225e4a69679f8049c7237814718f484b5c0?s=96&d=mm&r=g","caption":"Pascal Gendrot"}}]}},"_links":{"self":[{"href":"http:\/\/laprats.fr\/blog\/wp-json\/wp\/v2\/posts\/1860","targetHints":{"allow":["GET"]}}],"collection":[{"href":"http:\/\/laprats.fr\/blog\/wp-json\/wp\/v2\/posts"}],"about":[{"href":"http:\/\/laprats.fr\/blog\/wp-json\/wp\/v2\/types\/post"}],"author":[{"embeddable":true,"href":"http:\/\/laprats.fr\/blog\/wp-json\/wp\/v2\/users\/6"}],"replies":[{"embeddable":true,"href":"http:\/\/laprats.fr\/blog\/wp-json\/wp\/v2\/comments?post=1860"}],"version-history":[{"count":2,"href":"http:\/\/laprats.fr\/blog\/wp-json\/wp\/v2\/posts\/1860\/revisions"}],"predecessor-version":[{"id":1862,"href":"http:\/\/laprats.fr\/blog\/wp-json\/wp\/v2\/posts\/1860\/revisions\/1862"}],"wp:featuredmedia":[{"embeddable":true,"href":"http:\/\/laprats.fr\/blog\/wp-json\/wp\/v2\/media\/1857"}],"wp:attachment":[{"href":"http:\/\/laprats.fr\/blog\/wp-json\/wp\/v2\/media?parent=1860"}],"wp:term":[{"taxonomy":"category","embeddable":true,"href":"http:\/\/laprats.fr\/blog\/wp-json\/wp\/v2\/categories?post=1860"},{"taxonomy":"post_tag","embeddable":true,"href":"http:\/\/laprats.fr\/blog\/wp-json\/wp\/v2\/tags?post=1860"}],"curies":[{"name":"wp","href":"https:\/\/api.w.org\/{rel}","templated":true}]}}