{"id":1812,"date":"2019-03-10T18:30:59","date_gmt":"2019-03-10T17:30:59","guid":{"rendered":"http:\/\/laprats.fr\/blog\/?p=1812"},"modified":"2019-03-10T18:31:02","modified_gmt":"2019-03-10T17:31:02","slug":"les-videos-du-voyage-airbus","status":"publish","type":"post","link":"http:\/\/laprats.fr\/blog\/les-videos-du-voyage-airbus\/","title":{"rendered":"Les vid\u00e9os du voyage Airbus"},"content":{"rendered":"\n<p>Notre r\u00e9alisateur, cam\u00e9raman et monteur Michel Prat vous propose de voir les montages vid\u00e9os qu&rsquo;il a r\u00e9alis\u00e9s lors du voyage et de la vite d&rsquo;Airbus :<\/p>\n\n\n\n<p style=\"text-align:center\"><a rel=\"noreferrer noopener\" aria-label=\"Voir les vid\u00e9os (s\u2019ouvre dans un nouvel onglet)\" href=\"https:\/\/drive.google.com\/drive\/folders\/1hbzARvNXx3sdpZZwSeiKfGhrjFdkrjfP\" target=\"_blank\">Voir les vid\u00e9os<\/a><\/p>\n\n\n\n<p>Bon visionnage et merci Michel !<\/p>\n","protected":false},"excerpt":{"rendered":"<p>Notre r\u00e9alisateur, cam\u00e9raman et monteur Michel Prat vous propose de voir les montages vid\u00e9os qu&rsquo;il a r\u00e9alis\u00e9s lors du voyage et de la vite d&rsquo;Airbus : Voir les vid\u00e9os Bon <a href=\"http:\/\/laprats.fr\/blog\/les-videos-du-voyage-airbus\/\" class=\"more-link\">[&hellip;]<\/a><\/p>\n","protected":false},"author":6,"featured_media":0,"comment_status":"open","ping_status":"open","sticky":false,"template":"","format":"standard","meta":{"Layout":"","footnotes":""},"categories":[5],"tags":[],"class_list":["entry","author-pascal","post-1812","post","type-post","status-publish","format-standard","category-info-association"],"yoast_head":"<!-- This site is optimized with the Yoast SEO plugin v27.4 - https:\/\/yoast.com\/product\/yoast-seo-wordpress\/ -->\n<title>Les vid\u00e9os du voyage Airbus - Bienvenue<\/title>\n<meta name=\"robots\" content=\"index, follow, max-snippet:-1, max-image-preview:large, max-video-preview:-1\" \/>\n<link rel=\"canonical\" href=\"https:\/\/laprats.fr\/blog\/les-videos-du-voyage-airbus\/\" \/>\n<meta property=\"og:locale\" content=\"fr_FR\" \/>\n<meta property=\"og:type\" content=\"article\" \/>\n<meta property=\"og:title\" content=\"Les vid\u00e9os du voyage Airbus - Bienvenue\" \/>\n<meta property=\"og:description\" content=\"Notre r\u00e9alisateur, cam\u00e9raman et monteur Michel Prat vous propose de voir les montages vid\u00e9os qu&rsquo;il a r\u00e9alis\u00e9s lors du voyage et de la vite d&rsquo;Airbus : Voir les vid\u00e9os Bon [&hellip;]\" \/>\n<meta property=\"og:url\" content=\"https:\/\/laprats.fr\/blog\/les-videos-du-voyage-airbus\/\" \/>\n<meta property=\"og:site_name\" content=\"Bienvenue\" \/>\n<meta property=\"article:publisher\" content=\"https:\/\/fr-fr.facebook.com\/pages\/Association-La-Prats-de-Cluny\/224204740976190?sk=wall\" \/>\n<meta property=\"article:published_time\" content=\"2019-03-10T17:30:59+00:00\" \/>\n<meta property=\"article:modified_time\" content=\"2019-03-10T17:31:02+00:00\" \/>\n<meta property=\"og:image\" content=\"http:\/\/laprats.fr\/blog\/wp-content\/uploads\/2014\/09\/fonddepage.jpg\" \/>\n\t<meta property=\"og:image:width\" content=\"200\" \/>\n\t<meta property=\"og:image:height\" content=\"200\" \/>\n\t<meta property=\"og:image:type\" content=\"image\/jpeg\" \/>\n<meta name=\"author\" content=\"Pascal Gendrot\" \/>\n<meta name=\"twitter:label1\" content=\"\u00c9crit par\" \/>\n\t<meta name=\"twitter:data1\" content=\"Pascal Gendrot\" \/>\n<script type=\"application\/ld+json\" class=\"yoast-schema-graph\">{\"@context\":\"https:\\\/\\\/schema.org\",\"@graph\":[{\"@type\":\"Article\",\"@id\":\"https:\\\/\\\/laprats.fr\\\/blog\\\/les-videos-du-voyage-airbus\\\/#article\",\"isPartOf\":{\"@id\":\"https:\\\/\\\/laprats.fr\\\/blog\\\/les-videos-du-voyage-airbus\\\/\"},\"author\":{\"name\":\"Pascal Gendrot\",\"@id\":\"http:\\\/\\\/laprats.fr\\\/blog\\\/#\\\/schema\\\/person\\\/90a4b4782b20a014cc9b183a4707820c\"},\"headline\":\"Les vid\u00e9os du voyage Airbus\",\"datePublished\":\"2019-03-10T17:30:59+00:00\",\"dateModified\":\"2019-03-10T17:31:02+00:00\",\"mainEntityOfPage\":{\"@id\":\"https:\\\/\\\/laprats.fr\\\/blog\\\/les-videos-du-voyage-airbus\\\/\"},\"wordCount\":45,\"commentCount\":0,\"articleSection\":[\"Info association\"],\"inLanguage\":\"fr-FR\",\"potentialAction\":[{\"@type\":\"CommentAction\",\"name\":\"Comment\",\"target\":[\"https:\\\/\\\/laprats.fr\\\/blog\\\/les-videos-du-voyage-airbus\\\/#respond\"]}]},{\"@type\":\"WebPage\",\"@id\":\"https:\\\/\\\/laprats.fr\\\/blog\\\/les-videos-du-voyage-airbus\\\/\",\"url\":\"https:\\\/\\\/laprats.fr\\\/blog\\\/les-videos-du-voyage-airbus\\\/\",\"name\":\"Les vid\u00e9os du voyage Airbus - Bienvenue\",\"isPartOf\":{\"@id\":\"http:\\\/\\\/laprats.fr\\\/blog\\\/#website\"},\"datePublished\":\"2019-03-10T17:30:59+00:00\",\"dateModified\":\"2019-03-10T17:31:02+00:00\",\"author\":{\"@id\":\"http:\\\/\\\/laprats.fr\\\/blog\\\/#\\\/schema\\\/person\\\/90a4b4782b20a014cc9b183a4707820c\"},\"breadcrumb\":{\"@id\":\"https:\\\/\\\/laprats.fr\\\/blog\\\/les-videos-du-voyage-airbus\\\/#breadcrumb\"},\"inLanguage\":\"fr-FR\",\"potentialAction\":[{\"@type\":\"ReadAction\",\"target\":[\"https:\\\/\\\/laprats.fr\\\/blog\\\/les-videos-du-voyage-airbus\\\/\"]}]},{\"@type\":\"BreadcrumbList\",\"@id\":\"https:\\\/\\\/laprats.fr\\\/blog\\\/les-videos-du-voyage-airbus\\\/#breadcrumb\",\"itemListElement\":[{\"@type\":\"ListItem\",\"position\":1,\"name\":\"Accueil\",\"item\":\"http:\\\/\\\/laprats.fr\\\/blog\\\/\"},{\"@type\":\"ListItem\",\"position\":2,\"name\":\"Les vid\u00e9os du voyage Airbus\"}]},{\"@type\":\"WebSite\",\"@id\":\"http:\\\/\\\/laprats.fr\\\/blog\\\/#website\",\"url\":\"http:\\\/\\\/laprats.fr\\\/blog\\\/\",\"name\":\"Bienvenue\",\"description\":\"D&#039;hier et d&#039;aujourd&#039;hui ... pour demain\",\"potentialAction\":[{\"@type\":\"SearchAction\",\"target\":{\"@type\":\"EntryPoint\",\"urlTemplate\":\"http:\\\/\\\/laprats.fr\\\/blog\\\/?s={search_term_string}\"},\"query-input\":{\"@type\":\"PropertyValueSpecification\",\"valueRequired\":true,\"valueName\":\"search_term_string\"}}],\"inLanguage\":\"fr-FR\"},{\"@type\":\"Person\",\"@id\":\"http:\\\/\\\/laprats.fr\\\/blog\\\/#\\\/schema\\\/person\\\/90a4b4782b20a014cc9b183a4707820c\",\"name\":\"Pascal Gendrot\",\"image\":{\"@type\":\"ImageObject\",\"inLanguage\":\"fr-FR\",\"@id\":\"https:\\\/\\\/secure.gravatar.com\\\/avatar\\\/649cd38650031007bbd5ec3c73411225e4a69679f8049c7237814718f484b5c0?s=96&d=mm&r=g\",\"url\":\"https:\\\/\\\/secure.gravatar.com\\\/avatar\\\/649cd38650031007bbd5ec3c73411225e4a69679f8049c7237814718f484b5c0?s=96&d=mm&r=g\",\"contentUrl\":\"https:\\\/\\\/secure.gravatar.com\\\/avatar\\\/649cd38650031007bbd5ec3c73411225e4a69679f8049c7237814718f484b5c0?s=96&d=mm&r=g\",\"caption\":\"Pascal Gendrot\"}}]}<\/script>\n<!-- \/ Yoast SEO plugin. -->","yoast_head_json":{"title":"Les vid\u00e9os du voyage Airbus - Bienvenue","robots":{"index":"index","follow":"follow","max-snippet":"max-snippet:-1","max-image-preview":"max-image-preview:large","max-video-preview":"max-video-preview:-1"},"canonical":"https:\/\/laprats.fr\/blog\/les-videos-du-voyage-airbus\/","og_locale":"fr_FR","og_type":"article","og_title":"Les vid\u00e9os du voyage Airbus - Bienvenue","og_description":"Notre r\u00e9alisateur, cam\u00e9raman et monteur Michel Prat vous propose de voir les montages vid\u00e9os qu&rsquo;il a r\u00e9alis\u00e9s lors du voyage et de la vite d&rsquo;Airbus : Voir les vid\u00e9os Bon [&hellip;]","og_url":"https:\/\/laprats.fr\/blog\/les-videos-du-voyage-airbus\/","og_site_name":"Bienvenue","article_publisher":"https:\/\/fr-fr.facebook.com\/pages\/Association-La-Prats-de-Cluny\/224204740976190?sk=wall","article_published_time":"2019-03-10T17:30:59+00:00","article_modified_time":"2019-03-10T17:31:02+00:00","og_image":[{"width":200,"height":200,"url":"http:\/\/laprats.fr\/blog\/wp-content\/uploads\/2014\/09\/fonddepage.jpg","type":"image\/jpeg"}],"author":"Pascal Gendrot","twitter_misc":{"\u00c9crit par":"Pascal Gendrot"},"schema":{"@context":"https:\/\/schema.org","@graph":[{"@type":"Article","@id":"https:\/\/laprats.fr\/blog\/les-videos-du-voyage-airbus\/#article","isPartOf":{"@id":"https:\/\/laprats.fr\/blog\/les-videos-du-voyage-airbus\/"},"author":{"name":"Pascal Gendrot","@id":"http:\/\/laprats.fr\/blog\/#\/schema\/person\/90a4b4782b20a014cc9b183a4707820c"},"headline":"Les vid\u00e9os du voyage Airbus","datePublished":"2019-03-10T17:30:59+00:00","dateModified":"2019-03-10T17:31:02+00:00","mainEntityOfPage":{"@id":"https:\/\/laprats.fr\/blog\/les-videos-du-voyage-airbus\/"},"wordCount":45,"commentCount":0,"articleSection":["Info association"],"inLanguage":"fr-FR","potentialAction":[{"@type":"CommentAction","name":"Comment","target":["https:\/\/laprats.fr\/blog\/les-videos-du-voyage-airbus\/#respond"]}]},{"@type":"WebPage","@id":"https:\/\/laprats.fr\/blog\/les-videos-du-voyage-airbus\/","url":"https:\/\/laprats.fr\/blog\/les-videos-du-voyage-airbus\/","name":"Les vid\u00e9os du voyage Airbus - Bienvenue","isPartOf":{"@id":"http:\/\/laprats.fr\/blog\/#website"},"datePublished":"2019-03-10T17:30:59+00:00","dateModified":"2019-03-10T17:31:02+00:00","author":{"@id":"http:\/\/laprats.fr\/blog\/#\/schema\/person\/90a4b4782b20a014cc9b183a4707820c"},"breadcrumb":{"@id":"https:\/\/laprats.fr\/blog\/les-videos-du-voyage-airbus\/#breadcrumb"},"inLanguage":"fr-FR","potentialAction":[{"@type":"ReadAction","target":["https:\/\/laprats.fr\/blog\/les-videos-du-voyage-airbus\/"]}]},{"@type":"BreadcrumbList","@id":"https:\/\/laprats.fr\/blog\/les-videos-du-voyage-airbus\/#breadcrumb","itemListElement":[{"@type":"ListItem","position":1,"name":"Accueil","item":"http:\/\/laprats.fr\/blog\/"},{"@type":"ListItem","position":2,"name":"Les vid\u00e9os du voyage Airbus"}]},{"@type":"WebSite","@id":"http:\/\/laprats.fr\/blog\/#website","url":"http:\/\/laprats.fr\/blog\/","name":"Bienvenue","description":"D&#039;hier et d&#039;aujourd&#039;hui ... pour demain","potentialAction":[{"@type":"SearchAction","target":{"@type":"EntryPoint","urlTemplate":"http:\/\/laprats.fr\/blog\/?s={search_term_string}"},"query-input":{"@type":"PropertyValueSpecification","valueRequired":true,"valueName":"search_term_string"}}],"inLanguage":"fr-FR"},{"@type":"Person","@id":"http:\/\/laprats.fr\/blog\/#\/schema\/person\/90a4b4782b20a014cc9b183a4707820c","name":"Pascal Gendrot","image":{"@type":"ImageObject","inLanguage":"fr-FR","@id":"https:\/\/secure.gravatar.com\/avatar\/649cd38650031007bbd5ec3c73411225e4a69679f8049c7237814718f484b5c0?s=96&d=mm&r=g","url":"https:\/\/secure.gravatar.com\/avatar\/649cd38650031007bbd5ec3c73411225e4a69679f8049c7237814718f484b5c0?s=96&d=mm&r=g","contentUrl":"https:\/\/secure.gravatar.com\/avatar\/649cd38650031007bbd5ec3c73411225e4a69679f8049c7237814718f484b5c0?s=96&d=mm&r=g","caption":"Pascal Gendrot"}}]}},"_links":{"self":[{"href":"http:\/\/laprats.fr\/blog\/wp-json\/wp\/v2\/posts\/1812","targetHints":{"allow":["GET"]}}],"collection":[{"href":"http:\/\/laprats.fr\/blog\/wp-json\/wp\/v2\/posts"}],"about":[{"href":"http:\/\/laprats.fr\/blog\/wp-json\/wp\/v2\/types\/post"}],"author":[{"embeddable":true,"href":"http:\/\/laprats.fr\/blog\/wp-json\/wp\/v2\/users\/6"}],"replies":[{"embeddable":true,"href":"http:\/\/laprats.fr\/blog\/wp-json\/wp\/v2\/comments?post=1812"}],"version-history":[{"count":3,"href":"http:\/\/laprats.fr\/blog\/wp-json\/wp\/v2\/posts\/1812\/revisions"}],"predecessor-version":[{"id":1816,"href":"http:\/\/laprats.fr\/blog\/wp-json\/wp\/v2\/posts\/1812\/revisions\/1816"}],"wp:attachment":[{"href":"http:\/\/laprats.fr\/blog\/wp-json\/wp\/v2\/media?parent=1812"}],"wp:term":[{"taxonomy":"category","embeddable":true,"href":"http:\/\/laprats.fr\/blog\/wp-json\/wp\/v2\/categories?post=1812"},{"taxonomy":"post_tag","embeddable":true,"href":"http:\/\/laprats.fr\/blog\/wp-json\/wp\/v2\/tags?post=1812"}],"curies":[{"name":"wp","href":"https:\/\/api.w.org\/{rel}","templated":true}]}}