{"id":1680,"date":"2018-08-25T20:05:45","date_gmt":"2018-08-25T18:05:45","guid":{"rendered":"http:\/\/laprats.fr\/blog\/?p=1680"},"modified":"2018-08-25T20:06:31","modified_gmt":"2018-08-25T18:06:31","slug":"derniere-ligne-droite-pour-les-inscription-a-notre-ag","status":"publish","type":"post","link":"http:\/\/laprats.fr\/blog\/derniere-ligne-droite-pour-les-inscription-a-notre-ag\/","title":{"rendered":"Derni\u00e8re ligne droite pour les inscriptions \u00e0 notre AG"},"content":{"rendered":"<p>Il te reste encore quelques jours pour t\u2019inscrire \u00e0 l\u2019assembl\u00e9e g\u00e9n\u00e9rale dont voici le programme d\u00e9finitif\u00a0:<\/p>\n<ul>\n<li>09h30 Accueil et caf\u00e9 offert par le lyc\u00e9e<\/li>\n<li>10h00 A.G.<\/li>\n<li>11h30 Visite du lyc\u00e9e<\/li>\n<li>12h00 D\u00e9p\u00f4t de gerbe<\/li>\n<li>12h15 Ap\u00e9ritif offert par le lyc\u00e9e<\/li>\n<li>13h00 Repas au r\u00e9fectoire du lyc\u00e9e (ouvert \u00e0 tous les anciens \u00e0 jour de cotisations et leurs conjoints et enfants)<\/li>\n<li>17h30 Visite de Blanot<\/li>\n<li>18h00 Pr\u00e9sentation de deux vignerons et d\u00e9gustation de fromage de ch\u00e8vre<\/li>\n<li>19h15 Repas du soir (budget 18 \u20ac environ)<\/li>\n<li>Nuit\u00e9e possible sur place \u00e0 la Moutonnerie \u00e0 Toury (Cortembert) ou \u00e0 l\u2019Auberge du Prieur\u00e9 \u00e0 Blanot<\/li>\n<\/ul>\n<p>Des animations sont \u00e9galement pr\u00e9vues pendant et apr\u00e8s le repas, notamment\u00a0:<\/p>\n<ul>\n<li>Une r\u00e9trospective d\u00e9di\u00e9e \u00e0 Michel Bouillot<\/li>\n<li>Un quiz \u2018ann\u00e9es 80\u2019<\/li>\n<li>Un Jeu surprise<\/li>\n<li>\u2026<\/li>\n<\/ul>\n<p style=\"text-align: center;\"><a href=\"https:\/\/www.helloasso.com\/associations\/la-prat-s-de-cluny\/adhesions\/a-g-2018\">Inscription internet<\/a> ou <a href=\"http:\/\/www.laprats.fr\/invit2018.pdf\">Inscription papier<\/a><\/p>\n<p>ATTENTION\u00a0: Aucune inscription au repas ne sera enregistr\u00e9e sur place pour des raisons d\u2019organisation.<\/p>\n<p>Fait suivre cette invitation \u00e0 tes anciens camarades ou coll\u00e8gues prat\u2019siens que tu souhaites amener avec toi.<\/p>\n","protected":false},"excerpt":{"rendered":"<p>Il te reste encore quelques jours pour t\u2019inscrire \u00e0 l\u2019assembl\u00e9e g\u00e9n\u00e9rale dont voici le programme d\u00e9finitif\u00a0: 09h30 Accueil et caf\u00e9 offert par le lyc\u00e9e 10h00 A.G. 11h30 Visite du lyc\u00e9e <a href=\"http:\/\/laprats.fr\/blog\/derniere-ligne-droite-pour-les-inscription-a-notre-ag\/\" class=\"more-link\">[&hellip;]<\/a><\/p>\n","protected":false},"author":6,"featured_media":1596,"comment_status":"open","ping_status":"open","sticky":false,"template":"","format":"standard","meta":{"Layout":"","footnotes":""},"categories":[5],"tags":[],"class_list":["entry","author-pascal","post-1680","post","type-post","status-publish","format-standard","has-post-thumbnail","category-info-association"],"yoast_head":"<!-- This site is optimized with the Yoast SEO plugin v27.4 - https:\/\/yoast.com\/product\/yoast-seo-wordpress\/ -->\n<title>Derni\u00e8re ligne droite pour les inscriptions \u00e0 notre AG - Bienvenue<\/title>\n<meta name=\"robots\" content=\"index, follow, max-snippet:-1, max-image-preview:large, max-video-preview:-1\" \/>\n<link rel=\"canonical\" href=\"https:\/\/laprats.fr\/blog\/derniere-ligne-droite-pour-les-inscription-a-notre-ag\/\" \/>\n<meta property=\"og:locale\" content=\"fr_FR\" \/>\n<meta property=\"og:type\" content=\"article\" \/>\n<meta property=\"og:title\" content=\"Derni\u00e8re ligne droite pour les inscriptions \u00e0 notre AG - Bienvenue\" \/>\n<meta property=\"og:description\" content=\"Il te reste encore quelques jours pour t\u2019inscrire \u00e0 l\u2019assembl\u00e9e g\u00e9n\u00e9rale dont voici le programme d\u00e9finitif\u00a0: 09h30 Accueil et caf\u00e9 offert par le lyc\u00e9e 10h00 A.G. 11h30 Visite du lyc\u00e9e [&hellip;]\" \/>\n<meta property=\"og:url\" content=\"https:\/\/laprats.fr\/blog\/derniere-ligne-droite-pour-les-inscription-a-notre-ag\/\" \/>\n<meta property=\"og:site_name\" content=\"Bienvenue\" \/>\n<meta property=\"article:publisher\" content=\"https:\/\/fr-fr.facebook.com\/pages\/Association-La-Prats-de-Cluny\/224204740976190?sk=wall\" \/>\n<meta property=\"article:published_time\" content=\"2018-08-25T18:05:45+00:00\" \/>\n<meta property=\"article:modified_time\" content=\"2018-08-25T18:06:31+00:00\" \/>\n<meta property=\"og:image\" content=\"https:\/\/laprats.fr\/blog\/wp-content\/uploads\/2018\/02\/logoann\u00e9es80.jpg\" \/>\n\t<meta property=\"og:image:width\" content=\"768\" \/>\n\t<meta property=\"og:image:height\" content=\"300\" \/>\n\t<meta property=\"og:image:type\" content=\"image\/jpeg\" \/>\n<meta name=\"author\" content=\"Pascal Gendrot\" \/>\n<meta name=\"twitter:label1\" content=\"\u00c9crit par\" \/>\n\t<meta name=\"twitter:data1\" content=\"Pascal Gendrot\" \/>\n\t<meta name=\"twitter:label2\" content=\"Dur\u00e9e de lecture estim\u00e9e\" \/>\n\t<meta name=\"twitter:data2\" content=\"1 minute\" \/>\n<script type=\"application\/ld+json\" class=\"yoast-schema-graph\">{\"@context\":\"https:\\\/\\\/schema.org\",\"@graph\":[{\"@type\":\"Article\",\"@id\":\"https:\\\/\\\/laprats.fr\\\/blog\\\/derniere-ligne-droite-pour-les-inscription-a-notre-ag\\\/#article\",\"isPartOf\":{\"@id\":\"https:\\\/\\\/laprats.fr\\\/blog\\\/derniere-ligne-droite-pour-les-inscription-a-notre-ag\\\/\"},\"author\":{\"name\":\"Pascal Gendrot\",\"@id\":\"http:\\\/\\\/laprats.fr\\\/blog\\\/#\\\/schema\\\/person\\\/90a4b4782b20a014cc9b183a4707820c\"},\"headline\":\"Derni\u00e8re ligne droite pour les inscriptions \u00e0 notre AG\",\"datePublished\":\"2018-08-25T18:05:45+00:00\",\"dateModified\":\"2018-08-25T18:06:31+00:00\",\"mainEntityOfPage\":{\"@id\":\"https:\\\/\\\/laprats.fr\\\/blog\\\/derniere-ligne-droite-pour-les-inscription-a-notre-ag\\\/\"},\"wordCount\":187,\"commentCount\":0,\"image\":{\"@id\":\"https:\\\/\\\/laprats.fr\\\/blog\\\/derniere-ligne-droite-pour-les-inscription-a-notre-ag\\\/#primaryimage\"},\"thumbnailUrl\":\"http:\\\/\\\/laprats.fr\\\/blog\\\/wp-content\\\/uploads\\\/2018\\\/02\\\/logoann\u00e9es80.jpg\",\"articleSection\":[\"Info association\"],\"inLanguage\":\"fr-FR\",\"potentialAction\":[{\"@type\":\"CommentAction\",\"name\":\"Comment\",\"target\":[\"https:\\\/\\\/laprats.fr\\\/blog\\\/derniere-ligne-droite-pour-les-inscription-a-notre-ag\\\/#respond\"]}]},{\"@type\":\"WebPage\",\"@id\":\"https:\\\/\\\/laprats.fr\\\/blog\\\/derniere-ligne-droite-pour-les-inscription-a-notre-ag\\\/\",\"url\":\"https:\\\/\\\/laprats.fr\\\/blog\\\/derniere-ligne-droite-pour-les-inscription-a-notre-ag\\\/\",\"name\":\"Derni\u00e8re ligne droite pour les inscriptions \u00e0 notre AG - Bienvenue\",\"isPartOf\":{\"@id\":\"http:\\\/\\\/laprats.fr\\\/blog\\\/#website\"},\"primaryImageOfPage\":{\"@id\":\"https:\\\/\\\/laprats.fr\\\/blog\\\/derniere-ligne-droite-pour-les-inscription-a-notre-ag\\\/#primaryimage\"},\"image\":{\"@id\":\"https:\\\/\\\/laprats.fr\\\/blog\\\/derniere-ligne-droite-pour-les-inscription-a-notre-ag\\\/#primaryimage\"},\"thumbnailUrl\":\"http:\\\/\\\/laprats.fr\\\/blog\\\/wp-content\\\/uploads\\\/2018\\\/02\\\/logoann\u00e9es80.jpg\",\"datePublished\":\"2018-08-25T18:05:45+00:00\",\"dateModified\":\"2018-08-25T18:06:31+00:00\",\"author\":{\"@id\":\"http:\\\/\\\/laprats.fr\\\/blog\\\/#\\\/schema\\\/person\\\/90a4b4782b20a014cc9b183a4707820c\"},\"breadcrumb\":{\"@id\":\"https:\\\/\\\/laprats.fr\\\/blog\\\/derniere-ligne-droite-pour-les-inscription-a-notre-ag\\\/#breadcrumb\"},\"inLanguage\":\"fr-FR\",\"potentialAction\":[{\"@type\":\"ReadAction\",\"target\":[\"https:\\\/\\\/laprats.fr\\\/blog\\\/derniere-ligne-droite-pour-les-inscription-a-notre-ag\\\/\"]}]},{\"@type\":\"ImageObject\",\"inLanguage\":\"fr-FR\",\"@id\":\"https:\\\/\\\/laprats.fr\\\/blog\\\/derniere-ligne-droite-pour-les-inscription-a-notre-ag\\\/#primaryimage\",\"url\":\"http:\\\/\\\/laprats.fr\\\/blog\\\/wp-content\\\/uploads\\\/2018\\\/02\\\/logoann\u00e9es80.jpg\",\"contentUrl\":\"http:\\\/\\\/laprats.fr\\\/blog\\\/wp-content\\\/uploads\\\/2018\\\/02\\\/logoann\u00e9es80.jpg\",\"width\":768,\"height\":300},{\"@type\":\"BreadcrumbList\",\"@id\":\"https:\\\/\\\/laprats.fr\\\/blog\\\/derniere-ligne-droite-pour-les-inscription-a-notre-ag\\\/#breadcrumb\",\"itemListElement\":[{\"@type\":\"ListItem\",\"position\":1,\"name\":\"Accueil\",\"item\":\"http:\\\/\\\/laprats.fr\\\/blog\\\/\"},{\"@type\":\"ListItem\",\"position\":2,\"name\":\"Derni\u00e8re ligne droite pour les inscriptions \u00e0 notre AG\"}]},{\"@type\":\"WebSite\",\"@id\":\"http:\\\/\\\/laprats.fr\\\/blog\\\/#website\",\"url\":\"http:\\\/\\\/laprats.fr\\\/blog\\\/\",\"name\":\"Bienvenue\",\"description\":\"D&#039;hier et d&#039;aujourd&#039;hui ... pour demain\",\"potentialAction\":[{\"@type\":\"SearchAction\",\"target\":{\"@type\":\"EntryPoint\",\"urlTemplate\":\"http:\\\/\\\/laprats.fr\\\/blog\\\/?s={search_term_string}\"},\"query-input\":{\"@type\":\"PropertyValueSpecification\",\"valueRequired\":true,\"valueName\":\"search_term_string\"}}],\"inLanguage\":\"fr-FR\"},{\"@type\":\"Person\",\"@id\":\"http:\\\/\\\/laprats.fr\\\/blog\\\/#\\\/schema\\\/person\\\/90a4b4782b20a014cc9b183a4707820c\",\"name\":\"Pascal Gendrot\",\"image\":{\"@type\":\"ImageObject\",\"inLanguage\":\"fr-FR\",\"@id\":\"https:\\\/\\\/secure.gravatar.com\\\/avatar\\\/649cd38650031007bbd5ec3c73411225e4a69679f8049c7237814718f484b5c0?s=96&d=mm&r=g\",\"url\":\"https:\\\/\\\/secure.gravatar.com\\\/avatar\\\/649cd38650031007bbd5ec3c73411225e4a69679f8049c7237814718f484b5c0?s=96&d=mm&r=g\",\"contentUrl\":\"https:\\\/\\\/secure.gravatar.com\\\/avatar\\\/649cd38650031007bbd5ec3c73411225e4a69679f8049c7237814718f484b5c0?s=96&d=mm&r=g\",\"caption\":\"Pascal Gendrot\"}}]}<\/script>\n<!-- \/ Yoast SEO plugin. -->","yoast_head_json":{"title":"Derni\u00e8re ligne droite pour les inscriptions \u00e0 notre AG - Bienvenue","robots":{"index":"index","follow":"follow","max-snippet":"max-snippet:-1","max-image-preview":"max-image-preview:large","max-video-preview":"max-video-preview:-1"},"canonical":"https:\/\/laprats.fr\/blog\/derniere-ligne-droite-pour-les-inscription-a-notre-ag\/","og_locale":"fr_FR","og_type":"article","og_title":"Derni\u00e8re ligne droite pour les inscriptions \u00e0 notre AG - Bienvenue","og_description":"Il te reste encore quelques jours pour t\u2019inscrire \u00e0 l\u2019assembl\u00e9e g\u00e9n\u00e9rale dont voici le programme d\u00e9finitif\u00a0: 09h30 Accueil et caf\u00e9 offert par le lyc\u00e9e 10h00 A.G. 11h30 Visite du lyc\u00e9e [&hellip;]","og_url":"https:\/\/laprats.fr\/blog\/derniere-ligne-droite-pour-les-inscription-a-notre-ag\/","og_site_name":"Bienvenue","article_publisher":"https:\/\/fr-fr.facebook.com\/pages\/Association-La-Prats-de-Cluny\/224204740976190?sk=wall","article_published_time":"2018-08-25T18:05:45+00:00","article_modified_time":"2018-08-25T18:06:31+00:00","og_image":[{"width":768,"height":300,"url":"https:\/\/laprats.fr\/blog\/wp-content\/uploads\/2018\/02\/logoann\u00e9es80.jpg","type":"image\/jpeg"}],"author":"Pascal Gendrot","twitter_misc":{"\u00c9crit par":"Pascal Gendrot","Dur\u00e9e de lecture estim\u00e9e":"1 minute"},"schema":{"@context":"https:\/\/schema.org","@graph":[{"@type":"Article","@id":"https:\/\/laprats.fr\/blog\/derniere-ligne-droite-pour-les-inscription-a-notre-ag\/#article","isPartOf":{"@id":"https:\/\/laprats.fr\/blog\/derniere-ligne-droite-pour-les-inscription-a-notre-ag\/"},"author":{"name":"Pascal Gendrot","@id":"http:\/\/laprats.fr\/blog\/#\/schema\/person\/90a4b4782b20a014cc9b183a4707820c"},"headline":"Derni\u00e8re ligne droite pour les inscriptions \u00e0 notre AG","datePublished":"2018-08-25T18:05:45+00:00","dateModified":"2018-08-25T18:06:31+00:00","mainEntityOfPage":{"@id":"https:\/\/laprats.fr\/blog\/derniere-ligne-droite-pour-les-inscription-a-notre-ag\/"},"wordCount":187,"commentCount":0,"image":{"@id":"https:\/\/laprats.fr\/blog\/derniere-ligne-droite-pour-les-inscription-a-notre-ag\/#primaryimage"},"thumbnailUrl":"http:\/\/laprats.fr\/blog\/wp-content\/uploads\/2018\/02\/logoann\u00e9es80.jpg","articleSection":["Info association"],"inLanguage":"fr-FR","potentialAction":[{"@type":"CommentAction","name":"Comment","target":["https:\/\/laprats.fr\/blog\/derniere-ligne-droite-pour-les-inscription-a-notre-ag\/#respond"]}]},{"@type":"WebPage","@id":"https:\/\/laprats.fr\/blog\/derniere-ligne-droite-pour-les-inscription-a-notre-ag\/","url":"https:\/\/laprats.fr\/blog\/derniere-ligne-droite-pour-les-inscription-a-notre-ag\/","name":"Derni\u00e8re ligne droite pour les inscriptions \u00e0 notre AG - Bienvenue","isPartOf":{"@id":"http:\/\/laprats.fr\/blog\/#website"},"primaryImageOfPage":{"@id":"https:\/\/laprats.fr\/blog\/derniere-ligne-droite-pour-les-inscription-a-notre-ag\/#primaryimage"},"image":{"@id":"https:\/\/laprats.fr\/blog\/derniere-ligne-droite-pour-les-inscription-a-notre-ag\/#primaryimage"},"thumbnailUrl":"http:\/\/laprats.fr\/blog\/wp-content\/uploads\/2018\/02\/logoann\u00e9es80.jpg","datePublished":"2018-08-25T18:05:45+00:00","dateModified":"2018-08-25T18:06:31+00:00","author":{"@id":"http:\/\/laprats.fr\/blog\/#\/schema\/person\/90a4b4782b20a014cc9b183a4707820c"},"breadcrumb":{"@id":"https:\/\/laprats.fr\/blog\/derniere-ligne-droite-pour-les-inscription-a-notre-ag\/#breadcrumb"},"inLanguage":"fr-FR","potentialAction":[{"@type":"ReadAction","target":["https:\/\/laprats.fr\/blog\/derniere-ligne-droite-pour-les-inscription-a-notre-ag\/"]}]},{"@type":"ImageObject","inLanguage":"fr-FR","@id":"https:\/\/laprats.fr\/blog\/derniere-ligne-droite-pour-les-inscription-a-notre-ag\/#primaryimage","url":"http:\/\/laprats.fr\/blog\/wp-content\/uploads\/2018\/02\/logoann\u00e9es80.jpg","contentUrl":"http:\/\/laprats.fr\/blog\/wp-content\/uploads\/2018\/02\/logoann\u00e9es80.jpg","width":768,"height":300},{"@type":"BreadcrumbList","@id":"https:\/\/laprats.fr\/blog\/derniere-ligne-droite-pour-les-inscription-a-notre-ag\/#breadcrumb","itemListElement":[{"@type":"ListItem","position":1,"name":"Accueil","item":"http:\/\/laprats.fr\/blog\/"},{"@type":"ListItem","position":2,"name":"Derni\u00e8re ligne droite pour les inscriptions \u00e0 notre AG"}]},{"@type":"WebSite","@id":"http:\/\/laprats.fr\/blog\/#website","url":"http:\/\/laprats.fr\/blog\/","name":"Bienvenue","description":"D&#039;hier et d&#039;aujourd&#039;hui ... pour demain","potentialAction":[{"@type":"SearchAction","target":{"@type":"EntryPoint","urlTemplate":"http:\/\/laprats.fr\/blog\/?s={search_term_string}"},"query-input":{"@type":"PropertyValueSpecification","valueRequired":true,"valueName":"search_term_string"}}],"inLanguage":"fr-FR"},{"@type":"Person","@id":"http:\/\/laprats.fr\/blog\/#\/schema\/person\/90a4b4782b20a014cc9b183a4707820c","name":"Pascal Gendrot","image":{"@type":"ImageObject","inLanguage":"fr-FR","@id":"https:\/\/secure.gravatar.com\/avatar\/649cd38650031007bbd5ec3c73411225e4a69679f8049c7237814718f484b5c0?s=96&d=mm&r=g","url":"https:\/\/secure.gravatar.com\/avatar\/649cd38650031007bbd5ec3c73411225e4a69679f8049c7237814718f484b5c0?s=96&d=mm&r=g","contentUrl":"https:\/\/secure.gravatar.com\/avatar\/649cd38650031007bbd5ec3c73411225e4a69679f8049c7237814718f484b5c0?s=96&d=mm&r=g","caption":"Pascal Gendrot"}}]}},"_links":{"self":[{"href":"http:\/\/laprats.fr\/blog\/wp-json\/wp\/v2\/posts\/1680","targetHints":{"allow":["GET"]}}],"collection":[{"href":"http:\/\/laprats.fr\/blog\/wp-json\/wp\/v2\/posts"}],"about":[{"href":"http:\/\/laprats.fr\/blog\/wp-json\/wp\/v2\/types\/post"}],"author":[{"embeddable":true,"href":"http:\/\/laprats.fr\/blog\/wp-json\/wp\/v2\/users\/6"}],"replies":[{"embeddable":true,"href":"http:\/\/laprats.fr\/blog\/wp-json\/wp\/v2\/comments?post=1680"}],"version-history":[{"count":2,"href":"http:\/\/laprats.fr\/blog\/wp-json\/wp\/v2\/posts\/1680\/revisions"}],"predecessor-version":[{"id":1682,"href":"http:\/\/laprats.fr\/blog\/wp-json\/wp\/v2\/posts\/1680\/revisions\/1682"}],"wp:featuredmedia":[{"embeddable":true,"href":"http:\/\/laprats.fr\/blog\/wp-json\/wp\/v2\/media\/1596"}],"wp:attachment":[{"href":"http:\/\/laprats.fr\/blog\/wp-json\/wp\/v2\/media?parent=1680"}],"wp:term":[{"taxonomy":"category","embeddable":true,"href":"http:\/\/laprats.fr\/blog\/wp-json\/wp\/v2\/categories?post=1680"},{"taxonomy":"post_tag","embeddable":true,"href":"http:\/\/laprats.fr\/blog\/wp-json\/wp\/v2\/tags?post=1680"}],"curies":[{"name":"wp","href":"https:\/\/api.w.org\/{rel}","templated":true}]}}