{"id":1668,"date":"2018-07-17T11:45:00","date_gmt":"2018-07-17T09:45:00","guid":{"rendered":"http:\/\/laprats.fr\/blog\/?p=1668"},"modified":"2018-07-20T06:52:39","modified_gmt":"2018-07-20T04:52:39","slug":"inscription-ag-2018-speciale-annees-80","status":"publish","type":"post","link":"http:\/\/laprats.fr\/blog\/inscription-ag-2018-speciale-annees-80\/","title":{"rendered":"Inscription AG 2018 sp\u00e9ciale ann\u00e9es 80"},"content":{"rendered":"<p>Ch\u00e8res Prat&rsquo;siennes, cher Prat&rsquo;sien,<\/p>\n<p>Les inscriptions pour l&rsquo;AG 2018 sp\u00e9ciale ann\u00e9es 80 sont \u00e0 pr\u00e9sent ouvertes. Tu en trouveras tous les d\u00e9tails sur la <a href=\"http:\/\/laprats.fr\/blog\/annees-80\/\">page d\u00e9di\u00e9e \u00e0 l&rsquo;\u00e9v\u00e8nement .<\/a><\/p>\n<p>Pour m\u00e9moire, cette A.G. ouverte \u00e0 toutes les g\u00e9n\u00e9rations d\u2019anciens \u00e9l\u00e8ves, personnels et professeurs du lyc\u00e9e de #Cluny et leurs conjoints et enfants mettra plus particuli\u00e8rement en avant, cette ann\u00e9e, les Prat\u2019sien des ann\u00e9es 80. Elle se d\u00e9roulera ainsi :<\/p>\n<p>&#8211; 9 h 30\u00a0\u00a0\u00a0\u00a0\u00a0\u00a0\u00a0\u00a0\u00a0\u00a0 Accueil (caf\u00e9- jus de fruits)<\/p>\n<p>&#8211; 10 h 00\u00a0\u00a0\u00a0\u00a0\u00a0\u00a0\u00a0\u00a0 Assembl\u00e9e g\u00e9n\u00e9rale ordinaire<\/p>\n<p>&#8211; 11h 00\u00a0\u00a0\u00a0\u00a0\u00a0\u00a0\u00a0\u00a0\u00a0 Visite du lyc\u00e9e<\/p>\n<p>&#8211; 12 h 00\u00a0\u00a0\u00a0\u00a0\u00a0\u00a0\u00a0\u00a0 D\u00e9p\u00f4t de gerbe<\/p>\n<p>&#8211; 12h 15\u00a0\u00a0\u00a0\u00a0\u00a0\u00a0\u00a0\u00a0\u00a0 Pot de l\u2019amiti\u00e9<\/p>\n<p>&#8211; 13 h 00\u00a0\u00a0\u00a0\u00a0\u00a0\u00a0\u00a0\u00a0 Repas au r\u00e9fectoire du lyc\u00e9e avec mise \u00e0 l\u2019honneur de la g\u00e9n\u00e9ration des ann\u00e9es 80<\/p>\n<p>&#8211; 17h 00\u00a0\u00a0\u00a0\u00a0\u00a0\u00a0\u00a0\u00a0\u00a0 Visite d\u2019un vigneron local suivi d\u2019un repas \u00e0 frais partag\u00e9s<\/p>\n<p>A cette occasion tu pourras \u00e9galement commander <a href=\"http:\/\/www.laprats.fr\/Sweat.pdf\" target=\"_blank\" rel=\"noopener\">un sweat floqu\u00e9 aux couleurs<\/a> du lyc\u00e9e qui te sera remis sur place. Quelques animations sur le th\u00e8me des ann\u00e9es 80 sont \u00e9galement pr\u00e9vues.<\/p>\n<p>Pour t&rsquo;inscrire, <a href=\"http:\/\/laprats.fr\/blog\/annees-80\/\" target=\"_blank\" rel=\"noopener\">rendez-vous sur la page de l&rsquo;\u00e9v\u00e8nement<\/a><\/p>\n<p>Dans l&rsquo;attente de te retrouver,<\/p>\n<p>Amicalement,<\/p>\n<p>Les membres du C.A.<\/p>\n","protected":false},"excerpt":{"rendered":"<p>Ch\u00e8res Prat&rsquo;siennes, cher Prat&rsquo;sien, Les inscriptions pour l&rsquo;AG 2018 sp\u00e9ciale ann\u00e9es 80 sont \u00e0 pr\u00e9sent ouvertes. Tu en trouveras tous les d\u00e9tails sur la page d\u00e9di\u00e9e \u00e0 l&rsquo;\u00e9v\u00e8nement . Pour <a href=\"http:\/\/laprats.fr\/blog\/inscription-ag-2018-speciale-annees-80\/\" class=\"more-link\">[&hellip;]<\/a><\/p>\n","protected":false},"author":6,"featured_media":1596,"comment_status":"open","ping_status":"open","sticky":false,"template":"","format":"standard","meta":{"Layout":"","footnotes":""},"categories":[5],"tags":[],"class_list":["entry","author-pascal","post-1668","post","type-post","status-publish","format-standard","has-post-thumbnail","category-info-association"],"yoast_head":"<!-- This site is optimized with the Yoast SEO plugin v27.4 - https:\/\/yoast.com\/product\/yoast-seo-wordpress\/ -->\n<title>Inscription AG 2018 sp\u00e9ciale ann\u00e9es 80 - Bienvenue %Cluny retrouvailles lyc\u00e9e<\/title>\n<meta name=\"description\" content=\"Retrouvailles AG 2018 sp\u00e9ciale ann\u00e9es 80 au lyc\u00e9e La Prat&#039;s de Cluny\" \/>\n<meta name=\"robots\" content=\"index, follow, max-snippet:-1, max-image-preview:large, max-video-preview:-1\" \/>\n<link rel=\"canonical\" href=\"http:\/\/laprats.fr\/blog\/inscription-ag-2018-speciale-annees-80\/\" \/>\n<meta property=\"og:locale\" content=\"fr_FR\" \/>\n<meta property=\"og:type\" content=\"article\" \/>\n<meta property=\"og:title\" content=\"Inscription AG 2018 sp\u00e9ciale ann\u00e9es 80 - Bienvenue %Cluny retrouvailles lyc\u00e9e\" \/>\n<meta property=\"og:description\" content=\"Retrouvailles AG 2018 sp\u00e9ciale ann\u00e9es 80 au lyc\u00e9e La Prat&#039;s de Cluny\" \/>\n<meta property=\"og:url\" content=\"http:\/\/laprats.fr\/blog\/inscription-ag-2018-speciale-annees-80\/\" \/>\n<meta property=\"og:site_name\" content=\"Bienvenue\" \/>\n<meta property=\"article:publisher\" content=\"https:\/\/fr-fr.facebook.com\/pages\/Association-La-Prats-de-Cluny\/224204740976190?sk=wall\" \/>\n<meta property=\"article:published_time\" content=\"2018-07-17T09:45:00+00:00\" \/>\n<meta property=\"article:modified_time\" content=\"2018-07-20T04:52:39+00:00\" \/>\n<meta property=\"og:image\" content=\"http:\/\/laprats.fr\/blog\/wp-content\/uploads\/2018\/02\/logoann\u00e9es80.jpg\" \/>\n\t<meta property=\"og:image:width\" content=\"768\" \/>\n\t<meta property=\"og:image:height\" content=\"300\" \/>\n\t<meta property=\"og:image:type\" content=\"image\/jpeg\" \/>\n<meta name=\"author\" content=\"Pascal Gendrot\" \/>\n<meta name=\"twitter:label1\" content=\"\u00c9crit par\" \/>\n\t<meta name=\"twitter:data1\" content=\"Pascal Gendrot\" \/>\n\t<meta name=\"twitter:label2\" content=\"Dur\u00e9e de lecture estim\u00e9e\" \/>\n\t<meta name=\"twitter:data2\" content=\"1 minute\" \/>\n<script type=\"application\/ld+json\" class=\"yoast-schema-graph\">{\"@context\":\"https:\\\/\\\/schema.org\",\"@graph\":[{\"@type\":\"Article\",\"@id\":\"http:\\\/\\\/laprats.fr\\\/blog\\\/inscription-ag-2018-speciale-annees-80\\\/#article\",\"isPartOf\":{\"@id\":\"http:\\\/\\\/laprats.fr\\\/blog\\\/inscription-ag-2018-speciale-annees-80\\\/\"},\"author\":{\"name\":\"Pascal Gendrot\",\"@id\":\"http:\\\/\\\/laprats.fr\\\/blog\\\/#\\\/schema\\\/person\\\/90a4b4782b20a014cc9b183a4707820c\"},\"headline\":\"Inscription AG 2018 sp\u00e9ciale ann\u00e9es 80\",\"datePublished\":\"2018-07-17T09:45:00+00:00\",\"dateModified\":\"2018-07-20T04:52:39+00:00\",\"mainEntityOfPage\":{\"@id\":\"http:\\\/\\\/laprats.fr\\\/blog\\\/inscription-ag-2018-speciale-annees-80\\\/\"},\"wordCount\":213,\"commentCount\":0,\"image\":{\"@id\":\"http:\\\/\\\/laprats.fr\\\/blog\\\/inscription-ag-2018-speciale-annees-80\\\/#primaryimage\"},\"thumbnailUrl\":\"http:\\\/\\\/laprats.fr\\\/blog\\\/wp-content\\\/uploads\\\/2018\\\/02\\\/logoann\u00e9es80.jpg\",\"articleSection\":[\"Info association\"],\"inLanguage\":\"fr-FR\",\"potentialAction\":[{\"@type\":\"CommentAction\",\"name\":\"Comment\",\"target\":[\"http:\\\/\\\/laprats.fr\\\/blog\\\/inscription-ag-2018-speciale-annees-80\\\/#respond\"]}]},{\"@type\":\"WebPage\",\"@id\":\"http:\\\/\\\/laprats.fr\\\/blog\\\/inscription-ag-2018-speciale-annees-80\\\/\",\"url\":\"http:\\\/\\\/laprats.fr\\\/blog\\\/inscription-ag-2018-speciale-annees-80\\\/\",\"name\":\"Inscription AG 2018 sp\u00e9ciale ann\u00e9es 80 - Bienvenue %Cluny retrouvailles lyc\u00e9e\",\"isPartOf\":{\"@id\":\"http:\\\/\\\/laprats.fr\\\/blog\\\/#website\"},\"primaryImageOfPage\":{\"@id\":\"http:\\\/\\\/laprats.fr\\\/blog\\\/inscription-ag-2018-speciale-annees-80\\\/#primaryimage\"},\"image\":{\"@id\":\"http:\\\/\\\/laprats.fr\\\/blog\\\/inscription-ag-2018-speciale-annees-80\\\/#primaryimage\"},\"thumbnailUrl\":\"http:\\\/\\\/laprats.fr\\\/blog\\\/wp-content\\\/uploads\\\/2018\\\/02\\\/logoann\u00e9es80.jpg\",\"datePublished\":\"2018-07-17T09:45:00+00:00\",\"dateModified\":\"2018-07-20T04:52:39+00:00\",\"author\":{\"@id\":\"http:\\\/\\\/laprats.fr\\\/blog\\\/#\\\/schema\\\/person\\\/90a4b4782b20a014cc9b183a4707820c\"},\"description\":\"Retrouvailles AG 2018 sp\u00e9ciale ann\u00e9es 80 au lyc\u00e9e La Prat's de Cluny\",\"breadcrumb\":{\"@id\":\"http:\\\/\\\/laprats.fr\\\/blog\\\/inscription-ag-2018-speciale-annees-80\\\/#breadcrumb\"},\"inLanguage\":\"fr-FR\",\"potentialAction\":[{\"@type\":\"ReadAction\",\"target\":[\"http:\\\/\\\/laprats.fr\\\/blog\\\/inscription-ag-2018-speciale-annees-80\\\/\"]}]},{\"@type\":\"ImageObject\",\"inLanguage\":\"fr-FR\",\"@id\":\"http:\\\/\\\/laprats.fr\\\/blog\\\/inscription-ag-2018-speciale-annees-80\\\/#primaryimage\",\"url\":\"http:\\\/\\\/laprats.fr\\\/blog\\\/wp-content\\\/uploads\\\/2018\\\/02\\\/logoann\u00e9es80.jpg\",\"contentUrl\":\"http:\\\/\\\/laprats.fr\\\/blog\\\/wp-content\\\/uploads\\\/2018\\\/02\\\/logoann\u00e9es80.jpg\",\"width\":768,\"height\":300},{\"@type\":\"BreadcrumbList\",\"@id\":\"http:\\\/\\\/laprats.fr\\\/blog\\\/inscription-ag-2018-speciale-annees-80\\\/#breadcrumb\",\"itemListElement\":[{\"@type\":\"ListItem\",\"position\":1,\"name\":\"Accueil\",\"item\":\"http:\\\/\\\/laprats.fr\\\/blog\\\/\"},{\"@type\":\"ListItem\",\"position\":2,\"name\":\"Inscription AG 2018 sp\u00e9ciale ann\u00e9es 80\"}]},{\"@type\":\"WebSite\",\"@id\":\"http:\\\/\\\/laprats.fr\\\/blog\\\/#website\",\"url\":\"http:\\\/\\\/laprats.fr\\\/blog\\\/\",\"name\":\"Bienvenue\",\"description\":\"D&#039;hier et d&#039;aujourd&#039;hui ... pour demain\",\"potentialAction\":[{\"@type\":\"SearchAction\",\"target\":{\"@type\":\"EntryPoint\",\"urlTemplate\":\"http:\\\/\\\/laprats.fr\\\/blog\\\/?s={search_term_string}\"},\"query-input\":{\"@type\":\"PropertyValueSpecification\",\"valueRequired\":true,\"valueName\":\"search_term_string\"}}],\"inLanguage\":\"fr-FR\"},{\"@type\":\"Person\",\"@id\":\"http:\\\/\\\/laprats.fr\\\/blog\\\/#\\\/schema\\\/person\\\/90a4b4782b20a014cc9b183a4707820c\",\"name\":\"Pascal Gendrot\",\"image\":{\"@type\":\"ImageObject\",\"inLanguage\":\"fr-FR\",\"@id\":\"https:\\\/\\\/secure.gravatar.com\\\/avatar\\\/649cd38650031007bbd5ec3c73411225e4a69679f8049c7237814718f484b5c0?s=96&d=mm&r=g\",\"url\":\"https:\\\/\\\/secure.gravatar.com\\\/avatar\\\/649cd38650031007bbd5ec3c73411225e4a69679f8049c7237814718f484b5c0?s=96&d=mm&r=g\",\"contentUrl\":\"https:\\\/\\\/secure.gravatar.com\\\/avatar\\\/649cd38650031007bbd5ec3c73411225e4a69679f8049c7237814718f484b5c0?s=96&d=mm&r=g\",\"caption\":\"Pascal Gendrot\"}}]}<\/script>\n<!-- \/ Yoast SEO plugin. -->","yoast_head_json":{"title":"Inscription AG 2018 sp\u00e9ciale ann\u00e9es 80 - Bienvenue %Cluny retrouvailles lyc\u00e9e","description":"Retrouvailles AG 2018 sp\u00e9ciale ann\u00e9es 80 au lyc\u00e9e La Prat's de Cluny","robots":{"index":"index","follow":"follow","max-snippet":"max-snippet:-1","max-image-preview":"max-image-preview:large","max-video-preview":"max-video-preview:-1"},"canonical":"http:\/\/laprats.fr\/blog\/inscription-ag-2018-speciale-annees-80\/","og_locale":"fr_FR","og_type":"article","og_title":"Inscription AG 2018 sp\u00e9ciale ann\u00e9es 80 - Bienvenue %Cluny retrouvailles lyc\u00e9e","og_description":"Retrouvailles AG 2018 sp\u00e9ciale ann\u00e9es 80 au lyc\u00e9e La Prat's de Cluny","og_url":"http:\/\/laprats.fr\/blog\/inscription-ag-2018-speciale-annees-80\/","og_site_name":"Bienvenue","article_publisher":"https:\/\/fr-fr.facebook.com\/pages\/Association-La-Prats-de-Cluny\/224204740976190?sk=wall","article_published_time":"2018-07-17T09:45:00+00:00","article_modified_time":"2018-07-20T04:52:39+00:00","og_image":[{"width":768,"height":300,"url":"http:\/\/laprats.fr\/blog\/wp-content\/uploads\/2018\/02\/logoann\u00e9es80.jpg","type":"image\/jpeg"}],"author":"Pascal Gendrot","twitter_misc":{"\u00c9crit par":"Pascal Gendrot","Dur\u00e9e de lecture estim\u00e9e":"1 minute"},"schema":{"@context":"https:\/\/schema.org","@graph":[{"@type":"Article","@id":"http:\/\/laprats.fr\/blog\/inscription-ag-2018-speciale-annees-80\/#article","isPartOf":{"@id":"http:\/\/laprats.fr\/blog\/inscription-ag-2018-speciale-annees-80\/"},"author":{"name":"Pascal Gendrot","@id":"http:\/\/laprats.fr\/blog\/#\/schema\/person\/90a4b4782b20a014cc9b183a4707820c"},"headline":"Inscription AG 2018 sp\u00e9ciale ann\u00e9es 80","datePublished":"2018-07-17T09:45:00+00:00","dateModified":"2018-07-20T04:52:39+00:00","mainEntityOfPage":{"@id":"http:\/\/laprats.fr\/blog\/inscription-ag-2018-speciale-annees-80\/"},"wordCount":213,"commentCount":0,"image":{"@id":"http:\/\/laprats.fr\/blog\/inscription-ag-2018-speciale-annees-80\/#primaryimage"},"thumbnailUrl":"http:\/\/laprats.fr\/blog\/wp-content\/uploads\/2018\/02\/logoann\u00e9es80.jpg","articleSection":["Info association"],"inLanguage":"fr-FR","potentialAction":[{"@type":"CommentAction","name":"Comment","target":["http:\/\/laprats.fr\/blog\/inscription-ag-2018-speciale-annees-80\/#respond"]}]},{"@type":"WebPage","@id":"http:\/\/laprats.fr\/blog\/inscription-ag-2018-speciale-annees-80\/","url":"http:\/\/laprats.fr\/blog\/inscription-ag-2018-speciale-annees-80\/","name":"Inscription AG 2018 sp\u00e9ciale ann\u00e9es 80 - Bienvenue %Cluny retrouvailles lyc\u00e9e","isPartOf":{"@id":"http:\/\/laprats.fr\/blog\/#website"},"primaryImageOfPage":{"@id":"http:\/\/laprats.fr\/blog\/inscription-ag-2018-speciale-annees-80\/#primaryimage"},"image":{"@id":"http:\/\/laprats.fr\/blog\/inscription-ag-2018-speciale-annees-80\/#primaryimage"},"thumbnailUrl":"http:\/\/laprats.fr\/blog\/wp-content\/uploads\/2018\/02\/logoann\u00e9es80.jpg","datePublished":"2018-07-17T09:45:00+00:00","dateModified":"2018-07-20T04:52:39+00:00","author":{"@id":"http:\/\/laprats.fr\/blog\/#\/schema\/person\/90a4b4782b20a014cc9b183a4707820c"},"description":"Retrouvailles AG 2018 sp\u00e9ciale ann\u00e9es 80 au lyc\u00e9e La Prat's de Cluny","breadcrumb":{"@id":"http:\/\/laprats.fr\/blog\/inscription-ag-2018-speciale-annees-80\/#breadcrumb"},"inLanguage":"fr-FR","potentialAction":[{"@type":"ReadAction","target":["http:\/\/laprats.fr\/blog\/inscription-ag-2018-speciale-annees-80\/"]}]},{"@type":"ImageObject","inLanguage":"fr-FR","@id":"http:\/\/laprats.fr\/blog\/inscription-ag-2018-speciale-annees-80\/#primaryimage","url":"http:\/\/laprats.fr\/blog\/wp-content\/uploads\/2018\/02\/logoann\u00e9es80.jpg","contentUrl":"http:\/\/laprats.fr\/blog\/wp-content\/uploads\/2018\/02\/logoann\u00e9es80.jpg","width":768,"height":300},{"@type":"BreadcrumbList","@id":"http:\/\/laprats.fr\/blog\/inscription-ag-2018-speciale-annees-80\/#breadcrumb","itemListElement":[{"@type":"ListItem","position":1,"name":"Accueil","item":"http:\/\/laprats.fr\/blog\/"},{"@type":"ListItem","position":2,"name":"Inscription AG 2018 sp\u00e9ciale ann\u00e9es 80"}]},{"@type":"WebSite","@id":"http:\/\/laprats.fr\/blog\/#website","url":"http:\/\/laprats.fr\/blog\/","name":"Bienvenue","description":"D&#039;hier et d&#039;aujourd&#039;hui ... pour demain","potentialAction":[{"@type":"SearchAction","target":{"@type":"EntryPoint","urlTemplate":"http:\/\/laprats.fr\/blog\/?s={search_term_string}"},"query-input":{"@type":"PropertyValueSpecification","valueRequired":true,"valueName":"search_term_string"}}],"inLanguage":"fr-FR"},{"@type":"Person","@id":"http:\/\/laprats.fr\/blog\/#\/schema\/person\/90a4b4782b20a014cc9b183a4707820c","name":"Pascal Gendrot","image":{"@type":"ImageObject","inLanguage":"fr-FR","@id":"https:\/\/secure.gravatar.com\/avatar\/649cd38650031007bbd5ec3c73411225e4a69679f8049c7237814718f484b5c0?s=96&d=mm&r=g","url":"https:\/\/secure.gravatar.com\/avatar\/649cd38650031007bbd5ec3c73411225e4a69679f8049c7237814718f484b5c0?s=96&d=mm&r=g","contentUrl":"https:\/\/secure.gravatar.com\/avatar\/649cd38650031007bbd5ec3c73411225e4a69679f8049c7237814718f484b5c0?s=96&d=mm&r=g","caption":"Pascal Gendrot"}}]}},"_links":{"self":[{"href":"http:\/\/laprats.fr\/blog\/wp-json\/wp\/v2\/posts\/1668","targetHints":{"allow":["GET"]}}],"collection":[{"href":"http:\/\/laprats.fr\/blog\/wp-json\/wp\/v2\/posts"}],"about":[{"href":"http:\/\/laprats.fr\/blog\/wp-json\/wp\/v2\/types\/post"}],"author":[{"embeddable":true,"href":"http:\/\/laprats.fr\/blog\/wp-json\/wp\/v2\/users\/6"}],"replies":[{"embeddable":true,"href":"http:\/\/laprats.fr\/blog\/wp-json\/wp\/v2\/comments?post=1668"}],"version-history":[{"count":5,"href":"http:\/\/laprats.fr\/blog\/wp-json\/wp\/v2\/posts\/1668\/revisions"}],"predecessor-version":[{"id":1674,"href":"http:\/\/laprats.fr\/blog\/wp-json\/wp\/v2\/posts\/1668\/revisions\/1674"}],"wp:featuredmedia":[{"embeddable":true,"href":"http:\/\/laprats.fr\/blog\/wp-json\/wp\/v2\/media\/1596"}],"wp:attachment":[{"href":"http:\/\/laprats.fr\/blog\/wp-json\/wp\/v2\/media?parent=1668"}],"wp:term":[{"taxonomy":"category","embeddable":true,"href":"http:\/\/laprats.fr\/blog\/wp-json\/wp\/v2\/categories?post=1668"},{"taxonomy":"post_tag","embeddable":true,"href":"http:\/\/laprats.fr\/blog\/wp-json\/wp\/v2\/tags?post=1668"}],"curies":[{"name":"wp","href":"https:\/\/api.w.org\/{rel}","templated":true}]}}