{"id":1660,"date":"2018-06-17T07:40:24","date_gmt":"2018-06-17T05:40:24","guid":{"rendered":"http:\/\/laprats.fr\/blog\/?p=1660"},"modified":"2018-06-17T07:41:32","modified_gmt":"2018-06-17T05:41:32","slug":"des-nouvelles-de-lag-speciale-annees-80","status":"publish","type":"post","link":"http:\/\/laprats.fr\/blog\/des-nouvelles-de-lag-speciale-annees-80\/","title":{"rendered":"Des nouvelles de l&rsquo;AG sp\u00e9ciale ann\u00e9es 80"},"content":{"rendered":"<p>La fin de l&rsquo;ann\u00e9e scolaire approche \u00e0 #laprats de #cluny et tous les membres du C.A. souhaitent une bonne r\u00e9ussite aux \u00e9l\u00e8ves qui vont passer le #baccalaur\u00e9at 2018. Que leurs v\u0153ux de poursuites d&rsquo;\u00e9tudes soient \u00e9galement combl\u00e9s.<\/p>\n<p>De notre c\u00f4t\u00e9 nous continuons \u00e0 peaufiner cette AG un peu particuli\u00e8re au cours de laquelle les ann\u00e9es 80 seront \u00e0 l&rsquo;honneur (d\u00e9tails dans l&rsquo;onglet &lsquo;<a href=\"http:\/\/laprats.fr\/blog\/annees-80\/\">ann\u00e9es 80<\/a>&lsquo;)<\/p>\n<p>Pour rappel, comme chaque ann\u00e9e, toutes les g\u00e9n\u00e9rations sont les bienvenues, mais nous avons choisi de mettre \u00e0 l&rsquo;honneur les prat&rsquo;siens des ann\u00e9es 80. Pour ce faire le d\u00e9jeuner sera entre-autres offert aux conjoints des prat&rsquo;siens de ann\u00e9es 80. <a href=\"http:\/\/laprats.fr\/blog\/wp-content\/uploads\/2018\/06\/MenuAG2018.pdf\">Le menu<\/a> concoct\u00e9 par le chef de cuisine du lyc\u00e9e est \u00e0 pr\u00e9sent connu et est une raison suppl\u00e9mentaire pour venir nous rejoindre.<\/p>\n<p>Le 11 juillet prochain nous allons nous r\u00e9unir pour organiser les animations autour de ces retrouvailles et comptons sur vos id\u00e9es et suggestions (sur laprats@laprats.fr). Nous n&rsquo;allons pas vous faire revivre &lsquo;le temps des cath\u00e9drales&rsquo;, mais nous vous proposerons d&rsquo;autres activ\u00e9s plus calmes.<\/p>\n<p>En attendant les inscriptions d\u00e9finitives, pensez \u00e0 la pr\u00e9inscription sur Doodle (vous verrez d\u2019ailleurs que vos professeurs sont d\u00e9j\u00e0 nombreux \u00e0 \u00eatre inscrits, et d&rsquo;autres sont sur le point de le faire):<\/p>\n<p style=\"text-align: center;\"><a href=\"https:\/\/doodle.com\/poll\/dmcd5mwhysut27p3#table\">https:\/\/doodle.com\/poll\/dmcd5mwhysut27p3#table<\/a><\/p>\n<p>Nous vous attendons nombreux,<\/p>\n<p>Amicalement,<\/p>\n<p>Pascal<\/p>\n","protected":false},"excerpt":{"rendered":"<p>La fin de l&rsquo;ann\u00e9e scolaire approche \u00e0 #laprats de #cluny et tous les membres du C.A. souhaitent une bonne r\u00e9ussite aux \u00e9l\u00e8ves qui vont passer le #baccalaur\u00e9at 2018. Que leurs <a href=\"http:\/\/laprats.fr\/blog\/des-nouvelles-de-lag-speciale-annees-80\/\" class=\"more-link\">[&hellip;]<\/a><\/p>\n","protected":false},"author":6,"featured_media":1596,"comment_status":"open","ping_status":"open","sticky":false,"template":"","format":"standard","meta":{"Layout":"","footnotes":""},"categories":[5],"tags":[],"class_list":["entry","author-pascal","post-1660","post","type-post","status-publish","format-standard","has-post-thumbnail","category-info-association"],"yoast_head":"<!-- This site is optimized with the Yoast SEO plugin v27.4 - https:\/\/yoast.com\/product\/yoast-seo-wordpress\/ -->\n<title>Des nouvelles de l&#039;AG sp\u00e9ciale ann\u00e9es 80 - Bienvenue<\/title>\n<meta name=\"robots\" content=\"index, follow, max-snippet:-1, max-image-preview:large, max-video-preview:-1\" \/>\n<link rel=\"canonical\" href=\"http:\/\/laprats.fr\/blog\/des-nouvelles-de-lag-speciale-annees-80\/\" \/>\n<meta property=\"og:locale\" content=\"fr_FR\" \/>\n<meta property=\"og:type\" content=\"article\" \/>\n<meta property=\"og:title\" content=\"Des nouvelles de l&#039;AG sp\u00e9ciale ann\u00e9es 80 - Bienvenue\" \/>\n<meta property=\"og:description\" content=\"La fin de l&rsquo;ann\u00e9e scolaire approche \u00e0 #laprats de #cluny et tous les membres du C.A. souhaitent une bonne r\u00e9ussite aux \u00e9l\u00e8ves qui vont passer le #baccalaur\u00e9at 2018. Que leurs [&hellip;]\" \/>\n<meta property=\"og:url\" content=\"http:\/\/laprats.fr\/blog\/des-nouvelles-de-lag-speciale-annees-80\/\" \/>\n<meta property=\"og:site_name\" content=\"Bienvenue\" \/>\n<meta property=\"article:publisher\" content=\"https:\/\/fr-fr.facebook.com\/pages\/Association-La-Prats-de-Cluny\/224204740976190?sk=wall\" \/>\n<meta property=\"article:published_time\" content=\"2018-06-17T05:40:24+00:00\" \/>\n<meta property=\"article:modified_time\" content=\"2018-06-17T05:41:32+00:00\" \/>\n<meta property=\"og:image\" content=\"http:\/\/laprats.fr\/blog\/wp-content\/uploads\/2018\/02\/logoann\u00e9es80.jpg\" \/>\n\t<meta property=\"og:image:width\" content=\"768\" \/>\n\t<meta property=\"og:image:height\" content=\"300\" \/>\n\t<meta property=\"og:image:type\" content=\"image\/jpeg\" \/>\n<meta name=\"author\" content=\"Pascal Gendrot\" \/>\n<meta name=\"twitter:label1\" content=\"\u00c9crit par\" \/>\n\t<meta name=\"twitter:data1\" content=\"Pascal Gendrot\" \/>\n\t<meta name=\"twitter:label2\" content=\"Dur\u00e9e de lecture estim\u00e9e\" \/>\n\t<meta name=\"twitter:data2\" content=\"1 minute\" \/>\n<script type=\"application\/ld+json\" class=\"yoast-schema-graph\">{\"@context\":\"https:\\\/\\\/schema.org\",\"@graph\":[{\"@type\":\"Article\",\"@id\":\"http:\\\/\\\/laprats.fr\\\/blog\\\/des-nouvelles-de-lag-speciale-annees-80\\\/#article\",\"isPartOf\":{\"@id\":\"http:\\\/\\\/laprats.fr\\\/blog\\\/des-nouvelles-de-lag-speciale-annees-80\\\/\"},\"author\":{\"name\":\"Pascal Gendrot\",\"@id\":\"http:\\\/\\\/laprats.fr\\\/blog\\\/#\\\/schema\\\/person\\\/90a4b4782b20a014cc9b183a4707820c\"},\"headline\":\"Des nouvelles de l&rsquo;AG sp\u00e9ciale ann\u00e9es 80\",\"datePublished\":\"2018-06-17T05:40:24+00:00\",\"dateModified\":\"2018-06-17T05:41:32+00:00\",\"mainEntityOfPage\":{\"@id\":\"http:\\\/\\\/laprats.fr\\\/blog\\\/des-nouvelles-de-lag-speciale-annees-80\\\/\"},\"wordCount\":243,\"commentCount\":0,\"image\":{\"@id\":\"http:\\\/\\\/laprats.fr\\\/blog\\\/des-nouvelles-de-lag-speciale-annees-80\\\/#primaryimage\"},\"thumbnailUrl\":\"http:\\\/\\\/laprats.fr\\\/blog\\\/wp-content\\\/uploads\\\/2018\\\/02\\\/logoann\u00e9es80.jpg\",\"articleSection\":[\"Info association\"],\"inLanguage\":\"fr-FR\",\"potentialAction\":[{\"@type\":\"CommentAction\",\"name\":\"Comment\",\"target\":[\"http:\\\/\\\/laprats.fr\\\/blog\\\/des-nouvelles-de-lag-speciale-annees-80\\\/#respond\"]}]},{\"@type\":\"WebPage\",\"@id\":\"http:\\\/\\\/laprats.fr\\\/blog\\\/des-nouvelles-de-lag-speciale-annees-80\\\/\",\"url\":\"http:\\\/\\\/laprats.fr\\\/blog\\\/des-nouvelles-de-lag-speciale-annees-80\\\/\",\"name\":\"Des nouvelles de l'AG sp\u00e9ciale ann\u00e9es 80 - Bienvenue\",\"isPartOf\":{\"@id\":\"http:\\\/\\\/laprats.fr\\\/blog\\\/#website\"},\"primaryImageOfPage\":{\"@id\":\"http:\\\/\\\/laprats.fr\\\/blog\\\/des-nouvelles-de-lag-speciale-annees-80\\\/#primaryimage\"},\"image\":{\"@id\":\"http:\\\/\\\/laprats.fr\\\/blog\\\/des-nouvelles-de-lag-speciale-annees-80\\\/#primaryimage\"},\"thumbnailUrl\":\"http:\\\/\\\/laprats.fr\\\/blog\\\/wp-content\\\/uploads\\\/2018\\\/02\\\/logoann\u00e9es80.jpg\",\"datePublished\":\"2018-06-17T05:40:24+00:00\",\"dateModified\":\"2018-06-17T05:41:32+00:00\",\"author\":{\"@id\":\"http:\\\/\\\/laprats.fr\\\/blog\\\/#\\\/schema\\\/person\\\/90a4b4782b20a014cc9b183a4707820c\"},\"breadcrumb\":{\"@id\":\"http:\\\/\\\/laprats.fr\\\/blog\\\/des-nouvelles-de-lag-speciale-annees-80\\\/#breadcrumb\"},\"inLanguage\":\"fr-FR\",\"potentialAction\":[{\"@type\":\"ReadAction\",\"target\":[\"http:\\\/\\\/laprats.fr\\\/blog\\\/des-nouvelles-de-lag-speciale-annees-80\\\/\"]}]},{\"@type\":\"ImageObject\",\"inLanguage\":\"fr-FR\",\"@id\":\"http:\\\/\\\/laprats.fr\\\/blog\\\/des-nouvelles-de-lag-speciale-annees-80\\\/#primaryimage\",\"url\":\"http:\\\/\\\/laprats.fr\\\/blog\\\/wp-content\\\/uploads\\\/2018\\\/02\\\/logoann\u00e9es80.jpg\",\"contentUrl\":\"http:\\\/\\\/laprats.fr\\\/blog\\\/wp-content\\\/uploads\\\/2018\\\/02\\\/logoann\u00e9es80.jpg\",\"width\":768,\"height\":300},{\"@type\":\"BreadcrumbList\",\"@id\":\"http:\\\/\\\/laprats.fr\\\/blog\\\/des-nouvelles-de-lag-speciale-annees-80\\\/#breadcrumb\",\"itemListElement\":[{\"@type\":\"ListItem\",\"position\":1,\"name\":\"Accueil\",\"item\":\"http:\\\/\\\/laprats.fr\\\/blog\\\/\"},{\"@type\":\"ListItem\",\"position\":2,\"name\":\"Des nouvelles de l&rsquo;AG sp\u00e9ciale ann\u00e9es 80\"}]},{\"@type\":\"WebSite\",\"@id\":\"http:\\\/\\\/laprats.fr\\\/blog\\\/#website\",\"url\":\"http:\\\/\\\/laprats.fr\\\/blog\\\/\",\"name\":\"Bienvenue\",\"description\":\"D&#039;hier et d&#039;aujourd&#039;hui ... pour demain\",\"potentialAction\":[{\"@type\":\"SearchAction\",\"target\":{\"@type\":\"EntryPoint\",\"urlTemplate\":\"http:\\\/\\\/laprats.fr\\\/blog\\\/?s={search_term_string}\"},\"query-input\":{\"@type\":\"PropertyValueSpecification\",\"valueRequired\":true,\"valueName\":\"search_term_string\"}}],\"inLanguage\":\"fr-FR\"},{\"@type\":\"Person\",\"@id\":\"http:\\\/\\\/laprats.fr\\\/blog\\\/#\\\/schema\\\/person\\\/90a4b4782b20a014cc9b183a4707820c\",\"name\":\"Pascal Gendrot\",\"image\":{\"@type\":\"ImageObject\",\"inLanguage\":\"fr-FR\",\"@id\":\"https:\\\/\\\/secure.gravatar.com\\\/avatar\\\/649cd38650031007bbd5ec3c73411225e4a69679f8049c7237814718f484b5c0?s=96&d=mm&r=g\",\"url\":\"https:\\\/\\\/secure.gravatar.com\\\/avatar\\\/649cd38650031007bbd5ec3c73411225e4a69679f8049c7237814718f484b5c0?s=96&d=mm&r=g\",\"contentUrl\":\"https:\\\/\\\/secure.gravatar.com\\\/avatar\\\/649cd38650031007bbd5ec3c73411225e4a69679f8049c7237814718f484b5c0?s=96&d=mm&r=g\",\"caption\":\"Pascal Gendrot\"}}]}<\/script>\n<!-- \/ Yoast SEO plugin. -->","yoast_head_json":{"title":"Des nouvelles de l'AG sp\u00e9ciale ann\u00e9es 80 - Bienvenue","robots":{"index":"index","follow":"follow","max-snippet":"max-snippet:-1","max-image-preview":"max-image-preview:large","max-video-preview":"max-video-preview:-1"},"canonical":"http:\/\/laprats.fr\/blog\/des-nouvelles-de-lag-speciale-annees-80\/","og_locale":"fr_FR","og_type":"article","og_title":"Des nouvelles de l'AG sp\u00e9ciale ann\u00e9es 80 - Bienvenue","og_description":"La fin de l&rsquo;ann\u00e9e scolaire approche \u00e0 #laprats de #cluny et tous les membres du C.A. souhaitent une bonne r\u00e9ussite aux \u00e9l\u00e8ves qui vont passer le #baccalaur\u00e9at 2018. Que leurs [&hellip;]","og_url":"http:\/\/laprats.fr\/blog\/des-nouvelles-de-lag-speciale-annees-80\/","og_site_name":"Bienvenue","article_publisher":"https:\/\/fr-fr.facebook.com\/pages\/Association-La-Prats-de-Cluny\/224204740976190?sk=wall","article_published_time":"2018-06-17T05:40:24+00:00","article_modified_time":"2018-06-17T05:41:32+00:00","og_image":[{"width":768,"height":300,"url":"http:\/\/laprats.fr\/blog\/wp-content\/uploads\/2018\/02\/logoann\u00e9es80.jpg","type":"image\/jpeg"}],"author":"Pascal Gendrot","twitter_misc":{"\u00c9crit par":"Pascal Gendrot","Dur\u00e9e de lecture estim\u00e9e":"1 minute"},"schema":{"@context":"https:\/\/schema.org","@graph":[{"@type":"Article","@id":"http:\/\/laprats.fr\/blog\/des-nouvelles-de-lag-speciale-annees-80\/#article","isPartOf":{"@id":"http:\/\/laprats.fr\/blog\/des-nouvelles-de-lag-speciale-annees-80\/"},"author":{"name":"Pascal Gendrot","@id":"http:\/\/laprats.fr\/blog\/#\/schema\/person\/90a4b4782b20a014cc9b183a4707820c"},"headline":"Des nouvelles de l&rsquo;AG sp\u00e9ciale ann\u00e9es 80","datePublished":"2018-06-17T05:40:24+00:00","dateModified":"2018-06-17T05:41:32+00:00","mainEntityOfPage":{"@id":"http:\/\/laprats.fr\/blog\/des-nouvelles-de-lag-speciale-annees-80\/"},"wordCount":243,"commentCount":0,"image":{"@id":"http:\/\/laprats.fr\/blog\/des-nouvelles-de-lag-speciale-annees-80\/#primaryimage"},"thumbnailUrl":"http:\/\/laprats.fr\/blog\/wp-content\/uploads\/2018\/02\/logoann\u00e9es80.jpg","articleSection":["Info association"],"inLanguage":"fr-FR","potentialAction":[{"@type":"CommentAction","name":"Comment","target":["http:\/\/laprats.fr\/blog\/des-nouvelles-de-lag-speciale-annees-80\/#respond"]}]},{"@type":"WebPage","@id":"http:\/\/laprats.fr\/blog\/des-nouvelles-de-lag-speciale-annees-80\/","url":"http:\/\/laprats.fr\/blog\/des-nouvelles-de-lag-speciale-annees-80\/","name":"Des nouvelles de l'AG sp\u00e9ciale ann\u00e9es 80 - Bienvenue","isPartOf":{"@id":"http:\/\/laprats.fr\/blog\/#website"},"primaryImageOfPage":{"@id":"http:\/\/laprats.fr\/blog\/des-nouvelles-de-lag-speciale-annees-80\/#primaryimage"},"image":{"@id":"http:\/\/laprats.fr\/blog\/des-nouvelles-de-lag-speciale-annees-80\/#primaryimage"},"thumbnailUrl":"http:\/\/laprats.fr\/blog\/wp-content\/uploads\/2018\/02\/logoann\u00e9es80.jpg","datePublished":"2018-06-17T05:40:24+00:00","dateModified":"2018-06-17T05:41:32+00:00","author":{"@id":"http:\/\/laprats.fr\/blog\/#\/schema\/person\/90a4b4782b20a014cc9b183a4707820c"},"breadcrumb":{"@id":"http:\/\/laprats.fr\/blog\/des-nouvelles-de-lag-speciale-annees-80\/#breadcrumb"},"inLanguage":"fr-FR","potentialAction":[{"@type":"ReadAction","target":["http:\/\/laprats.fr\/blog\/des-nouvelles-de-lag-speciale-annees-80\/"]}]},{"@type":"ImageObject","inLanguage":"fr-FR","@id":"http:\/\/laprats.fr\/blog\/des-nouvelles-de-lag-speciale-annees-80\/#primaryimage","url":"http:\/\/laprats.fr\/blog\/wp-content\/uploads\/2018\/02\/logoann\u00e9es80.jpg","contentUrl":"http:\/\/laprats.fr\/blog\/wp-content\/uploads\/2018\/02\/logoann\u00e9es80.jpg","width":768,"height":300},{"@type":"BreadcrumbList","@id":"http:\/\/laprats.fr\/blog\/des-nouvelles-de-lag-speciale-annees-80\/#breadcrumb","itemListElement":[{"@type":"ListItem","position":1,"name":"Accueil","item":"http:\/\/laprats.fr\/blog\/"},{"@type":"ListItem","position":2,"name":"Des nouvelles de l&rsquo;AG sp\u00e9ciale ann\u00e9es 80"}]},{"@type":"WebSite","@id":"http:\/\/laprats.fr\/blog\/#website","url":"http:\/\/laprats.fr\/blog\/","name":"Bienvenue","description":"D&#039;hier et d&#039;aujourd&#039;hui ... pour demain","potentialAction":[{"@type":"SearchAction","target":{"@type":"EntryPoint","urlTemplate":"http:\/\/laprats.fr\/blog\/?s={search_term_string}"},"query-input":{"@type":"PropertyValueSpecification","valueRequired":true,"valueName":"search_term_string"}}],"inLanguage":"fr-FR"},{"@type":"Person","@id":"http:\/\/laprats.fr\/blog\/#\/schema\/person\/90a4b4782b20a014cc9b183a4707820c","name":"Pascal Gendrot","image":{"@type":"ImageObject","inLanguage":"fr-FR","@id":"https:\/\/secure.gravatar.com\/avatar\/649cd38650031007bbd5ec3c73411225e4a69679f8049c7237814718f484b5c0?s=96&d=mm&r=g","url":"https:\/\/secure.gravatar.com\/avatar\/649cd38650031007bbd5ec3c73411225e4a69679f8049c7237814718f484b5c0?s=96&d=mm&r=g","contentUrl":"https:\/\/secure.gravatar.com\/avatar\/649cd38650031007bbd5ec3c73411225e4a69679f8049c7237814718f484b5c0?s=96&d=mm&r=g","caption":"Pascal Gendrot"}}]}},"_links":{"self":[{"href":"http:\/\/laprats.fr\/blog\/wp-json\/wp\/v2\/posts\/1660","targetHints":{"allow":["GET"]}}],"collection":[{"href":"http:\/\/laprats.fr\/blog\/wp-json\/wp\/v2\/posts"}],"about":[{"href":"http:\/\/laprats.fr\/blog\/wp-json\/wp\/v2\/types\/post"}],"author":[{"embeddable":true,"href":"http:\/\/laprats.fr\/blog\/wp-json\/wp\/v2\/users\/6"}],"replies":[{"embeddable":true,"href":"http:\/\/laprats.fr\/blog\/wp-json\/wp\/v2\/comments?post=1660"}],"version-history":[{"count":3,"href":"http:\/\/laprats.fr\/blog\/wp-json\/wp\/v2\/posts\/1660\/revisions"}],"predecessor-version":[{"id":1663,"href":"http:\/\/laprats.fr\/blog\/wp-json\/wp\/v2\/posts\/1660\/revisions\/1663"}],"wp:featuredmedia":[{"embeddable":true,"href":"http:\/\/laprats.fr\/blog\/wp-json\/wp\/v2\/media\/1596"}],"wp:attachment":[{"href":"http:\/\/laprats.fr\/blog\/wp-json\/wp\/v2\/media?parent=1660"}],"wp:term":[{"taxonomy":"category","embeddable":true,"href":"http:\/\/laprats.fr\/blog\/wp-json\/wp\/v2\/categories?post=1660"},{"taxonomy":"post_tag","embeddable":true,"href":"http:\/\/laprats.fr\/blog\/wp-json\/wp\/v2\/tags?post=1660"}],"curies":[{"name":"wp","href":"https:\/\/api.w.org\/{rel}","templated":true}]}}