{"id":1646,"date":"2018-05-27T19:57:43","date_gmt":"2018-05-27T17:57:43","guid":{"rendered":"http:\/\/laprats.fr\/blog\/?p=1646"},"modified":"2018-05-27T19:57:43","modified_gmt":"2018-05-27T17:57:43","slug":"sortie-dans-anciens-a-savigny-les-beaune","status":"publish","type":"post","link":"http:\/\/laprats.fr\/blog\/sortie-dans-anciens-a-savigny-les-beaune\/","title":{"rendered":"Sortie dans anciens \u00e0 Savigny les Beaune"},"content":{"rendered":"<p>Nous nous sommes tous retrouv\u00e9s ce samedi 26 mai sur le parking de Savigny les Beaune . Jean Paul, l&rsquo;organisateur de la sortie nous a fait passer les grilles du chanteau pour une visite libre de 2 heures au c\u0153ur de plusieurs collections.<\/p>\n<p><a href=\"http:\/\/laprats.fr\/blog\/wp-content\/uploads\/2018\/05\/2018sav01.jpg\"><img loading=\"lazy\" decoding=\"async\" class=\"size-medium wp-image-1635 alignleft\" src=\"http:\/\/laprats.fr\/blog\/wp-content\/uploads\/2018\/05\/2018sav01-300x200.jpg\" alt=\"\" width=\"300\" height=\"200\" srcset=\"http:\/\/laprats.fr\/blog\/wp-content\/uploads\/2018\/05\/2018sav01-300x200.jpg 300w, http:\/\/laprats.fr\/blog\/wp-content\/uploads\/2018\/05\/2018sav01-768x512.jpg 768w, http:\/\/laprats.fr\/blog\/wp-content\/uploads\/2018\/05\/2018sav01-1024x683.jpg 1024w, http:\/\/laprats.fr\/blog\/wp-content\/uploads\/2018\/05\/2018sav01-750x500.jpg 750w\" sizes=\"auto, (max-width: 300px) 100vw, 300px\" \/>\u00a0<\/a><a href=\"http:\/\/laprats.fr\/blog\/wp-content\/uploads\/2018\/05\/2018sav02.jpg\"><img loading=\"lazy\" decoding=\"async\" class=\"alignnone size-medium wp-image-1636\" src=\"http:\/\/laprats.fr\/blog\/wp-content\/uploads\/2018\/05\/2018sav02-300x200.jpg\" alt=\"\" width=\"300\" height=\"200\" srcset=\"http:\/\/laprats.fr\/blog\/wp-content\/uploads\/2018\/05\/2018sav02-300x200.jpg 300w, http:\/\/laprats.fr\/blog\/wp-content\/uploads\/2018\/05\/2018sav02-768x512.jpg 768w, http:\/\/laprats.fr\/blog\/wp-content\/uploads\/2018\/05\/2018sav02-1024x683.jpg 1024w, http:\/\/laprats.fr\/blog\/wp-content\/uploads\/2018\/05\/2018sav02-750x500.jpg 750w\" sizes=\"auto, (max-width: 300px) 100vw, 300px\" \/><\/a><\/p>\n<p>Nous avons crois\u00e9 le ch\u00e2telain, un octog\u00e9naire passionn\u00e9 &#8230; toujours un volant en mains.<\/p>\n<p>Les collections s&rsquo;encha\u00eenent, plusieurs voitures de couses de la marque Abarth, des dizaines de motos des ann\u00e9es 1910 \u00e0 1980 environ, des v\u00e9hicules de pompiers, des maquettes d&rsquo;avions, des miniatures auto et motos, des v\u00e9hicules agricoles (principalement des enjambeurs) et le clou du spectacle, pr\u00e8s de cent avions de chasse de tous pays et des cockpits et moteurs d&rsquo;avions.<\/p>\n<p><a href=\"http:\/\/laprats.fr\/blog\/wp-content\/uploads\/2018\/05\/2018sav13.jpg\"><img loading=\"lazy\" decoding=\"async\" class=\"alignnone size-medium wp-image-1650\" src=\"http:\/\/laprats.fr\/blog\/wp-content\/uploads\/2018\/05\/2018sav13-300x200.jpg\" alt=\"\" width=\"300\" height=\"200\" srcset=\"http:\/\/laprats.fr\/blog\/wp-content\/uploads\/2018\/05\/2018sav13-300x200.jpg 300w, http:\/\/laprats.fr\/blog\/wp-content\/uploads\/2018\/05\/2018sav13-768x512.jpg 768w, http:\/\/laprats.fr\/blog\/wp-content\/uploads\/2018\/05\/2018sav13-1024x683.jpg 1024w, http:\/\/laprats.fr\/blog\/wp-content\/uploads\/2018\/05\/2018sav13-750x500.jpg 750w\" sizes=\"auto, (max-width: 300px) 100vw, 300px\" \/><\/a> <a href=\"http:\/\/laprats.fr\/blog\/wp-content\/uploads\/2018\/05\/2018sav12.jpg\"><img loading=\"lazy\" decoding=\"async\" class=\"alignnone size-medium wp-image-1649\" src=\"http:\/\/laprats.fr\/blog\/wp-content\/uploads\/2018\/05\/2018sav12-300x200.jpg\" alt=\"\" width=\"300\" height=\"200\" srcset=\"http:\/\/laprats.fr\/blog\/wp-content\/uploads\/2018\/05\/2018sav12-300x200.jpg 300w, http:\/\/laprats.fr\/blog\/wp-content\/uploads\/2018\/05\/2018sav12-768x512.jpg 768w, http:\/\/laprats.fr\/blog\/wp-content\/uploads\/2018\/05\/2018sav12-1024x683.jpg 1024w, http:\/\/laprats.fr\/blog\/wp-content\/uploads\/2018\/05\/2018sav12-750x500.jpg 750w\" sizes=\"auto, (max-width: 300px) 100vw, 300px\" \/><\/a><\/p>\n<p><a href=\"http:\/\/laprats.fr\/blog\/wp-content\/uploads\/2018\/05\/2018sav06.jpg\"><img loading=\"lazy\" decoding=\"async\" class=\"alignnone size-medium wp-image-1640\" src=\"http:\/\/laprats.fr\/blog\/wp-content\/uploads\/2018\/05\/2018sav06-300x200.jpg\" alt=\"\" width=\"300\" height=\"200\" srcset=\"http:\/\/laprats.fr\/blog\/wp-content\/uploads\/2018\/05\/2018sav06-300x200.jpg 300w, http:\/\/laprats.fr\/blog\/wp-content\/uploads\/2018\/05\/2018sav06-768x512.jpg 768w, http:\/\/laprats.fr\/blog\/wp-content\/uploads\/2018\/05\/2018sav06-1024x683.jpg 1024w, http:\/\/laprats.fr\/blog\/wp-content\/uploads\/2018\/05\/2018sav06-750x500.jpg 750w\" sizes=\"auto, (max-width: 300px) 100vw, 300px\" \/><\/a><a href=\"http:\/\/laprats.fr\/blog\/wp-content\/uploads\/2018\/05\/2018sav05.jpg\">\u00a0<img loading=\"lazy\" decoding=\"async\" class=\"alignnone size-medium wp-image-1639\" src=\"http:\/\/laprats.fr\/blog\/wp-content\/uploads\/2018\/05\/2018sav05-300x200.jpg\" alt=\"\" width=\"300\" height=\"200\" srcset=\"http:\/\/laprats.fr\/blog\/wp-content\/uploads\/2018\/05\/2018sav05-300x200.jpg 300w, http:\/\/laprats.fr\/blog\/wp-content\/uploads\/2018\/05\/2018sav05-768x512.jpg 768w, http:\/\/laprats.fr\/blog\/wp-content\/uploads\/2018\/05\/2018sav05-1024x683.jpg 1024w, http:\/\/laprats.fr\/blog\/wp-content\/uploads\/2018\/05\/2018sav05-750x500.jpg 750w\" sizes=\"auto, (max-width: 300px) 100vw, 300px\" \/><\/a><\/p>\n<p><a href=\"http:\/\/laprats.fr\/blog\/wp-content\/uploads\/2018\/05\/2018sav04.jpg\"><img loading=\"lazy\" decoding=\"async\" class=\"alignnone size-medium wp-image-1638\" src=\"http:\/\/laprats.fr\/blog\/wp-content\/uploads\/2018\/05\/2018sav04-300x200.jpg\" alt=\"\" width=\"300\" height=\"200\" srcset=\"http:\/\/laprats.fr\/blog\/wp-content\/uploads\/2018\/05\/2018sav04-300x200.jpg 300w, http:\/\/laprats.fr\/blog\/wp-content\/uploads\/2018\/05\/2018sav04-768x512.jpg 768w, http:\/\/laprats.fr\/blog\/wp-content\/uploads\/2018\/05\/2018sav04-1024x683.jpg 1024w, http:\/\/laprats.fr\/blog\/wp-content\/uploads\/2018\/05\/2018sav04-750x500.jpg 750w\" sizes=\"auto, (max-width: 300px) 100vw, 300px\" \/><\/a> <a href=\"http:\/\/laprats.fr\/blog\/wp-content\/uploads\/2018\/05\/2018sav03.jpg\"><img loading=\"lazy\" decoding=\"async\" class=\"alignnone size-medium wp-image-1637\" src=\"http:\/\/laprats.fr\/blog\/wp-content\/uploads\/2018\/05\/2018sav03-300x200.jpg\" alt=\"\" width=\"300\" height=\"200\" srcset=\"http:\/\/laprats.fr\/blog\/wp-content\/uploads\/2018\/05\/2018sav03-300x200.jpg 300w, http:\/\/laprats.fr\/blog\/wp-content\/uploads\/2018\/05\/2018sav03-768x512.jpg 768w, http:\/\/laprats.fr\/blog\/wp-content\/uploads\/2018\/05\/2018sav03-1024x683.jpg 1024w, http:\/\/laprats.fr\/blog\/wp-content\/uploads\/2018\/05\/2018sav03-750x500.jpg 750w\" sizes=\"auto, (max-width: 300px) 100vw, 300px\" \/><\/a><\/p>\n<p>Apr\u00e8s tout cela, un kir s&rsquo;impose (aujourd&rsquo;hui les hommes conduiront &#8230;)<\/p>\n<p><a href=\"http:\/\/laprats.fr\/blog\/wp-content\/uploads\/2018\/05\/2018sav07.jpg\"><img loading=\"lazy\" decoding=\"async\" class=\"alignnone size-medium wp-image-1641\" src=\"http:\/\/laprats.fr\/blog\/wp-content\/uploads\/2018\/05\/2018sav07-300x200.jpg\" alt=\"\" width=\"300\" height=\"200\" srcset=\"http:\/\/laprats.fr\/blog\/wp-content\/uploads\/2018\/05\/2018sav07-300x200.jpg 300w, http:\/\/laprats.fr\/blog\/wp-content\/uploads\/2018\/05\/2018sav07-768x512.jpg 768w, http:\/\/laprats.fr\/blog\/wp-content\/uploads\/2018\/05\/2018sav07-1024x683.jpg 1024w, http:\/\/laprats.fr\/blog\/wp-content\/uploads\/2018\/05\/2018sav07-750x500.jpg 750w\" sizes=\"auto, (max-width: 300px) 100vw, 300px\" \/><\/a><a href=\"http:\/\/laprats.fr\/blog\/wp-content\/uploads\/2018\/05\/2018sav15.jpg\">\u00a0<img loading=\"lazy\" decoding=\"async\" class=\"alignnone size-medium wp-image-1653\" src=\"http:\/\/laprats.fr\/blog\/wp-content\/uploads\/2018\/05\/2018sav15-300x200.jpg\" alt=\"\" width=\"300\" height=\"200\" srcset=\"http:\/\/laprats.fr\/blog\/wp-content\/uploads\/2018\/05\/2018sav15-300x200.jpg 300w, http:\/\/laprats.fr\/blog\/wp-content\/uploads\/2018\/05\/2018sav15-768x512.jpg 768w, http:\/\/laprats.fr\/blog\/wp-content\/uploads\/2018\/05\/2018sav15-1024x683.jpg 1024w, http:\/\/laprats.fr\/blog\/wp-content\/uploads\/2018\/05\/2018sav15-750x500.jpg 750w\" sizes=\"auto, (max-width: 300px) 100vw, 300px\" \/><\/a><\/p>\n<p>Le tout suivi d&rsquo;un bon repas dans une salle vout\u00e9e du ch\u00e2teau. Et comme \u00e0 la Prat&rsquo;s certain repartent avec le rab car il ne faut pas gaspiller.<\/p>\n<p><a href=\"http:\/\/laprats.fr\/blog\/wp-content\/uploads\/2018\/05\/2018sav14.jpg\"><img loading=\"lazy\" decoding=\"async\" class=\"alignnone size-medium wp-image-1652\" src=\"http:\/\/laprats.fr\/blog\/wp-content\/uploads\/2018\/05\/2018sav14-300x200.jpg\" alt=\"\" width=\"300\" height=\"200\" srcset=\"http:\/\/laprats.fr\/blog\/wp-content\/uploads\/2018\/05\/2018sav14-300x200.jpg 300w, http:\/\/laprats.fr\/blog\/wp-content\/uploads\/2018\/05\/2018sav14-768x512.jpg 768w, http:\/\/laprats.fr\/blog\/wp-content\/uploads\/2018\/05\/2018sav14-1024x683.jpg 1024w, http:\/\/laprats.fr\/blog\/wp-content\/uploads\/2018\/05\/2018sav14-750x500.jpg 750w\" sizes=\"auto, (max-width: 300px) 100vw, 300px\" \/><\/a><a href=\"http:\/\/laprats.fr\/blog\/wp-content\/uploads\/2018\/05\/2018sav08.jpg\">\u00a0<img loading=\"lazy\" decoding=\"async\" class=\"alignnone size-medium wp-image-1642\" src=\"http:\/\/laprats.fr\/blog\/wp-content\/uploads\/2018\/05\/2018sav08-300x200.jpg\" alt=\"\" width=\"300\" height=\"200\" srcset=\"http:\/\/laprats.fr\/blog\/wp-content\/uploads\/2018\/05\/2018sav08-300x200.jpg 300w, http:\/\/laprats.fr\/blog\/wp-content\/uploads\/2018\/05\/2018sav08-768x512.jpg 768w, http:\/\/laprats.fr\/blog\/wp-content\/uploads\/2018\/05\/2018sav08-1024x683.jpg 1024w, http:\/\/laprats.fr\/blog\/wp-content\/uploads\/2018\/05\/2018sav08-750x500.jpg 750w\" sizes=\"auto, (max-width: 300px) 100vw, 300px\" \/><\/a><\/p>\n<p>Tout le monde se dirige vers le Cassissium de Nuits St Georges pour d\u00e9couvrir les propri\u00e9t\u00e9s de la baie du cassissier, ainsi que la fabrication de la fameuse cr\u00e8me de cassis. S&rsquo;en suit une d\u00e9gustation des produits r\u00e9alis\u00e9s par cette entreprise.<\/p>\n<p>En organisateur responsable, Jean Paul montre l&rsquo;exemple et souffle dans l\u2019\u00e9thylotest. Le constat est sans appel, le &lsquo;Marcassin&rsquo; n&rsquo;a pas eu raison de Jean Paul. Encore merci \u00e0 lui pour cette belle journ\u00e9e.<\/p>\n<p><a href=\"http:\/\/laprats.fr\/blog\/wp-content\/uploads\/2018\/05\/2018sav10.jpg\"><img loading=\"lazy\" decoding=\"async\" class=\"alignnone size-medium wp-image-1644\" src=\"http:\/\/laprats.fr\/blog\/wp-content\/uploads\/2018\/05\/2018sav10-300x200.jpg\" alt=\"\" width=\"300\" height=\"200\" srcset=\"http:\/\/laprats.fr\/blog\/wp-content\/uploads\/2018\/05\/2018sav10-300x200.jpg 300w, http:\/\/laprats.fr\/blog\/wp-content\/uploads\/2018\/05\/2018sav10-768x512.jpg 768w, http:\/\/laprats.fr\/blog\/wp-content\/uploads\/2018\/05\/2018sav10-1024x683.jpg 1024w, http:\/\/laprats.fr\/blog\/wp-content\/uploads\/2018\/05\/2018sav10-750x500.jpg 750w\" sizes=\"auto, (max-width: 300px) 100vw, 300px\" \/><\/a><a href=\"http:\/\/laprats.fr\/blog\/wp-content\/uploads\/2018\/05\/2018sav11.jpg\"><img loading=\"lazy\" decoding=\"async\" class=\"alignnone size-medium wp-image-1645\" src=\"http:\/\/laprats.fr\/blog\/wp-content\/uploads\/2018\/05\/2018sav11-300x200.jpg\" alt=\"\" width=\"300\" height=\"200\" srcset=\"http:\/\/laprats.fr\/blog\/wp-content\/uploads\/2018\/05\/2018sav11-300x200.jpg 300w, http:\/\/laprats.fr\/blog\/wp-content\/uploads\/2018\/05\/2018sav11-768x512.jpg 768w, http:\/\/laprats.fr\/blog\/wp-content\/uploads\/2018\/05\/2018sav11-1024x683.jpg 1024w, http:\/\/laprats.fr\/blog\/wp-content\/uploads\/2018\/05\/2018sav11-750x500.jpg 750w\" sizes=\"auto, (max-width: 300px) 100vw, 300px\" \/><\/a><\/p>\n<p>&nbsp;<\/p>\n<p>&nbsp;<\/p>\n","protected":false},"excerpt":{"rendered":"<p>Nous nous sommes tous retrouv\u00e9s ce samedi 26 mai sur le parking de Savigny les Beaune . Jean Paul, l&rsquo;organisateur de la sortie nous a fait passer les grilles du <a href=\"http:\/\/laprats.fr\/blog\/sortie-dans-anciens-a-savigny-les-beaune\/\" class=\"more-link\">[&hellip;]<\/a><\/p>\n","protected":false},"author":6,"featured_media":1643,"comment_status":"open","ping_status":"open","sticky":false,"template":"","format":"standard","meta":{"Layout":"","footnotes":""},"categories":[5],"tags":[],"class_list":["entry","author-pascal","post-1646","post","type-post","status-publish","format-standard","has-post-thumbnail","category-info-association"],"yoast_head":"<!-- This site is optimized with the Yoast SEO plugin v27.4 - https:\/\/yoast.com\/product\/yoast-seo-wordpress\/ -->\n<title>Sortie dans anciens \u00e0 Savigny les Beaune - Bienvenue<\/title>\n<meta name=\"robots\" content=\"index, follow, max-snippet:-1, max-image-preview:large, max-video-preview:-1\" \/>\n<link rel=\"canonical\" href=\"http:\/\/laprats.fr\/blog\/sortie-dans-anciens-a-savigny-les-beaune\/\" \/>\n<meta property=\"og:locale\" content=\"fr_FR\" \/>\n<meta property=\"og:type\" content=\"article\" \/>\n<meta property=\"og:title\" content=\"Sortie dans anciens \u00e0 Savigny les Beaune - Bienvenue\" \/>\n<meta property=\"og:description\" content=\"Nous nous sommes tous retrouv\u00e9s ce samedi 26 mai sur le parking de Savigny les Beaune . Jean Paul, l&rsquo;organisateur de la sortie nous a fait passer les grilles du [&hellip;]\" \/>\n<meta property=\"og:url\" content=\"http:\/\/laprats.fr\/blog\/sortie-dans-anciens-a-savigny-les-beaune\/\" \/>\n<meta property=\"og:site_name\" content=\"Bienvenue\" \/>\n<meta property=\"article:publisher\" content=\"https:\/\/fr-fr.facebook.com\/pages\/Association-La-Prats-de-Cluny\/224204740976190?sk=wall\" \/>\n<meta property=\"article:published_time\" content=\"2018-05-27T17:57:43+00:00\" \/>\n<meta property=\"og:image\" content=\"http:\/\/laprats.fr\/blog\/wp-content\/uploads\/2018\/05\/2018sav09.jpg\" \/>\n\t<meta property=\"og:image:width\" content=\"4752\" \/>\n\t<meta property=\"og:image:height\" content=\"3168\" \/>\n\t<meta property=\"og:image:type\" content=\"image\/jpeg\" \/>\n<meta name=\"author\" content=\"Pascal Gendrot\" \/>\n<meta name=\"twitter:label1\" content=\"\u00c9crit par\" \/>\n\t<meta name=\"twitter:data1\" content=\"Pascal Gendrot\" \/>\n\t<meta name=\"twitter:label2\" content=\"Dur\u00e9e de lecture estim\u00e9e\" \/>\n\t<meta name=\"twitter:data2\" content=\"1 minute\" \/>\n<script type=\"application\/ld+json\" class=\"yoast-schema-graph\">{\"@context\":\"https:\\\/\\\/schema.org\",\"@graph\":[{\"@type\":\"Article\",\"@id\":\"http:\\\/\\\/laprats.fr\\\/blog\\\/sortie-dans-anciens-a-savigny-les-beaune\\\/#article\",\"isPartOf\":{\"@id\":\"http:\\\/\\\/laprats.fr\\\/blog\\\/sortie-dans-anciens-a-savigny-les-beaune\\\/\"},\"author\":{\"name\":\"Pascal Gendrot\",\"@id\":\"http:\\\/\\\/laprats.fr\\\/blog\\\/#\\\/schema\\\/person\\\/90a4b4782b20a014cc9b183a4707820c\"},\"headline\":\"Sortie dans anciens \u00e0 Savigny les Beaune\",\"datePublished\":\"2018-05-27T17:57:43+00:00\",\"mainEntityOfPage\":{\"@id\":\"http:\\\/\\\/laprats.fr\\\/blog\\\/sortie-dans-anciens-a-savigny-les-beaune\\\/\"},\"wordCount\":248,\"commentCount\":0,\"image\":{\"@id\":\"http:\\\/\\\/laprats.fr\\\/blog\\\/sortie-dans-anciens-a-savigny-les-beaune\\\/#primaryimage\"},\"thumbnailUrl\":\"http:\\\/\\\/laprats.fr\\\/blog\\\/wp-content\\\/uploads\\\/2018\\\/05\\\/2018sav09.jpg\",\"articleSection\":[\"Info association\"],\"inLanguage\":\"fr-FR\",\"potentialAction\":[{\"@type\":\"CommentAction\",\"name\":\"Comment\",\"target\":[\"http:\\\/\\\/laprats.fr\\\/blog\\\/sortie-dans-anciens-a-savigny-les-beaune\\\/#respond\"]}]},{\"@type\":\"WebPage\",\"@id\":\"http:\\\/\\\/laprats.fr\\\/blog\\\/sortie-dans-anciens-a-savigny-les-beaune\\\/\",\"url\":\"http:\\\/\\\/laprats.fr\\\/blog\\\/sortie-dans-anciens-a-savigny-les-beaune\\\/\",\"name\":\"Sortie dans anciens \u00e0 Savigny les Beaune - Bienvenue\",\"isPartOf\":{\"@id\":\"http:\\\/\\\/laprats.fr\\\/blog\\\/#website\"},\"primaryImageOfPage\":{\"@id\":\"http:\\\/\\\/laprats.fr\\\/blog\\\/sortie-dans-anciens-a-savigny-les-beaune\\\/#primaryimage\"},\"image\":{\"@id\":\"http:\\\/\\\/laprats.fr\\\/blog\\\/sortie-dans-anciens-a-savigny-les-beaune\\\/#primaryimage\"},\"thumbnailUrl\":\"http:\\\/\\\/laprats.fr\\\/blog\\\/wp-content\\\/uploads\\\/2018\\\/05\\\/2018sav09.jpg\",\"datePublished\":\"2018-05-27T17:57:43+00:00\",\"author\":{\"@id\":\"http:\\\/\\\/laprats.fr\\\/blog\\\/#\\\/schema\\\/person\\\/90a4b4782b20a014cc9b183a4707820c\"},\"breadcrumb\":{\"@id\":\"http:\\\/\\\/laprats.fr\\\/blog\\\/sortie-dans-anciens-a-savigny-les-beaune\\\/#breadcrumb\"},\"inLanguage\":\"fr-FR\",\"potentialAction\":[{\"@type\":\"ReadAction\",\"target\":[\"http:\\\/\\\/laprats.fr\\\/blog\\\/sortie-dans-anciens-a-savigny-les-beaune\\\/\"]}]},{\"@type\":\"ImageObject\",\"inLanguage\":\"fr-FR\",\"@id\":\"http:\\\/\\\/laprats.fr\\\/blog\\\/sortie-dans-anciens-a-savigny-les-beaune\\\/#primaryimage\",\"url\":\"http:\\\/\\\/laprats.fr\\\/blog\\\/wp-content\\\/uploads\\\/2018\\\/05\\\/2018sav09.jpg\",\"contentUrl\":\"http:\\\/\\\/laprats.fr\\\/blog\\\/wp-content\\\/uploads\\\/2018\\\/05\\\/2018sav09.jpg\",\"width\":4752,\"height\":3168},{\"@type\":\"BreadcrumbList\",\"@id\":\"http:\\\/\\\/laprats.fr\\\/blog\\\/sortie-dans-anciens-a-savigny-les-beaune\\\/#breadcrumb\",\"itemListElement\":[{\"@type\":\"ListItem\",\"position\":1,\"name\":\"Accueil\",\"item\":\"http:\\\/\\\/laprats.fr\\\/blog\\\/\"},{\"@type\":\"ListItem\",\"position\":2,\"name\":\"Sortie dans anciens \u00e0 Savigny les Beaune\"}]},{\"@type\":\"WebSite\",\"@id\":\"http:\\\/\\\/laprats.fr\\\/blog\\\/#website\",\"url\":\"http:\\\/\\\/laprats.fr\\\/blog\\\/\",\"name\":\"Bienvenue\",\"description\":\"D&#039;hier et d&#039;aujourd&#039;hui ... pour demain\",\"potentialAction\":[{\"@type\":\"SearchAction\",\"target\":{\"@type\":\"EntryPoint\",\"urlTemplate\":\"http:\\\/\\\/laprats.fr\\\/blog\\\/?s={search_term_string}\"},\"query-input\":{\"@type\":\"PropertyValueSpecification\",\"valueRequired\":true,\"valueName\":\"search_term_string\"}}],\"inLanguage\":\"fr-FR\"},{\"@type\":\"Person\",\"@id\":\"http:\\\/\\\/laprats.fr\\\/blog\\\/#\\\/schema\\\/person\\\/90a4b4782b20a014cc9b183a4707820c\",\"name\":\"Pascal Gendrot\",\"image\":{\"@type\":\"ImageObject\",\"inLanguage\":\"fr-FR\",\"@id\":\"https:\\\/\\\/secure.gravatar.com\\\/avatar\\\/649cd38650031007bbd5ec3c73411225e4a69679f8049c7237814718f484b5c0?s=96&d=mm&r=g\",\"url\":\"https:\\\/\\\/secure.gravatar.com\\\/avatar\\\/649cd38650031007bbd5ec3c73411225e4a69679f8049c7237814718f484b5c0?s=96&d=mm&r=g\",\"contentUrl\":\"https:\\\/\\\/secure.gravatar.com\\\/avatar\\\/649cd38650031007bbd5ec3c73411225e4a69679f8049c7237814718f484b5c0?s=96&d=mm&r=g\",\"caption\":\"Pascal Gendrot\"}}]}<\/script>\n<!-- \/ Yoast SEO plugin. -->","yoast_head_json":{"title":"Sortie dans anciens \u00e0 Savigny les Beaune - Bienvenue","robots":{"index":"index","follow":"follow","max-snippet":"max-snippet:-1","max-image-preview":"max-image-preview:large","max-video-preview":"max-video-preview:-1"},"canonical":"http:\/\/laprats.fr\/blog\/sortie-dans-anciens-a-savigny-les-beaune\/","og_locale":"fr_FR","og_type":"article","og_title":"Sortie dans anciens \u00e0 Savigny les Beaune - Bienvenue","og_description":"Nous nous sommes tous retrouv\u00e9s ce samedi 26 mai sur le parking de Savigny les Beaune . Jean Paul, l&rsquo;organisateur de la sortie nous a fait passer les grilles du [&hellip;]","og_url":"http:\/\/laprats.fr\/blog\/sortie-dans-anciens-a-savigny-les-beaune\/","og_site_name":"Bienvenue","article_publisher":"https:\/\/fr-fr.facebook.com\/pages\/Association-La-Prats-de-Cluny\/224204740976190?sk=wall","article_published_time":"2018-05-27T17:57:43+00:00","og_image":[{"width":4752,"height":3168,"url":"http:\/\/laprats.fr\/blog\/wp-content\/uploads\/2018\/05\/2018sav09.jpg","type":"image\/jpeg"}],"author":"Pascal Gendrot","twitter_misc":{"\u00c9crit par":"Pascal Gendrot","Dur\u00e9e de lecture estim\u00e9e":"1 minute"},"schema":{"@context":"https:\/\/schema.org","@graph":[{"@type":"Article","@id":"http:\/\/laprats.fr\/blog\/sortie-dans-anciens-a-savigny-les-beaune\/#article","isPartOf":{"@id":"http:\/\/laprats.fr\/blog\/sortie-dans-anciens-a-savigny-les-beaune\/"},"author":{"name":"Pascal Gendrot","@id":"http:\/\/laprats.fr\/blog\/#\/schema\/person\/90a4b4782b20a014cc9b183a4707820c"},"headline":"Sortie dans anciens \u00e0 Savigny les Beaune","datePublished":"2018-05-27T17:57:43+00:00","mainEntityOfPage":{"@id":"http:\/\/laprats.fr\/blog\/sortie-dans-anciens-a-savigny-les-beaune\/"},"wordCount":248,"commentCount":0,"image":{"@id":"http:\/\/laprats.fr\/blog\/sortie-dans-anciens-a-savigny-les-beaune\/#primaryimage"},"thumbnailUrl":"http:\/\/laprats.fr\/blog\/wp-content\/uploads\/2018\/05\/2018sav09.jpg","articleSection":["Info association"],"inLanguage":"fr-FR","potentialAction":[{"@type":"CommentAction","name":"Comment","target":["http:\/\/laprats.fr\/blog\/sortie-dans-anciens-a-savigny-les-beaune\/#respond"]}]},{"@type":"WebPage","@id":"http:\/\/laprats.fr\/blog\/sortie-dans-anciens-a-savigny-les-beaune\/","url":"http:\/\/laprats.fr\/blog\/sortie-dans-anciens-a-savigny-les-beaune\/","name":"Sortie dans anciens \u00e0 Savigny les Beaune - Bienvenue","isPartOf":{"@id":"http:\/\/laprats.fr\/blog\/#website"},"primaryImageOfPage":{"@id":"http:\/\/laprats.fr\/blog\/sortie-dans-anciens-a-savigny-les-beaune\/#primaryimage"},"image":{"@id":"http:\/\/laprats.fr\/blog\/sortie-dans-anciens-a-savigny-les-beaune\/#primaryimage"},"thumbnailUrl":"http:\/\/laprats.fr\/blog\/wp-content\/uploads\/2018\/05\/2018sav09.jpg","datePublished":"2018-05-27T17:57:43+00:00","author":{"@id":"http:\/\/laprats.fr\/blog\/#\/schema\/person\/90a4b4782b20a014cc9b183a4707820c"},"breadcrumb":{"@id":"http:\/\/laprats.fr\/blog\/sortie-dans-anciens-a-savigny-les-beaune\/#breadcrumb"},"inLanguage":"fr-FR","potentialAction":[{"@type":"ReadAction","target":["http:\/\/laprats.fr\/blog\/sortie-dans-anciens-a-savigny-les-beaune\/"]}]},{"@type":"ImageObject","inLanguage":"fr-FR","@id":"http:\/\/laprats.fr\/blog\/sortie-dans-anciens-a-savigny-les-beaune\/#primaryimage","url":"http:\/\/laprats.fr\/blog\/wp-content\/uploads\/2018\/05\/2018sav09.jpg","contentUrl":"http:\/\/laprats.fr\/blog\/wp-content\/uploads\/2018\/05\/2018sav09.jpg","width":4752,"height":3168},{"@type":"BreadcrumbList","@id":"http:\/\/laprats.fr\/blog\/sortie-dans-anciens-a-savigny-les-beaune\/#breadcrumb","itemListElement":[{"@type":"ListItem","position":1,"name":"Accueil","item":"http:\/\/laprats.fr\/blog\/"},{"@type":"ListItem","position":2,"name":"Sortie dans anciens \u00e0 Savigny les Beaune"}]},{"@type":"WebSite","@id":"http:\/\/laprats.fr\/blog\/#website","url":"http:\/\/laprats.fr\/blog\/","name":"Bienvenue","description":"D&#039;hier et d&#039;aujourd&#039;hui ... pour demain","potentialAction":[{"@type":"SearchAction","target":{"@type":"EntryPoint","urlTemplate":"http:\/\/laprats.fr\/blog\/?s={search_term_string}"},"query-input":{"@type":"PropertyValueSpecification","valueRequired":true,"valueName":"search_term_string"}}],"inLanguage":"fr-FR"},{"@type":"Person","@id":"http:\/\/laprats.fr\/blog\/#\/schema\/person\/90a4b4782b20a014cc9b183a4707820c","name":"Pascal Gendrot","image":{"@type":"ImageObject","inLanguage":"fr-FR","@id":"https:\/\/secure.gravatar.com\/avatar\/649cd38650031007bbd5ec3c73411225e4a69679f8049c7237814718f484b5c0?s=96&d=mm&r=g","url":"https:\/\/secure.gravatar.com\/avatar\/649cd38650031007bbd5ec3c73411225e4a69679f8049c7237814718f484b5c0?s=96&d=mm&r=g","contentUrl":"https:\/\/secure.gravatar.com\/avatar\/649cd38650031007bbd5ec3c73411225e4a69679f8049c7237814718f484b5c0?s=96&d=mm&r=g","caption":"Pascal Gendrot"}}]}},"_links":{"self":[{"href":"http:\/\/laprats.fr\/blog\/wp-json\/wp\/v2\/posts\/1646","targetHints":{"allow":["GET"]}}],"collection":[{"href":"http:\/\/laprats.fr\/blog\/wp-json\/wp\/v2\/posts"}],"about":[{"href":"http:\/\/laprats.fr\/blog\/wp-json\/wp\/v2\/types\/post"}],"author":[{"embeddable":true,"href":"http:\/\/laprats.fr\/blog\/wp-json\/wp\/v2\/users\/6"}],"replies":[{"embeddable":true,"href":"http:\/\/laprats.fr\/blog\/wp-json\/wp\/v2\/comments?post=1646"}],"version-history":[{"count":4,"href":"http:\/\/laprats.fr\/blog\/wp-json\/wp\/v2\/posts\/1646\/revisions"}],"predecessor-version":[{"id":1654,"href":"http:\/\/laprats.fr\/blog\/wp-json\/wp\/v2\/posts\/1646\/revisions\/1654"}],"wp:featuredmedia":[{"embeddable":true,"href":"http:\/\/laprats.fr\/blog\/wp-json\/wp\/v2\/media\/1643"}],"wp:attachment":[{"href":"http:\/\/laprats.fr\/blog\/wp-json\/wp\/v2\/media?parent=1646"}],"wp:term":[{"taxonomy":"category","embeddable":true,"href":"http:\/\/laprats.fr\/blog\/wp-json\/wp\/v2\/categories?post=1646"},{"taxonomy":"post_tag","embeddable":true,"href":"http:\/\/laprats.fr\/blog\/wp-json\/wp\/v2\/tags?post=1646"}],"curies":[{"name":"wp","href":"https:\/\/api.w.org\/{rel}","templated":true}]}}