{"id":1631,"date":"2018-05-10T09:25:49","date_gmt":"2018-05-10T07:25:49","guid":{"rendered":"http:\/\/laprats.fr\/blog\/?p=1631"},"modified":"2018-05-10T09:25:49","modified_gmt":"2018-05-10T07:25:49","slug":"pre-inscription-a-lag-speciale-annees-80-de-la-prats","status":"publish","type":"post","link":"http:\/\/laprats.fr\/blog\/pre-inscription-a-lag-speciale-annees-80-de-la-prats\/","title":{"rendered":"Pr\u00e9-inscription \u00e0 l&rsquo;AG sp\u00e9ciale ann\u00e9es 80 de la Prat&rsquo;s"},"content":{"rendered":"<p>Cher(e)s Prat&rsquo;sien(ne)s, l&rsquo;heure de la Pr\u00e9-inscription \u00e0 l&rsquo;AG sp\u00e9ciale ann\u00e9es 80 de la Prat&rsquo;s est arriv\u00e9e,<\/p>\n<p>Le d\u00e9roulement de la journ\u00e9e du 6 octobre est \u00e0 pr\u00e9sent fig\u00e9e. Comme vous le savez, ce sont les \u00e9l\u00e8ves des ann\u00e9es 80 qui seront mis \u00e0 l&rsquo;honneur cette ann\u00e9e.<\/p>\n<p>En plus de la traditionnelle Assembl\u00e9e G\u00e9n\u00e9rale, vous pourrez, cette ann\u00e9e, visiter le lyc\u00e9e et voir sa profonde \u00e9volution, vous pourrez manger au r\u00e9fectoire et partager vos souvenirs jusqu&rsquo;\u00e0 la fin d&rsquo;apr\u00e8s-midi. Pour ceux qui le souhaiterons, la journ\u00e9e se terminera par la visite chez un vigneron et un diner dans un restaurant clunysois.<\/p>\n<p>Vous pourrez \u00e9galement vous voir remettre le sweat-shirt aux couleurs du lyc\u00e9e (que vous aurez command\u00e9). On murmure que les amateurs de voitures anciennes et\/ou sportives,comme moi, profiteraient de cette occasion pour les sortir une derni\u00e8res fois avant l&rsquo;hiver.<\/p>\n<p>Bien s\u00fbr, comme chaque ann\u00e9e, les prat&rsquo;sien(ne)s de toutes g\u00e9n\u00e9rations seront les bienvenus.<\/p>\n<p>Il ne vous reste qu&rsquo;\u00e0 <a href=\"http:\/\/laprats.fr\/blog\/annees-80\/\">consulter le programme<\/a> et \u00e0 <span style=\"color: #ff0000;\">vous inscrire pr\u00e9-inscrire avant fin juin<\/span> sur le <a href=\"https:\/\/doodle.com\/poll\/dmcd5mwhysut27p3\">Doodle <\/a>afin que nous puissions finaliser l&rsquo;organisation.<\/p>\n<p>Venez nombreux,<\/p>\n<p>Amicalement,<\/p>\n<p>Pascal Gendrot<\/p>\n","protected":false},"excerpt":{"rendered":"<p>Cher(e)s Prat&rsquo;sien(ne)s, l&rsquo;heure de la Pr\u00e9-inscription \u00e0 l&rsquo;AG sp\u00e9ciale ann\u00e9es 80 de la Prat&rsquo;s est arriv\u00e9e, Le d\u00e9roulement de la journ\u00e9e du 6 octobre est \u00e0 pr\u00e9sent fig\u00e9e. Comme vous <a href=\"http:\/\/laprats.fr\/blog\/pre-inscription-a-lag-speciale-annees-80-de-la-prats\/\" class=\"more-link\">[&hellip;]<\/a><\/p>\n","protected":false},"author":6,"featured_media":1596,"comment_status":"open","ping_status":"open","sticky":false,"template":"","format":"standard","meta":{"Layout":"","footnotes":""},"categories":[5],"tags":[],"class_list":["entry","author-pascal","post-1631","post","type-post","status-publish","format-standard","has-post-thumbnail","category-info-association"],"yoast_head":"<!-- This site is optimized with the Yoast SEO plugin v27.4 - https:\/\/yoast.com\/product\/yoast-seo-wordpress\/ -->\n<title>Pr\u00e9-inscription \u00e0 l&#039;AG sp\u00e9ciale ann\u00e9es 80 de la Prat&#039;s - Bienvenue<\/title>\n<meta name=\"robots\" content=\"index, follow, max-snippet:-1, max-image-preview:large, max-video-preview:-1\" \/>\n<link rel=\"canonical\" href=\"http:\/\/laprats.fr\/blog\/pre-inscription-a-lag-speciale-annees-80-de-la-prats\/\" \/>\n<meta property=\"og:locale\" content=\"fr_FR\" \/>\n<meta property=\"og:type\" content=\"article\" \/>\n<meta property=\"og:title\" content=\"Pr\u00e9-inscription \u00e0 l&#039;AG sp\u00e9ciale ann\u00e9es 80 de la Prat&#039;s - Bienvenue\" \/>\n<meta property=\"og:description\" content=\"Cher(e)s Prat&rsquo;sien(ne)s, l&rsquo;heure de la Pr\u00e9-inscription \u00e0 l&rsquo;AG sp\u00e9ciale ann\u00e9es 80 de la Prat&rsquo;s est arriv\u00e9e, Le d\u00e9roulement de la journ\u00e9e du 6 octobre est \u00e0 pr\u00e9sent fig\u00e9e. Comme vous [&hellip;]\" \/>\n<meta property=\"og:url\" content=\"http:\/\/laprats.fr\/blog\/pre-inscription-a-lag-speciale-annees-80-de-la-prats\/\" \/>\n<meta property=\"og:site_name\" content=\"Bienvenue\" \/>\n<meta property=\"article:publisher\" content=\"https:\/\/fr-fr.facebook.com\/pages\/Association-La-Prats-de-Cluny\/224204740976190?sk=wall\" \/>\n<meta property=\"article:published_time\" content=\"2018-05-10T07:25:49+00:00\" \/>\n<meta property=\"og:image\" content=\"http:\/\/laprats.fr\/blog\/wp-content\/uploads\/2018\/02\/logoann\u00e9es80.jpg\" \/>\n\t<meta property=\"og:image:width\" content=\"768\" \/>\n\t<meta property=\"og:image:height\" content=\"300\" \/>\n\t<meta property=\"og:image:type\" content=\"image\/jpeg\" \/>\n<meta name=\"author\" content=\"Pascal Gendrot\" \/>\n<meta name=\"twitter:label1\" content=\"\u00c9crit par\" \/>\n\t<meta name=\"twitter:data1\" content=\"Pascal Gendrot\" \/>\n\t<meta name=\"twitter:label2\" content=\"Dur\u00e9e de lecture estim\u00e9e\" \/>\n\t<meta name=\"twitter:data2\" content=\"1 minute\" \/>\n<script type=\"application\/ld+json\" class=\"yoast-schema-graph\">{\"@context\":\"https:\\\/\\\/schema.org\",\"@graph\":[{\"@type\":\"Article\",\"@id\":\"http:\\\/\\\/laprats.fr\\\/blog\\\/pre-inscription-a-lag-speciale-annees-80-de-la-prats\\\/#article\",\"isPartOf\":{\"@id\":\"http:\\\/\\\/laprats.fr\\\/blog\\\/pre-inscription-a-lag-speciale-annees-80-de-la-prats\\\/\"},\"author\":{\"name\":\"Pascal Gendrot\",\"@id\":\"http:\\\/\\\/laprats.fr\\\/blog\\\/#\\\/schema\\\/person\\\/90a4b4782b20a014cc9b183a4707820c\"},\"headline\":\"Pr\u00e9-inscription \u00e0 l&rsquo;AG sp\u00e9ciale ann\u00e9es 80 de la Prat&rsquo;s\",\"datePublished\":\"2018-05-10T07:25:49+00:00\",\"mainEntityOfPage\":{\"@id\":\"http:\\\/\\\/laprats.fr\\\/blog\\\/pre-inscription-a-lag-speciale-annees-80-de-la-prats\\\/\"},\"wordCount\":219,\"commentCount\":0,\"image\":{\"@id\":\"http:\\\/\\\/laprats.fr\\\/blog\\\/pre-inscription-a-lag-speciale-annees-80-de-la-prats\\\/#primaryimage\"},\"thumbnailUrl\":\"http:\\\/\\\/laprats.fr\\\/blog\\\/wp-content\\\/uploads\\\/2018\\\/02\\\/logoann\u00e9es80.jpg\",\"articleSection\":[\"Info association\"],\"inLanguage\":\"fr-FR\",\"potentialAction\":[{\"@type\":\"CommentAction\",\"name\":\"Comment\",\"target\":[\"http:\\\/\\\/laprats.fr\\\/blog\\\/pre-inscription-a-lag-speciale-annees-80-de-la-prats\\\/#respond\"]}]},{\"@type\":\"WebPage\",\"@id\":\"http:\\\/\\\/laprats.fr\\\/blog\\\/pre-inscription-a-lag-speciale-annees-80-de-la-prats\\\/\",\"url\":\"http:\\\/\\\/laprats.fr\\\/blog\\\/pre-inscription-a-lag-speciale-annees-80-de-la-prats\\\/\",\"name\":\"Pr\u00e9-inscription \u00e0 l'AG sp\u00e9ciale ann\u00e9es 80 de la Prat's - Bienvenue\",\"isPartOf\":{\"@id\":\"http:\\\/\\\/laprats.fr\\\/blog\\\/#website\"},\"primaryImageOfPage\":{\"@id\":\"http:\\\/\\\/laprats.fr\\\/blog\\\/pre-inscription-a-lag-speciale-annees-80-de-la-prats\\\/#primaryimage\"},\"image\":{\"@id\":\"http:\\\/\\\/laprats.fr\\\/blog\\\/pre-inscription-a-lag-speciale-annees-80-de-la-prats\\\/#primaryimage\"},\"thumbnailUrl\":\"http:\\\/\\\/laprats.fr\\\/blog\\\/wp-content\\\/uploads\\\/2018\\\/02\\\/logoann\u00e9es80.jpg\",\"datePublished\":\"2018-05-10T07:25:49+00:00\",\"author\":{\"@id\":\"http:\\\/\\\/laprats.fr\\\/blog\\\/#\\\/schema\\\/person\\\/90a4b4782b20a014cc9b183a4707820c\"},\"breadcrumb\":{\"@id\":\"http:\\\/\\\/laprats.fr\\\/blog\\\/pre-inscription-a-lag-speciale-annees-80-de-la-prats\\\/#breadcrumb\"},\"inLanguage\":\"fr-FR\",\"potentialAction\":[{\"@type\":\"ReadAction\",\"target\":[\"http:\\\/\\\/laprats.fr\\\/blog\\\/pre-inscription-a-lag-speciale-annees-80-de-la-prats\\\/\"]}]},{\"@type\":\"ImageObject\",\"inLanguage\":\"fr-FR\",\"@id\":\"http:\\\/\\\/laprats.fr\\\/blog\\\/pre-inscription-a-lag-speciale-annees-80-de-la-prats\\\/#primaryimage\",\"url\":\"http:\\\/\\\/laprats.fr\\\/blog\\\/wp-content\\\/uploads\\\/2018\\\/02\\\/logoann\u00e9es80.jpg\",\"contentUrl\":\"http:\\\/\\\/laprats.fr\\\/blog\\\/wp-content\\\/uploads\\\/2018\\\/02\\\/logoann\u00e9es80.jpg\",\"width\":768,\"height\":300},{\"@type\":\"BreadcrumbList\",\"@id\":\"http:\\\/\\\/laprats.fr\\\/blog\\\/pre-inscription-a-lag-speciale-annees-80-de-la-prats\\\/#breadcrumb\",\"itemListElement\":[{\"@type\":\"ListItem\",\"position\":1,\"name\":\"Accueil\",\"item\":\"http:\\\/\\\/laprats.fr\\\/blog\\\/\"},{\"@type\":\"ListItem\",\"position\":2,\"name\":\"Pr\u00e9-inscription \u00e0 l&rsquo;AG sp\u00e9ciale ann\u00e9es 80 de la Prat&rsquo;s\"}]},{\"@type\":\"WebSite\",\"@id\":\"http:\\\/\\\/laprats.fr\\\/blog\\\/#website\",\"url\":\"http:\\\/\\\/laprats.fr\\\/blog\\\/\",\"name\":\"Bienvenue\",\"description\":\"D&#039;hier et d&#039;aujourd&#039;hui ... pour demain\",\"potentialAction\":[{\"@type\":\"SearchAction\",\"target\":{\"@type\":\"EntryPoint\",\"urlTemplate\":\"http:\\\/\\\/laprats.fr\\\/blog\\\/?s={search_term_string}\"},\"query-input\":{\"@type\":\"PropertyValueSpecification\",\"valueRequired\":true,\"valueName\":\"search_term_string\"}}],\"inLanguage\":\"fr-FR\"},{\"@type\":\"Person\",\"@id\":\"http:\\\/\\\/laprats.fr\\\/blog\\\/#\\\/schema\\\/person\\\/90a4b4782b20a014cc9b183a4707820c\",\"name\":\"Pascal Gendrot\",\"image\":{\"@type\":\"ImageObject\",\"inLanguage\":\"fr-FR\",\"@id\":\"https:\\\/\\\/secure.gravatar.com\\\/avatar\\\/649cd38650031007bbd5ec3c73411225e4a69679f8049c7237814718f484b5c0?s=96&d=mm&r=g\",\"url\":\"https:\\\/\\\/secure.gravatar.com\\\/avatar\\\/649cd38650031007bbd5ec3c73411225e4a69679f8049c7237814718f484b5c0?s=96&d=mm&r=g\",\"contentUrl\":\"https:\\\/\\\/secure.gravatar.com\\\/avatar\\\/649cd38650031007bbd5ec3c73411225e4a69679f8049c7237814718f484b5c0?s=96&d=mm&r=g\",\"caption\":\"Pascal Gendrot\"}}]}<\/script>\n<!-- \/ Yoast SEO plugin. -->","yoast_head_json":{"title":"Pr\u00e9-inscription \u00e0 l'AG sp\u00e9ciale ann\u00e9es 80 de la Prat's - Bienvenue","robots":{"index":"index","follow":"follow","max-snippet":"max-snippet:-1","max-image-preview":"max-image-preview:large","max-video-preview":"max-video-preview:-1"},"canonical":"http:\/\/laprats.fr\/blog\/pre-inscription-a-lag-speciale-annees-80-de-la-prats\/","og_locale":"fr_FR","og_type":"article","og_title":"Pr\u00e9-inscription \u00e0 l'AG sp\u00e9ciale ann\u00e9es 80 de la Prat's - Bienvenue","og_description":"Cher(e)s Prat&rsquo;sien(ne)s, l&rsquo;heure de la Pr\u00e9-inscription \u00e0 l&rsquo;AG sp\u00e9ciale ann\u00e9es 80 de la Prat&rsquo;s est arriv\u00e9e, Le d\u00e9roulement de la journ\u00e9e du 6 octobre est \u00e0 pr\u00e9sent fig\u00e9e. Comme vous [&hellip;]","og_url":"http:\/\/laprats.fr\/blog\/pre-inscription-a-lag-speciale-annees-80-de-la-prats\/","og_site_name":"Bienvenue","article_publisher":"https:\/\/fr-fr.facebook.com\/pages\/Association-La-Prats-de-Cluny\/224204740976190?sk=wall","article_published_time":"2018-05-10T07:25:49+00:00","og_image":[{"width":768,"height":300,"url":"http:\/\/laprats.fr\/blog\/wp-content\/uploads\/2018\/02\/logoann\u00e9es80.jpg","type":"image\/jpeg"}],"author":"Pascal Gendrot","twitter_misc":{"\u00c9crit par":"Pascal Gendrot","Dur\u00e9e de lecture estim\u00e9e":"1 minute"},"schema":{"@context":"https:\/\/schema.org","@graph":[{"@type":"Article","@id":"http:\/\/laprats.fr\/blog\/pre-inscription-a-lag-speciale-annees-80-de-la-prats\/#article","isPartOf":{"@id":"http:\/\/laprats.fr\/blog\/pre-inscription-a-lag-speciale-annees-80-de-la-prats\/"},"author":{"name":"Pascal Gendrot","@id":"http:\/\/laprats.fr\/blog\/#\/schema\/person\/90a4b4782b20a014cc9b183a4707820c"},"headline":"Pr\u00e9-inscription \u00e0 l&rsquo;AG sp\u00e9ciale ann\u00e9es 80 de la Prat&rsquo;s","datePublished":"2018-05-10T07:25:49+00:00","mainEntityOfPage":{"@id":"http:\/\/laprats.fr\/blog\/pre-inscription-a-lag-speciale-annees-80-de-la-prats\/"},"wordCount":219,"commentCount":0,"image":{"@id":"http:\/\/laprats.fr\/blog\/pre-inscription-a-lag-speciale-annees-80-de-la-prats\/#primaryimage"},"thumbnailUrl":"http:\/\/laprats.fr\/blog\/wp-content\/uploads\/2018\/02\/logoann\u00e9es80.jpg","articleSection":["Info association"],"inLanguage":"fr-FR","potentialAction":[{"@type":"CommentAction","name":"Comment","target":["http:\/\/laprats.fr\/blog\/pre-inscription-a-lag-speciale-annees-80-de-la-prats\/#respond"]}]},{"@type":"WebPage","@id":"http:\/\/laprats.fr\/blog\/pre-inscription-a-lag-speciale-annees-80-de-la-prats\/","url":"http:\/\/laprats.fr\/blog\/pre-inscription-a-lag-speciale-annees-80-de-la-prats\/","name":"Pr\u00e9-inscription \u00e0 l'AG sp\u00e9ciale ann\u00e9es 80 de la Prat's - Bienvenue","isPartOf":{"@id":"http:\/\/laprats.fr\/blog\/#website"},"primaryImageOfPage":{"@id":"http:\/\/laprats.fr\/blog\/pre-inscription-a-lag-speciale-annees-80-de-la-prats\/#primaryimage"},"image":{"@id":"http:\/\/laprats.fr\/blog\/pre-inscription-a-lag-speciale-annees-80-de-la-prats\/#primaryimage"},"thumbnailUrl":"http:\/\/laprats.fr\/blog\/wp-content\/uploads\/2018\/02\/logoann\u00e9es80.jpg","datePublished":"2018-05-10T07:25:49+00:00","author":{"@id":"http:\/\/laprats.fr\/blog\/#\/schema\/person\/90a4b4782b20a014cc9b183a4707820c"},"breadcrumb":{"@id":"http:\/\/laprats.fr\/blog\/pre-inscription-a-lag-speciale-annees-80-de-la-prats\/#breadcrumb"},"inLanguage":"fr-FR","potentialAction":[{"@type":"ReadAction","target":["http:\/\/laprats.fr\/blog\/pre-inscription-a-lag-speciale-annees-80-de-la-prats\/"]}]},{"@type":"ImageObject","inLanguage":"fr-FR","@id":"http:\/\/laprats.fr\/blog\/pre-inscription-a-lag-speciale-annees-80-de-la-prats\/#primaryimage","url":"http:\/\/laprats.fr\/blog\/wp-content\/uploads\/2018\/02\/logoann\u00e9es80.jpg","contentUrl":"http:\/\/laprats.fr\/blog\/wp-content\/uploads\/2018\/02\/logoann\u00e9es80.jpg","width":768,"height":300},{"@type":"BreadcrumbList","@id":"http:\/\/laprats.fr\/blog\/pre-inscription-a-lag-speciale-annees-80-de-la-prats\/#breadcrumb","itemListElement":[{"@type":"ListItem","position":1,"name":"Accueil","item":"http:\/\/laprats.fr\/blog\/"},{"@type":"ListItem","position":2,"name":"Pr\u00e9-inscription \u00e0 l&rsquo;AG sp\u00e9ciale ann\u00e9es 80 de la Prat&rsquo;s"}]},{"@type":"WebSite","@id":"http:\/\/laprats.fr\/blog\/#website","url":"http:\/\/laprats.fr\/blog\/","name":"Bienvenue","description":"D&#039;hier et d&#039;aujourd&#039;hui ... pour demain","potentialAction":[{"@type":"SearchAction","target":{"@type":"EntryPoint","urlTemplate":"http:\/\/laprats.fr\/blog\/?s={search_term_string}"},"query-input":{"@type":"PropertyValueSpecification","valueRequired":true,"valueName":"search_term_string"}}],"inLanguage":"fr-FR"},{"@type":"Person","@id":"http:\/\/laprats.fr\/blog\/#\/schema\/person\/90a4b4782b20a014cc9b183a4707820c","name":"Pascal Gendrot","image":{"@type":"ImageObject","inLanguage":"fr-FR","@id":"https:\/\/secure.gravatar.com\/avatar\/649cd38650031007bbd5ec3c73411225e4a69679f8049c7237814718f484b5c0?s=96&d=mm&r=g","url":"https:\/\/secure.gravatar.com\/avatar\/649cd38650031007bbd5ec3c73411225e4a69679f8049c7237814718f484b5c0?s=96&d=mm&r=g","contentUrl":"https:\/\/secure.gravatar.com\/avatar\/649cd38650031007bbd5ec3c73411225e4a69679f8049c7237814718f484b5c0?s=96&d=mm&r=g","caption":"Pascal Gendrot"}}]}},"_links":{"self":[{"href":"http:\/\/laprats.fr\/blog\/wp-json\/wp\/v2\/posts\/1631","targetHints":{"allow":["GET"]}}],"collection":[{"href":"http:\/\/laprats.fr\/blog\/wp-json\/wp\/v2\/posts"}],"about":[{"href":"http:\/\/laprats.fr\/blog\/wp-json\/wp\/v2\/types\/post"}],"author":[{"embeddable":true,"href":"http:\/\/laprats.fr\/blog\/wp-json\/wp\/v2\/users\/6"}],"replies":[{"embeddable":true,"href":"http:\/\/laprats.fr\/blog\/wp-json\/wp\/v2\/comments?post=1631"}],"version-history":[{"count":1,"href":"http:\/\/laprats.fr\/blog\/wp-json\/wp\/v2\/posts\/1631\/revisions"}],"predecessor-version":[{"id":1632,"href":"http:\/\/laprats.fr\/blog\/wp-json\/wp\/v2\/posts\/1631\/revisions\/1632"}],"wp:featuredmedia":[{"embeddable":true,"href":"http:\/\/laprats.fr\/blog\/wp-json\/wp\/v2\/media\/1596"}],"wp:attachment":[{"href":"http:\/\/laprats.fr\/blog\/wp-json\/wp\/v2\/media?parent=1631"}],"wp:term":[{"taxonomy":"category","embeddable":true,"href":"http:\/\/laprats.fr\/blog\/wp-json\/wp\/v2\/categories?post=1631"},{"taxonomy":"post_tag","embeddable":true,"href":"http:\/\/laprats.fr\/blog\/wp-json\/wp\/v2\/tags?post=1631"}],"curies":[{"name":"wp","href":"https:\/\/api.w.org\/{rel}","templated":true}]}}