{"id":1607,"date":"2018-03-11T07:30:00","date_gmt":"2018-03-11T06:30:00","guid":{"rendered":"http:\/\/laprats.fr\/blog\/?p=1607"},"modified":"2018-03-11T07:30:00","modified_gmt":"2018-03-11T06:30:00","slug":"sortie-de-printemps-en-cote-dor","status":"publish","type":"post","link":"http:\/\/laprats.fr\/blog\/sortie-de-printemps-en-cote-dor\/","title":{"rendered":"Sortie de printemps en C\u00f4te d&rsquo;Or"},"content":{"rendered":"<p>Nous serions heureux de ta pr\u00e9sence parmi nous, le 26 mai prochain, pour la visite du ch\u00e2teau de SAVIGNY Les BEAUNE et du CASSISSIUM \u00e0 NUITS SAINT GEORGES.<\/p>\n<p><a href=\"http:\/\/laprats.fr\/blog\/wp-content\/uploads\/2018\/03\/2018-Bulletin-Inscription-SORTIE-PRINTEMPS.pdf\">*** T\u00e9l\u00e9charges ton bulletin d&rsquo;inscription ***<\/a><\/p>\n<p><strong>Le programme de cette journ\u00e9e sera le suivant:<\/strong><\/p>\n<p><strong>\u00a0<\/strong><strong>9h30 Rassemblement\u00a0 sur le parking du ch\u00e2teau de SAVIGNY*<\/strong><\/p>\n<p><strong><u>10h \u00e0 12h30<\/u><\/strong> : Visite des mus\u00e9es du ch\u00e2teau<\/p>\n<p><strong><u>12h30 \u00e0 14h30<\/u><\/strong>: Repas dans l&rsquo;une des salles du ch\u00e2teau<\/p>\n<p><strong>\u00a0<\/strong><strong><u>15h00<\/u><\/strong><strong>: <\/strong>D\u00e9part pour NUITS SAINT GEORGES<\/p>\n<p><strong><u>15h45 \u00e0 17h00<\/u><\/strong>: Visite du CASSISSIUM*<br \/>\n<em>Un plan d\u2019acc\u00e8s au parking du Ch\u00e2teau te sera transmis ult\u00e9rieurement, si tu le souhaites.<\/em><\/p>\n<p><strong>Co\u00fbt de cette journ\u00e9e\u00a0: 60 \u20ac par personne<\/strong><\/p>\n<p>comprenant les divers droits d&rsquo;entr\u00e9e, le repas et les boissons,<\/p>\n<p>Tes amis peuvent ce joindre \u00e0 nous.<\/p>\n<p><a href=\"http:\/\/laprats.fr\/blog\/wp-content\/uploads\/2018\/03\/2018-Bulletin-Inscription-SORTIE-PRINTEMPS.pdf\">*** T\u00e9l\u00e9charges ton bulletin d&rsquo;inscription ***<\/a><\/p>\n<p>Amicalement,<\/p>\n<p>Jean Paul Metrop<\/p>\n<p>#laprats #Cluny<\/p>\n","protected":false},"excerpt":{"rendered":"<p>Nous serions heureux de ta pr\u00e9sence parmi nous, le 26 mai prochain, pour la visite du ch\u00e2teau de SAVIGNY Les BEAUNE et du CASSISSIUM \u00e0 NUITS SAINT GEORGES. *** T\u00e9l\u00e9charges <a href=\"http:\/\/laprats.fr\/blog\/sortie-de-printemps-en-cote-dor\/\" class=\"more-link\">[&hellip;]<\/a><\/p>\n","protected":false},"author":6,"featured_media":1605,"comment_status":"open","ping_status":"open","sticky":false,"template":"","format":"standard","meta":{"Layout":"","footnotes":""},"categories":[5],"tags":[],"class_list":["entry","author-pascal","post-1607","post","type-post","status-publish","format-standard","has-post-thumbnail","category-info-association"],"yoast_head":"<!-- This site is optimized with the Yoast SEO plugin v27.5 - https:\/\/yoast.com\/product\/yoast-seo-wordpress\/ -->\n<title>Sortie de printemps en C\u00f4te d&#039;Or - Bienvenue<\/title>\n<meta name=\"robots\" content=\"index, follow, max-snippet:-1, max-image-preview:large, max-video-preview:-1\" \/>\n<link rel=\"canonical\" href=\"http:\/\/laprats.fr\/blog\/sortie-de-printemps-en-cote-dor\/\" \/>\n<meta property=\"og:locale\" content=\"fr_FR\" \/>\n<meta property=\"og:type\" content=\"article\" \/>\n<meta property=\"og:title\" content=\"Sortie de printemps en C\u00f4te d&#039;Or - Bienvenue\" \/>\n<meta property=\"og:description\" content=\"Nous serions heureux de ta pr\u00e9sence parmi nous, le 26 mai prochain, pour la visite du ch\u00e2teau de SAVIGNY Les BEAUNE et du CASSISSIUM \u00e0 NUITS SAINT GEORGES. *** T\u00e9l\u00e9charges [&hellip;]\" \/>\n<meta property=\"og:url\" content=\"http:\/\/laprats.fr\/blog\/sortie-de-printemps-en-cote-dor\/\" \/>\n<meta property=\"og:site_name\" content=\"Bienvenue\" \/>\n<meta property=\"article:publisher\" content=\"https:\/\/fr-fr.facebook.com\/pages\/Association-La-Prats-de-Cluny\/224204740976190?sk=wall\" \/>\n<meta property=\"article:published_time\" content=\"2018-03-11T06:30:00+00:00\" \/>\n<meta property=\"og:image\" content=\"http:\/\/laprats.fr\/blog\/wp-content\/uploads\/2018\/03\/2018-savigny.jpg\" \/>\n\t<meta property=\"og:image:width\" content=\"1200\" \/>\n\t<meta property=\"og:image:height\" content=\"797\" \/>\n\t<meta property=\"og:image:type\" content=\"image\/jpeg\" \/>\n<meta name=\"author\" content=\"Pascal Gendrot\" \/>\n<meta name=\"twitter:label1\" content=\"\u00c9crit par\" \/>\n\t<meta name=\"twitter:data1\" content=\"Pascal Gendrot\" \/>\n\t<meta name=\"twitter:label2\" content=\"Dur\u00e9e de lecture estim\u00e9e\" \/>\n\t<meta name=\"twitter:data2\" content=\"1 minute\" \/>\n<script type=\"application\/ld+json\" class=\"yoast-schema-graph\">{\"@context\":\"https:\\\/\\\/schema.org\",\"@graph\":[{\"@type\":\"Article\",\"@id\":\"http:\\\/\\\/laprats.fr\\\/blog\\\/sortie-de-printemps-en-cote-dor\\\/#article\",\"isPartOf\":{\"@id\":\"http:\\\/\\\/laprats.fr\\\/blog\\\/sortie-de-printemps-en-cote-dor\\\/\"},\"author\":{\"name\":\"Pascal Gendrot\",\"@id\":\"http:\\\/\\\/laprats.fr\\\/blog\\\/#\\\/schema\\\/person\\\/90a4b4782b20a014cc9b183a4707820c\"},\"headline\":\"Sortie de printemps en C\u00f4te d&rsquo;Or\",\"datePublished\":\"2018-03-11T06:30:00+00:00\",\"mainEntityOfPage\":{\"@id\":\"http:\\\/\\\/laprats.fr\\\/blog\\\/sortie-de-printemps-en-cote-dor\\\/\"},\"wordCount\":147,\"commentCount\":0,\"image\":{\"@id\":\"http:\\\/\\\/laprats.fr\\\/blog\\\/sortie-de-printemps-en-cote-dor\\\/#primaryimage\"},\"thumbnailUrl\":\"http:\\\/\\\/laprats.fr\\\/blog\\\/wp-content\\\/uploads\\\/2018\\\/03\\\/2018-savigny.jpg\",\"articleSection\":[\"Info association\"],\"inLanguage\":\"fr-FR\",\"potentialAction\":[{\"@type\":\"CommentAction\",\"name\":\"Comment\",\"target\":[\"http:\\\/\\\/laprats.fr\\\/blog\\\/sortie-de-printemps-en-cote-dor\\\/#respond\"]}]},{\"@type\":\"WebPage\",\"@id\":\"http:\\\/\\\/laprats.fr\\\/blog\\\/sortie-de-printemps-en-cote-dor\\\/\",\"url\":\"http:\\\/\\\/laprats.fr\\\/blog\\\/sortie-de-printemps-en-cote-dor\\\/\",\"name\":\"Sortie de printemps en C\u00f4te d'Or - Bienvenue\",\"isPartOf\":{\"@id\":\"http:\\\/\\\/laprats.fr\\\/blog\\\/#website\"},\"primaryImageOfPage\":{\"@id\":\"http:\\\/\\\/laprats.fr\\\/blog\\\/sortie-de-printemps-en-cote-dor\\\/#primaryimage\"},\"image\":{\"@id\":\"http:\\\/\\\/laprats.fr\\\/blog\\\/sortie-de-printemps-en-cote-dor\\\/#primaryimage\"},\"thumbnailUrl\":\"http:\\\/\\\/laprats.fr\\\/blog\\\/wp-content\\\/uploads\\\/2018\\\/03\\\/2018-savigny.jpg\",\"datePublished\":\"2018-03-11T06:30:00+00:00\",\"author\":{\"@id\":\"http:\\\/\\\/laprats.fr\\\/blog\\\/#\\\/schema\\\/person\\\/90a4b4782b20a014cc9b183a4707820c\"},\"breadcrumb\":{\"@id\":\"http:\\\/\\\/laprats.fr\\\/blog\\\/sortie-de-printemps-en-cote-dor\\\/#breadcrumb\"},\"inLanguage\":\"fr-FR\",\"potentialAction\":[{\"@type\":\"ReadAction\",\"target\":[\"http:\\\/\\\/laprats.fr\\\/blog\\\/sortie-de-printemps-en-cote-dor\\\/\"]}]},{\"@type\":\"ImageObject\",\"inLanguage\":\"fr-FR\",\"@id\":\"http:\\\/\\\/laprats.fr\\\/blog\\\/sortie-de-printemps-en-cote-dor\\\/#primaryimage\",\"url\":\"http:\\\/\\\/laprats.fr\\\/blog\\\/wp-content\\\/uploads\\\/2018\\\/03\\\/2018-savigny.jpg\",\"contentUrl\":\"http:\\\/\\\/laprats.fr\\\/blog\\\/wp-content\\\/uploads\\\/2018\\\/03\\\/2018-savigny.jpg\",\"width\":1200,\"height\":797},{\"@type\":\"BreadcrumbList\",\"@id\":\"http:\\\/\\\/laprats.fr\\\/blog\\\/sortie-de-printemps-en-cote-dor\\\/#breadcrumb\",\"itemListElement\":[{\"@type\":\"ListItem\",\"position\":1,\"name\":\"Accueil\",\"item\":\"http:\\\/\\\/laprats.fr\\\/blog\\\/\"},{\"@type\":\"ListItem\",\"position\":2,\"name\":\"Sortie de printemps en C\u00f4te d&rsquo;Or\"}]},{\"@type\":\"WebSite\",\"@id\":\"http:\\\/\\\/laprats.fr\\\/blog\\\/#website\",\"url\":\"http:\\\/\\\/laprats.fr\\\/blog\\\/\",\"name\":\"Bienvenue\",\"description\":\"D&#039;hier et d&#039;aujourd&#039;hui ... pour demain\",\"potentialAction\":[{\"@type\":\"SearchAction\",\"target\":{\"@type\":\"EntryPoint\",\"urlTemplate\":\"http:\\\/\\\/laprats.fr\\\/blog\\\/?s={search_term_string}\"},\"query-input\":{\"@type\":\"PropertyValueSpecification\",\"valueRequired\":true,\"valueName\":\"search_term_string\"}}],\"inLanguage\":\"fr-FR\"},{\"@type\":\"Person\",\"@id\":\"http:\\\/\\\/laprats.fr\\\/blog\\\/#\\\/schema\\\/person\\\/90a4b4782b20a014cc9b183a4707820c\",\"name\":\"Pascal Gendrot\",\"image\":{\"@type\":\"ImageObject\",\"inLanguage\":\"fr-FR\",\"@id\":\"https:\\\/\\\/secure.gravatar.com\\\/avatar\\\/649cd38650031007bbd5ec3c73411225e4a69679f8049c7237814718f484b5c0?s=96&d=mm&r=g\",\"url\":\"https:\\\/\\\/secure.gravatar.com\\\/avatar\\\/649cd38650031007bbd5ec3c73411225e4a69679f8049c7237814718f484b5c0?s=96&d=mm&r=g\",\"contentUrl\":\"https:\\\/\\\/secure.gravatar.com\\\/avatar\\\/649cd38650031007bbd5ec3c73411225e4a69679f8049c7237814718f484b5c0?s=96&d=mm&r=g\",\"caption\":\"Pascal Gendrot\"}}]}<\/script>\n<!-- \/ Yoast SEO plugin. -->","yoast_head_json":{"title":"Sortie de printemps en C\u00f4te d'Or - Bienvenue","robots":{"index":"index","follow":"follow","max-snippet":"max-snippet:-1","max-image-preview":"max-image-preview:large","max-video-preview":"max-video-preview:-1"},"canonical":"http:\/\/laprats.fr\/blog\/sortie-de-printemps-en-cote-dor\/","og_locale":"fr_FR","og_type":"article","og_title":"Sortie de printemps en C\u00f4te d'Or - Bienvenue","og_description":"Nous serions heureux de ta pr\u00e9sence parmi nous, le 26 mai prochain, pour la visite du ch\u00e2teau de SAVIGNY Les BEAUNE et du CASSISSIUM \u00e0 NUITS SAINT GEORGES. *** T\u00e9l\u00e9charges [&hellip;]","og_url":"http:\/\/laprats.fr\/blog\/sortie-de-printemps-en-cote-dor\/","og_site_name":"Bienvenue","article_publisher":"https:\/\/fr-fr.facebook.com\/pages\/Association-La-Prats-de-Cluny\/224204740976190?sk=wall","article_published_time":"2018-03-11T06:30:00+00:00","og_image":[{"width":1200,"height":797,"url":"http:\/\/laprats.fr\/blog\/wp-content\/uploads\/2018\/03\/2018-savigny.jpg","type":"image\/jpeg"}],"author":"Pascal Gendrot","twitter_misc":{"\u00c9crit par":"Pascal Gendrot","Dur\u00e9e de lecture estim\u00e9e":"1 minute"},"schema":{"@context":"https:\/\/schema.org","@graph":[{"@type":"Article","@id":"http:\/\/laprats.fr\/blog\/sortie-de-printemps-en-cote-dor\/#article","isPartOf":{"@id":"http:\/\/laprats.fr\/blog\/sortie-de-printemps-en-cote-dor\/"},"author":{"name":"Pascal Gendrot","@id":"http:\/\/laprats.fr\/blog\/#\/schema\/person\/90a4b4782b20a014cc9b183a4707820c"},"headline":"Sortie de printemps en C\u00f4te d&rsquo;Or","datePublished":"2018-03-11T06:30:00+00:00","mainEntityOfPage":{"@id":"http:\/\/laprats.fr\/blog\/sortie-de-printemps-en-cote-dor\/"},"wordCount":147,"commentCount":0,"image":{"@id":"http:\/\/laprats.fr\/blog\/sortie-de-printemps-en-cote-dor\/#primaryimage"},"thumbnailUrl":"http:\/\/laprats.fr\/blog\/wp-content\/uploads\/2018\/03\/2018-savigny.jpg","articleSection":["Info association"],"inLanguage":"fr-FR","potentialAction":[{"@type":"CommentAction","name":"Comment","target":["http:\/\/laprats.fr\/blog\/sortie-de-printemps-en-cote-dor\/#respond"]}]},{"@type":"WebPage","@id":"http:\/\/laprats.fr\/blog\/sortie-de-printemps-en-cote-dor\/","url":"http:\/\/laprats.fr\/blog\/sortie-de-printemps-en-cote-dor\/","name":"Sortie de printemps en C\u00f4te d'Or - Bienvenue","isPartOf":{"@id":"http:\/\/laprats.fr\/blog\/#website"},"primaryImageOfPage":{"@id":"http:\/\/laprats.fr\/blog\/sortie-de-printemps-en-cote-dor\/#primaryimage"},"image":{"@id":"http:\/\/laprats.fr\/blog\/sortie-de-printemps-en-cote-dor\/#primaryimage"},"thumbnailUrl":"http:\/\/laprats.fr\/blog\/wp-content\/uploads\/2018\/03\/2018-savigny.jpg","datePublished":"2018-03-11T06:30:00+00:00","author":{"@id":"http:\/\/laprats.fr\/blog\/#\/schema\/person\/90a4b4782b20a014cc9b183a4707820c"},"breadcrumb":{"@id":"http:\/\/laprats.fr\/blog\/sortie-de-printemps-en-cote-dor\/#breadcrumb"},"inLanguage":"fr-FR","potentialAction":[{"@type":"ReadAction","target":["http:\/\/laprats.fr\/blog\/sortie-de-printemps-en-cote-dor\/"]}]},{"@type":"ImageObject","inLanguage":"fr-FR","@id":"http:\/\/laprats.fr\/blog\/sortie-de-printemps-en-cote-dor\/#primaryimage","url":"http:\/\/laprats.fr\/blog\/wp-content\/uploads\/2018\/03\/2018-savigny.jpg","contentUrl":"http:\/\/laprats.fr\/blog\/wp-content\/uploads\/2018\/03\/2018-savigny.jpg","width":1200,"height":797},{"@type":"BreadcrumbList","@id":"http:\/\/laprats.fr\/blog\/sortie-de-printemps-en-cote-dor\/#breadcrumb","itemListElement":[{"@type":"ListItem","position":1,"name":"Accueil","item":"http:\/\/laprats.fr\/blog\/"},{"@type":"ListItem","position":2,"name":"Sortie de printemps en C\u00f4te d&rsquo;Or"}]},{"@type":"WebSite","@id":"http:\/\/laprats.fr\/blog\/#website","url":"http:\/\/laprats.fr\/blog\/","name":"Bienvenue","description":"D&#039;hier et d&#039;aujourd&#039;hui ... pour demain","potentialAction":[{"@type":"SearchAction","target":{"@type":"EntryPoint","urlTemplate":"http:\/\/laprats.fr\/blog\/?s={search_term_string}"},"query-input":{"@type":"PropertyValueSpecification","valueRequired":true,"valueName":"search_term_string"}}],"inLanguage":"fr-FR"},{"@type":"Person","@id":"http:\/\/laprats.fr\/blog\/#\/schema\/person\/90a4b4782b20a014cc9b183a4707820c","name":"Pascal Gendrot","image":{"@type":"ImageObject","inLanguage":"fr-FR","@id":"https:\/\/secure.gravatar.com\/avatar\/649cd38650031007bbd5ec3c73411225e4a69679f8049c7237814718f484b5c0?s=96&d=mm&r=g","url":"https:\/\/secure.gravatar.com\/avatar\/649cd38650031007bbd5ec3c73411225e4a69679f8049c7237814718f484b5c0?s=96&d=mm&r=g","contentUrl":"https:\/\/secure.gravatar.com\/avatar\/649cd38650031007bbd5ec3c73411225e4a69679f8049c7237814718f484b5c0?s=96&d=mm&r=g","caption":"Pascal Gendrot"}}]}},"_links":{"self":[{"href":"http:\/\/laprats.fr\/blog\/wp-json\/wp\/v2\/posts\/1607","targetHints":{"allow":["GET"]}}],"collection":[{"href":"http:\/\/laprats.fr\/blog\/wp-json\/wp\/v2\/posts"}],"about":[{"href":"http:\/\/laprats.fr\/blog\/wp-json\/wp\/v2\/types\/post"}],"author":[{"embeddable":true,"href":"http:\/\/laprats.fr\/blog\/wp-json\/wp\/v2\/users\/6"}],"replies":[{"embeddable":true,"href":"http:\/\/laprats.fr\/blog\/wp-json\/wp\/v2\/comments?post=1607"}],"version-history":[{"count":1,"href":"http:\/\/laprats.fr\/blog\/wp-json\/wp\/v2\/posts\/1607\/revisions"}],"predecessor-version":[{"id":1608,"href":"http:\/\/laprats.fr\/blog\/wp-json\/wp\/v2\/posts\/1607\/revisions\/1608"}],"wp:featuredmedia":[{"embeddable":true,"href":"http:\/\/laprats.fr\/blog\/wp-json\/wp\/v2\/media\/1605"}],"wp:attachment":[{"href":"http:\/\/laprats.fr\/blog\/wp-json\/wp\/v2\/media?parent=1607"}],"wp:term":[{"taxonomy":"category","embeddable":true,"href":"http:\/\/laprats.fr\/blog\/wp-json\/wp\/v2\/categories?post=1607"},{"taxonomy":"post_tag","embeddable":true,"href":"http:\/\/laprats.fr\/blog\/wp-json\/wp\/v2\/tags?post=1607"}],"curies":[{"name":"wp","href":"https:\/\/api.w.org\/{rel}","templated":true}]}}