{"id":1594,"date":"2018-02-18T17:38:10","date_gmt":"2018-02-18T16:38:10","guid":{"rendered":"http:\/\/laprats.fr\/blog\/?p=1594"},"modified":"2018-02-18T17:38:10","modified_gmt":"2018-02-18T16:38:10","slug":"retrouvailles-annees-80-6-octobre-2018-a-prats-de-cluny","status":"publish","type":"post","link":"http:\/\/laprats.fr\/blog\/retrouvailles-annees-80-6-octobre-2018-a-prats-de-cluny\/","title":{"rendered":"Retrouvailles ann\u00e9es 80 le 6 octobre 2018 \u00e0 la Prat&rsquo;s de Cluny"},"content":{"rendered":"<p style=\"text-align: center;\"><strong>Tu \u00e9tais au lyc\u00e9e dans les ann\u00e9es 80,<\/strong><strong>\u00a0<\/strong><\/p>\n<p style=\"text-align: center;\"><strong>Tu as envie de retrouver tes souvenirs de jeunesse,<\/strong><\/p>\n<p style=\"text-align: center;\"><strong>camarades de classe, professeurs, \u00e9l\u00e8ves ou coll\u00e8gues,<\/strong><strong>\u00a0<\/strong><\/p>\n<p style=\"text-align: center;\"><strong>Ou tu veux faire b\u00e9n\u00e9ficier les lyc\u00e9ens actuels de ton exp\u00e9rience,<\/strong><strong>\u00a0<\/strong><\/p>\n<p style=\"text-align: center;\"><strong>Nous t\u2019attendons pour dynamiser et p\u00e9renniser notre association.<\/strong><\/p>\n<p style=\"text-align: center;\"><strong>Tu peux te joindre \u00e0 notre <\/strong><a href=\"https:\/\/fr-fr.facebook.com\/Association-La-Prats-de-Cluny-224204740976190\/\">groupe de discussion sur Facebook<\/a><\/p>\n<p style=\"text-align: center;\"><strong><em>Viens le 6 Octobre 2018 pour les retrouvailles des ann\u00e9es 80,<\/em><\/strong><strong><em>\u00a0<\/em><\/strong><\/p>\n<p style=\"text-align: center;\"><strong><em>Au programme\u00a0(en cours de finalisation):<\/em><\/strong><strong><em>\u00a0<\/em><\/strong><\/p>\n<p style=\"text-align: center;\"><strong><em>En plus de la traditionnelle Assembl\u00e9e G\u00e9n\u00e9rale,<\/em><\/strong><strong><em>\u00a0<\/em><\/strong><\/p>\n<p style=\"text-align: center;\"><strong><em>Un repas au r\u00e9fectoire avec tes anciens camarades et professeurs,<\/em><\/strong><strong><em>\u00a0<\/em><\/strong><\/p>\n<p style=\"text-align: center;\"><strong><em>Une visite guid\u00e9e de Cluny et du mus\u00e9e des Arts <\/em><\/strong>&amp; <strong><em>M\u00e9tiers,<\/em><\/strong><strong><em>\u00a0<\/em><\/strong><\/p>\n<p style=\"text-align: center;\"><strong><em>Un repas du soir avec animation,<\/em><\/strong><strong><em>\u00a0<\/em><\/strong><\/p>\n<p style=\"text-align: center;\"><strong><em>Et peut-\u00eatre une nuit en dortoir (de 4 personnes\u00a0!)<\/em><\/strong><\/p>\n<p style=\"text-align: center;\"><strong>En attendant retourne nous <\/strong><a href=\"http:\/\/laprats.fr\/blog\/wp-content\/uploads\/2018\/02\/bulletin-dinscription-2018.pdf\">le bulletin d\u2019adh\u00e9sion<\/a><\/p>\n<p style=\"text-align: center;\"><strong>(Sans joindre la cotisation qui ne te sera demand\u00e9e qu\u2019en septembre)<\/strong><\/p>\n<p style=\"text-align: center;\"><strong>En pr\u00e9cisant tes attentes pour cette journ\u00e9e de retrouvailles<\/strong><\/p>\n<p style=\"text-align: center;\"><strong>Et fait suivre ce message aux anciens avec qui tu es rest\u00e9(e) en contact.<\/strong><\/p>\n<p style=\"text-align: center;\"><strong>\u00a0<\/strong><strong>Sign\u00e9\u00a0:<\/strong><\/p>\n<p style=\"text-align: center;\"><strong>Nicolas Bouillin, David Chavot, Pascal Gendrot (Prat\u2019s 1989)<\/strong><\/p>\n","protected":false},"excerpt":{"rendered":"<p>Tu \u00e9tais au lyc\u00e9e dans les ann\u00e9es 80,\u00a0 Tu as envie de retrouver tes souvenirs de jeunesse, camarades de classe, professeurs, \u00e9l\u00e8ves ou coll\u00e8gues,\u00a0 Ou tu veux faire b\u00e9n\u00e9ficier les <a href=\"http:\/\/laprats.fr\/blog\/retrouvailles-annees-80-6-octobre-2018-a-prats-de-cluny\/\" class=\"more-link\">[&hellip;]<\/a><\/p>\n","protected":false},"author":6,"featured_media":1596,"comment_status":"open","ping_status":"open","sticky":false,"template":"","format":"standard","meta":{"Layout":"","footnotes":""},"categories":[5],"tags":[],"class_list":["entry","author-pascal","post-1594","post","type-post","status-publish","format-standard","has-post-thumbnail","category-info-association"],"yoast_head":"<!-- This site is optimized with the Yoast SEO plugin v27.5 - https:\/\/yoast.com\/product\/yoast-seo-wordpress\/ -->\n<title>Retrouvailles ann\u00e9es 80 le 6 octobre 2018 \u00e0 la Prat&#039;s de Cluny - Bienvenue<\/title>\n<meta name=\"robots\" content=\"index, follow, max-snippet:-1, max-image-preview:large, max-video-preview:-1\" \/>\n<link rel=\"canonical\" href=\"http:\/\/laprats.fr\/blog\/retrouvailles-annees-80-6-octobre-2018-a-prats-de-cluny\/\" \/>\n<meta property=\"og:locale\" content=\"fr_FR\" \/>\n<meta property=\"og:type\" content=\"article\" \/>\n<meta property=\"og:title\" content=\"Retrouvailles ann\u00e9es 80 le 6 octobre 2018 \u00e0 la Prat&#039;s de Cluny - Bienvenue\" \/>\n<meta property=\"og:description\" content=\"Tu \u00e9tais au lyc\u00e9e dans les ann\u00e9es 80,\u00a0 Tu as envie de retrouver tes souvenirs de jeunesse, camarades de classe, professeurs, \u00e9l\u00e8ves ou coll\u00e8gues,\u00a0 Ou tu veux faire b\u00e9n\u00e9ficier les [&hellip;]\" \/>\n<meta property=\"og:url\" content=\"http:\/\/laprats.fr\/blog\/retrouvailles-annees-80-6-octobre-2018-a-prats-de-cluny\/\" \/>\n<meta property=\"og:site_name\" content=\"Bienvenue\" \/>\n<meta property=\"article:publisher\" content=\"https:\/\/fr-fr.facebook.com\/pages\/Association-La-Prats-de-Cluny\/224204740976190?sk=wall\" \/>\n<meta property=\"article:published_time\" content=\"2018-02-18T16:38:10+00:00\" \/>\n<meta property=\"og:image\" content=\"http:\/\/laprats.fr\/blog\/wp-content\/uploads\/2018\/02\/logoann\u00e9es80.jpg\" \/>\n\t<meta property=\"og:image:width\" content=\"768\" \/>\n\t<meta property=\"og:image:height\" content=\"300\" \/>\n\t<meta property=\"og:image:type\" content=\"image\/jpeg\" \/>\n<meta name=\"author\" content=\"Pascal Gendrot\" \/>\n<meta name=\"twitter:label1\" content=\"\u00c9crit par\" \/>\n\t<meta name=\"twitter:data1\" content=\"Pascal Gendrot\" \/>\n\t<meta name=\"twitter:label2\" content=\"Dur\u00e9e de lecture estim\u00e9e\" \/>\n\t<meta name=\"twitter:data2\" content=\"1 minute\" \/>\n<script type=\"application\/ld+json\" class=\"yoast-schema-graph\">{\"@context\":\"https:\\\/\\\/schema.org\",\"@graph\":[{\"@type\":\"Article\",\"@id\":\"http:\\\/\\\/laprats.fr\\\/blog\\\/retrouvailles-annees-80-6-octobre-2018-a-prats-de-cluny\\\/#article\",\"isPartOf\":{\"@id\":\"http:\\\/\\\/laprats.fr\\\/blog\\\/retrouvailles-annees-80-6-octobre-2018-a-prats-de-cluny\\\/\"},\"author\":{\"name\":\"Pascal Gendrot\",\"@id\":\"http:\\\/\\\/laprats.fr\\\/blog\\\/#\\\/schema\\\/person\\\/90a4b4782b20a014cc9b183a4707820c\"},\"headline\":\"Retrouvailles ann\u00e9es 80 le 6 octobre 2018 \u00e0 la Prat&rsquo;s de Cluny\",\"datePublished\":\"2018-02-18T16:38:10+00:00\",\"mainEntityOfPage\":{\"@id\":\"http:\\\/\\\/laprats.fr\\\/blog\\\/retrouvailles-annees-80-6-octobre-2018-a-prats-de-cluny\\\/\"},\"wordCount\":194,\"commentCount\":2,\"image\":{\"@id\":\"http:\\\/\\\/laprats.fr\\\/blog\\\/retrouvailles-annees-80-6-octobre-2018-a-prats-de-cluny\\\/#primaryimage\"},\"thumbnailUrl\":\"http:\\\/\\\/laprats.fr\\\/blog\\\/wp-content\\\/uploads\\\/2018\\\/02\\\/logoann\u00e9es80.jpg\",\"articleSection\":[\"Info association\"],\"inLanguage\":\"fr-FR\",\"potentialAction\":[{\"@type\":\"CommentAction\",\"name\":\"Comment\",\"target\":[\"http:\\\/\\\/laprats.fr\\\/blog\\\/retrouvailles-annees-80-6-octobre-2018-a-prats-de-cluny\\\/#respond\"]}]},{\"@type\":\"WebPage\",\"@id\":\"http:\\\/\\\/laprats.fr\\\/blog\\\/retrouvailles-annees-80-6-octobre-2018-a-prats-de-cluny\\\/\",\"url\":\"http:\\\/\\\/laprats.fr\\\/blog\\\/retrouvailles-annees-80-6-octobre-2018-a-prats-de-cluny\\\/\",\"name\":\"Retrouvailles ann\u00e9es 80 le 6 octobre 2018 \u00e0 la Prat's de Cluny - Bienvenue\",\"isPartOf\":{\"@id\":\"http:\\\/\\\/laprats.fr\\\/blog\\\/#website\"},\"primaryImageOfPage\":{\"@id\":\"http:\\\/\\\/laprats.fr\\\/blog\\\/retrouvailles-annees-80-6-octobre-2018-a-prats-de-cluny\\\/#primaryimage\"},\"image\":{\"@id\":\"http:\\\/\\\/laprats.fr\\\/blog\\\/retrouvailles-annees-80-6-octobre-2018-a-prats-de-cluny\\\/#primaryimage\"},\"thumbnailUrl\":\"http:\\\/\\\/laprats.fr\\\/blog\\\/wp-content\\\/uploads\\\/2018\\\/02\\\/logoann\u00e9es80.jpg\",\"datePublished\":\"2018-02-18T16:38:10+00:00\",\"author\":{\"@id\":\"http:\\\/\\\/laprats.fr\\\/blog\\\/#\\\/schema\\\/person\\\/90a4b4782b20a014cc9b183a4707820c\"},\"breadcrumb\":{\"@id\":\"http:\\\/\\\/laprats.fr\\\/blog\\\/retrouvailles-annees-80-6-octobre-2018-a-prats-de-cluny\\\/#breadcrumb\"},\"inLanguage\":\"fr-FR\",\"potentialAction\":[{\"@type\":\"ReadAction\",\"target\":[\"http:\\\/\\\/laprats.fr\\\/blog\\\/retrouvailles-annees-80-6-octobre-2018-a-prats-de-cluny\\\/\"]}]},{\"@type\":\"ImageObject\",\"inLanguage\":\"fr-FR\",\"@id\":\"http:\\\/\\\/laprats.fr\\\/blog\\\/retrouvailles-annees-80-6-octobre-2018-a-prats-de-cluny\\\/#primaryimage\",\"url\":\"http:\\\/\\\/laprats.fr\\\/blog\\\/wp-content\\\/uploads\\\/2018\\\/02\\\/logoann\u00e9es80.jpg\",\"contentUrl\":\"http:\\\/\\\/laprats.fr\\\/blog\\\/wp-content\\\/uploads\\\/2018\\\/02\\\/logoann\u00e9es80.jpg\",\"width\":768,\"height\":300},{\"@type\":\"BreadcrumbList\",\"@id\":\"http:\\\/\\\/laprats.fr\\\/blog\\\/retrouvailles-annees-80-6-octobre-2018-a-prats-de-cluny\\\/#breadcrumb\",\"itemListElement\":[{\"@type\":\"ListItem\",\"position\":1,\"name\":\"Accueil\",\"item\":\"http:\\\/\\\/laprats.fr\\\/blog\\\/\"},{\"@type\":\"ListItem\",\"position\":2,\"name\":\"Retrouvailles ann\u00e9es 80 le 6 octobre 2018 \u00e0 la Prat&rsquo;s de Cluny\"}]},{\"@type\":\"WebSite\",\"@id\":\"http:\\\/\\\/laprats.fr\\\/blog\\\/#website\",\"url\":\"http:\\\/\\\/laprats.fr\\\/blog\\\/\",\"name\":\"Bienvenue\",\"description\":\"D&#039;hier et d&#039;aujourd&#039;hui ... pour demain\",\"potentialAction\":[{\"@type\":\"SearchAction\",\"target\":{\"@type\":\"EntryPoint\",\"urlTemplate\":\"http:\\\/\\\/laprats.fr\\\/blog\\\/?s={search_term_string}\"},\"query-input\":{\"@type\":\"PropertyValueSpecification\",\"valueRequired\":true,\"valueName\":\"search_term_string\"}}],\"inLanguage\":\"fr-FR\"},{\"@type\":\"Person\",\"@id\":\"http:\\\/\\\/laprats.fr\\\/blog\\\/#\\\/schema\\\/person\\\/90a4b4782b20a014cc9b183a4707820c\",\"name\":\"Pascal Gendrot\",\"image\":{\"@type\":\"ImageObject\",\"inLanguage\":\"fr-FR\",\"@id\":\"https:\\\/\\\/secure.gravatar.com\\\/avatar\\\/649cd38650031007bbd5ec3c73411225e4a69679f8049c7237814718f484b5c0?s=96&d=mm&r=g\",\"url\":\"https:\\\/\\\/secure.gravatar.com\\\/avatar\\\/649cd38650031007bbd5ec3c73411225e4a69679f8049c7237814718f484b5c0?s=96&d=mm&r=g\",\"contentUrl\":\"https:\\\/\\\/secure.gravatar.com\\\/avatar\\\/649cd38650031007bbd5ec3c73411225e4a69679f8049c7237814718f484b5c0?s=96&d=mm&r=g\",\"caption\":\"Pascal Gendrot\"}}]}<\/script>\n<!-- \/ Yoast SEO plugin. -->","yoast_head_json":{"title":"Retrouvailles ann\u00e9es 80 le 6 octobre 2018 \u00e0 la Prat's de Cluny - Bienvenue","robots":{"index":"index","follow":"follow","max-snippet":"max-snippet:-1","max-image-preview":"max-image-preview:large","max-video-preview":"max-video-preview:-1"},"canonical":"http:\/\/laprats.fr\/blog\/retrouvailles-annees-80-6-octobre-2018-a-prats-de-cluny\/","og_locale":"fr_FR","og_type":"article","og_title":"Retrouvailles ann\u00e9es 80 le 6 octobre 2018 \u00e0 la Prat's de Cluny - Bienvenue","og_description":"Tu \u00e9tais au lyc\u00e9e dans les ann\u00e9es 80,\u00a0 Tu as envie de retrouver tes souvenirs de jeunesse, camarades de classe, professeurs, \u00e9l\u00e8ves ou coll\u00e8gues,\u00a0 Ou tu veux faire b\u00e9n\u00e9ficier les [&hellip;]","og_url":"http:\/\/laprats.fr\/blog\/retrouvailles-annees-80-6-octobre-2018-a-prats-de-cluny\/","og_site_name":"Bienvenue","article_publisher":"https:\/\/fr-fr.facebook.com\/pages\/Association-La-Prats-de-Cluny\/224204740976190?sk=wall","article_published_time":"2018-02-18T16:38:10+00:00","og_image":[{"width":768,"height":300,"url":"http:\/\/laprats.fr\/blog\/wp-content\/uploads\/2018\/02\/logoann\u00e9es80.jpg","type":"image\/jpeg"}],"author":"Pascal Gendrot","twitter_misc":{"\u00c9crit par":"Pascal Gendrot","Dur\u00e9e de lecture estim\u00e9e":"1 minute"},"schema":{"@context":"https:\/\/schema.org","@graph":[{"@type":"Article","@id":"http:\/\/laprats.fr\/blog\/retrouvailles-annees-80-6-octobre-2018-a-prats-de-cluny\/#article","isPartOf":{"@id":"http:\/\/laprats.fr\/blog\/retrouvailles-annees-80-6-octobre-2018-a-prats-de-cluny\/"},"author":{"name":"Pascal Gendrot","@id":"http:\/\/laprats.fr\/blog\/#\/schema\/person\/90a4b4782b20a014cc9b183a4707820c"},"headline":"Retrouvailles ann\u00e9es 80 le 6 octobre 2018 \u00e0 la Prat&rsquo;s de Cluny","datePublished":"2018-02-18T16:38:10+00:00","mainEntityOfPage":{"@id":"http:\/\/laprats.fr\/blog\/retrouvailles-annees-80-6-octobre-2018-a-prats-de-cluny\/"},"wordCount":194,"commentCount":2,"image":{"@id":"http:\/\/laprats.fr\/blog\/retrouvailles-annees-80-6-octobre-2018-a-prats-de-cluny\/#primaryimage"},"thumbnailUrl":"http:\/\/laprats.fr\/blog\/wp-content\/uploads\/2018\/02\/logoann\u00e9es80.jpg","articleSection":["Info association"],"inLanguage":"fr-FR","potentialAction":[{"@type":"CommentAction","name":"Comment","target":["http:\/\/laprats.fr\/blog\/retrouvailles-annees-80-6-octobre-2018-a-prats-de-cluny\/#respond"]}]},{"@type":"WebPage","@id":"http:\/\/laprats.fr\/blog\/retrouvailles-annees-80-6-octobre-2018-a-prats-de-cluny\/","url":"http:\/\/laprats.fr\/blog\/retrouvailles-annees-80-6-octobre-2018-a-prats-de-cluny\/","name":"Retrouvailles ann\u00e9es 80 le 6 octobre 2018 \u00e0 la Prat's de Cluny - Bienvenue","isPartOf":{"@id":"http:\/\/laprats.fr\/blog\/#website"},"primaryImageOfPage":{"@id":"http:\/\/laprats.fr\/blog\/retrouvailles-annees-80-6-octobre-2018-a-prats-de-cluny\/#primaryimage"},"image":{"@id":"http:\/\/laprats.fr\/blog\/retrouvailles-annees-80-6-octobre-2018-a-prats-de-cluny\/#primaryimage"},"thumbnailUrl":"http:\/\/laprats.fr\/blog\/wp-content\/uploads\/2018\/02\/logoann\u00e9es80.jpg","datePublished":"2018-02-18T16:38:10+00:00","author":{"@id":"http:\/\/laprats.fr\/blog\/#\/schema\/person\/90a4b4782b20a014cc9b183a4707820c"},"breadcrumb":{"@id":"http:\/\/laprats.fr\/blog\/retrouvailles-annees-80-6-octobre-2018-a-prats-de-cluny\/#breadcrumb"},"inLanguage":"fr-FR","potentialAction":[{"@type":"ReadAction","target":["http:\/\/laprats.fr\/blog\/retrouvailles-annees-80-6-octobre-2018-a-prats-de-cluny\/"]}]},{"@type":"ImageObject","inLanguage":"fr-FR","@id":"http:\/\/laprats.fr\/blog\/retrouvailles-annees-80-6-octobre-2018-a-prats-de-cluny\/#primaryimage","url":"http:\/\/laprats.fr\/blog\/wp-content\/uploads\/2018\/02\/logoann\u00e9es80.jpg","contentUrl":"http:\/\/laprats.fr\/blog\/wp-content\/uploads\/2018\/02\/logoann\u00e9es80.jpg","width":768,"height":300},{"@type":"BreadcrumbList","@id":"http:\/\/laprats.fr\/blog\/retrouvailles-annees-80-6-octobre-2018-a-prats-de-cluny\/#breadcrumb","itemListElement":[{"@type":"ListItem","position":1,"name":"Accueil","item":"http:\/\/laprats.fr\/blog\/"},{"@type":"ListItem","position":2,"name":"Retrouvailles ann\u00e9es 80 le 6 octobre 2018 \u00e0 la Prat&rsquo;s de Cluny"}]},{"@type":"WebSite","@id":"http:\/\/laprats.fr\/blog\/#website","url":"http:\/\/laprats.fr\/blog\/","name":"Bienvenue","description":"D&#039;hier et d&#039;aujourd&#039;hui ... pour demain","potentialAction":[{"@type":"SearchAction","target":{"@type":"EntryPoint","urlTemplate":"http:\/\/laprats.fr\/blog\/?s={search_term_string}"},"query-input":{"@type":"PropertyValueSpecification","valueRequired":true,"valueName":"search_term_string"}}],"inLanguage":"fr-FR"},{"@type":"Person","@id":"http:\/\/laprats.fr\/blog\/#\/schema\/person\/90a4b4782b20a014cc9b183a4707820c","name":"Pascal Gendrot","image":{"@type":"ImageObject","inLanguage":"fr-FR","@id":"https:\/\/secure.gravatar.com\/avatar\/649cd38650031007bbd5ec3c73411225e4a69679f8049c7237814718f484b5c0?s=96&d=mm&r=g","url":"https:\/\/secure.gravatar.com\/avatar\/649cd38650031007bbd5ec3c73411225e4a69679f8049c7237814718f484b5c0?s=96&d=mm&r=g","contentUrl":"https:\/\/secure.gravatar.com\/avatar\/649cd38650031007bbd5ec3c73411225e4a69679f8049c7237814718f484b5c0?s=96&d=mm&r=g","caption":"Pascal Gendrot"}}]}},"_links":{"self":[{"href":"http:\/\/laprats.fr\/blog\/wp-json\/wp\/v2\/posts\/1594","targetHints":{"allow":["GET"]}}],"collection":[{"href":"http:\/\/laprats.fr\/blog\/wp-json\/wp\/v2\/posts"}],"about":[{"href":"http:\/\/laprats.fr\/blog\/wp-json\/wp\/v2\/types\/post"}],"author":[{"embeddable":true,"href":"http:\/\/laprats.fr\/blog\/wp-json\/wp\/v2\/users\/6"}],"replies":[{"embeddable":true,"href":"http:\/\/laprats.fr\/blog\/wp-json\/wp\/v2\/comments?post=1594"}],"version-history":[{"count":2,"href":"http:\/\/laprats.fr\/blog\/wp-json\/wp\/v2\/posts\/1594\/revisions"}],"predecessor-version":[{"id":1597,"href":"http:\/\/laprats.fr\/blog\/wp-json\/wp\/v2\/posts\/1594\/revisions\/1597"}],"wp:featuredmedia":[{"embeddable":true,"href":"http:\/\/laprats.fr\/blog\/wp-json\/wp\/v2\/media\/1596"}],"wp:attachment":[{"href":"http:\/\/laprats.fr\/blog\/wp-json\/wp\/v2\/media?parent=1594"}],"wp:term":[{"taxonomy":"category","embeddable":true,"href":"http:\/\/laprats.fr\/blog\/wp-json\/wp\/v2\/categories?post=1594"},{"taxonomy":"post_tag","embeddable":true,"href":"http:\/\/laprats.fr\/blog\/wp-json\/wp\/v2\/tags?post=1594"}],"curies":[{"name":"wp","href":"https:\/\/api.w.org\/{rel}","templated":true}]}}