{"id":1585,"date":"2018-02-11T20:06:34","date_gmt":"2018-02-11T19:06:34","guid":{"rendered":"http:\/\/laprats.fr\/blog\/?p=1585"},"modified":"2018-02-11T20:08:47","modified_gmt":"2018-02-11T19:08:47","slug":"eleves-visitent-michelin-a-blanzy-moncia-a-montceau-mines","status":"publish","type":"post","link":"http:\/\/laprats.fr\/blog\/eleves-visitent-michelin-a-blanzy-moncia-a-montceau-mines\/","title":{"rendered":"Les \u00e9l\u00e8ves visitent Michelin \u00e0 Blanzy et Moncia \u00e0 Montceau Les Mines"},"content":{"rendered":"<p>Michel Pagnon nous relate cette journ\u00e9e de visite :<\/p>\n<p>Sous l&rsquo;\u00e9gide de l&rsquo;Association des anciens \u00e9l\u00e8ves et personnels de la Prat&rsquo;s, les \u00e9l\u00e8ves d&rsquo;une classe de 1\u00e8re S ( SVT + SI ) ont \u00e9t\u00e9 invit\u00e9s \u00e0 visiter deux entreprises de la r\u00e9gion. Ce sont 29 \u00e9l\u00e8ves accompagn\u00e9s de leurs professeurs Mme LEMPEREUR et Mr SANCHEZ qui ont d\u00e9couvert le site MICHELIN de #Blanzy et le site MONCIA de #Montceau les Mines.<\/p>\n<p>Chez #Michelin, apr\u00e8s un caf\u00e9 de bienvenue, 2 groupes disciplin\u00e9s ont suivi avec attention une pr\u00e9sentation audiovisuelle du Groupe MICHELIN et plus particuli\u00e8rement du site de Blanzy.<\/p>\n<p>Sous la conduite de deux guides, et apr\u00e8s avoir \u00e9cout\u00e9 les consignes de s\u00e9curit\u00e9, rev\u00eatu le gilet de visiteur, les chaussures de s\u00e9curit\u00e9 et les casques, nous avons ensuite pu suivre les diff\u00e9rentes \u00e9tapes de la fabrication d&rsquo;un pneu G\u00e9nie Civil depuis la r\u00e9ception des mati\u00e8res premi\u00e8res naturelles ou chimiques en passant\u00a0 par\u00a0 la pr\u00e9paration des gommes par malaxage, calandrage, extrudage et enduis des nappes m\u00e9talliques. Nous avons ensuite pu observer la\u00a0 constitution manuelle d&rsquo;un pneu sur gabarit et se rendre compte du nombre de nappes qui le constitue.<\/p>\n<p>Un passage par la cuisson sous pression (vulcanisation) puis le d\u00e9moulage , les contr\u00f4les syst\u00e9matiques et les r\u00e9parations si n\u00e9cessaires avant exp\u00e9dition a \u00a0termin\u00e9 le circuit.<\/p>\n<p>Les photos \u00e9tant interdites ( secret oblige ) nous posterons simplement des photos du groupe \u00e0 l&rsquo;ext\u00e9rieur de l&rsquo;\u00e9tablissement.<\/p>\n<p>On peut visiter le site de l&rsquo;entreprise via ce lien:<\/p>\n<p><a href=\"https:\/\/www.michelin.com\/fre\/groupe-michelin\/organisation\/Implantation-industrielle-de-Montceau\">https:\/\/www.michelin.com\/fre\/groupe-michelin\/organisation\/Implantation-industrielle-de-Montceau<\/a><\/p>\n<p>et trouver d&rsquo;autres infos sur YOUTUBE par exemple:<\/p>\n<div class=\"embed-wrap\"><iframe loading=\"lazy\" width=\"1025\" height=\"577\" src=\"https:\/\/www.youtube.com\/embed\/EGBwv3pemiU?feature=oembed\" frameborder=\"0\" allow=\"autoplay; encrypted-media\" allowfullscreen><\/iframe><\/div>\n<div class=\"embed-wrap\"><iframe loading=\"lazy\" width=\"1025\" height=\"577\" src=\"https:\/\/www.youtube.com\/embed\/UszXLoNrbL0?feature=oembed\" frameborder=\"0\" allow=\"autoplay; encrypted-media\" allowfullscreen><\/iframe><\/div>\n<div class=\"embed-wrap\"><iframe loading=\"lazy\" width=\"1025\" height=\"577\" src=\"https:\/\/www.youtube.com\/embed\/Kdi2o8-P2B8?feature=oembed\" frameborder=\"0\" allow=\"autoplay; encrypted-media\" allowfullscreen><\/iframe><\/div>\n<div class=\"embed-wrap\"><iframe loading=\"lazy\" width=\"1025\" height=\"577\" src=\"https:\/\/www.youtube.com\/embed\/TSICPtsLJbw?feature=oembed\" frameborder=\"0\" allow=\"autoplay; encrypted-media\" allowfullscreen><\/iframe><\/div>\n<div class=\"embed-wrap\"><iframe loading=\"lazy\" width=\"1025\" height=\"577\" src=\"https:\/\/www.youtube.com\/embed\/L3S2B34sF9M?feature=oembed\" frameborder=\"0\" allow=\"autoplay; encrypted-media\" allowfullscreen><\/iframe><\/div>\n<p>La visite de MICHELIN s&rsquo;est termin\u00e9e au self o\u00f9 nous avons pris le repas. Merci \u00e0 nos guides.<\/p>\n<p>&nbsp;<\/p>\n<p>L&rsquo;apr\u00e8s midi nous avons propos\u00e9 la visite du site de la chaufferie du r\u00e9seau de chaleur MONCIA \u00e0 Montceau les Mines<\/p>\n<p><a href=\"http:\/\/laprats.fr\/blog\/wp-content\/uploads\/2018\/02\/Visite-Moncia-01-06-02-18.jpg\"><img loading=\"lazy\" decoding=\"async\" class=\"size-medium wp-image-1583 alignleft\" src=\"http:\/\/laprats.fr\/blog\/wp-content\/uploads\/2018\/02\/Visite-Moncia-01-06-02-18-300x169.jpg\" alt=\"\" width=\"300\" height=\"169\" srcset=\"http:\/\/laprats.fr\/blog\/wp-content\/uploads\/2018\/02\/Visite-Moncia-01-06-02-18-300x169.jpg 300w, http:\/\/laprats.fr\/blog\/wp-content\/uploads\/2018\/02\/Visite-Moncia-01-06-02-18-768x433.jpg 768w, http:\/\/laprats.fr\/blog\/wp-content\/uploads\/2018\/02\/Visite-Moncia-01-06-02-18-1024x577.jpg 1024w, http:\/\/laprats.fr\/blog\/wp-content\/uploads\/2018\/02\/Visite-Moncia-01-06-02-18-887x500.jpg 887w\" sizes=\"auto, (max-width: 300px) 100vw, 300px\" \/><\/a> <a href=\"http:\/\/laprats.fr\/blog\/wp-content\/uploads\/2018\/02\/Visite-Moncia-04-06-02-18-Int\u00e9rieur-chaufferie.jpg\"><img loading=\"lazy\" decoding=\"async\" class=\"alignnone size-medium wp-image-1584\" src=\"http:\/\/laprats.fr\/blog\/wp-content\/uploads\/2018\/02\/Visite-Moncia-04-06-02-18-Int\u00e9rieur-chaufferie-300x169.jpg\" alt=\"\" width=\"300\" height=\"169\" srcset=\"http:\/\/laprats.fr\/blog\/wp-content\/uploads\/2018\/02\/Visite-Moncia-04-06-02-18-Int\u00e9rieur-chaufferie-300x169.jpg 300w, http:\/\/laprats.fr\/blog\/wp-content\/uploads\/2018\/02\/Visite-Moncia-04-06-02-18-Int\u00e9rieur-chaufferie-768x433.jpg 768w, http:\/\/laprats.fr\/blog\/wp-content\/uploads\/2018\/02\/Visite-Moncia-04-06-02-18-Int\u00e9rieur-chaufferie-1024x577.jpg 1024w, http:\/\/laprats.fr\/blog\/wp-content\/uploads\/2018\/02\/Visite-Moncia-04-06-02-18-Int\u00e9rieur-chaufferie-887x500.jpg 887w\" sizes=\"auto, (max-width: 300px) 100vw, 300px\" \/><\/a><\/p>\n<p>Le chef d&rsquo;exploitation \u00e0 pr\u00e9sent\u00e9 le site et son fonctionnement via un diaporama. Le site produit essentiellement de l&rsquo;eau chaude destin\u00e9e au chauffage urbain et de la vapeur destin\u00e9e au chauffage de l&rsquo;H\u00f4pital proche.<\/p>\n<p>L&rsquo;ensemble, y compris la distribution, est pilot\u00e9 depuis la salle de contr\u00f4le qui nous est pr\u00e9sent\u00e9e par le technicien de surveillance.<\/p>\n<p>La vapeur est produite \u00e0 partir d&rsquo;une chaudi\u00e8re aliment\u00e9e en biomass ( plaquettes foresti\u00e8res, plaquettes de scierie, m\u00e9lange d&rsquo;\u00e9corces et de plaquettes et broyats de palettes propres).<\/p>\n<p>Elle peut \u00eatre supplant\u00e9e par une chaudi\u00e8re fuel\/gaz en cas de n\u00e9cessit\u00e9. L&rsquo;usine comporte \u00e9galement une installation de cog\u00e9n\u00e9ration chaleur\/\u00e9lectricit\u00e9. Les gaz d&rsquo;\u00e9chappement d&rsquo;un moteur \u00e0 gaz \u00e0 24 cylindres sont r\u00e9cup\u00e9r\u00e9s pour chauffer l&rsquo;eau alors que le moteur entra\u00eene un alternateur produisant de l&rsquo;\u00e9lectricit\u00e9 vendue \u00e0 EDF.<\/p>\n<p>La visite des installations s&rsquo;est faite par petits groupes sous la conduite de techniciens de la chaufferie aid\u00e9s par nos anciens en passant par le local pompe et traitement de l&rsquo;eau, la cog\u00e9n\u00e9ration, les \u00e9changeurs, le local stockage biomasse, le circuit biomasse, la chaudi\u00e8re, l&rsquo;\u00e9vacuation des cendres et le d\u00e9poussi\u00e9rage des fum\u00e9es.<\/p>\n<p>Merci au responsable du site.<\/p>\n<p>Michel Pagnon<\/p>\n","protected":false},"excerpt":{"rendered":"<p>Michel Pagnon nous relate cette journ\u00e9e de visite : Sous l&rsquo;\u00e9gide de l&rsquo;Association des anciens \u00e9l\u00e8ves et personnels de la Prat&rsquo;s, les \u00e9l\u00e8ves d&rsquo;une classe de 1\u00e8re S ( SVT <a href=\"http:\/\/laprats.fr\/blog\/eleves-visitent-michelin-a-blanzy-moncia-a-montceau-mines\/\" class=\"more-link\">[&hellip;]<\/a><\/p>\n","protected":false},"author":6,"featured_media":1593,"comment_status":"open","ping_status":"open","sticky":false,"template":"","format":"standard","meta":{"Layout":"","footnotes":""},"categories":[5,4],"tags":[],"class_list":["entry","author-pascal","post-1585","post","type-post","status-publish","format-standard","has-post-thumbnail","category-info-association","category-info-prats"],"yoast_head":"<!-- This site is optimized with the Yoast SEO plugin v27.5 - https:\/\/yoast.com\/product\/yoast-seo-wordpress\/ -->\n<title>Les \u00e9l\u00e8ves visitent Michelin \u00e0 Blanzy et Moncia \u00e0 Montceau Les Mines - Bienvenue<\/title>\n<meta name=\"robots\" content=\"index, follow, max-snippet:-1, max-image-preview:large, max-video-preview:-1\" \/>\n<link rel=\"canonical\" href=\"https:\/\/laprats.fr\/blog\/eleves-visitent-michelin-a-blanzy-moncia-a-montceau-mines\/\" \/>\n<meta property=\"og:locale\" content=\"fr_FR\" \/>\n<meta property=\"og:type\" content=\"article\" \/>\n<meta property=\"og:title\" content=\"Les \u00e9l\u00e8ves visitent Michelin \u00e0 Blanzy et Moncia \u00e0 Montceau Les Mines - Bienvenue\" \/>\n<meta property=\"og:description\" content=\"Michel Pagnon nous relate cette journ\u00e9e de visite : Sous l&rsquo;\u00e9gide de l&rsquo;Association des anciens \u00e9l\u00e8ves et personnels de la Prat&rsquo;s, les \u00e9l\u00e8ves d&rsquo;une classe de 1\u00e8re S ( SVT [&hellip;]\" \/>\n<meta property=\"og:url\" content=\"https:\/\/laprats.fr\/blog\/eleves-visitent-michelin-a-blanzy-moncia-a-montceau-mines\/\" \/>\n<meta property=\"og:site_name\" content=\"Bienvenue\" \/>\n<meta property=\"article:publisher\" content=\"https:\/\/fr-fr.facebook.com\/pages\/Association-La-Prats-de-Cluny\/224204740976190?sk=wall\" \/>\n<meta property=\"article:published_time\" content=\"2018-02-11T19:06:34+00:00\" \/>\n<meta property=\"article:modified_time\" content=\"2018-02-11T19:08:47+00:00\" \/>\n<meta property=\"og:image\" content=\"https:\/\/laprats.fr\/blog\/wp-content\/uploads\/2018\/02\/Visite-Michelin-03-06-02-2018.jpg\" \/>\n\t<meta property=\"og:image:width\" content=\"3264\" \/>\n\t<meta property=\"og:image:height\" content=\"1840\" \/>\n\t<meta property=\"og:image:type\" content=\"image\/jpeg\" \/>\n<meta name=\"author\" content=\"Pascal Gendrot\" \/>\n<meta name=\"twitter:label1\" content=\"\u00c9crit par\" \/>\n\t<meta name=\"twitter:data1\" content=\"Pascal Gendrot\" \/>\n\t<meta name=\"twitter:label2\" content=\"Dur\u00e9e de lecture estim\u00e9e\" \/>\n\t<meta name=\"twitter:data2\" content=\"3 minutes\" \/>\n<script type=\"application\/ld+json\" class=\"yoast-schema-graph\">{\"@context\":\"https:\\\/\\\/schema.org\",\"@graph\":[{\"@type\":\"Article\",\"@id\":\"https:\\\/\\\/laprats.fr\\\/blog\\\/eleves-visitent-michelin-a-blanzy-moncia-a-montceau-mines\\\/#article\",\"isPartOf\":{\"@id\":\"https:\\\/\\\/laprats.fr\\\/blog\\\/eleves-visitent-michelin-a-blanzy-moncia-a-montceau-mines\\\/\"},\"author\":{\"name\":\"Pascal Gendrot\",\"@id\":\"http:\\\/\\\/laprats.fr\\\/blog\\\/#\\\/schema\\\/person\\\/90a4b4782b20a014cc9b183a4707820c\"},\"headline\":\"Les \u00e9l\u00e8ves visitent Michelin \u00e0 Blanzy et Moncia \u00e0 Montceau Les Mines\",\"datePublished\":\"2018-02-11T19:06:34+00:00\",\"dateModified\":\"2018-02-11T19:08:47+00:00\",\"mainEntityOfPage\":{\"@id\":\"https:\\\/\\\/laprats.fr\\\/blog\\\/eleves-visitent-michelin-a-blanzy-moncia-a-montceau-mines\\\/\"},\"wordCount\":590,\"commentCount\":2,\"image\":{\"@id\":\"https:\\\/\\\/laprats.fr\\\/blog\\\/eleves-visitent-michelin-a-blanzy-moncia-a-montceau-mines\\\/#primaryimage\"},\"thumbnailUrl\":\"http:\\\/\\\/laprats.fr\\\/blog\\\/wp-content\\\/uploads\\\/2018\\\/02\\\/Visite-Michelin-03-06-02-2018.jpg\",\"articleSection\":[\"Info association\",\"Info Prat's\"],\"inLanguage\":\"fr-FR\",\"potentialAction\":[{\"@type\":\"CommentAction\",\"name\":\"Comment\",\"target\":[\"https:\\\/\\\/laprats.fr\\\/blog\\\/eleves-visitent-michelin-a-blanzy-moncia-a-montceau-mines\\\/#respond\"]}]},{\"@type\":\"WebPage\",\"@id\":\"https:\\\/\\\/laprats.fr\\\/blog\\\/eleves-visitent-michelin-a-blanzy-moncia-a-montceau-mines\\\/\",\"url\":\"https:\\\/\\\/laprats.fr\\\/blog\\\/eleves-visitent-michelin-a-blanzy-moncia-a-montceau-mines\\\/\",\"name\":\"Les \u00e9l\u00e8ves visitent Michelin \u00e0 Blanzy et Moncia \u00e0 Montceau Les Mines - Bienvenue\",\"isPartOf\":{\"@id\":\"http:\\\/\\\/laprats.fr\\\/blog\\\/#website\"},\"primaryImageOfPage\":{\"@id\":\"https:\\\/\\\/laprats.fr\\\/blog\\\/eleves-visitent-michelin-a-blanzy-moncia-a-montceau-mines\\\/#primaryimage\"},\"image\":{\"@id\":\"https:\\\/\\\/laprats.fr\\\/blog\\\/eleves-visitent-michelin-a-blanzy-moncia-a-montceau-mines\\\/#primaryimage\"},\"thumbnailUrl\":\"http:\\\/\\\/laprats.fr\\\/blog\\\/wp-content\\\/uploads\\\/2018\\\/02\\\/Visite-Michelin-03-06-02-2018.jpg\",\"datePublished\":\"2018-02-11T19:06:34+00:00\",\"dateModified\":\"2018-02-11T19:08:47+00:00\",\"author\":{\"@id\":\"http:\\\/\\\/laprats.fr\\\/blog\\\/#\\\/schema\\\/person\\\/90a4b4782b20a014cc9b183a4707820c\"},\"breadcrumb\":{\"@id\":\"https:\\\/\\\/laprats.fr\\\/blog\\\/eleves-visitent-michelin-a-blanzy-moncia-a-montceau-mines\\\/#breadcrumb\"},\"inLanguage\":\"fr-FR\",\"potentialAction\":[{\"@type\":\"ReadAction\",\"target\":[\"https:\\\/\\\/laprats.fr\\\/blog\\\/eleves-visitent-michelin-a-blanzy-moncia-a-montceau-mines\\\/\"]}]},{\"@type\":\"ImageObject\",\"inLanguage\":\"fr-FR\",\"@id\":\"https:\\\/\\\/laprats.fr\\\/blog\\\/eleves-visitent-michelin-a-blanzy-moncia-a-montceau-mines\\\/#primaryimage\",\"url\":\"http:\\\/\\\/laprats.fr\\\/blog\\\/wp-content\\\/uploads\\\/2018\\\/02\\\/Visite-Michelin-03-06-02-2018.jpg\",\"contentUrl\":\"http:\\\/\\\/laprats.fr\\\/blog\\\/wp-content\\\/uploads\\\/2018\\\/02\\\/Visite-Michelin-03-06-02-2018.jpg\",\"width\":3264,\"height\":1840},{\"@type\":\"BreadcrumbList\",\"@id\":\"https:\\\/\\\/laprats.fr\\\/blog\\\/eleves-visitent-michelin-a-blanzy-moncia-a-montceau-mines\\\/#breadcrumb\",\"itemListElement\":[{\"@type\":\"ListItem\",\"position\":1,\"name\":\"Accueil\",\"item\":\"http:\\\/\\\/laprats.fr\\\/blog\\\/\"},{\"@type\":\"ListItem\",\"position\":2,\"name\":\"Les \u00e9l\u00e8ves visitent Michelin \u00e0 Blanzy et Moncia \u00e0 Montceau Les Mines\"}]},{\"@type\":\"WebSite\",\"@id\":\"http:\\\/\\\/laprats.fr\\\/blog\\\/#website\",\"url\":\"http:\\\/\\\/laprats.fr\\\/blog\\\/\",\"name\":\"Bienvenue\",\"description\":\"D&#039;hier et d&#039;aujourd&#039;hui ... pour demain\",\"potentialAction\":[{\"@type\":\"SearchAction\",\"target\":{\"@type\":\"EntryPoint\",\"urlTemplate\":\"http:\\\/\\\/laprats.fr\\\/blog\\\/?s={search_term_string}\"},\"query-input\":{\"@type\":\"PropertyValueSpecification\",\"valueRequired\":true,\"valueName\":\"search_term_string\"}}],\"inLanguage\":\"fr-FR\"},{\"@type\":\"Person\",\"@id\":\"http:\\\/\\\/laprats.fr\\\/blog\\\/#\\\/schema\\\/person\\\/90a4b4782b20a014cc9b183a4707820c\",\"name\":\"Pascal Gendrot\",\"image\":{\"@type\":\"ImageObject\",\"inLanguage\":\"fr-FR\",\"@id\":\"https:\\\/\\\/secure.gravatar.com\\\/avatar\\\/649cd38650031007bbd5ec3c73411225e4a69679f8049c7237814718f484b5c0?s=96&d=mm&r=g\",\"url\":\"https:\\\/\\\/secure.gravatar.com\\\/avatar\\\/649cd38650031007bbd5ec3c73411225e4a69679f8049c7237814718f484b5c0?s=96&d=mm&r=g\",\"contentUrl\":\"https:\\\/\\\/secure.gravatar.com\\\/avatar\\\/649cd38650031007bbd5ec3c73411225e4a69679f8049c7237814718f484b5c0?s=96&d=mm&r=g\",\"caption\":\"Pascal Gendrot\"}}]}<\/script>\n<!-- \/ Yoast SEO plugin. -->","yoast_head_json":{"title":"Les \u00e9l\u00e8ves visitent Michelin \u00e0 Blanzy et Moncia \u00e0 Montceau Les Mines - Bienvenue","robots":{"index":"index","follow":"follow","max-snippet":"max-snippet:-1","max-image-preview":"max-image-preview:large","max-video-preview":"max-video-preview:-1"},"canonical":"https:\/\/laprats.fr\/blog\/eleves-visitent-michelin-a-blanzy-moncia-a-montceau-mines\/","og_locale":"fr_FR","og_type":"article","og_title":"Les \u00e9l\u00e8ves visitent Michelin \u00e0 Blanzy et Moncia \u00e0 Montceau Les Mines - Bienvenue","og_description":"Michel Pagnon nous relate cette journ\u00e9e de visite : Sous l&rsquo;\u00e9gide de l&rsquo;Association des anciens \u00e9l\u00e8ves et personnels de la Prat&rsquo;s, les \u00e9l\u00e8ves d&rsquo;une classe de 1\u00e8re S ( SVT [&hellip;]","og_url":"https:\/\/laprats.fr\/blog\/eleves-visitent-michelin-a-blanzy-moncia-a-montceau-mines\/","og_site_name":"Bienvenue","article_publisher":"https:\/\/fr-fr.facebook.com\/pages\/Association-La-Prats-de-Cluny\/224204740976190?sk=wall","article_published_time":"2018-02-11T19:06:34+00:00","article_modified_time":"2018-02-11T19:08:47+00:00","og_image":[{"width":3264,"height":1840,"url":"https:\/\/laprats.fr\/blog\/wp-content\/uploads\/2018\/02\/Visite-Michelin-03-06-02-2018.jpg","type":"image\/jpeg"}],"author":"Pascal Gendrot","twitter_misc":{"\u00c9crit par":"Pascal Gendrot","Dur\u00e9e de lecture estim\u00e9e":"3 minutes"},"schema":{"@context":"https:\/\/schema.org","@graph":[{"@type":"Article","@id":"https:\/\/laprats.fr\/blog\/eleves-visitent-michelin-a-blanzy-moncia-a-montceau-mines\/#article","isPartOf":{"@id":"https:\/\/laprats.fr\/blog\/eleves-visitent-michelin-a-blanzy-moncia-a-montceau-mines\/"},"author":{"name":"Pascal Gendrot","@id":"http:\/\/laprats.fr\/blog\/#\/schema\/person\/90a4b4782b20a014cc9b183a4707820c"},"headline":"Les \u00e9l\u00e8ves visitent Michelin \u00e0 Blanzy et Moncia \u00e0 Montceau Les Mines","datePublished":"2018-02-11T19:06:34+00:00","dateModified":"2018-02-11T19:08:47+00:00","mainEntityOfPage":{"@id":"https:\/\/laprats.fr\/blog\/eleves-visitent-michelin-a-blanzy-moncia-a-montceau-mines\/"},"wordCount":590,"commentCount":2,"image":{"@id":"https:\/\/laprats.fr\/blog\/eleves-visitent-michelin-a-blanzy-moncia-a-montceau-mines\/#primaryimage"},"thumbnailUrl":"http:\/\/laprats.fr\/blog\/wp-content\/uploads\/2018\/02\/Visite-Michelin-03-06-02-2018.jpg","articleSection":["Info association","Info Prat's"],"inLanguage":"fr-FR","potentialAction":[{"@type":"CommentAction","name":"Comment","target":["https:\/\/laprats.fr\/blog\/eleves-visitent-michelin-a-blanzy-moncia-a-montceau-mines\/#respond"]}]},{"@type":"WebPage","@id":"https:\/\/laprats.fr\/blog\/eleves-visitent-michelin-a-blanzy-moncia-a-montceau-mines\/","url":"https:\/\/laprats.fr\/blog\/eleves-visitent-michelin-a-blanzy-moncia-a-montceau-mines\/","name":"Les \u00e9l\u00e8ves visitent Michelin \u00e0 Blanzy et Moncia \u00e0 Montceau Les Mines - Bienvenue","isPartOf":{"@id":"http:\/\/laprats.fr\/blog\/#website"},"primaryImageOfPage":{"@id":"https:\/\/laprats.fr\/blog\/eleves-visitent-michelin-a-blanzy-moncia-a-montceau-mines\/#primaryimage"},"image":{"@id":"https:\/\/laprats.fr\/blog\/eleves-visitent-michelin-a-blanzy-moncia-a-montceau-mines\/#primaryimage"},"thumbnailUrl":"http:\/\/laprats.fr\/blog\/wp-content\/uploads\/2018\/02\/Visite-Michelin-03-06-02-2018.jpg","datePublished":"2018-02-11T19:06:34+00:00","dateModified":"2018-02-11T19:08:47+00:00","author":{"@id":"http:\/\/laprats.fr\/blog\/#\/schema\/person\/90a4b4782b20a014cc9b183a4707820c"},"breadcrumb":{"@id":"https:\/\/laprats.fr\/blog\/eleves-visitent-michelin-a-blanzy-moncia-a-montceau-mines\/#breadcrumb"},"inLanguage":"fr-FR","potentialAction":[{"@type":"ReadAction","target":["https:\/\/laprats.fr\/blog\/eleves-visitent-michelin-a-blanzy-moncia-a-montceau-mines\/"]}]},{"@type":"ImageObject","inLanguage":"fr-FR","@id":"https:\/\/laprats.fr\/blog\/eleves-visitent-michelin-a-blanzy-moncia-a-montceau-mines\/#primaryimage","url":"http:\/\/laprats.fr\/blog\/wp-content\/uploads\/2018\/02\/Visite-Michelin-03-06-02-2018.jpg","contentUrl":"http:\/\/laprats.fr\/blog\/wp-content\/uploads\/2018\/02\/Visite-Michelin-03-06-02-2018.jpg","width":3264,"height":1840},{"@type":"BreadcrumbList","@id":"https:\/\/laprats.fr\/blog\/eleves-visitent-michelin-a-blanzy-moncia-a-montceau-mines\/#breadcrumb","itemListElement":[{"@type":"ListItem","position":1,"name":"Accueil","item":"http:\/\/laprats.fr\/blog\/"},{"@type":"ListItem","position":2,"name":"Les \u00e9l\u00e8ves visitent Michelin \u00e0 Blanzy et Moncia \u00e0 Montceau Les Mines"}]},{"@type":"WebSite","@id":"http:\/\/laprats.fr\/blog\/#website","url":"http:\/\/laprats.fr\/blog\/","name":"Bienvenue","description":"D&#039;hier et d&#039;aujourd&#039;hui ... pour demain","potentialAction":[{"@type":"SearchAction","target":{"@type":"EntryPoint","urlTemplate":"http:\/\/laprats.fr\/blog\/?s={search_term_string}"},"query-input":{"@type":"PropertyValueSpecification","valueRequired":true,"valueName":"search_term_string"}}],"inLanguage":"fr-FR"},{"@type":"Person","@id":"http:\/\/laprats.fr\/blog\/#\/schema\/person\/90a4b4782b20a014cc9b183a4707820c","name":"Pascal Gendrot","image":{"@type":"ImageObject","inLanguage":"fr-FR","@id":"https:\/\/secure.gravatar.com\/avatar\/649cd38650031007bbd5ec3c73411225e4a69679f8049c7237814718f484b5c0?s=96&d=mm&r=g","url":"https:\/\/secure.gravatar.com\/avatar\/649cd38650031007bbd5ec3c73411225e4a69679f8049c7237814718f484b5c0?s=96&d=mm&r=g","contentUrl":"https:\/\/secure.gravatar.com\/avatar\/649cd38650031007bbd5ec3c73411225e4a69679f8049c7237814718f484b5c0?s=96&d=mm&r=g","caption":"Pascal Gendrot"}}]}},"_links":{"self":[{"href":"http:\/\/laprats.fr\/blog\/wp-json\/wp\/v2\/posts\/1585","targetHints":{"allow":["GET"]}}],"collection":[{"href":"http:\/\/laprats.fr\/blog\/wp-json\/wp\/v2\/posts"}],"about":[{"href":"http:\/\/laprats.fr\/blog\/wp-json\/wp\/v2\/types\/post"}],"author":[{"embeddable":true,"href":"http:\/\/laprats.fr\/blog\/wp-json\/wp\/v2\/users\/6"}],"replies":[{"embeddable":true,"href":"http:\/\/laprats.fr\/blog\/wp-json\/wp\/v2\/comments?post=1585"}],"version-history":[{"count":1,"href":"http:\/\/laprats.fr\/blog\/wp-json\/wp\/v2\/posts\/1585\/revisions"}],"predecessor-version":[{"id":1592,"href":"http:\/\/laprats.fr\/blog\/wp-json\/wp\/v2\/posts\/1585\/revisions\/1592"}],"wp:featuredmedia":[{"embeddable":true,"href":"http:\/\/laprats.fr\/blog\/wp-json\/wp\/v2\/media\/1593"}],"wp:attachment":[{"href":"http:\/\/laprats.fr\/blog\/wp-json\/wp\/v2\/media?parent=1585"}],"wp:term":[{"taxonomy":"category","embeddable":true,"href":"http:\/\/laprats.fr\/blog\/wp-json\/wp\/v2\/categories?post=1585"},{"taxonomy":"post_tag","embeddable":true,"href":"http:\/\/laprats.fr\/blog\/wp-json\/wp\/v2\/tags?post=1585"}],"curies":[{"name":"wp","href":"https:\/\/api.w.org\/{rel}","templated":true}]}}