{"id":1573,"date":"2018-01-01T09:00:36","date_gmt":"2018-01-01T08:00:36","guid":{"rendered":"http:\/\/laprats.fr\/blog\/?p=1573"},"modified":"2018-01-01T09:00:36","modified_gmt":"2018-01-01T08:00:36","slug":"bonne-heureuse-annee-2018","status":"publish","type":"post","link":"http:\/\/laprats.fr\/blog\/bonne-heureuse-annee-2018\/","title":{"rendered":"Bonne et heureuse ann\u00e9e 2018"},"content":{"rendered":"<p><a href=\"http:\/\/laprats.fr\/blog\/wp-content\/uploads\/2017\/12\/feu2018.jpg\"><img loading=\"lazy\" decoding=\"async\" class=\"wp-image-1575 aligncenter\" src=\"http:\/\/laprats.fr\/blog\/wp-content\/uploads\/2017\/12\/feu2018-300x169.jpg\" alt=\"\" width=\"408\" height=\"230\" srcset=\"http:\/\/laprats.fr\/blog\/wp-content\/uploads\/2017\/12\/feu2018-300x169.jpg 300w, http:\/\/laprats.fr\/blog\/wp-content\/uploads\/2017\/12\/feu2018.jpg 635w\" sizes=\"auto, (max-width: 408px) 100vw, 408px\" \/><\/a><\/p>\n<p style=\"text-align: center;\">Tous les membres du C.A. se joignent \u00e0 moi<\/p>\n<p style=\"text-align: center;\">pour vous souhaiter une bonne et heureuse<\/p>\n<p style=\"text-align: center;\">ann\u00e9e 2018,<\/p>\n<p style=\"text-align: center;\">Le pr\u00e9sident<\/p>\n<p style=\"text-align: center;\">Jean-Claude Guyon<\/p>\n","protected":false},"excerpt":{"rendered":"<p>Tous les membres du C.A. se joignent \u00e0 moi pour vous souhaiter une bonne et heureuse ann\u00e9e 2018, Le pr\u00e9sident Jean-Claude Guyon<\/p>\n","protected":false},"author":6,"featured_media":1572,"comment_status":"open","ping_status":"open","sticky":false,"template":"","format":"standard","meta":{"Layout":"","footnotes":""},"categories":[5],"tags":[],"class_list":["entry","author-pascal","post-1573","post","type-post","status-publish","format-standard","has-post-thumbnail","category-info-association"],"yoast_head":"<!-- This site is optimized with the Yoast SEO plugin v27.5 - https:\/\/yoast.com\/product\/yoast-seo-wordpress\/ -->\n<title>Bonne et heureuse ann\u00e9e 2018 - Bienvenue<\/title>\n<meta name=\"robots\" content=\"index, follow, max-snippet:-1, max-image-preview:large, max-video-preview:-1\" \/>\n<link rel=\"canonical\" href=\"https:\/\/laprats.fr\/blog\/bonne-heureuse-annee-2018\/\" \/>\n<meta property=\"og:locale\" content=\"fr_FR\" \/>\n<meta property=\"og:type\" content=\"article\" \/>\n<meta property=\"og:title\" content=\"Bonne et heureuse ann\u00e9e 2018 - Bienvenue\" \/>\n<meta property=\"og:description\" content=\"Tous les membres du C.A. se joignent \u00e0 moi pour vous souhaiter une bonne et heureuse ann\u00e9e 2018, Le pr\u00e9sident Jean-Claude Guyon\" \/>\n<meta property=\"og:url\" content=\"https:\/\/laprats.fr\/blog\/bonne-heureuse-annee-2018\/\" \/>\n<meta property=\"og:site_name\" content=\"Bienvenue\" \/>\n<meta property=\"article:publisher\" content=\"https:\/\/fr-fr.facebook.com\/pages\/Association-La-Prats-de-Cluny\/224204740976190?sk=wall\" \/>\n<meta property=\"article:published_time\" content=\"2018-01-01T08:00:36+00:00\" \/>\n<meta property=\"og:image\" content=\"https:\/\/laprats.fr\/blog\/wp-content\/uploads\/2017\/12\/bonne-ann\u00e9e2018-copie.jpg\" \/>\n\t<meta property=\"og:image:width\" content=\"1600\" \/>\n\t<meta property=\"og:image:height\" content=\"1200\" \/>\n\t<meta property=\"og:image:type\" content=\"image\/jpeg\" \/>\n<meta name=\"author\" content=\"Pascal Gendrot\" \/>\n<meta name=\"twitter:label1\" content=\"\u00c9crit par\" \/>\n\t<meta name=\"twitter:data1\" content=\"Pascal Gendrot\" \/>\n<script type=\"application\/ld+json\" class=\"yoast-schema-graph\">{\"@context\":\"https:\\\/\\\/schema.org\",\"@graph\":[{\"@type\":\"Article\",\"@id\":\"https:\\\/\\\/laprats.fr\\\/blog\\\/bonne-heureuse-annee-2018\\\/#article\",\"isPartOf\":{\"@id\":\"https:\\\/\\\/laprats.fr\\\/blog\\\/bonne-heureuse-annee-2018\\\/\"},\"author\":{\"name\":\"Pascal Gendrot\",\"@id\":\"http:\\\/\\\/laprats.fr\\\/blog\\\/#\\\/schema\\\/person\\\/90a4b4782b20a014cc9b183a4707820c\"},\"headline\":\"Bonne et heureuse ann\u00e9e 2018\",\"datePublished\":\"2018-01-01T08:00:36+00:00\",\"mainEntityOfPage\":{\"@id\":\"https:\\\/\\\/laprats.fr\\\/blog\\\/bonne-heureuse-annee-2018\\\/\"},\"wordCount\":28,\"commentCount\":0,\"image\":{\"@id\":\"https:\\\/\\\/laprats.fr\\\/blog\\\/bonne-heureuse-annee-2018\\\/#primaryimage\"},\"thumbnailUrl\":\"http:\\\/\\\/laprats.fr\\\/blog\\\/wp-content\\\/uploads\\\/2017\\\/12\\\/bonne-ann\u00e9e2018-copie.jpg\",\"articleSection\":[\"Info association\"],\"inLanguage\":\"fr-FR\",\"potentialAction\":[{\"@type\":\"CommentAction\",\"name\":\"Comment\",\"target\":[\"https:\\\/\\\/laprats.fr\\\/blog\\\/bonne-heureuse-annee-2018\\\/#respond\"]}]},{\"@type\":\"WebPage\",\"@id\":\"https:\\\/\\\/laprats.fr\\\/blog\\\/bonne-heureuse-annee-2018\\\/\",\"url\":\"https:\\\/\\\/laprats.fr\\\/blog\\\/bonne-heureuse-annee-2018\\\/\",\"name\":\"Bonne et heureuse ann\u00e9e 2018 - Bienvenue\",\"isPartOf\":{\"@id\":\"http:\\\/\\\/laprats.fr\\\/blog\\\/#website\"},\"primaryImageOfPage\":{\"@id\":\"https:\\\/\\\/laprats.fr\\\/blog\\\/bonne-heureuse-annee-2018\\\/#primaryimage\"},\"image\":{\"@id\":\"https:\\\/\\\/laprats.fr\\\/blog\\\/bonne-heureuse-annee-2018\\\/#primaryimage\"},\"thumbnailUrl\":\"http:\\\/\\\/laprats.fr\\\/blog\\\/wp-content\\\/uploads\\\/2017\\\/12\\\/bonne-ann\u00e9e2018-copie.jpg\",\"datePublished\":\"2018-01-01T08:00:36+00:00\",\"author\":{\"@id\":\"http:\\\/\\\/laprats.fr\\\/blog\\\/#\\\/schema\\\/person\\\/90a4b4782b20a014cc9b183a4707820c\"},\"breadcrumb\":{\"@id\":\"https:\\\/\\\/laprats.fr\\\/blog\\\/bonne-heureuse-annee-2018\\\/#breadcrumb\"},\"inLanguage\":\"fr-FR\",\"potentialAction\":[{\"@type\":\"ReadAction\",\"target\":[\"https:\\\/\\\/laprats.fr\\\/blog\\\/bonne-heureuse-annee-2018\\\/\"]}]},{\"@type\":\"ImageObject\",\"inLanguage\":\"fr-FR\",\"@id\":\"https:\\\/\\\/laprats.fr\\\/blog\\\/bonne-heureuse-annee-2018\\\/#primaryimage\",\"url\":\"http:\\\/\\\/laprats.fr\\\/blog\\\/wp-content\\\/uploads\\\/2017\\\/12\\\/bonne-ann\u00e9e2018-copie.jpg\",\"contentUrl\":\"http:\\\/\\\/laprats.fr\\\/blog\\\/wp-content\\\/uploads\\\/2017\\\/12\\\/bonne-ann\u00e9e2018-copie.jpg\",\"width\":1600,\"height\":1200},{\"@type\":\"BreadcrumbList\",\"@id\":\"https:\\\/\\\/laprats.fr\\\/blog\\\/bonne-heureuse-annee-2018\\\/#breadcrumb\",\"itemListElement\":[{\"@type\":\"ListItem\",\"position\":1,\"name\":\"Accueil\",\"item\":\"http:\\\/\\\/laprats.fr\\\/blog\\\/\"},{\"@type\":\"ListItem\",\"position\":2,\"name\":\"Bonne et heureuse ann\u00e9e 2018\"}]},{\"@type\":\"WebSite\",\"@id\":\"http:\\\/\\\/laprats.fr\\\/blog\\\/#website\",\"url\":\"http:\\\/\\\/laprats.fr\\\/blog\\\/\",\"name\":\"Bienvenue\",\"description\":\"D&#039;hier et d&#039;aujourd&#039;hui ... pour demain\",\"potentialAction\":[{\"@type\":\"SearchAction\",\"target\":{\"@type\":\"EntryPoint\",\"urlTemplate\":\"http:\\\/\\\/laprats.fr\\\/blog\\\/?s={search_term_string}\"},\"query-input\":{\"@type\":\"PropertyValueSpecification\",\"valueRequired\":true,\"valueName\":\"search_term_string\"}}],\"inLanguage\":\"fr-FR\"},{\"@type\":\"Person\",\"@id\":\"http:\\\/\\\/laprats.fr\\\/blog\\\/#\\\/schema\\\/person\\\/90a4b4782b20a014cc9b183a4707820c\",\"name\":\"Pascal Gendrot\",\"image\":{\"@type\":\"ImageObject\",\"inLanguage\":\"fr-FR\",\"@id\":\"https:\\\/\\\/secure.gravatar.com\\\/avatar\\\/649cd38650031007bbd5ec3c73411225e4a69679f8049c7237814718f484b5c0?s=96&d=mm&r=g\",\"url\":\"https:\\\/\\\/secure.gravatar.com\\\/avatar\\\/649cd38650031007bbd5ec3c73411225e4a69679f8049c7237814718f484b5c0?s=96&d=mm&r=g\",\"contentUrl\":\"https:\\\/\\\/secure.gravatar.com\\\/avatar\\\/649cd38650031007bbd5ec3c73411225e4a69679f8049c7237814718f484b5c0?s=96&d=mm&r=g\",\"caption\":\"Pascal Gendrot\"}}]}<\/script>\n<!-- \/ Yoast SEO plugin. -->","yoast_head_json":{"title":"Bonne et heureuse ann\u00e9e 2018 - Bienvenue","robots":{"index":"index","follow":"follow","max-snippet":"max-snippet:-1","max-image-preview":"max-image-preview:large","max-video-preview":"max-video-preview:-1"},"canonical":"https:\/\/laprats.fr\/blog\/bonne-heureuse-annee-2018\/","og_locale":"fr_FR","og_type":"article","og_title":"Bonne et heureuse ann\u00e9e 2018 - Bienvenue","og_description":"Tous les membres du C.A. se joignent \u00e0 moi pour vous souhaiter une bonne et heureuse ann\u00e9e 2018, Le pr\u00e9sident Jean-Claude Guyon","og_url":"https:\/\/laprats.fr\/blog\/bonne-heureuse-annee-2018\/","og_site_name":"Bienvenue","article_publisher":"https:\/\/fr-fr.facebook.com\/pages\/Association-La-Prats-de-Cluny\/224204740976190?sk=wall","article_published_time":"2018-01-01T08:00:36+00:00","og_image":[{"width":1600,"height":1200,"url":"https:\/\/laprats.fr\/blog\/wp-content\/uploads\/2017\/12\/bonne-ann\u00e9e2018-copie.jpg","type":"image\/jpeg"}],"author":"Pascal Gendrot","twitter_misc":{"\u00c9crit par":"Pascal Gendrot"},"schema":{"@context":"https:\/\/schema.org","@graph":[{"@type":"Article","@id":"https:\/\/laprats.fr\/blog\/bonne-heureuse-annee-2018\/#article","isPartOf":{"@id":"https:\/\/laprats.fr\/blog\/bonne-heureuse-annee-2018\/"},"author":{"name":"Pascal Gendrot","@id":"http:\/\/laprats.fr\/blog\/#\/schema\/person\/90a4b4782b20a014cc9b183a4707820c"},"headline":"Bonne et heureuse ann\u00e9e 2018","datePublished":"2018-01-01T08:00:36+00:00","mainEntityOfPage":{"@id":"https:\/\/laprats.fr\/blog\/bonne-heureuse-annee-2018\/"},"wordCount":28,"commentCount":0,"image":{"@id":"https:\/\/laprats.fr\/blog\/bonne-heureuse-annee-2018\/#primaryimage"},"thumbnailUrl":"http:\/\/laprats.fr\/blog\/wp-content\/uploads\/2017\/12\/bonne-ann\u00e9e2018-copie.jpg","articleSection":["Info association"],"inLanguage":"fr-FR","potentialAction":[{"@type":"CommentAction","name":"Comment","target":["https:\/\/laprats.fr\/blog\/bonne-heureuse-annee-2018\/#respond"]}]},{"@type":"WebPage","@id":"https:\/\/laprats.fr\/blog\/bonne-heureuse-annee-2018\/","url":"https:\/\/laprats.fr\/blog\/bonne-heureuse-annee-2018\/","name":"Bonne et heureuse ann\u00e9e 2018 - Bienvenue","isPartOf":{"@id":"http:\/\/laprats.fr\/blog\/#website"},"primaryImageOfPage":{"@id":"https:\/\/laprats.fr\/blog\/bonne-heureuse-annee-2018\/#primaryimage"},"image":{"@id":"https:\/\/laprats.fr\/blog\/bonne-heureuse-annee-2018\/#primaryimage"},"thumbnailUrl":"http:\/\/laprats.fr\/blog\/wp-content\/uploads\/2017\/12\/bonne-ann\u00e9e2018-copie.jpg","datePublished":"2018-01-01T08:00:36+00:00","author":{"@id":"http:\/\/laprats.fr\/blog\/#\/schema\/person\/90a4b4782b20a014cc9b183a4707820c"},"breadcrumb":{"@id":"https:\/\/laprats.fr\/blog\/bonne-heureuse-annee-2018\/#breadcrumb"},"inLanguage":"fr-FR","potentialAction":[{"@type":"ReadAction","target":["https:\/\/laprats.fr\/blog\/bonne-heureuse-annee-2018\/"]}]},{"@type":"ImageObject","inLanguage":"fr-FR","@id":"https:\/\/laprats.fr\/blog\/bonne-heureuse-annee-2018\/#primaryimage","url":"http:\/\/laprats.fr\/blog\/wp-content\/uploads\/2017\/12\/bonne-ann\u00e9e2018-copie.jpg","contentUrl":"http:\/\/laprats.fr\/blog\/wp-content\/uploads\/2017\/12\/bonne-ann\u00e9e2018-copie.jpg","width":1600,"height":1200},{"@type":"BreadcrumbList","@id":"https:\/\/laprats.fr\/blog\/bonne-heureuse-annee-2018\/#breadcrumb","itemListElement":[{"@type":"ListItem","position":1,"name":"Accueil","item":"http:\/\/laprats.fr\/blog\/"},{"@type":"ListItem","position":2,"name":"Bonne et heureuse ann\u00e9e 2018"}]},{"@type":"WebSite","@id":"http:\/\/laprats.fr\/blog\/#website","url":"http:\/\/laprats.fr\/blog\/","name":"Bienvenue","description":"D&#039;hier et d&#039;aujourd&#039;hui ... pour demain","potentialAction":[{"@type":"SearchAction","target":{"@type":"EntryPoint","urlTemplate":"http:\/\/laprats.fr\/blog\/?s={search_term_string}"},"query-input":{"@type":"PropertyValueSpecification","valueRequired":true,"valueName":"search_term_string"}}],"inLanguage":"fr-FR"},{"@type":"Person","@id":"http:\/\/laprats.fr\/blog\/#\/schema\/person\/90a4b4782b20a014cc9b183a4707820c","name":"Pascal Gendrot","image":{"@type":"ImageObject","inLanguage":"fr-FR","@id":"https:\/\/secure.gravatar.com\/avatar\/649cd38650031007bbd5ec3c73411225e4a69679f8049c7237814718f484b5c0?s=96&d=mm&r=g","url":"https:\/\/secure.gravatar.com\/avatar\/649cd38650031007bbd5ec3c73411225e4a69679f8049c7237814718f484b5c0?s=96&d=mm&r=g","contentUrl":"https:\/\/secure.gravatar.com\/avatar\/649cd38650031007bbd5ec3c73411225e4a69679f8049c7237814718f484b5c0?s=96&d=mm&r=g","caption":"Pascal Gendrot"}}]}},"_links":{"self":[{"href":"http:\/\/laprats.fr\/blog\/wp-json\/wp\/v2\/posts\/1573","targetHints":{"allow":["GET"]}}],"collection":[{"href":"http:\/\/laprats.fr\/blog\/wp-json\/wp\/v2\/posts"}],"about":[{"href":"http:\/\/laprats.fr\/blog\/wp-json\/wp\/v2\/types\/post"}],"author":[{"embeddable":true,"href":"http:\/\/laprats.fr\/blog\/wp-json\/wp\/v2\/users\/6"}],"replies":[{"embeddable":true,"href":"http:\/\/laprats.fr\/blog\/wp-json\/wp\/v2\/comments?post=1573"}],"version-history":[{"count":2,"href":"http:\/\/laprats.fr\/blog\/wp-json\/wp\/v2\/posts\/1573\/revisions"}],"predecessor-version":[{"id":1576,"href":"http:\/\/laprats.fr\/blog\/wp-json\/wp\/v2\/posts\/1573\/revisions\/1576"}],"wp:featuredmedia":[{"embeddable":true,"href":"http:\/\/laprats.fr\/blog\/wp-json\/wp\/v2\/media\/1572"}],"wp:attachment":[{"href":"http:\/\/laprats.fr\/blog\/wp-json\/wp\/v2\/media?parent=1573"}],"wp:term":[{"taxonomy":"category","embeddable":true,"href":"http:\/\/laprats.fr\/blog\/wp-json\/wp\/v2\/categories?post=1573"},{"taxonomy":"post_tag","embeddable":true,"href":"http:\/\/laprats.fr\/blog\/wp-json\/wp\/v2\/tags?post=1573"}],"curies":[{"name":"wp","href":"https:\/\/api.w.org\/{rel}","templated":true}]}}