{"id":1522,"date":"2017-10-29T16:35:39","date_gmt":"2017-10-29T15:35:39","guid":{"rendered":"http:\/\/laprats.fr\/blog\/?p=1522"},"modified":"2017-10-29T16:35:39","modified_gmt":"2017-10-29T15:35:39","slug":"elections-nouveau-bureau","status":"publish","type":"post","link":"http:\/\/laprats.fr\/blog\/elections-nouveau-bureau\/","title":{"rendered":"\u00c9lections du nouveau bureau"},"content":{"rendered":"<p>Le C.A. s&rsquo;est r\u00e9uni ce samedi 29 octobre \u00e0 Cluny \u00e0 l&rsquo;Hostellerie d&rsquo;H\u00e9lo\u00efse pour \u00e9lire son nouveau bureau. Le projet du nouveau candidat, Jean Claude Guyon, a \u00e9t\u00e9 pr\u00e9sent\u00e9. Les objectifs sont une mont\u00e9e en puissance des relations avec les lyc\u00e9ens et le d\u00e9veloppement du nombre de cotisants pour assurer la p\u00e9rennit\u00e9 des rencontres entre anciens \u00e9l\u00e8ves et personnels du lyc\u00e9e. Le pr\u00e9sident soumet les candidatures au vote et le nouveau bureau est \u00e9lu.<\/p>\n<ul>\n<li>Pr\u00e9sident : Jean Claude Guyon<\/li>\n<li>Vices Pr\u00e9sidents : David Chavot et Pascal Gendrot<\/li>\n<li>Tr\u00e9sorier : Daniel Roca<\/li>\n<li>Tr\u00e9sorier Adjoint : G\u00e9rard Darfin<\/li>\n<li>Secr\u00e9taire : Jean Thevenoux<\/li>\n<li>Secr\u00e9taire Adjoint : Michel Pagnon<\/li>\n<\/ul>\n<p>Vous trouverez bient\u00f4t le compte rendu du C.A. dans la rubrique &lsquo;L&rsquo;Association&rsquo;<\/p>\n<p>Bonne rentr\u00e9e au nouveau C.A. et longue vie \u00e0 notre association.<\/p>\n","protected":false},"excerpt":{"rendered":"<p>Le C.A. s&rsquo;est r\u00e9uni ce samedi 29 octobre \u00e0 Cluny \u00e0 l&rsquo;Hostellerie d&rsquo;H\u00e9lo\u00efse pour \u00e9lire son nouveau bureau. Le projet du nouveau candidat, Jean Claude Guyon, a \u00e9t\u00e9 pr\u00e9sent\u00e9. Les <a href=\"http:\/\/laprats.fr\/blog\/elections-nouveau-bureau\/\" class=\"more-link\">[&hellip;]<\/a><\/p>\n","protected":false},"author":6,"featured_media":1521,"comment_status":"open","ping_status":"open","sticky":false,"template":"","format":"standard","meta":{"Layout":"","footnotes":""},"categories":[5],"tags":[],"class_list":["entry","author-pascal","post-1522","post","type-post","status-publish","format-standard","has-post-thumbnail","category-info-association"],"yoast_head":"<!-- This site is optimized with the Yoast SEO plugin v27.5 - https:\/\/yoast.com\/product\/yoast-seo-wordpress\/ -->\n<title>\u00c9lections du nouveau bureau - Bienvenue<\/title>\n<meta name=\"robots\" content=\"index, follow, max-snippet:-1, max-image-preview:large, max-video-preview:-1\" \/>\n<link rel=\"canonical\" href=\"https:\/\/laprats.fr\/blog\/elections-nouveau-bureau\/\" \/>\n<meta property=\"og:locale\" content=\"fr_FR\" \/>\n<meta property=\"og:type\" content=\"article\" \/>\n<meta property=\"og:title\" content=\"\u00c9lections du nouveau bureau - Bienvenue\" \/>\n<meta property=\"og:description\" content=\"Le C.A. s&rsquo;est r\u00e9uni ce samedi 29 octobre \u00e0 Cluny \u00e0 l&rsquo;Hostellerie d&rsquo;H\u00e9lo\u00efse pour \u00e9lire son nouveau bureau. Le projet du nouveau candidat, Jean Claude Guyon, a \u00e9t\u00e9 pr\u00e9sent\u00e9. Les [&hellip;]\" \/>\n<meta property=\"og:url\" content=\"https:\/\/laprats.fr\/blog\/elections-nouveau-bureau\/\" \/>\n<meta property=\"og:site_name\" content=\"Bienvenue\" \/>\n<meta property=\"article:publisher\" content=\"https:\/\/fr-fr.facebook.com\/pages\/Association-La-Prats-de-Cluny\/224204740976190?sk=wall\" \/>\n<meta property=\"article:published_time\" content=\"2017-10-29T15:35:39+00:00\" \/>\n<meta property=\"og:image\" content=\"https:\/\/laprats.fr\/blog\/wp-content\/uploads\/2017\/10\/DSC_0012-1024x576.jpg\" \/>\n\t<meta property=\"og:image:width\" content=\"1024\" \/>\n\t<meta property=\"og:image:height\" content=\"576\" \/>\n\t<meta property=\"og:image:type\" content=\"image\/jpeg\" \/>\n<meta name=\"author\" content=\"Pascal Gendrot\" \/>\n<meta name=\"twitter:label1\" content=\"\u00c9crit par\" \/>\n\t<meta name=\"twitter:data1\" content=\"Pascal Gendrot\" \/>\n\t<meta name=\"twitter:label2\" content=\"Dur\u00e9e de lecture estim\u00e9e\" \/>\n\t<meta name=\"twitter:data2\" content=\"1 minute\" \/>\n<script type=\"application\/ld+json\" class=\"yoast-schema-graph\">{\"@context\":\"https:\\\/\\\/schema.org\",\"@graph\":[{\"@type\":\"Article\",\"@id\":\"https:\\\/\\\/laprats.fr\\\/blog\\\/elections-nouveau-bureau\\\/#article\",\"isPartOf\":{\"@id\":\"https:\\\/\\\/laprats.fr\\\/blog\\\/elections-nouveau-bureau\\\/\"},\"author\":{\"name\":\"Pascal Gendrot\",\"@id\":\"http:\\\/\\\/laprats.fr\\\/blog\\\/#\\\/schema\\\/person\\\/90a4b4782b20a014cc9b183a4707820c\"},\"headline\":\"\u00c9lections du nouveau bureau\",\"datePublished\":\"2017-10-29T15:35:39+00:00\",\"mainEntityOfPage\":{\"@id\":\"https:\\\/\\\/laprats.fr\\\/blog\\\/elections-nouveau-bureau\\\/\"},\"wordCount\":145,\"commentCount\":0,\"image\":{\"@id\":\"https:\\\/\\\/laprats.fr\\\/blog\\\/elections-nouveau-bureau\\\/#primaryimage\"},\"thumbnailUrl\":\"http:\\\/\\\/laprats.fr\\\/blog\\\/wp-content\\\/uploads\\\/2017\\\/10\\\/DSC_0012.jpg\",\"articleSection\":[\"Info association\"],\"inLanguage\":\"fr-FR\",\"potentialAction\":[{\"@type\":\"CommentAction\",\"name\":\"Comment\",\"target\":[\"https:\\\/\\\/laprats.fr\\\/blog\\\/elections-nouveau-bureau\\\/#respond\"]}]},{\"@type\":\"WebPage\",\"@id\":\"https:\\\/\\\/laprats.fr\\\/blog\\\/elections-nouveau-bureau\\\/\",\"url\":\"https:\\\/\\\/laprats.fr\\\/blog\\\/elections-nouveau-bureau\\\/\",\"name\":\"\u00c9lections du nouveau bureau - Bienvenue\",\"isPartOf\":{\"@id\":\"http:\\\/\\\/laprats.fr\\\/blog\\\/#website\"},\"primaryImageOfPage\":{\"@id\":\"https:\\\/\\\/laprats.fr\\\/blog\\\/elections-nouveau-bureau\\\/#primaryimage\"},\"image\":{\"@id\":\"https:\\\/\\\/laprats.fr\\\/blog\\\/elections-nouveau-bureau\\\/#primaryimage\"},\"thumbnailUrl\":\"http:\\\/\\\/laprats.fr\\\/blog\\\/wp-content\\\/uploads\\\/2017\\\/10\\\/DSC_0012.jpg\",\"datePublished\":\"2017-10-29T15:35:39+00:00\",\"author\":{\"@id\":\"http:\\\/\\\/laprats.fr\\\/blog\\\/#\\\/schema\\\/person\\\/90a4b4782b20a014cc9b183a4707820c\"},\"breadcrumb\":{\"@id\":\"https:\\\/\\\/laprats.fr\\\/blog\\\/elections-nouveau-bureau\\\/#breadcrumb\"},\"inLanguage\":\"fr-FR\",\"potentialAction\":[{\"@type\":\"ReadAction\",\"target\":[\"https:\\\/\\\/laprats.fr\\\/blog\\\/elections-nouveau-bureau\\\/\"]}]},{\"@type\":\"ImageObject\",\"inLanguage\":\"fr-FR\",\"@id\":\"https:\\\/\\\/laprats.fr\\\/blog\\\/elections-nouveau-bureau\\\/#primaryimage\",\"url\":\"http:\\\/\\\/laprats.fr\\\/blog\\\/wp-content\\\/uploads\\\/2017\\\/10\\\/DSC_0012.jpg\",\"contentUrl\":\"http:\\\/\\\/laprats.fr\\\/blog\\\/wp-content\\\/uploads\\\/2017\\\/10\\\/DSC_0012.jpg\",\"width\":3840,\"height\":2160},{\"@type\":\"BreadcrumbList\",\"@id\":\"https:\\\/\\\/laprats.fr\\\/blog\\\/elections-nouveau-bureau\\\/#breadcrumb\",\"itemListElement\":[{\"@type\":\"ListItem\",\"position\":1,\"name\":\"Accueil\",\"item\":\"http:\\\/\\\/laprats.fr\\\/blog\\\/\"},{\"@type\":\"ListItem\",\"position\":2,\"name\":\"\u00c9lections du nouveau bureau\"}]},{\"@type\":\"WebSite\",\"@id\":\"http:\\\/\\\/laprats.fr\\\/blog\\\/#website\",\"url\":\"http:\\\/\\\/laprats.fr\\\/blog\\\/\",\"name\":\"Bienvenue\",\"description\":\"D&#039;hier et d&#039;aujourd&#039;hui ... pour demain\",\"potentialAction\":[{\"@type\":\"SearchAction\",\"target\":{\"@type\":\"EntryPoint\",\"urlTemplate\":\"http:\\\/\\\/laprats.fr\\\/blog\\\/?s={search_term_string}\"},\"query-input\":{\"@type\":\"PropertyValueSpecification\",\"valueRequired\":true,\"valueName\":\"search_term_string\"}}],\"inLanguage\":\"fr-FR\"},{\"@type\":\"Person\",\"@id\":\"http:\\\/\\\/laprats.fr\\\/blog\\\/#\\\/schema\\\/person\\\/90a4b4782b20a014cc9b183a4707820c\",\"name\":\"Pascal Gendrot\",\"image\":{\"@type\":\"ImageObject\",\"inLanguage\":\"fr-FR\",\"@id\":\"https:\\\/\\\/secure.gravatar.com\\\/avatar\\\/649cd38650031007bbd5ec3c73411225e4a69679f8049c7237814718f484b5c0?s=96&d=mm&r=g\",\"url\":\"https:\\\/\\\/secure.gravatar.com\\\/avatar\\\/649cd38650031007bbd5ec3c73411225e4a69679f8049c7237814718f484b5c0?s=96&d=mm&r=g\",\"contentUrl\":\"https:\\\/\\\/secure.gravatar.com\\\/avatar\\\/649cd38650031007bbd5ec3c73411225e4a69679f8049c7237814718f484b5c0?s=96&d=mm&r=g\",\"caption\":\"Pascal Gendrot\"}}]}<\/script>\n<!-- \/ Yoast SEO plugin. -->","yoast_head_json":{"title":"\u00c9lections du nouveau bureau - Bienvenue","robots":{"index":"index","follow":"follow","max-snippet":"max-snippet:-1","max-image-preview":"max-image-preview:large","max-video-preview":"max-video-preview:-1"},"canonical":"https:\/\/laprats.fr\/blog\/elections-nouveau-bureau\/","og_locale":"fr_FR","og_type":"article","og_title":"\u00c9lections du nouveau bureau - Bienvenue","og_description":"Le C.A. s&rsquo;est r\u00e9uni ce samedi 29 octobre \u00e0 Cluny \u00e0 l&rsquo;Hostellerie d&rsquo;H\u00e9lo\u00efse pour \u00e9lire son nouveau bureau. Le projet du nouveau candidat, Jean Claude Guyon, a \u00e9t\u00e9 pr\u00e9sent\u00e9. Les [&hellip;]","og_url":"https:\/\/laprats.fr\/blog\/elections-nouveau-bureau\/","og_site_name":"Bienvenue","article_publisher":"https:\/\/fr-fr.facebook.com\/pages\/Association-La-Prats-de-Cluny\/224204740976190?sk=wall","article_published_time":"2017-10-29T15:35:39+00:00","og_image":[{"width":1024,"height":576,"url":"https:\/\/laprats.fr\/blog\/wp-content\/uploads\/2017\/10\/DSC_0012-1024x576.jpg","type":"image\/jpeg"}],"author":"Pascal Gendrot","twitter_misc":{"\u00c9crit par":"Pascal Gendrot","Dur\u00e9e de lecture estim\u00e9e":"1 minute"},"schema":{"@context":"https:\/\/schema.org","@graph":[{"@type":"Article","@id":"https:\/\/laprats.fr\/blog\/elections-nouveau-bureau\/#article","isPartOf":{"@id":"https:\/\/laprats.fr\/blog\/elections-nouveau-bureau\/"},"author":{"name":"Pascal Gendrot","@id":"http:\/\/laprats.fr\/blog\/#\/schema\/person\/90a4b4782b20a014cc9b183a4707820c"},"headline":"\u00c9lections du nouveau bureau","datePublished":"2017-10-29T15:35:39+00:00","mainEntityOfPage":{"@id":"https:\/\/laprats.fr\/blog\/elections-nouveau-bureau\/"},"wordCount":145,"commentCount":0,"image":{"@id":"https:\/\/laprats.fr\/blog\/elections-nouveau-bureau\/#primaryimage"},"thumbnailUrl":"http:\/\/laprats.fr\/blog\/wp-content\/uploads\/2017\/10\/DSC_0012.jpg","articleSection":["Info association"],"inLanguage":"fr-FR","potentialAction":[{"@type":"CommentAction","name":"Comment","target":["https:\/\/laprats.fr\/blog\/elections-nouveau-bureau\/#respond"]}]},{"@type":"WebPage","@id":"https:\/\/laprats.fr\/blog\/elections-nouveau-bureau\/","url":"https:\/\/laprats.fr\/blog\/elections-nouveau-bureau\/","name":"\u00c9lections du nouveau bureau - Bienvenue","isPartOf":{"@id":"http:\/\/laprats.fr\/blog\/#website"},"primaryImageOfPage":{"@id":"https:\/\/laprats.fr\/blog\/elections-nouveau-bureau\/#primaryimage"},"image":{"@id":"https:\/\/laprats.fr\/blog\/elections-nouveau-bureau\/#primaryimage"},"thumbnailUrl":"http:\/\/laprats.fr\/blog\/wp-content\/uploads\/2017\/10\/DSC_0012.jpg","datePublished":"2017-10-29T15:35:39+00:00","author":{"@id":"http:\/\/laprats.fr\/blog\/#\/schema\/person\/90a4b4782b20a014cc9b183a4707820c"},"breadcrumb":{"@id":"https:\/\/laprats.fr\/blog\/elections-nouveau-bureau\/#breadcrumb"},"inLanguage":"fr-FR","potentialAction":[{"@type":"ReadAction","target":["https:\/\/laprats.fr\/blog\/elections-nouveau-bureau\/"]}]},{"@type":"ImageObject","inLanguage":"fr-FR","@id":"https:\/\/laprats.fr\/blog\/elections-nouveau-bureau\/#primaryimage","url":"http:\/\/laprats.fr\/blog\/wp-content\/uploads\/2017\/10\/DSC_0012.jpg","contentUrl":"http:\/\/laprats.fr\/blog\/wp-content\/uploads\/2017\/10\/DSC_0012.jpg","width":3840,"height":2160},{"@type":"BreadcrumbList","@id":"https:\/\/laprats.fr\/blog\/elections-nouveau-bureau\/#breadcrumb","itemListElement":[{"@type":"ListItem","position":1,"name":"Accueil","item":"http:\/\/laprats.fr\/blog\/"},{"@type":"ListItem","position":2,"name":"\u00c9lections du nouveau bureau"}]},{"@type":"WebSite","@id":"http:\/\/laprats.fr\/blog\/#website","url":"http:\/\/laprats.fr\/blog\/","name":"Bienvenue","description":"D&#039;hier et d&#039;aujourd&#039;hui ... pour demain","potentialAction":[{"@type":"SearchAction","target":{"@type":"EntryPoint","urlTemplate":"http:\/\/laprats.fr\/blog\/?s={search_term_string}"},"query-input":{"@type":"PropertyValueSpecification","valueRequired":true,"valueName":"search_term_string"}}],"inLanguage":"fr-FR"},{"@type":"Person","@id":"http:\/\/laprats.fr\/blog\/#\/schema\/person\/90a4b4782b20a014cc9b183a4707820c","name":"Pascal Gendrot","image":{"@type":"ImageObject","inLanguage":"fr-FR","@id":"https:\/\/secure.gravatar.com\/avatar\/649cd38650031007bbd5ec3c73411225e4a69679f8049c7237814718f484b5c0?s=96&d=mm&r=g","url":"https:\/\/secure.gravatar.com\/avatar\/649cd38650031007bbd5ec3c73411225e4a69679f8049c7237814718f484b5c0?s=96&d=mm&r=g","contentUrl":"https:\/\/secure.gravatar.com\/avatar\/649cd38650031007bbd5ec3c73411225e4a69679f8049c7237814718f484b5c0?s=96&d=mm&r=g","caption":"Pascal Gendrot"}}]}},"_links":{"self":[{"href":"http:\/\/laprats.fr\/blog\/wp-json\/wp\/v2\/posts\/1522","targetHints":{"allow":["GET"]}}],"collection":[{"href":"http:\/\/laprats.fr\/blog\/wp-json\/wp\/v2\/posts"}],"about":[{"href":"http:\/\/laprats.fr\/blog\/wp-json\/wp\/v2\/types\/post"}],"author":[{"embeddable":true,"href":"http:\/\/laprats.fr\/blog\/wp-json\/wp\/v2\/users\/6"}],"replies":[{"embeddable":true,"href":"http:\/\/laprats.fr\/blog\/wp-json\/wp\/v2\/comments?post=1522"}],"version-history":[{"count":1,"href":"http:\/\/laprats.fr\/blog\/wp-json\/wp\/v2\/posts\/1522\/revisions"}],"predecessor-version":[{"id":1523,"href":"http:\/\/laprats.fr\/blog\/wp-json\/wp\/v2\/posts\/1522\/revisions\/1523"}],"wp:featuredmedia":[{"embeddable":true,"href":"http:\/\/laprats.fr\/blog\/wp-json\/wp\/v2\/media\/1521"}],"wp:attachment":[{"href":"http:\/\/laprats.fr\/blog\/wp-json\/wp\/v2\/media?parent=1522"}],"wp:term":[{"taxonomy":"category","embeddable":true,"href":"http:\/\/laprats.fr\/blog\/wp-json\/wp\/v2\/categories?post=1522"},{"taxonomy":"post_tag","embeddable":true,"href":"http:\/\/laprats.fr\/blog\/wp-json\/wp\/v2\/tags?post=1522"}],"curies":[{"name":"wp","href":"https:\/\/api.w.org\/{rel}","templated":true}]}}