{"id":1492,"date":"2017-10-21T11:17:52","date_gmt":"2017-10-21T09:17:52","guid":{"rendered":"http:\/\/laprats.fr\/blog\/?p=1492"},"modified":"2017-10-21T11:18:16","modified_gmt":"2017-10-21T09:18:16","slug":"remise-diplomes-baccalaureat-bts","status":"publish","type":"post","link":"http:\/\/laprats.fr\/blog\/remise-diplomes-baccalaureat-bts\/","title":{"rendered":"Remise des dipl\u00f4mes du baccalaur\u00e9at et des BTS"},"content":{"rendered":"<p>Les repr\u00e9sentants de notre association \u00e9taient invit\u00e9s ce vendredi 20 octobre \u00e0 la remise des dipl\u00f4mes du baccalaur\u00e9at et des BTS.<\/p>\n<p><a href=\"http:\/\/laprats.fr\/blog\/wp-content\/uploads\/2017\/10\/DSC_0014.jpg\"><img loading=\"lazy\" decoding=\"async\" class=\"size-medium wp-image-1489 aligncenter\" src=\"http:\/\/laprats.fr\/blog\/wp-content\/uploads\/2017\/10\/DSC_0014-300x169.jpg\" alt=\"\" width=\"300\" height=\"169\" srcset=\"http:\/\/laprats.fr\/blog\/wp-content\/uploads\/2017\/10\/DSC_0014-300x169.jpg 300w, http:\/\/laprats.fr\/blog\/wp-content\/uploads\/2017\/10\/DSC_0014-768x432.jpg 768w, http:\/\/laprats.fr\/blog\/wp-content\/uploads\/2017\/10\/DSC_0014-1024x576.jpg 1024w, http:\/\/laprats.fr\/blog\/wp-content\/uploads\/2017\/10\/DSC_0014-889x500.jpg 889w\" sizes=\"auto, (max-width: 300px) 100vw, 300px\" \/><\/a>Monsieur Ladaurade, proviseur du lyc\u00e9e ainsi qu&rsquo;une partie des enseignants \u00e9taient pr\u00e9sents pour remettre lors de cette c\u00e9r\u00e9monie , leurs dipl\u00f4mes, \u00e0 des anciens prat&rsquo;siens venus en nombre.<\/p>\n<p><a href=\"http:\/\/laprats.fr\/blog\/wp-content\/uploads\/2017\/10\/DSC_0015.jpg\"><img loading=\"lazy\" decoding=\"async\" class=\"size-medium wp-image-1490 aligncenter\" src=\"http:\/\/laprats.fr\/blog\/wp-content\/uploads\/2017\/10\/DSC_0015-300x169.jpg\" alt=\"\" width=\"300\" height=\"169\" srcset=\"http:\/\/laprats.fr\/blog\/wp-content\/uploads\/2017\/10\/DSC_0015-300x169.jpg 300w, http:\/\/laprats.fr\/blog\/wp-content\/uploads\/2017\/10\/DSC_0015-768x432.jpg 768w, http:\/\/laprats.fr\/blog\/wp-content\/uploads\/2017\/10\/DSC_0015-1024x576.jpg 1024w, http:\/\/laprats.fr\/blog\/wp-content\/uploads\/2017\/10\/DSC_0015-889x500.jpg 889w\" sizes=\"auto, (max-width: 300px) 100vw, 300px\" \/><\/a>Devant cet auditoire compos\u00e9 \u00e9galement des parents des laur\u00e9ats, nous avons pu pr\u00e9senter notre association \u00e0 ces futurs adh\u00e9rents.<\/p>\n<p>Un verre de jus de fruit et des g\u00e2teaux ont clos cette soir\u00e9e officielle, occasion pour certains de se retrouver avant la poursuite de leur cursus post-bac. (et de finir la soir\u00e9e en ville).<\/p>\n<p>Encore bravo \u00e0 tous (y compris aux professeurs) pour ces bons r\u00e9sultats et ces nombreuses mentions.<\/p>\n<p>&nbsp;<\/p>\n<p>&nbsp;<\/p>\n","protected":false},"excerpt":{"rendered":"<p>Les repr\u00e9sentants de notre association \u00e9taient invit\u00e9s ce vendredi 20 octobre \u00e0 la remise des dipl\u00f4mes du baccalaur\u00e9at et des BTS. Monsieur Ladaurade, proviseur du lyc\u00e9e ainsi qu&rsquo;une partie des <a href=\"http:\/\/laprats.fr\/blog\/remise-diplomes-baccalaureat-bts\/\" class=\"more-link\">[&hellip;]<\/a><\/p>\n","protected":false},"author":6,"featured_media":1491,"comment_status":"open","ping_status":"open","sticky":false,"template":"","format":"standard","meta":{"Layout":"","footnotes":""},"categories":[5],"tags":[],"class_list":["entry","author-pascal","post-1492","post","type-post","status-publish","format-standard","has-post-thumbnail","category-info-association"],"yoast_head":"<!-- This site is optimized with the Yoast SEO plugin v27.5 - https:\/\/yoast.com\/product\/yoast-seo-wordpress\/ -->\n<title>Remise des dipl\u00f4mes du baccalaur\u00e9at et des BTS - Bienvenue<\/title>\n<meta name=\"robots\" content=\"index, follow, max-snippet:-1, max-image-preview:large, max-video-preview:-1\" \/>\n<link rel=\"canonical\" href=\"https:\/\/laprats.fr\/blog\/remise-diplomes-baccalaureat-bts\/\" \/>\n<meta property=\"og:locale\" content=\"fr_FR\" \/>\n<meta property=\"og:type\" content=\"article\" \/>\n<meta property=\"og:title\" content=\"Remise des dipl\u00f4mes du baccalaur\u00e9at et des BTS - Bienvenue\" \/>\n<meta property=\"og:description\" content=\"Les repr\u00e9sentants de notre association \u00e9taient invit\u00e9s ce vendredi 20 octobre \u00e0 la remise des dipl\u00f4mes du baccalaur\u00e9at et des BTS. Monsieur Ladaurade, proviseur du lyc\u00e9e ainsi qu&rsquo;une partie des [&hellip;]\" \/>\n<meta property=\"og:url\" content=\"https:\/\/laprats.fr\/blog\/remise-diplomes-baccalaureat-bts\/\" \/>\n<meta property=\"og:site_name\" content=\"Bienvenue\" \/>\n<meta property=\"article:publisher\" content=\"https:\/\/fr-fr.facebook.com\/pages\/Association-La-Prats-de-Cluny\/224204740976190?sk=wall\" \/>\n<meta property=\"article:published_time\" content=\"2017-10-21T09:17:52+00:00\" \/>\n<meta property=\"article:modified_time\" content=\"2017-10-21T09:18:16+00:00\" \/>\n<meta property=\"og:image\" content=\"https:\/\/laprats.fr\/blog\/wp-content\/uploads\/2017\/10\/DSC_0034-1024x576.jpg\" \/>\n\t<meta property=\"og:image:width\" content=\"1024\" \/>\n\t<meta property=\"og:image:height\" content=\"576\" \/>\n\t<meta property=\"og:image:type\" content=\"image\/jpeg\" \/>\n<meta name=\"author\" content=\"Pascal Gendrot\" \/>\n<meta name=\"twitter:label1\" content=\"\u00c9crit par\" \/>\n\t<meta name=\"twitter:data1\" content=\"Pascal Gendrot\" \/>\n\t<meta name=\"twitter:label2\" content=\"Dur\u00e9e de lecture estim\u00e9e\" \/>\n\t<meta name=\"twitter:data2\" content=\"1 minute\" \/>\n<script type=\"application\/ld+json\" class=\"yoast-schema-graph\">{\"@context\":\"https:\\\/\\\/schema.org\",\"@graph\":[{\"@type\":\"Article\",\"@id\":\"https:\\\/\\\/laprats.fr\\\/blog\\\/remise-diplomes-baccalaureat-bts\\\/#article\",\"isPartOf\":{\"@id\":\"https:\\\/\\\/laprats.fr\\\/blog\\\/remise-diplomes-baccalaureat-bts\\\/\"},\"author\":{\"name\":\"Pascal Gendrot\",\"@id\":\"http:\\\/\\\/laprats.fr\\\/blog\\\/#\\\/schema\\\/person\\\/90a4b4782b20a014cc9b183a4707820c\"},\"headline\":\"Remise des dipl\u00f4mes du baccalaur\u00e9at et des BTS\",\"datePublished\":\"2017-10-21T09:17:52+00:00\",\"dateModified\":\"2017-10-21T09:18:16+00:00\",\"mainEntityOfPage\":{\"@id\":\"https:\\\/\\\/laprats.fr\\\/blog\\\/remise-diplomes-baccalaureat-bts\\\/\"},\"wordCount\":140,\"commentCount\":0,\"image\":{\"@id\":\"https:\\\/\\\/laprats.fr\\\/blog\\\/remise-diplomes-baccalaureat-bts\\\/#primaryimage\"},\"thumbnailUrl\":\"http:\\\/\\\/laprats.fr\\\/blog\\\/wp-content\\\/uploads\\\/2017\\\/10\\\/DSC_0034.jpg\",\"articleSection\":[\"Info association\"],\"inLanguage\":\"fr-FR\",\"potentialAction\":[{\"@type\":\"CommentAction\",\"name\":\"Comment\",\"target\":[\"https:\\\/\\\/laprats.fr\\\/blog\\\/remise-diplomes-baccalaureat-bts\\\/#respond\"]}]},{\"@type\":\"WebPage\",\"@id\":\"https:\\\/\\\/laprats.fr\\\/blog\\\/remise-diplomes-baccalaureat-bts\\\/\",\"url\":\"https:\\\/\\\/laprats.fr\\\/blog\\\/remise-diplomes-baccalaureat-bts\\\/\",\"name\":\"Remise des dipl\u00f4mes du baccalaur\u00e9at et des BTS - Bienvenue\",\"isPartOf\":{\"@id\":\"http:\\\/\\\/laprats.fr\\\/blog\\\/#website\"},\"primaryImageOfPage\":{\"@id\":\"https:\\\/\\\/laprats.fr\\\/blog\\\/remise-diplomes-baccalaureat-bts\\\/#primaryimage\"},\"image\":{\"@id\":\"https:\\\/\\\/laprats.fr\\\/blog\\\/remise-diplomes-baccalaureat-bts\\\/#primaryimage\"},\"thumbnailUrl\":\"http:\\\/\\\/laprats.fr\\\/blog\\\/wp-content\\\/uploads\\\/2017\\\/10\\\/DSC_0034.jpg\",\"datePublished\":\"2017-10-21T09:17:52+00:00\",\"dateModified\":\"2017-10-21T09:18:16+00:00\",\"author\":{\"@id\":\"http:\\\/\\\/laprats.fr\\\/blog\\\/#\\\/schema\\\/person\\\/90a4b4782b20a014cc9b183a4707820c\"},\"breadcrumb\":{\"@id\":\"https:\\\/\\\/laprats.fr\\\/blog\\\/remise-diplomes-baccalaureat-bts\\\/#breadcrumb\"},\"inLanguage\":\"fr-FR\",\"potentialAction\":[{\"@type\":\"ReadAction\",\"target\":[\"https:\\\/\\\/laprats.fr\\\/blog\\\/remise-diplomes-baccalaureat-bts\\\/\"]}]},{\"@type\":\"ImageObject\",\"inLanguage\":\"fr-FR\",\"@id\":\"https:\\\/\\\/laprats.fr\\\/blog\\\/remise-diplomes-baccalaureat-bts\\\/#primaryimage\",\"url\":\"http:\\\/\\\/laprats.fr\\\/blog\\\/wp-content\\\/uploads\\\/2017\\\/10\\\/DSC_0034.jpg\",\"contentUrl\":\"http:\\\/\\\/laprats.fr\\\/blog\\\/wp-content\\\/uploads\\\/2017\\\/10\\\/DSC_0034.jpg\",\"width\":3840,\"height\":2160},{\"@type\":\"BreadcrumbList\",\"@id\":\"https:\\\/\\\/laprats.fr\\\/blog\\\/remise-diplomes-baccalaureat-bts\\\/#breadcrumb\",\"itemListElement\":[{\"@type\":\"ListItem\",\"position\":1,\"name\":\"Accueil\",\"item\":\"http:\\\/\\\/laprats.fr\\\/blog\\\/\"},{\"@type\":\"ListItem\",\"position\":2,\"name\":\"Remise des dipl\u00f4mes du baccalaur\u00e9at et des BTS\"}]},{\"@type\":\"WebSite\",\"@id\":\"http:\\\/\\\/laprats.fr\\\/blog\\\/#website\",\"url\":\"http:\\\/\\\/laprats.fr\\\/blog\\\/\",\"name\":\"Bienvenue\",\"description\":\"D&#039;hier et d&#039;aujourd&#039;hui ... pour demain\",\"potentialAction\":[{\"@type\":\"SearchAction\",\"target\":{\"@type\":\"EntryPoint\",\"urlTemplate\":\"http:\\\/\\\/laprats.fr\\\/blog\\\/?s={search_term_string}\"},\"query-input\":{\"@type\":\"PropertyValueSpecification\",\"valueRequired\":true,\"valueName\":\"search_term_string\"}}],\"inLanguage\":\"fr-FR\"},{\"@type\":\"Person\",\"@id\":\"http:\\\/\\\/laprats.fr\\\/blog\\\/#\\\/schema\\\/person\\\/90a4b4782b20a014cc9b183a4707820c\",\"name\":\"Pascal Gendrot\",\"image\":{\"@type\":\"ImageObject\",\"inLanguage\":\"fr-FR\",\"@id\":\"https:\\\/\\\/secure.gravatar.com\\\/avatar\\\/649cd38650031007bbd5ec3c73411225e4a69679f8049c7237814718f484b5c0?s=96&d=mm&r=g\",\"url\":\"https:\\\/\\\/secure.gravatar.com\\\/avatar\\\/649cd38650031007bbd5ec3c73411225e4a69679f8049c7237814718f484b5c0?s=96&d=mm&r=g\",\"contentUrl\":\"https:\\\/\\\/secure.gravatar.com\\\/avatar\\\/649cd38650031007bbd5ec3c73411225e4a69679f8049c7237814718f484b5c0?s=96&d=mm&r=g\",\"caption\":\"Pascal Gendrot\"}}]}<\/script>\n<!-- \/ Yoast SEO plugin. -->","yoast_head_json":{"title":"Remise des dipl\u00f4mes du baccalaur\u00e9at et des BTS - Bienvenue","robots":{"index":"index","follow":"follow","max-snippet":"max-snippet:-1","max-image-preview":"max-image-preview:large","max-video-preview":"max-video-preview:-1"},"canonical":"https:\/\/laprats.fr\/blog\/remise-diplomes-baccalaureat-bts\/","og_locale":"fr_FR","og_type":"article","og_title":"Remise des dipl\u00f4mes du baccalaur\u00e9at et des BTS - Bienvenue","og_description":"Les repr\u00e9sentants de notre association \u00e9taient invit\u00e9s ce vendredi 20 octobre \u00e0 la remise des dipl\u00f4mes du baccalaur\u00e9at et des BTS. Monsieur Ladaurade, proviseur du lyc\u00e9e ainsi qu&rsquo;une partie des [&hellip;]","og_url":"https:\/\/laprats.fr\/blog\/remise-diplomes-baccalaureat-bts\/","og_site_name":"Bienvenue","article_publisher":"https:\/\/fr-fr.facebook.com\/pages\/Association-La-Prats-de-Cluny\/224204740976190?sk=wall","article_published_time":"2017-10-21T09:17:52+00:00","article_modified_time":"2017-10-21T09:18:16+00:00","og_image":[{"width":1024,"height":576,"url":"https:\/\/laprats.fr\/blog\/wp-content\/uploads\/2017\/10\/DSC_0034-1024x576.jpg","type":"image\/jpeg"}],"author":"Pascal Gendrot","twitter_misc":{"\u00c9crit par":"Pascal Gendrot","Dur\u00e9e de lecture estim\u00e9e":"1 minute"},"schema":{"@context":"https:\/\/schema.org","@graph":[{"@type":"Article","@id":"https:\/\/laprats.fr\/blog\/remise-diplomes-baccalaureat-bts\/#article","isPartOf":{"@id":"https:\/\/laprats.fr\/blog\/remise-diplomes-baccalaureat-bts\/"},"author":{"name":"Pascal Gendrot","@id":"http:\/\/laprats.fr\/blog\/#\/schema\/person\/90a4b4782b20a014cc9b183a4707820c"},"headline":"Remise des dipl\u00f4mes du baccalaur\u00e9at et des BTS","datePublished":"2017-10-21T09:17:52+00:00","dateModified":"2017-10-21T09:18:16+00:00","mainEntityOfPage":{"@id":"https:\/\/laprats.fr\/blog\/remise-diplomes-baccalaureat-bts\/"},"wordCount":140,"commentCount":0,"image":{"@id":"https:\/\/laprats.fr\/blog\/remise-diplomes-baccalaureat-bts\/#primaryimage"},"thumbnailUrl":"http:\/\/laprats.fr\/blog\/wp-content\/uploads\/2017\/10\/DSC_0034.jpg","articleSection":["Info association"],"inLanguage":"fr-FR","potentialAction":[{"@type":"CommentAction","name":"Comment","target":["https:\/\/laprats.fr\/blog\/remise-diplomes-baccalaureat-bts\/#respond"]}]},{"@type":"WebPage","@id":"https:\/\/laprats.fr\/blog\/remise-diplomes-baccalaureat-bts\/","url":"https:\/\/laprats.fr\/blog\/remise-diplomes-baccalaureat-bts\/","name":"Remise des dipl\u00f4mes du baccalaur\u00e9at et des BTS - Bienvenue","isPartOf":{"@id":"http:\/\/laprats.fr\/blog\/#website"},"primaryImageOfPage":{"@id":"https:\/\/laprats.fr\/blog\/remise-diplomes-baccalaureat-bts\/#primaryimage"},"image":{"@id":"https:\/\/laprats.fr\/blog\/remise-diplomes-baccalaureat-bts\/#primaryimage"},"thumbnailUrl":"http:\/\/laprats.fr\/blog\/wp-content\/uploads\/2017\/10\/DSC_0034.jpg","datePublished":"2017-10-21T09:17:52+00:00","dateModified":"2017-10-21T09:18:16+00:00","author":{"@id":"http:\/\/laprats.fr\/blog\/#\/schema\/person\/90a4b4782b20a014cc9b183a4707820c"},"breadcrumb":{"@id":"https:\/\/laprats.fr\/blog\/remise-diplomes-baccalaureat-bts\/#breadcrumb"},"inLanguage":"fr-FR","potentialAction":[{"@type":"ReadAction","target":["https:\/\/laprats.fr\/blog\/remise-diplomes-baccalaureat-bts\/"]}]},{"@type":"ImageObject","inLanguage":"fr-FR","@id":"https:\/\/laprats.fr\/blog\/remise-diplomes-baccalaureat-bts\/#primaryimage","url":"http:\/\/laprats.fr\/blog\/wp-content\/uploads\/2017\/10\/DSC_0034.jpg","contentUrl":"http:\/\/laprats.fr\/blog\/wp-content\/uploads\/2017\/10\/DSC_0034.jpg","width":3840,"height":2160},{"@type":"BreadcrumbList","@id":"https:\/\/laprats.fr\/blog\/remise-diplomes-baccalaureat-bts\/#breadcrumb","itemListElement":[{"@type":"ListItem","position":1,"name":"Accueil","item":"http:\/\/laprats.fr\/blog\/"},{"@type":"ListItem","position":2,"name":"Remise des dipl\u00f4mes du baccalaur\u00e9at et des BTS"}]},{"@type":"WebSite","@id":"http:\/\/laprats.fr\/blog\/#website","url":"http:\/\/laprats.fr\/blog\/","name":"Bienvenue","description":"D&#039;hier et d&#039;aujourd&#039;hui ... pour demain","potentialAction":[{"@type":"SearchAction","target":{"@type":"EntryPoint","urlTemplate":"http:\/\/laprats.fr\/blog\/?s={search_term_string}"},"query-input":{"@type":"PropertyValueSpecification","valueRequired":true,"valueName":"search_term_string"}}],"inLanguage":"fr-FR"},{"@type":"Person","@id":"http:\/\/laprats.fr\/blog\/#\/schema\/person\/90a4b4782b20a014cc9b183a4707820c","name":"Pascal Gendrot","image":{"@type":"ImageObject","inLanguage":"fr-FR","@id":"https:\/\/secure.gravatar.com\/avatar\/649cd38650031007bbd5ec3c73411225e4a69679f8049c7237814718f484b5c0?s=96&d=mm&r=g","url":"https:\/\/secure.gravatar.com\/avatar\/649cd38650031007bbd5ec3c73411225e4a69679f8049c7237814718f484b5c0?s=96&d=mm&r=g","contentUrl":"https:\/\/secure.gravatar.com\/avatar\/649cd38650031007bbd5ec3c73411225e4a69679f8049c7237814718f484b5c0?s=96&d=mm&r=g","caption":"Pascal Gendrot"}}]}},"_links":{"self":[{"href":"http:\/\/laprats.fr\/blog\/wp-json\/wp\/v2\/posts\/1492","targetHints":{"allow":["GET"]}}],"collection":[{"href":"http:\/\/laprats.fr\/blog\/wp-json\/wp\/v2\/posts"}],"about":[{"href":"http:\/\/laprats.fr\/blog\/wp-json\/wp\/v2\/types\/post"}],"author":[{"embeddable":true,"href":"http:\/\/laprats.fr\/blog\/wp-json\/wp\/v2\/users\/6"}],"replies":[{"embeddable":true,"href":"http:\/\/laprats.fr\/blog\/wp-json\/wp\/v2\/comments?post=1492"}],"version-history":[{"count":2,"href":"http:\/\/laprats.fr\/blog\/wp-json\/wp\/v2\/posts\/1492\/revisions"}],"predecessor-version":[{"id":1494,"href":"http:\/\/laprats.fr\/blog\/wp-json\/wp\/v2\/posts\/1492\/revisions\/1494"}],"wp:featuredmedia":[{"embeddable":true,"href":"http:\/\/laprats.fr\/blog\/wp-json\/wp\/v2\/media\/1491"}],"wp:attachment":[{"href":"http:\/\/laprats.fr\/blog\/wp-json\/wp\/v2\/media?parent=1492"}],"wp:term":[{"taxonomy":"category","embeddable":true,"href":"http:\/\/laprats.fr\/blog\/wp-json\/wp\/v2\/categories?post=1492"},{"taxonomy":"post_tag","embeddable":true,"href":"http:\/\/laprats.fr\/blog\/wp-json\/wp\/v2\/tags?post=1492"}],"curies":[{"name":"wp","href":"https:\/\/api.w.org\/{rel}","templated":true}]}}