{"id":1467,"date":"2017-10-08T16:13:09","date_gmt":"2017-10-08T14:13:09","guid":{"rendered":"http:\/\/laprats.fr\/blog\/?p=1467"},"modified":"2017-10-12T19:27:07","modified_gmt":"2017-10-12T17:27:07","slug":"assemblee-generale-07-octobre-2017","status":"publish","type":"post","link":"http:\/\/laprats.fr\/blog\/assemblee-generale-07-octobre-2017\/","title":{"rendered":"Assembl\u00e9e G\u00e9n\u00e9rale du 07 octobre 2017"},"content":{"rendered":"<p>Comme chaque premier samedi d&rsquo;octobre, les anciens \u00e9l\u00e8ves et personnels ont \u00e9t\u00e9 accueillis par le lyc\u00e9e \u00e0 l&rsquo;occasion de l&rsquo;AG de l&rsquo;Association.<\/p>\n<table style=\"width: 647.95px;\">\n<tbody>\n<tr>\n<td style=\"width: 317px;\"><a href=\"http:\/\/laprats.fr\/blog\/wp-content\/uploads\/2017\/10\/IMG_6414.jpg\"><img loading=\"lazy\" decoding=\"async\" class=\"alignnone size-medium wp-image-1469\" src=\"http:\/\/laprats.fr\/blog\/wp-content\/uploads\/2017\/10\/IMG_6414-300x200.jpg\" alt=\"\" width=\"300\" height=\"200\" srcset=\"http:\/\/laprats.fr\/blog\/wp-content\/uploads\/2017\/10\/IMG_6414-300x200.jpg 300w, http:\/\/laprats.fr\/blog\/wp-content\/uploads\/2017\/10\/IMG_6414-768x512.jpg 768w, http:\/\/laprats.fr\/blog\/wp-content\/uploads\/2017\/10\/IMG_6414-1024x683.jpg 1024w, http:\/\/laprats.fr\/blog\/wp-content\/uploads\/2017\/10\/IMG_6414-750x500.jpg 750w\" sizes=\"auto, (max-width: 300px) 100vw, 300px\" \/><\/a><\/p>\n<p style=\"text-align: center;\">Le lyc\u00e9e avait pr\u00e9vu un petit d\u00e9jeun\u00e9 pour l&rsquo;arriv\u00e9e de ses anciens \u00e9l\u00e8ves et personnels<\/p>\n<\/td>\n<td style=\"width: 327.95px; text-align: center;\"><a href=\"http:\/\/laprats.fr\/blog\/wp-content\/uploads\/2017\/10\/IMG_6428.jpg\"><img loading=\"lazy\" decoding=\"async\" class=\"alignnone size-medium wp-image-1470\" src=\"http:\/\/laprats.fr\/blog\/wp-content\/uploads\/2017\/10\/IMG_6428-300x200.jpg\" alt=\"\" width=\"300\" height=\"200\" srcset=\"http:\/\/laprats.fr\/blog\/wp-content\/uploads\/2017\/10\/IMG_6428-300x200.jpg 300w, http:\/\/laprats.fr\/blog\/wp-content\/uploads\/2017\/10\/IMG_6428-768x512.jpg 768w, http:\/\/laprats.fr\/blog\/wp-content\/uploads\/2017\/10\/IMG_6428-1024x683.jpg 1024w, http:\/\/laprats.fr\/blog\/wp-content\/uploads\/2017\/10\/IMG_6428-750x500.jpg 750w\" sizes=\"auto, (max-width: 300px) 100vw, 300px\" \/><\/a><\/p>\n<p>Tout le monde a pris place dans la salle de classe am\u00e9nag\u00e9e pour l&rsquo;occasion<\/td>\n<\/tr>\n<\/tbody>\n<\/table>\n<table style=\"width: 647px;\">\n<tbody>\n<tr>\n<td style=\"width: 318.033px;\"><a href=\"http:\/\/laprats.fr\/blog\/wp-content\/uploads\/2017\/10\/IMG_6427.jpg\"><img loading=\"lazy\" decoding=\"async\" class=\"alignnone size-medium wp-image-1471\" src=\"http:\/\/laprats.fr\/blog\/wp-content\/uploads\/2017\/10\/IMG_6427-300x200.jpg\" alt=\"\" width=\"300\" height=\"200\" srcset=\"http:\/\/laprats.fr\/blog\/wp-content\/uploads\/2017\/10\/IMG_6427-300x200.jpg 300w, http:\/\/laprats.fr\/blog\/wp-content\/uploads\/2017\/10\/IMG_6427-768x512.jpg 768w, http:\/\/laprats.fr\/blog\/wp-content\/uploads\/2017\/10\/IMG_6427-1024x683.jpg 1024w, http:\/\/laprats.fr\/blog\/wp-content\/uploads\/2017\/10\/IMG_6427-750x500.jpg 750w\" sizes=\"auto, (max-width: 300px) 100vw, 300px\" \/><\/a><\/p>\n<p>David Chavot rend compte du travail effectu\u00e9 par la commission recrutement<\/td>\n<td style=\"width: 325.967px;\"><a href=\"http:\/\/laprats.fr\/blog\/wp-content\/uploads\/2017\/10\/IMG_6441.jpg\"><img loading=\"lazy\" decoding=\"async\" class=\"alignnone wp-image-1472\" src=\"http:\/\/laprats.fr\/blog\/wp-content\/uploads\/2017\/10\/IMG_6441-300x200.jpg\" alt=\"\" width=\"320\" height=\"213\" srcset=\"http:\/\/laprats.fr\/blog\/wp-content\/uploads\/2017\/10\/IMG_6441-300x200.jpg 300w, http:\/\/laprats.fr\/blog\/wp-content\/uploads\/2017\/10\/IMG_6441-768x512.jpg 768w, http:\/\/laprats.fr\/blog\/wp-content\/uploads\/2017\/10\/IMG_6441-1024x683.jpg 1024w, http:\/\/laprats.fr\/blog\/wp-content\/uploads\/2017\/10\/IMG_6441-750x500.jpg 750w\" sizes=\"auto, (max-width: 320px) 100vw, 320px\" \/><\/a><\/p>\n<p>Monsieur Gauthier proviseur \u00e0 la Prat&rsquo;s dans les ann\u00e9es 80 et M. Ladaurade, proviseur depuis cette la rentr\u00e9e 2017<\/td>\n<\/tr>\n<\/tbody>\n<\/table>\n<p>Le pr\u00e9sident pr\u00e9sente M. Ladaurade nouveau proviseur de lyc\u00e9e qui succ\u00e8de \u00e0 M. Diry. Un point est fait sur l&rsquo;ann\u00e9e \u00e9coul\u00e9e et le bilan financier, qui bien que positif, met en \u00e9vidence la baisse du nombre de cotisants.<\/p>\n<p>C&rsquo;est l&rsquo;occasion pour David Chavot d&rsquo;intervenir pour rendre compte du travail effectu\u00e9 par la &lsquo;commission recrutement&rsquo;. Tout d&rsquo;abord une prise de contact avec le lyc\u00e9e a \u00e9t\u00e9 r\u00e9alis\u00e9e fin septembre pour rencontrer M. Ladaurade, les nouveaux \u00e9lus de la MDL (Maison de Lyc\u00e9ens) et Mme Clergue. Le lyc\u00e9e a renouvel\u00e9 son int\u00e9r\u00eat pour notre association. Une nouvelle r\u00e9union de travail sera programm\u00e9e pour approfondir les attentes des lyc\u00e9ens d&rsquo;une part (ce qui nous guidera dans le choix de nos actions dans leur direction) et la r\u00e9cup\u00e9ration des coordonn\u00e9es d&rsquo;anciens nous permettant de luter contre l&rsquo;\u00e9rosion du nombre de cotisants. Des propositions concr\u00e8tes visant \u00e0 rendre \u00e0 nouveau l&rsquo;association attractive devront \u00eatre faites.<\/p>\n<table style=\"width: 652.983px;\">\n<tbody>\n<tr>\n<td style=\"width: 322px;\"><a href=\"http:\/\/laprats.fr\/blog\/wp-content\/uploads\/2017\/10\/IMG_6444.jpg\"><img loading=\"lazy\" decoding=\"async\" class=\"alignnone size-medium wp-image-1473\" src=\"http:\/\/laprats.fr\/blog\/wp-content\/uploads\/2017\/10\/IMG_6444-300x200.jpg\" alt=\"\" width=\"300\" height=\"200\" srcset=\"http:\/\/laprats.fr\/blog\/wp-content\/uploads\/2017\/10\/IMG_6444-300x200.jpg 300w, http:\/\/laprats.fr\/blog\/wp-content\/uploads\/2017\/10\/IMG_6444-768x512.jpg 768w, http:\/\/laprats.fr\/blog\/wp-content\/uploads\/2017\/10\/IMG_6444-1024x683.jpg 1024w, http:\/\/laprats.fr\/blog\/wp-content\/uploads\/2017\/10\/IMG_6444-750x500.jpg 750w\" sizes=\"auto, (max-width: 300px) 100vw, 300px\" \/><\/a><\/p>\n<p>La r\u00e9union se termine par l&rsquo;\u00e9vocation de la m\u00e9moire de Michel Bouillot ancien professeur de dessin et surveillant dont plusieurs g\u00e9n\u00e9rations d&rsquo;anciens ont pu appr\u00e9cier la gentillesse, l&rsquo;humour et l&rsquo;\u00e9rudition.<\/td>\n<td style=\"width: 326.983px;\"><a href=\"http:\/\/laprats.fr\/blog\/wp-content\/uploads\/2017\/10\/IMG_6455.jpg\"><img loading=\"lazy\" decoding=\"async\" class=\"alignnone wp-image-1477\" src=\"http:\/\/laprats.fr\/blog\/wp-content\/uploads\/2017\/10\/IMG_6455-300x200.jpg\" alt=\"\" width=\"300\" height=\"200\" srcset=\"http:\/\/laprats.fr\/blog\/wp-content\/uploads\/2017\/10\/IMG_6455-300x200.jpg 300w, http:\/\/laprats.fr\/blog\/wp-content\/uploads\/2017\/10\/IMG_6455-768x512.jpg 768w, http:\/\/laprats.fr\/blog\/wp-content\/uploads\/2017\/10\/IMG_6455-1024x683.jpg 1024w, http:\/\/laprats.fr\/blog\/wp-content\/uploads\/2017\/10\/IMG_6455-750x500.jpg 750w\" sizes=\"auto, (max-width: 300px) 100vw, 300px\" \/><\/a><\/p>\n<p>Apr\u00e8s le traditionnel d\u00e9p\u00f4t de gerbe en m\u00e9moire des anciens \u00e9l\u00e8ves et professeurs morts pour la France, la matin\u00e9e a pris fin autour d&rsquo;une bonne table dans un restaurant clunysois .<\/p>\n<p>Merci aux participants, en esp\u00e9rant se retrouver plus nombreux l&rsquo;ann\u00e9e prochaine o\u00f9 les promotions des ann\u00e9es 80 seront \u00e0 l&rsquo;honneur.<\/td>\n<\/tr>\n<\/tbody>\n<\/table>\n<p>&nbsp;<\/p>\n","protected":false},"excerpt":{"rendered":"<p>Comme chaque premier samedi d&rsquo;octobre, les anciens \u00e9l\u00e8ves et personnels ont \u00e9t\u00e9 accueillis par le lyc\u00e9e \u00e0 l&rsquo;occasion de l&rsquo;AG de l&rsquo;Association. Le lyc\u00e9e avait pr\u00e9vu un petit d\u00e9jeun\u00e9 pour <a href=\"http:\/\/laprats.fr\/blog\/assemblee-generale-07-octobre-2017\/\" class=\"more-link\">[&hellip;]<\/a><\/p>\n","protected":false},"author":6,"featured_media":1470,"comment_status":"open","ping_status":"open","sticky":false,"template":"","format":"standard","meta":{"Layout":"","footnotes":""},"categories":[5],"tags":[],"class_list":["entry","author-pascal","post-1467","post","type-post","status-publish","format-standard","has-post-thumbnail","category-info-association"],"yoast_head":"<!-- This site is optimized with the Yoast SEO plugin v27.5 - https:\/\/yoast.com\/product\/yoast-seo-wordpress\/ -->\n<title>Assembl\u00e9e G\u00e9n\u00e9rale du 07 octobre 2017 - Bienvenue<\/title>\n<meta name=\"robots\" content=\"index, follow, max-snippet:-1, max-image-preview:large, max-video-preview:-1\" \/>\n<link rel=\"canonical\" href=\"https:\/\/laprats.fr\/blog\/assemblee-generale-07-octobre-2017\/\" \/>\n<meta property=\"og:locale\" content=\"fr_FR\" \/>\n<meta property=\"og:type\" content=\"article\" \/>\n<meta property=\"og:title\" content=\"Assembl\u00e9e G\u00e9n\u00e9rale du 07 octobre 2017 - Bienvenue\" \/>\n<meta property=\"og:description\" content=\"Comme chaque premier samedi d&rsquo;octobre, les anciens \u00e9l\u00e8ves et personnels ont \u00e9t\u00e9 accueillis par le lyc\u00e9e \u00e0 l&rsquo;occasion de l&rsquo;AG de l&rsquo;Association. Le lyc\u00e9e avait pr\u00e9vu un petit d\u00e9jeun\u00e9 pour [&hellip;]\" \/>\n<meta property=\"og:url\" content=\"https:\/\/laprats.fr\/blog\/assemblee-generale-07-octobre-2017\/\" \/>\n<meta property=\"og:site_name\" content=\"Bienvenue\" \/>\n<meta property=\"article:publisher\" content=\"https:\/\/fr-fr.facebook.com\/pages\/Association-La-Prats-de-Cluny\/224204740976190?sk=wall\" \/>\n<meta property=\"article:published_time\" content=\"2017-10-08T14:13:09+00:00\" \/>\n<meta property=\"article:modified_time\" content=\"2017-10-12T17:27:07+00:00\" \/>\n<meta property=\"og:image\" content=\"https:\/\/laprats.fr\/blog\/wp-content\/uploads\/2017\/10\/IMG_6428-1024x683.jpg\" \/>\n\t<meta property=\"og:image:width\" content=\"1024\" \/>\n\t<meta property=\"og:image:height\" content=\"683\" \/>\n\t<meta property=\"og:image:type\" content=\"image\/jpeg\" \/>\n<meta name=\"author\" content=\"Pascal Gendrot\" \/>\n<meta name=\"twitter:label1\" content=\"\u00c9crit par\" \/>\n\t<meta name=\"twitter:data1\" content=\"Pascal Gendrot\" \/>\n\t<meta name=\"twitter:label2\" content=\"Dur\u00e9e de lecture estim\u00e9e\" \/>\n\t<meta name=\"twitter:data2\" content=\"2 minutes\" \/>\n<script type=\"application\/ld+json\" class=\"yoast-schema-graph\">{\"@context\":\"https:\\\/\\\/schema.org\",\"@graph\":[{\"@type\":\"Article\",\"@id\":\"https:\\\/\\\/laprats.fr\\\/blog\\\/assemblee-generale-07-octobre-2017\\\/#article\",\"isPartOf\":{\"@id\":\"https:\\\/\\\/laprats.fr\\\/blog\\\/assemblee-generale-07-octobre-2017\\\/\"},\"author\":{\"name\":\"Pascal Gendrot\",\"@id\":\"http:\\\/\\\/laprats.fr\\\/blog\\\/#\\\/schema\\\/person\\\/90a4b4782b20a014cc9b183a4707820c\"},\"headline\":\"Assembl\u00e9e G\u00e9n\u00e9rale du 07 octobre 2017\",\"datePublished\":\"2017-10-08T14:13:09+00:00\",\"dateModified\":\"2017-10-12T17:27:07+00:00\",\"mainEntityOfPage\":{\"@id\":\"https:\\\/\\\/laprats.fr\\\/blog\\\/assemblee-generale-07-octobre-2017\\\/\"},\"wordCount\":358,\"commentCount\":0,\"image\":{\"@id\":\"https:\\\/\\\/laprats.fr\\\/blog\\\/assemblee-generale-07-octobre-2017\\\/#primaryimage\"},\"thumbnailUrl\":\"http:\\\/\\\/laprats.fr\\\/blog\\\/wp-content\\\/uploads\\\/2017\\\/10\\\/IMG_6428.jpg\",\"articleSection\":[\"Info association\"],\"inLanguage\":\"fr-FR\",\"potentialAction\":[{\"@type\":\"CommentAction\",\"name\":\"Comment\",\"target\":[\"https:\\\/\\\/laprats.fr\\\/blog\\\/assemblee-generale-07-octobre-2017\\\/#respond\"]}]},{\"@type\":\"WebPage\",\"@id\":\"https:\\\/\\\/laprats.fr\\\/blog\\\/assemblee-generale-07-octobre-2017\\\/\",\"url\":\"https:\\\/\\\/laprats.fr\\\/blog\\\/assemblee-generale-07-octobre-2017\\\/\",\"name\":\"Assembl\u00e9e G\u00e9n\u00e9rale du 07 octobre 2017 - Bienvenue\",\"isPartOf\":{\"@id\":\"http:\\\/\\\/laprats.fr\\\/blog\\\/#website\"},\"primaryImageOfPage\":{\"@id\":\"https:\\\/\\\/laprats.fr\\\/blog\\\/assemblee-generale-07-octobre-2017\\\/#primaryimage\"},\"image\":{\"@id\":\"https:\\\/\\\/laprats.fr\\\/blog\\\/assemblee-generale-07-octobre-2017\\\/#primaryimage\"},\"thumbnailUrl\":\"http:\\\/\\\/laprats.fr\\\/blog\\\/wp-content\\\/uploads\\\/2017\\\/10\\\/IMG_6428.jpg\",\"datePublished\":\"2017-10-08T14:13:09+00:00\",\"dateModified\":\"2017-10-12T17:27:07+00:00\",\"author\":{\"@id\":\"http:\\\/\\\/laprats.fr\\\/blog\\\/#\\\/schema\\\/person\\\/90a4b4782b20a014cc9b183a4707820c\"},\"breadcrumb\":{\"@id\":\"https:\\\/\\\/laprats.fr\\\/blog\\\/assemblee-generale-07-octobre-2017\\\/#breadcrumb\"},\"inLanguage\":\"fr-FR\",\"potentialAction\":[{\"@type\":\"ReadAction\",\"target\":[\"https:\\\/\\\/laprats.fr\\\/blog\\\/assemblee-generale-07-octobre-2017\\\/\"]}]},{\"@type\":\"ImageObject\",\"inLanguage\":\"fr-FR\",\"@id\":\"https:\\\/\\\/laprats.fr\\\/blog\\\/assemblee-generale-07-octobre-2017\\\/#primaryimage\",\"url\":\"http:\\\/\\\/laprats.fr\\\/blog\\\/wp-content\\\/uploads\\\/2017\\\/10\\\/IMG_6428.jpg\",\"contentUrl\":\"http:\\\/\\\/laprats.fr\\\/blog\\\/wp-content\\\/uploads\\\/2017\\\/10\\\/IMG_6428.jpg\",\"width\":4752,\"height\":3168},{\"@type\":\"BreadcrumbList\",\"@id\":\"https:\\\/\\\/laprats.fr\\\/blog\\\/assemblee-generale-07-octobre-2017\\\/#breadcrumb\",\"itemListElement\":[{\"@type\":\"ListItem\",\"position\":1,\"name\":\"Accueil\",\"item\":\"http:\\\/\\\/laprats.fr\\\/blog\\\/\"},{\"@type\":\"ListItem\",\"position\":2,\"name\":\"Assembl\u00e9e G\u00e9n\u00e9rale du 07 octobre 2017\"}]},{\"@type\":\"WebSite\",\"@id\":\"http:\\\/\\\/laprats.fr\\\/blog\\\/#website\",\"url\":\"http:\\\/\\\/laprats.fr\\\/blog\\\/\",\"name\":\"Bienvenue\",\"description\":\"D&#039;hier et d&#039;aujourd&#039;hui ... pour demain\",\"potentialAction\":[{\"@type\":\"SearchAction\",\"target\":{\"@type\":\"EntryPoint\",\"urlTemplate\":\"http:\\\/\\\/laprats.fr\\\/blog\\\/?s={search_term_string}\"},\"query-input\":{\"@type\":\"PropertyValueSpecification\",\"valueRequired\":true,\"valueName\":\"search_term_string\"}}],\"inLanguage\":\"fr-FR\"},{\"@type\":\"Person\",\"@id\":\"http:\\\/\\\/laprats.fr\\\/blog\\\/#\\\/schema\\\/person\\\/90a4b4782b20a014cc9b183a4707820c\",\"name\":\"Pascal Gendrot\",\"image\":{\"@type\":\"ImageObject\",\"inLanguage\":\"fr-FR\",\"@id\":\"https:\\\/\\\/secure.gravatar.com\\\/avatar\\\/649cd38650031007bbd5ec3c73411225e4a69679f8049c7237814718f484b5c0?s=96&d=mm&r=g\",\"url\":\"https:\\\/\\\/secure.gravatar.com\\\/avatar\\\/649cd38650031007bbd5ec3c73411225e4a69679f8049c7237814718f484b5c0?s=96&d=mm&r=g\",\"contentUrl\":\"https:\\\/\\\/secure.gravatar.com\\\/avatar\\\/649cd38650031007bbd5ec3c73411225e4a69679f8049c7237814718f484b5c0?s=96&d=mm&r=g\",\"caption\":\"Pascal Gendrot\"}}]}<\/script>\n<!-- \/ Yoast SEO plugin. -->","yoast_head_json":{"title":"Assembl\u00e9e G\u00e9n\u00e9rale du 07 octobre 2017 - Bienvenue","robots":{"index":"index","follow":"follow","max-snippet":"max-snippet:-1","max-image-preview":"max-image-preview:large","max-video-preview":"max-video-preview:-1"},"canonical":"https:\/\/laprats.fr\/blog\/assemblee-generale-07-octobre-2017\/","og_locale":"fr_FR","og_type":"article","og_title":"Assembl\u00e9e G\u00e9n\u00e9rale du 07 octobre 2017 - Bienvenue","og_description":"Comme chaque premier samedi d&rsquo;octobre, les anciens \u00e9l\u00e8ves et personnels ont \u00e9t\u00e9 accueillis par le lyc\u00e9e \u00e0 l&rsquo;occasion de l&rsquo;AG de l&rsquo;Association. Le lyc\u00e9e avait pr\u00e9vu un petit d\u00e9jeun\u00e9 pour [&hellip;]","og_url":"https:\/\/laprats.fr\/blog\/assemblee-generale-07-octobre-2017\/","og_site_name":"Bienvenue","article_publisher":"https:\/\/fr-fr.facebook.com\/pages\/Association-La-Prats-de-Cluny\/224204740976190?sk=wall","article_published_time":"2017-10-08T14:13:09+00:00","article_modified_time":"2017-10-12T17:27:07+00:00","og_image":[{"width":1024,"height":683,"url":"https:\/\/laprats.fr\/blog\/wp-content\/uploads\/2017\/10\/IMG_6428-1024x683.jpg","type":"image\/jpeg"}],"author":"Pascal Gendrot","twitter_misc":{"\u00c9crit par":"Pascal Gendrot","Dur\u00e9e de lecture estim\u00e9e":"2 minutes"},"schema":{"@context":"https:\/\/schema.org","@graph":[{"@type":"Article","@id":"https:\/\/laprats.fr\/blog\/assemblee-generale-07-octobre-2017\/#article","isPartOf":{"@id":"https:\/\/laprats.fr\/blog\/assemblee-generale-07-octobre-2017\/"},"author":{"name":"Pascal Gendrot","@id":"http:\/\/laprats.fr\/blog\/#\/schema\/person\/90a4b4782b20a014cc9b183a4707820c"},"headline":"Assembl\u00e9e G\u00e9n\u00e9rale du 07 octobre 2017","datePublished":"2017-10-08T14:13:09+00:00","dateModified":"2017-10-12T17:27:07+00:00","mainEntityOfPage":{"@id":"https:\/\/laprats.fr\/blog\/assemblee-generale-07-octobre-2017\/"},"wordCount":358,"commentCount":0,"image":{"@id":"https:\/\/laprats.fr\/blog\/assemblee-generale-07-octobre-2017\/#primaryimage"},"thumbnailUrl":"http:\/\/laprats.fr\/blog\/wp-content\/uploads\/2017\/10\/IMG_6428.jpg","articleSection":["Info association"],"inLanguage":"fr-FR","potentialAction":[{"@type":"CommentAction","name":"Comment","target":["https:\/\/laprats.fr\/blog\/assemblee-generale-07-octobre-2017\/#respond"]}]},{"@type":"WebPage","@id":"https:\/\/laprats.fr\/blog\/assemblee-generale-07-octobre-2017\/","url":"https:\/\/laprats.fr\/blog\/assemblee-generale-07-octobre-2017\/","name":"Assembl\u00e9e G\u00e9n\u00e9rale du 07 octobre 2017 - Bienvenue","isPartOf":{"@id":"http:\/\/laprats.fr\/blog\/#website"},"primaryImageOfPage":{"@id":"https:\/\/laprats.fr\/blog\/assemblee-generale-07-octobre-2017\/#primaryimage"},"image":{"@id":"https:\/\/laprats.fr\/blog\/assemblee-generale-07-octobre-2017\/#primaryimage"},"thumbnailUrl":"http:\/\/laprats.fr\/blog\/wp-content\/uploads\/2017\/10\/IMG_6428.jpg","datePublished":"2017-10-08T14:13:09+00:00","dateModified":"2017-10-12T17:27:07+00:00","author":{"@id":"http:\/\/laprats.fr\/blog\/#\/schema\/person\/90a4b4782b20a014cc9b183a4707820c"},"breadcrumb":{"@id":"https:\/\/laprats.fr\/blog\/assemblee-generale-07-octobre-2017\/#breadcrumb"},"inLanguage":"fr-FR","potentialAction":[{"@type":"ReadAction","target":["https:\/\/laprats.fr\/blog\/assemblee-generale-07-octobre-2017\/"]}]},{"@type":"ImageObject","inLanguage":"fr-FR","@id":"https:\/\/laprats.fr\/blog\/assemblee-generale-07-octobre-2017\/#primaryimage","url":"http:\/\/laprats.fr\/blog\/wp-content\/uploads\/2017\/10\/IMG_6428.jpg","contentUrl":"http:\/\/laprats.fr\/blog\/wp-content\/uploads\/2017\/10\/IMG_6428.jpg","width":4752,"height":3168},{"@type":"BreadcrumbList","@id":"https:\/\/laprats.fr\/blog\/assemblee-generale-07-octobre-2017\/#breadcrumb","itemListElement":[{"@type":"ListItem","position":1,"name":"Accueil","item":"http:\/\/laprats.fr\/blog\/"},{"@type":"ListItem","position":2,"name":"Assembl\u00e9e G\u00e9n\u00e9rale du 07 octobre 2017"}]},{"@type":"WebSite","@id":"http:\/\/laprats.fr\/blog\/#website","url":"http:\/\/laprats.fr\/blog\/","name":"Bienvenue","description":"D&#039;hier et d&#039;aujourd&#039;hui ... pour demain","potentialAction":[{"@type":"SearchAction","target":{"@type":"EntryPoint","urlTemplate":"http:\/\/laprats.fr\/blog\/?s={search_term_string}"},"query-input":{"@type":"PropertyValueSpecification","valueRequired":true,"valueName":"search_term_string"}}],"inLanguage":"fr-FR"},{"@type":"Person","@id":"http:\/\/laprats.fr\/blog\/#\/schema\/person\/90a4b4782b20a014cc9b183a4707820c","name":"Pascal Gendrot","image":{"@type":"ImageObject","inLanguage":"fr-FR","@id":"https:\/\/secure.gravatar.com\/avatar\/649cd38650031007bbd5ec3c73411225e4a69679f8049c7237814718f484b5c0?s=96&d=mm&r=g","url":"https:\/\/secure.gravatar.com\/avatar\/649cd38650031007bbd5ec3c73411225e4a69679f8049c7237814718f484b5c0?s=96&d=mm&r=g","contentUrl":"https:\/\/secure.gravatar.com\/avatar\/649cd38650031007bbd5ec3c73411225e4a69679f8049c7237814718f484b5c0?s=96&d=mm&r=g","caption":"Pascal Gendrot"}}]}},"_links":{"self":[{"href":"http:\/\/laprats.fr\/blog\/wp-json\/wp\/v2\/posts\/1467","targetHints":{"allow":["GET"]}}],"collection":[{"href":"http:\/\/laprats.fr\/blog\/wp-json\/wp\/v2\/posts"}],"about":[{"href":"http:\/\/laprats.fr\/blog\/wp-json\/wp\/v2\/types\/post"}],"author":[{"embeddable":true,"href":"http:\/\/laprats.fr\/blog\/wp-json\/wp\/v2\/users\/6"}],"replies":[{"embeddable":true,"href":"http:\/\/laprats.fr\/blog\/wp-json\/wp\/v2\/comments?post=1467"}],"version-history":[{"count":7,"href":"http:\/\/laprats.fr\/blog\/wp-json\/wp\/v2\/posts\/1467\/revisions"}],"predecessor-version":[{"id":1483,"href":"http:\/\/laprats.fr\/blog\/wp-json\/wp\/v2\/posts\/1467\/revisions\/1483"}],"wp:featuredmedia":[{"embeddable":true,"href":"http:\/\/laprats.fr\/blog\/wp-json\/wp\/v2\/media\/1470"}],"wp:attachment":[{"href":"http:\/\/laprats.fr\/blog\/wp-json\/wp\/v2\/media?parent=1467"}],"wp:term":[{"taxonomy":"category","embeddable":true,"href":"http:\/\/laprats.fr\/blog\/wp-json\/wp\/v2\/categories?post=1467"},{"taxonomy":"post_tag","embeddable":true,"href":"http:\/\/laprats.fr\/blog\/wp-json\/wp\/v2\/tags?post=1467"}],"curies":[{"name":"wp","href":"https:\/\/api.w.org\/{rel}","templated":true}]}}