{"id":1449,"date":"2017-08-07T15:54:31","date_gmt":"2017-08-07T13:54:31","guid":{"rendered":"http:\/\/laprats.fr\/blog\/?p=1449"},"modified":"2017-08-07T15:54:31","modified_gmt":"2017-08-07T13:54:31","slug":"assemblee-generale-ordinaire-2017","status":"publish","type":"post","link":"http:\/\/laprats.fr\/blog\/assemblee-generale-ordinaire-2017\/","title":{"rendered":"Assembl\u00e9e G\u00e9n\u00e9rale Ordinaire 2017"},"content":{"rendered":"<p>Cher(e) Prat&rsquo;sien(ne),<\/p>\n<p>\u00c9l\u00e8ve, professeur ou personnel du lyc\u00e9e, tu es invit\u00e9(e) \u00e0 nous rejoindre pour l&rsquo;AGO 2017 qui se tiendra au lyc\u00e9e le samedi 7 octobre.<\/p>\n<p>Tu peux t&rsquo;inscrire pour l&rsquo;AGO en <a href=\"http:\/\/laprats.fr\/blog\/wp-content\/uploads\/2017\/08\/invit_ag_2017-inscription.pdf\">t\u00e9l\u00e9chargeant ton bulletin <\/a>ou, si tu ne peux te joindre \u00e0 nous, <a href=\"http:\/\/laprats.fr\/blog\/wp-content\/uploads\/2017\/08\/cotisation2017.pdf\">r\u00e9gler simplement ta cotisation 2017\/2018<\/a>.<\/p>\n<p>Nous te remercions par avance pour ton implication, indispensable pour le d\u00e9ploiement des projets \u00e0 venir.<\/p>\n<p>Amicalement,<\/p>\n<p>Le Vice-Pr\u00e9sident<\/p>\n","protected":false},"excerpt":{"rendered":"<p>Cher(e) Prat&rsquo;sien(ne), \u00c9l\u00e8ve, professeur ou personnel du lyc\u00e9e, tu es invit\u00e9(e) \u00e0 nous rejoindre pour l&rsquo;AGO 2017 qui se tiendra au lyc\u00e9e le samedi 7 octobre. Tu peux t&rsquo;inscrire pour <a href=\"http:\/\/laprats.fr\/blog\/assemblee-generale-ordinaire-2017\/\" class=\"more-link\">[&hellip;]<\/a><\/p>\n","protected":false},"author":6,"featured_media":0,"comment_status":"open","ping_status":"open","sticky":false,"template":"","format":"standard","meta":{"Layout":"","footnotes":""},"categories":[5],"tags":[],"class_list":["entry","author-pascal","post-1449","post","type-post","status-publish","format-standard","category-info-association"],"yoast_head":"<!-- This site is optimized with the Yoast SEO plugin v27.5 - https:\/\/yoast.com\/product\/yoast-seo-wordpress\/ -->\n<title>Assembl\u00e9e G\u00e9n\u00e9rale Ordinaire 2017 - Bienvenue<\/title>\n<meta name=\"robots\" content=\"index, follow, max-snippet:-1, max-image-preview:large, max-video-preview:-1\" \/>\n<link rel=\"canonical\" href=\"https:\/\/laprats.fr\/blog\/assemblee-generale-ordinaire-2017\/\" \/>\n<meta property=\"og:locale\" content=\"fr_FR\" \/>\n<meta property=\"og:type\" content=\"article\" \/>\n<meta property=\"og:title\" content=\"Assembl\u00e9e G\u00e9n\u00e9rale Ordinaire 2017 - Bienvenue\" \/>\n<meta property=\"og:description\" content=\"Cher(e) Prat&rsquo;sien(ne), \u00c9l\u00e8ve, professeur ou personnel du lyc\u00e9e, tu es invit\u00e9(e) \u00e0 nous rejoindre pour l&rsquo;AGO 2017 qui se tiendra au lyc\u00e9e le samedi 7 octobre. Tu peux t&rsquo;inscrire pour [&hellip;]\" \/>\n<meta property=\"og:url\" content=\"https:\/\/laprats.fr\/blog\/assemblee-generale-ordinaire-2017\/\" \/>\n<meta property=\"og:site_name\" content=\"Bienvenue\" \/>\n<meta property=\"article:publisher\" content=\"https:\/\/fr-fr.facebook.com\/pages\/Association-La-Prats-de-Cluny\/224204740976190?sk=wall\" \/>\n<meta property=\"article:published_time\" content=\"2017-08-07T13:54:31+00:00\" \/>\n<meta property=\"og:image\" content=\"http:\/\/laprats.fr\/blog\/wp-content\/uploads\/2014\/09\/fonddepage.jpg\" \/>\n\t<meta property=\"og:image:width\" content=\"200\" \/>\n\t<meta property=\"og:image:height\" content=\"200\" \/>\n\t<meta property=\"og:image:type\" content=\"image\/jpeg\" \/>\n<meta name=\"author\" content=\"Pascal Gendrot\" \/>\n<meta name=\"twitter:label1\" content=\"\u00c9crit par\" \/>\n\t<meta name=\"twitter:data1\" content=\"Pascal Gendrot\" \/>\n<script type=\"application\/ld+json\" class=\"yoast-schema-graph\">{\"@context\":\"https:\\\/\\\/schema.org\",\"@graph\":[{\"@type\":\"Article\",\"@id\":\"https:\\\/\\\/laprats.fr\\\/blog\\\/assemblee-generale-ordinaire-2017\\\/#article\",\"isPartOf\":{\"@id\":\"https:\\\/\\\/laprats.fr\\\/blog\\\/assemblee-generale-ordinaire-2017\\\/\"},\"author\":{\"name\":\"Pascal Gendrot\",\"@id\":\"http:\\\/\\\/laprats.fr\\\/blog\\\/#\\\/schema\\\/person\\\/90a4b4782b20a014cc9b183a4707820c\"},\"headline\":\"Assembl\u00e9e G\u00e9n\u00e9rale Ordinaire 2017\",\"datePublished\":\"2017-08-07T13:54:31+00:00\",\"mainEntityOfPage\":{\"@id\":\"https:\\\/\\\/laprats.fr\\\/blog\\\/assemblee-generale-ordinaire-2017\\\/\"},\"wordCount\":79,\"commentCount\":2,\"articleSection\":[\"Info association\"],\"inLanguage\":\"fr-FR\",\"potentialAction\":[{\"@type\":\"CommentAction\",\"name\":\"Comment\",\"target\":[\"https:\\\/\\\/laprats.fr\\\/blog\\\/assemblee-generale-ordinaire-2017\\\/#respond\"]}]},{\"@type\":\"WebPage\",\"@id\":\"https:\\\/\\\/laprats.fr\\\/blog\\\/assemblee-generale-ordinaire-2017\\\/\",\"url\":\"https:\\\/\\\/laprats.fr\\\/blog\\\/assemblee-generale-ordinaire-2017\\\/\",\"name\":\"Assembl\u00e9e G\u00e9n\u00e9rale Ordinaire 2017 - Bienvenue\",\"isPartOf\":{\"@id\":\"http:\\\/\\\/laprats.fr\\\/blog\\\/#website\"},\"datePublished\":\"2017-08-07T13:54:31+00:00\",\"author\":{\"@id\":\"http:\\\/\\\/laprats.fr\\\/blog\\\/#\\\/schema\\\/person\\\/90a4b4782b20a014cc9b183a4707820c\"},\"breadcrumb\":{\"@id\":\"https:\\\/\\\/laprats.fr\\\/blog\\\/assemblee-generale-ordinaire-2017\\\/#breadcrumb\"},\"inLanguage\":\"fr-FR\",\"potentialAction\":[{\"@type\":\"ReadAction\",\"target\":[\"https:\\\/\\\/laprats.fr\\\/blog\\\/assemblee-generale-ordinaire-2017\\\/\"]}]},{\"@type\":\"BreadcrumbList\",\"@id\":\"https:\\\/\\\/laprats.fr\\\/blog\\\/assemblee-generale-ordinaire-2017\\\/#breadcrumb\",\"itemListElement\":[{\"@type\":\"ListItem\",\"position\":1,\"name\":\"Accueil\",\"item\":\"http:\\\/\\\/laprats.fr\\\/blog\\\/\"},{\"@type\":\"ListItem\",\"position\":2,\"name\":\"Assembl\u00e9e G\u00e9n\u00e9rale Ordinaire 2017\"}]},{\"@type\":\"WebSite\",\"@id\":\"http:\\\/\\\/laprats.fr\\\/blog\\\/#website\",\"url\":\"http:\\\/\\\/laprats.fr\\\/blog\\\/\",\"name\":\"Bienvenue\",\"description\":\"D&#039;hier et d&#039;aujourd&#039;hui ... pour demain\",\"potentialAction\":[{\"@type\":\"SearchAction\",\"target\":{\"@type\":\"EntryPoint\",\"urlTemplate\":\"http:\\\/\\\/laprats.fr\\\/blog\\\/?s={search_term_string}\"},\"query-input\":{\"@type\":\"PropertyValueSpecification\",\"valueRequired\":true,\"valueName\":\"search_term_string\"}}],\"inLanguage\":\"fr-FR\"},{\"@type\":\"Person\",\"@id\":\"http:\\\/\\\/laprats.fr\\\/blog\\\/#\\\/schema\\\/person\\\/90a4b4782b20a014cc9b183a4707820c\",\"name\":\"Pascal Gendrot\",\"image\":{\"@type\":\"ImageObject\",\"inLanguage\":\"fr-FR\",\"@id\":\"https:\\\/\\\/secure.gravatar.com\\\/avatar\\\/649cd38650031007bbd5ec3c73411225e4a69679f8049c7237814718f484b5c0?s=96&d=mm&r=g\",\"url\":\"https:\\\/\\\/secure.gravatar.com\\\/avatar\\\/649cd38650031007bbd5ec3c73411225e4a69679f8049c7237814718f484b5c0?s=96&d=mm&r=g\",\"contentUrl\":\"https:\\\/\\\/secure.gravatar.com\\\/avatar\\\/649cd38650031007bbd5ec3c73411225e4a69679f8049c7237814718f484b5c0?s=96&d=mm&r=g\",\"caption\":\"Pascal Gendrot\"}}]}<\/script>\n<!-- \/ Yoast SEO plugin. -->","yoast_head_json":{"title":"Assembl\u00e9e G\u00e9n\u00e9rale Ordinaire 2017 - Bienvenue","robots":{"index":"index","follow":"follow","max-snippet":"max-snippet:-1","max-image-preview":"max-image-preview:large","max-video-preview":"max-video-preview:-1"},"canonical":"https:\/\/laprats.fr\/blog\/assemblee-generale-ordinaire-2017\/","og_locale":"fr_FR","og_type":"article","og_title":"Assembl\u00e9e G\u00e9n\u00e9rale Ordinaire 2017 - Bienvenue","og_description":"Cher(e) Prat&rsquo;sien(ne), \u00c9l\u00e8ve, professeur ou personnel du lyc\u00e9e, tu es invit\u00e9(e) \u00e0 nous rejoindre pour l&rsquo;AGO 2017 qui se tiendra au lyc\u00e9e le samedi 7 octobre. Tu peux t&rsquo;inscrire pour [&hellip;]","og_url":"https:\/\/laprats.fr\/blog\/assemblee-generale-ordinaire-2017\/","og_site_name":"Bienvenue","article_publisher":"https:\/\/fr-fr.facebook.com\/pages\/Association-La-Prats-de-Cluny\/224204740976190?sk=wall","article_published_time":"2017-08-07T13:54:31+00:00","og_image":[{"width":200,"height":200,"url":"http:\/\/laprats.fr\/blog\/wp-content\/uploads\/2014\/09\/fonddepage.jpg","type":"image\/jpeg"}],"author":"Pascal Gendrot","twitter_misc":{"\u00c9crit par":"Pascal Gendrot"},"schema":{"@context":"https:\/\/schema.org","@graph":[{"@type":"Article","@id":"https:\/\/laprats.fr\/blog\/assemblee-generale-ordinaire-2017\/#article","isPartOf":{"@id":"https:\/\/laprats.fr\/blog\/assemblee-generale-ordinaire-2017\/"},"author":{"name":"Pascal Gendrot","@id":"http:\/\/laprats.fr\/blog\/#\/schema\/person\/90a4b4782b20a014cc9b183a4707820c"},"headline":"Assembl\u00e9e G\u00e9n\u00e9rale Ordinaire 2017","datePublished":"2017-08-07T13:54:31+00:00","mainEntityOfPage":{"@id":"https:\/\/laprats.fr\/blog\/assemblee-generale-ordinaire-2017\/"},"wordCount":79,"commentCount":2,"articleSection":["Info association"],"inLanguage":"fr-FR","potentialAction":[{"@type":"CommentAction","name":"Comment","target":["https:\/\/laprats.fr\/blog\/assemblee-generale-ordinaire-2017\/#respond"]}]},{"@type":"WebPage","@id":"https:\/\/laprats.fr\/blog\/assemblee-generale-ordinaire-2017\/","url":"https:\/\/laprats.fr\/blog\/assemblee-generale-ordinaire-2017\/","name":"Assembl\u00e9e G\u00e9n\u00e9rale Ordinaire 2017 - Bienvenue","isPartOf":{"@id":"http:\/\/laprats.fr\/blog\/#website"},"datePublished":"2017-08-07T13:54:31+00:00","author":{"@id":"http:\/\/laprats.fr\/blog\/#\/schema\/person\/90a4b4782b20a014cc9b183a4707820c"},"breadcrumb":{"@id":"https:\/\/laprats.fr\/blog\/assemblee-generale-ordinaire-2017\/#breadcrumb"},"inLanguage":"fr-FR","potentialAction":[{"@type":"ReadAction","target":["https:\/\/laprats.fr\/blog\/assemblee-generale-ordinaire-2017\/"]}]},{"@type":"BreadcrumbList","@id":"https:\/\/laprats.fr\/blog\/assemblee-generale-ordinaire-2017\/#breadcrumb","itemListElement":[{"@type":"ListItem","position":1,"name":"Accueil","item":"http:\/\/laprats.fr\/blog\/"},{"@type":"ListItem","position":2,"name":"Assembl\u00e9e G\u00e9n\u00e9rale Ordinaire 2017"}]},{"@type":"WebSite","@id":"http:\/\/laprats.fr\/blog\/#website","url":"http:\/\/laprats.fr\/blog\/","name":"Bienvenue","description":"D&#039;hier et d&#039;aujourd&#039;hui ... pour demain","potentialAction":[{"@type":"SearchAction","target":{"@type":"EntryPoint","urlTemplate":"http:\/\/laprats.fr\/blog\/?s={search_term_string}"},"query-input":{"@type":"PropertyValueSpecification","valueRequired":true,"valueName":"search_term_string"}}],"inLanguage":"fr-FR"},{"@type":"Person","@id":"http:\/\/laprats.fr\/blog\/#\/schema\/person\/90a4b4782b20a014cc9b183a4707820c","name":"Pascal Gendrot","image":{"@type":"ImageObject","inLanguage":"fr-FR","@id":"https:\/\/secure.gravatar.com\/avatar\/649cd38650031007bbd5ec3c73411225e4a69679f8049c7237814718f484b5c0?s=96&d=mm&r=g","url":"https:\/\/secure.gravatar.com\/avatar\/649cd38650031007bbd5ec3c73411225e4a69679f8049c7237814718f484b5c0?s=96&d=mm&r=g","contentUrl":"https:\/\/secure.gravatar.com\/avatar\/649cd38650031007bbd5ec3c73411225e4a69679f8049c7237814718f484b5c0?s=96&d=mm&r=g","caption":"Pascal Gendrot"}}]}},"_links":{"self":[{"href":"http:\/\/laprats.fr\/blog\/wp-json\/wp\/v2\/posts\/1449","targetHints":{"allow":["GET"]}}],"collection":[{"href":"http:\/\/laprats.fr\/blog\/wp-json\/wp\/v2\/posts"}],"about":[{"href":"http:\/\/laprats.fr\/blog\/wp-json\/wp\/v2\/types\/post"}],"author":[{"embeddable":true,"href":"http:\/\/laprats.fr\/blog\/wp-json\/wp\/v2\/users\/6"}],"replies":[{"embeddable":true,"href":"http:\/\/laprats.fr\/blog\/wp-json\/wp\/v2\/comments?post=1449"}],"version-history":[{"count":2,"href":"http:\/\/laprats.fr\/blog\/wp-json\/wp\/v2\/posts\/1449\/revisions"}],"predecessor-version":[{"id":1453,"href":"http:\/\/laprats.fr\/blog\/wp-json\/wp\/v2\/posts\/1449\/revisions\/1453"}],"wp:attachment":[{"href":"http:\/\/laprats.fr\/blog\/wp-json\/wp\/v2\/media?parent=1449"}],"wp:term":[{"taxonomy":"category","embeddable":true,"href":"http:\/\/laprats.fr\/blog\/wp-json\/wp\/v2\/categories?post=1449"},{"taxonomy":"post_tag","embeddable":true,"href":"http:\/\/laprats.fr\/blog\/wp-json\/wp\/v2\/tags?post=1449"}],"curies":[{"name":"wp","href":"https:\/\/api.w.org\/{rel}","templated":true}]}}