{"id":1423,"date":"2017-02-08T18:53:31","date_gmt":"2017-02-08T17:53:31","guid":{"rendered":"http:\/\/laprats.fr\/blog\/?p=1423"},"modified":"2017-02-08T18:53:31","modified_gmt":"2017-02-08T17:53:31","slug":"developpement-durable-lycee-eleves-se-mobilisent","status":"publish","type":"post","link":"http:\/\/laprats.fr\/blog\/developpement-durable-lycee-eleves-se-mobilisent\/","title":{"rendered":"D\u00e9veloppement durable au lyc\u00e9e, des \u00e9l\u00e8ves se mobilisent"},"content":{"rendered":"<p><a href=\"http:\/\/laprats.fr\/blog\/wp-content\/uploads\/2017\/02\/201702-herbesfolles.jpg\"><img loading=\"lazy\" decoding=\"async\" class=\"alignnone  wp-image-1422\" src=\"http:\/\/laprats.fr\/blog\/wp-content\/uploads\/2017\/02\/201702-herbesfolles-300x161.jpg\" alt=\"\" width=\"682\" height=\"366\" srcset=\"http:\/\/laprats.fr\/blog\/wp-content\/uploads\/2017\/02\/201702-herbesfolles-300x161.jpg 300w, http:\/\/laprats.fr\/blog\/wp-content\/uploads\/2017\/02\/201702-herbesfolles-768x411.jpg 768w, http:\/\/laprats.fr\/blog\/wp-content\/uploads\/2017\/02\/201702-herbesfolles.jpg 794w\" sizes=\"auto, (max-width: 682px) 100vw, 682px\" \/><\/a><\/p>\n","protected":false},"excerpt":{"rendered":"","protected":false},"author":6,"featured_media":0,"comment_status":"open","ping_status":"open","sticky":false,"template":"","format":"standard","meta":{"Layout":"","footnotes":""},"categories":[4],"tags":[],"class_list":["entry","author-pascal","post-1423","post","type-post","status-publish","format-standard","category-info-prats"],"yoast_head":"<!-- This site is optimized with the Yoast SEO plugin v27.5 - https:\/\/yoast.com\/product\/yoast-seo-wordpress\/ -->\n<title>D\u00e9veloppement durable au lyc\u00e9e, des \u00e9l\u00e8ves se mobilisent - Bienvenue<\/title>\n<meta name=\"robots\" content=\"index, follow, max-snippet:-1, max-image-preview:large, max-video-preview:-1\" \/>\n<link rel=\"canonical\" href=\"https:\/\/laprats.fr\/blog\/developpement-durable-lycee-eleves-se-mobilisent\/\" \/>\n<meta property=\"og:locale\" content=\"fr_FR\" \/>\n<meta property=\"og:type\" content=\"article\" \/>\n<meta property=\"og:title\" content=\"D\u00e9veloppement durable au lyc\u00e9e, des \u00e9l\u00e8ves se mobilisent - Bienvenue\" \/>\n<meta property=\"og:url\" content=\"https:\/\/laprats.fr\/blog\/developpement-durable-lycee-eleves-se-mobilisent\/\" \/>\n<meta property=\"og:site_name\" content=\"Bienvenue\" \/>\n<meta property=\"article:publisher\" content=\"https:\/\/fr-fr.facebook.com\/pages\/Association-La-Prats-de-Cluny\/224204740976190?sk=wall\" \/>\n<meta property=\"article:published_time\" content=\"2017-02-08T17:53:31+00:00\" \/>\n<meta property=\"og:image\" content=\"http:\/\/laprats.fr\/blog\/wp-content\/uploads\/2017\/02\/201702-herbesfolles-300x161.jpg\" \/>\n<meta name=\"author\" content=\"Pascal Gendrot\" \/>\n<meta name=\"twitter:label1\" content=\"\u00c9crit par\" \/>\n\t<meta name=\"twitter:data1\" content=\"Pascal Gendrot\" \/>\n<script type=\"application\/ld+json\" class=\"yoast-schema-graph\">{\"@context\":\"https:\\\/\\\/schema.org\",\"@graph\":[{\"@type\":\"Article\",\"@id\":\"https:\\\/\\\/laprats.fr\\\/blog\\\/developpement-durable-lycee-eleves-se-mobilisent\\\/#article\",\"isPartOf\":{\"@id\":\"https:\\\/\\\/laprats.fr\\\/blog\\\/developpement-durable-lycee-eleves-se-mobilisent\\\/\"},\"author\":{\"name\":\"Pascal Gendrot\",\"@id\":\"http:\\\/\\\/laprats.fr\\\/blog\\\/#\\\/schema\\\/person\\\/90a4b4782b20a014cc9b183a4707820c\"},\"headline\":\"D\u00e9veloppement durable au lyc\u00e9e, des \u00e9l\u00e8ves se mobilisent\",\"datePublished\":\"2017-02-08T17:53:31+00:00\",\"mainEntityOfPage\":{\"@id\":\"https:\\\/\\\/laprats.fr\\\/blog\\\/developpement-durable-lycee-eleves-se-mobilisent\\\/\"},\"wordCount\":11,\"commentCount\":0,\"image\":{\"@id\":\"https:\\\/\\\/laprats.fr\\\/blog\\\/developpement-durable-lycee-eleves-se-mobilisent\\\/#primaryimage\"},\"thumbnailUrl\":\"http:\\\/\\\/laprats.fr\\\/blog\\\/wp-content\\\/uploads\\\/2017\\\/02\\\/201702-herbesfolles-300x161.jpg\",\"articleSection\":[\"Info Prat's\"],\"inLanguage\":\"fr-FR\",\"potentialAction\":[{\"@type\":\"CommentAction\",\"name\":\"Comment\",\"target\":[\"https:\\\/\\\/laprats.fr\\\/blog\\\/developpement-durable-lycee-eleves-se-mobilisent\\\/#respond\"]}]},{\"@type\":\"WebPage\",\"@id\":\"https:\\\/\\\/laprats.fr\\\/blog\\\/developpement-durable-lycee-eleves-se-mobilisent\\\/\",\"url\":\"https:\\\/\\\/laprats.fr\\\/blog\\\/developpement-durable-lycee-eleves-se-mobilisent\\\/\",\"name\":\"D\u00e9veloppement durable au lyc\u00e9e, des \u00e9l\u00e8ves se mobilisent - Bienvenue\",\"isPartOf\":{\"@id\":\"http:\\\/\\\/laprats.fr\\\/blog\\\/#website\"},\"primaryImageOfPage\":{\"@id\":\"https:\\\/\\\/laprats.fr\\\/blog\\\/developpement-durable-lycee-eleves-se-mobilisent\\\/#primaryimage\"},\"image\":{\"@id\":\"https:\\\/\\\/laprats.fr\\\/blog\\\/developpement-durable-lycee-eleves-se-mobilisent\\\/#primaryimage\"},\"thumbnailUrl\":\"http:\\\/\\\/laprats.fr\\\/blog\\\/wp-content\\\/uploads\\\/2017\\\/02\\\/201702-herbesfolles-300x161.jpg\",\"datePublished\":\"2017-02-08T17:53:31+00:00\",\"author\":{\"@id\":\"http:\\\/\\\/laprats.fr\\\/blog\\\/#\\\/schema\\\/person\\\/90a4b4782b20a014cc9b183a4707820c\"},\"breadcrumb\":{\"@id\":\"https:\\\/\\\/laprats.fr\\\/blog\\\/developpement-durable-lycee-eleves-se-mobilisent\\\/#breadcrumb\"},\"inLanguage\":\"fr-FR\",\"potentialAction\":[{\"@type\":\"ReadAction\",\"target\":[\"https:\\\/\\\/laprats.fr\\\/blog\\\/developpement-durable-lycee-eleves-se-mobilisent\\\/\"]}]},{\"@type\":\"ImageObject\",\"inLanguage\":\"fr-FR\",\"@id\":\"https:\\\/\\\/laprats.fr\\\/blog\\\/developpement-durable-lycee-eleves-se-mobilisent\\\/#primaryimage\",\"url\":\"http:\\\/\\\/laprats.fr\\\/blog\\\/wp-content\\\/uploads\\\/2017\\\/02\\\/201702-herbesfolles.jpg\",\"contentUrl\":\"http:\\\/\\\/laprats.fr\\\/blog\\\/wp-content\\\/uploads\\\/2017\\\/02\\\/201702-herbesfolles.jpg\",\"width\":794,\"height\":425},{\"@type\":\"BreadcrumbList\",\"@id\":\"https:\\\/\\\/laprats.fr\\\/blog\\\/developpement-durable-lycee-eleves-se-mobilisent\\\/#breadcrumb\",\"itemListElement\":[{\"@type\":\"ListItem\",\"position\":1,\"name\":\"Accueil\",\"item\":\"http:\\\/\\\/laprats.fr\\\/blog\\\/\"},{\"@type\":\"ListItem\",\"position\":2,\"name\":\"D\u00e9veloppement durable au lyc\u00e9e, des \u00e9l\u00e8ves se mobilisent\"}]},{\"@type\":\"WebSite\",\"@id\":\"http:\\\/\\\/laprats.fr\\\/blog\\\/#website\",\"url\":\"http:\\\/\\\/laprats.fr\\\/blog\\\/\",\"name\":\"Bienvenue\",\"description\":\"D&#039;hier et d&#039;aujourd&#039;hui ... pour demain\",\"potentialAction\":[{\"@type\":\"SearchAction\",\"target\":{\"@type\":\"EntryPoint\",\"urlTemplate\":\"http:\\\/\\\/laprats.fr\\\/blog\\\/?s={search_term_string}\"},\"query-input\":{\"@type\":\"PropertyValueSpecification\",\"valueRequired\":true,\"valueName\":\"search_term_string\"}}],\"inLanguage\":\"fr-FR\"},{\"@type\":\"Person\",\"@id\":\"http:\\\/\\\/laprats.fr\\\/blog\\\/#\\\/schema\\\/person\\\/90a4b4782b20a014cc9b183a4707820c\",\"name\":\"Pascal Gendrot\",\"image\":{\"@type\":\"ImageObject\",\"inLanguage\":\"fr-FR\",\"@id\":\"https:\\\/\\\/secure.gravatar.com\\\/avatar\\\/649cd38650031007bbd5ec3c73411225e4a69679f8049c7237814718f484b5c0?s=96&d=mm&r=g\",\"url\":\"https:\\\/\\\/secure.gravatar.com\\\/avatar\\\/649cd38650031007bbd5ec3c73411225e4a69679f8049c7237814718f484b5c0?s=96&d=mm&r=g\",\"contentUrl\":\"https:\\\/\\\/secure.gravatar.com\\\/avatar\\\/649cd38650031007bbd5ec3c73411225e4a69679f8049c7237814718f484b5c0?s=96&d=mm&r=g\",\"caption\":\"Pascal Gendrot\"}}]}<\/script>\n<!-- \/ Yoast SEO plugin. -->","yoast_head_json":{"title":"D\u00e9veloppement durable au lyc\u00e9e, des \u00e9l\u00e8ves se mobilisent - Bienvenue","robots":{"index":"index","follow":"follow","max-snippet":"max-snippet:-1","max-image-preview":"max-image-preview:large","max-video-preview":"max-video-preview:-1"},"canonical":"https:\/\/laprats.fr\/blog\/developpement-durable-lycee-eleves-se-mobilisent\/","og_locale":"fr_FR","og_type":"article","og_title":"D\u00e9veloppement durable au lyc\u00e9e, des \u00e9l\u00e8ves se mobilisent - Bienvenue","og_url":"https:\/\/laprats.fr\/blog\/developpement-durable-lycee-eleves-se-mobilisent\/","og_site_name":"Bienvenue","article_publisher":"https:\/\/fr-fr.facebook.com\/pages\/Association-La-Prats-de-Cluny\/224204740976190?sk=wall","article_published_time":"2017-02-08T17:53:31+00:00","og_image":[{"url":"http:\/\/laprats.fr\/blog\/wp-content\/uploads\/2017\/02\/201702-herbesfolles-300x161.jpg","type":"","width":"","height":""}],"author":"Pascal Gendrot","twitter_misc":{"\u00c9crit par":"Pascal Gendrot"},"schema":{"@context":"https:\/\/schema.org","@graph":[{"@type":"Article","@id":"https:\/\/laprats.fr\/blog\/developpement-durable-lycee-eleves-se-mobilisent\/#article","isPartOf":{"@id":"https:\/\/laprats.fr\/blog\/developpement-durable-lycee-eleves-se-mobilisent\/"},"author":{"name":"Pascal Gendrot","@id":"http:\/\/laprats.fr\/blog\/#\/schema\/person\/90a4b4782b20a014cc9b183a4707820c"},"headline":"D\u00e9veloppement durable au lyc\u00e9e, des \u00e9l\u00e8ves se mobilisent","datePublished":"2017-02-08T17:53:31+00:00","mainEntityOfPage":{"@id":"https:\/\/laprats.fr\/blog\/developpement-durable-lycee-eleves-se-mobilisent\/"},"wordCount":11,"commentCount":0,"image":{"@id":"https:\/\/laprats.fr\/blog\/developpement-durable-lycee-eleves-se-mobilisent\/#primaryimage"},"thumbnailUrl":"http:\/\/laprats.fr\/blog\/wp-content\/uploads\/2017\/02\/201702-herbesfolles-300x161.jpg","articleSection":["Info Prat's"],"inLanguage":"fr-FR","potentialAction":[{"@type":"CommentAction","name":"Comment","target":["https:\/\/laprats.fr\/blog\/developpement-durable-lycee-eleves-se-mobilisent\/#respond"]}]},{"@type":"WebPage","@id":"https:\/\/laprats.fr\/blog\/developpement-durable-lycee-eleves-se-mobilisent\/","url":"https:\/\/laprats.fr\/blog\/developpement-durable-lycee-eleves-se-mobilisent\/","name":"D\u00e9veloppement durable au lyc\u00e9e, des \u00e9l\u00e8ves se mobilisent - Bienvenue","isPartOf":{"@id":"http:\/\/laprats.fr\/blog\/#website"},"primaryImageOfPage":{"@id":"https:\/\/laprats.fr\/blog\/developpement-durable-lycee-eleves-se-mobilisent\/#primaryimage"},"image":{"@id":"https:\/\/laprats.fr\/blog\/developpement-durable-lycee-eleves-se-mobilisent\/#primaryimage"},"thumbnailUrl":"http:\/\/laprats.fr\/blog\/wp-content\/uploads\/2017\/02\/201702-herbesfolles-300x161.jpg","datePublished":"2017-02-08T17:53:31+00:00","author":{"@id":"http:\/\/laprats.fr\/blog\/#\/schema\/person\/90a4b4782b20a014cc9b183a4707820c"},"breadcrumb":{"@id":"https:\/\/laprats.fr\/blog\/developpement-durable-lycee-eleves-se-mobilisent\/#breadcrumb"},"inLanguage":"fr-FR","potentialAction":[{"@type":"ReadAction","target":["https:\/\/laprats.fr\/blog\/developpement-durable-lycee-eleves-se-mobilisent\/"]}]},{"@type":"ImageObject","inLanguage":"fr-FR","@id":"https:\/\/laprats.fr\/blog\/developpement-durable-lycee-eleves-se-mobilisent\/#primaryimage","url":"http:\/\/laprats.fr\/blog\/wp-content\/uploads\/2017\/02\/201702-herbesfolles.jpg","contentUrl":"http:\/\/laprats.fr\/blog\/wp-content\/uploads\/2017\/02\/201702-herbesfolles.jpg","width":794,"height":425},{"@type":"BreadcrumbList","@id":"https:\/\/laprats.fr\/blog\/developpement-durable-lycee-eleves-se-mobilisent\/#breadcrumb","itemListElement":[{"@type":"ListItem","position":1,"name":"Accueil","item":"http:\/\/laprats.fr\/blog\/"},{"@type":"ListItem","position":2,"name":"D\u00e9veloppement durable au lyc\u00e9e, des \u00e9l\u00e8ves se mobilisent"}]},{"@type":"WebSite","@id":"http:\/\/laprats.fr\/blog\/#website","url":"http:\/\/laprats.fr\/blog\/","name":"Bienvenue","description":"D&#039;hier et d&#039;aujourd&#039;hui ... pour demain","potentialAction":[{"@type":"SearchAction","target":{"@type":"EntryPoint","urlTemplate":"http:\/\/laprats.fr\/blog\/?s={search_term_string}"},"query-input":{"@type":"PropertyValueSpecification","valueRequired":true,"valueName":"search_term_string"}}],"inLanguage":"fr-FR"},{"@type":"Person","@id":"http:\/\/laprats.fr\/blog\/#\/schema\/person\/90a4b4782b20a014cc9b183a4707820c","name":"Pascal Gendrot","image":{"@type":"ImageObject","inLanguage":"fr-FR","@id":"https:\/\/secure.gravatar.com\/avatar\/649cd38650031007bbd5ec3c73411225e4a69679f8049c7237814718f484b5c0?s=96&d=mm&r=g","url":"https:\/\/secure.gravatar.com\/avatar\/649cd38650031007bbd5ec3c73411225e4a69679f8049c7237814718f484b5c0?s=96&d=mm&r=g","contentUrl":"https:\/\/secure.gravatar.com\/avatar\/649cd38650031007bbd5ec3c73411225e4a69679f8049c7237814718f484b5c0?s=96&d=mm&r=g","caption":"Pascal Gendrot"}}]}},"_links":{"self":[{"href":"http:\/\/laprats.fr\/blog\/wp-json\/wp\/v2\/posts\/1423","targetHints":{"allow":["GET"]}}],"collection":[{"href":"http:\/\/laprats.fr\/blog\/wp-json\/wp\/v2\/posts"}],"about":[{"href":"http:\/\/laprats.fr\/blog\/wp-json\/wp\/v2\/types\/post"}],"author":[{"embeddable":true,"href":"http:\/\/laprats.fr\/blog\/wp-json\/wp\/v2\/users\/6"}],"replies":[{"embeddable":true,"href":"http:\/\/laprats.fr\/blog\/wp-json\/wp\/v2\/comments?post=1423"}],"version-history":[{"count":1,"href":"http:\/\/laprats.fr\/blog\/wp-json\/wp\/v2\/posts\/1423\/revisions"}],"predecessor-version":[{"id":1424,"href":"http:\/\/laprats.fr\/blog\/wp-json\/wp\/v2\/posts\/1423\/revisions\/1424"}],"wp:attachment":[{"href":"http:\/\/laprats.fr\/blog\/wp-json\/wp\/v2\/media?parent=1423"}],"wp:term":[{"taxonomy":"category","embeddable":true,"href":"http:\/\/laprats.fr\/blog\/wp-json\/wp\/v2\/categories?post=1423"},{"taxonomy":"post_tag","embeddable":true,"href":"http:\/\/laprats.fr\/blog\/wp-json\/wp\/v2\/tags?post=1423"}],"curies":[{"name":"wp","href":"https:\/\/api.w.org\/{rel}","templated":true}]}}