{"id":1396,"date":"2016-11-27T16:00:47","date_gmt":"2016-11-27T15:00:47","guid":{"rendered":"http:\/\/laprats.fr\/blog\/?p=1396"},"modified":"2016-11-27T16:00:47","modified_gmt":"2016-11-27T15:00:47","slug":"eleves-se-mobilisent-lecologie","status":"publish","type":"post","link":"http:\/\/laprats.fr\/blog\/eleves-se-mobilisent-lecologie\/","title":{"rendered":"Les \u00e9l\u00e8ves se mobilisent pour l&rsquo;\u00e9cologie"},"content":{"rendered":"<p>Les \u00e9l\u00e8ves de l&rsquo;association les \u00ab\u00a0herbes folles\u00a0\u00bb du lyc\u00e9e d\u00e9filent \u00e0 la Ressourcerie de Cluny sur <a href=\"http:\/\/www.cluny.tv\/defile-de-mode-a-la-ressourcerie-de-cluny\/\" target=\"_blank\">CLUNY.TV <\/a>(dans le cadre de la semaine europ\u00e9enne de r\u00e9duction des d\u00e9chets).<\/p>\n","protected":false},"excerpt":{"rendered":"<p>Les \u00e9l\u00e8ves de l&rsquo;association les \u00ab\u00a0herbes folles\u00a0\u00bb du lyc\u00e9e d\u00e9filent \u00e0 la Ressourcerie de Cluny sur CLUNY.TV (dans le cadre de la semaine europ\u00e9enne de r\u00e9duction des d\u00e9chets).<\/p>\n","protected":false},"author":6,"featured_media":1397,"comment_status":"open","ping_status":"open","sticky":false,"template":"","format":"standard","meta":{"Layout":"","footnotes":""},"categories":[5],"tags":[],"class_list":["entry","author-pascal","post-1396","post","type-post","status-publish","format-standard","has-post-thumbnail","category-info-association"],"yoast_head":"<!-- This site is optimized with the Yoast SEO plugin v27.5 - https:\/\/yoast.com\/product\/yoast-seo-wordpress\/ -->\n<title>Les \u00e9l\u00e8ves se mobilisent pour l&#039;\u00e9cologie - Bienvenue<\/title>\n<meta name=\"robots\" content=\"index, follow, max-snippet:-1, max-image-preview:large, max-video-preview:-1\" \/>\n<link rel=\"canonical\" href=\"https:\/\/laprats.fr\/blog\/eleves-se-mobilisent-lecologie\/\" \/>\n<meta property=\"og:locale\" content=\"fr_FR\" \/>\n<meta property=\"og:type\" content=\"article\" \/>\n<meta property=\"og:title\" content=\"Les \u00e9l\u00e8ves se mobilisent pour l&#039;\u00e9cologie - Bienvenue\" \/>\n<meta property=\"og:description\" content=\"Les \u00e9l\u00e8ves de l&rsquo;association les \u00ab\u00a0herbes folles\u00a0\u00bb du lyc\u00e9e d\u00e9filent \u00e0 la Ressourcerie de Cluny sur CLUNY.TV (dans le cadre de la semaine europ\u00e9enne de r\u00e9duction des d\u00e9chets).\" \/>\n<meta property=\"og:url\" content=\"https:\/\/laprats.fr\/blog\/eleves-se-mobilisent-lecologie\/\" \/>\n<meta property=\"og:site_name\" content=\"Bienvenue\" \/>\n<meta property=\"article:publisher\" content=\"https:\/\/fr-fr.facebook.com\/pages\/Association-La-Prats-de-Cluny\/224204740976190?sk=wall\" \/>\n<meta property=\"article:published_time\" content=\"2016-11-27T15:00:47+00:00\" \/>\n<meta property=\"og:image\" content=\"https:\/\/laprats.fr\/blog\/wp-content\/uploads\/2016\/11\/2016-11-27_15h57_39.png\" \/>\n\t<meta property=\"og:image:width\" content=\"555\" \/>\n\t<meta property=\"og:image:height\" content=\"308\" \/>\n\t<meta property=\"og:image:type\" content=\"image\/png\" \/>\n<meta name=\"author\" content=\"Pascal Gendrot\" \/>\n<meta name=\"twitter:label1\" content=\"\u00c9crit par\" \/>\n\t<meta name=\"twitter:data1\" content=\"Pascal Gendrot\" \/>\n<script type=\"application\/ld+json\" class=\"yoast-schema-graph\">{\"@context\":\"https:\\\/\\\/schema.org\",\"@graph\":[{\"@type\":\"Article\",\"@id\":\"https:\\\/\\\/laprats.fr\\\/blog\\\/eleves-se-mobilisent-lecologie\\\/#article\",\"isPartOf\":{\"@id\":\"https:\\\/\\\/laprats.fr\\\/blog\\\/eleves-se-mobilisent-lecologie\\\/\"},\"author\":{\"name\":\"Pascal Gendrot\",\"@id\":\"http:\\\/\\\/laprats.fr\\\/blog\\\/#\\\/schema\\\/person\\\/90a4b4782b20a014cc9b183a4707820c\"},\"headline\":\"Les \u00e9l\u00e8ves se mobilisent pour l&rsquo;\u00e9cologie\",\"datePublished\":\"2016-11-27T15:00:47+00:00\",\"mainEntityOfPage\":{\"@id\":\"https:\\\/\\\/laprats.fr\\\/blog\\\/eleves-se-mobilisent-lecologie\\\/\"},\"wordCount\":42,\"commentCount\":0,\"image\":{\"@id\":\"https:\\\/\\\/laprats.fr\\\/blog\\\/eleves-se-mobilisent-lecologie\\\/#primaryimage\"},\"thumbnailUrl\":\"http:\\\/\\\/laprats.fr\\\/blog\\\/wp-content\\\/uploads\\\/2016\\\/11\\\/2016-11-27_15h57_39.png\",\"articleSection\":[\"Info association\"],\"inLanguage\":\"fr-FR\",\"potentialAction\":[{\"@type\":\"CommentAction\",\"name\":\"Comment\",\"target\":[\"https:\\\/\\\/laprats.fr\\\/blog\\\/eleves-se-mobilisent-lecologie\\\/#respond\"]}]},{\"@type\":\"WebPage\",\"@id\":\"https:\\\/\\\/laprats.fr\\\/blog\\\/eleves-se-mobilisent-lecologie\\\/\",\"url\":\"https:\\\/\\\/laprats.fr\\\/blog\\\/eleves-se-mobilisent-lecologie\\\/\",\"name\":\"Les \u00e9l\u00e8ves se mobilisent pour l'\u00e9cologie - Bienvenue\",\"isPartOf\":{\"@id\":\"http:\\\/\\\/laprats.fr\\\/blog\\\/#website\"},\"primaryImageOfPage\":{\"@id\":\"https:\\\/\\\/laprats.fr\\\/blog\\\/eleves-se-mobilisent-lecologie\\\/#primaryimage\"},\"image\":{\"@id\":\"https:\\\/\\\/laprats.fr\\\/blog\\\/eleves-se-mobilisent-lecologie\\\/#primaryimage\"},\"thumbnailUrl\":\"http:\\\/\\\/laprats.fr\\\/blog\\\/wp-content\\\/uploads\\\/2016\\\/11\\\/2016-11-27_15h57_39.png\",\"datePublished\":\"2016-11-27T15:00:47+00:00\",\"author\":{\"@id\":\"http:\\\/\\\/laprats.fr\\\/blog\\\/#\\\/schema\\\/person\\\/90a4b4782b20a014cc9b183a4707820c\"},\"breadcrumb\":{\"@id\":\"https:\\\/\\\/laprats.fr\\\/blog\\\/eleves-se-mobilisent-lecologie\\\/#breadcrumb\"},\"inLanguage\":\"fr-FR\",\"potentialAction\":[{\"@type\":\"ReadAction\",\"target\":[\"https:\\\/\\\/laprats.fr\\\/blog\\\/eleves-se-mobilisent-lecologie\\\/\"]}]},{\"@type\":\"ImageObject\",\"inLanguage\":\"fr-FR\",\"@id\":\"https:\\\/\\\/laprats.fr\\\/blog\\\/eleves-se-mobilisent-lecologie\\\/#primaryimage\",\"url\":\"http:\\\/\\\/laprats.fr\\\/blog\\\/wp-content\\\/uploads\\\/2016\\\/11\\\/2016-11-27_15h57_39.png\",\"contentUrl\":\"http:\\\/\\\/laprats.fr\\\/blog\\\/wp-content\\\/uploads\\\/2016\\\/11\\\/2016-11-27_15h57_39.png\",\"width\":555,\"height\":308},{\"@type\":\"BreadcrumbList\",\"@id\":\"https:\\\/\\\/laprats.fr\\\/blog\\\/eleves-se-mobilisent-lecologie\\\/#breadcrumb\",\"itemListElement\":[{\"@type\":\"ListItem\",\"position\":1,\"name\":\"Accueil\",\"item\":\"http:\\\/\\\/laprats.fr\\\/blog\\\/\"},{\"@type\":\"ListItem\",\"position\":2,\"name\":\"Les \u00e9l\u00e8ves se mobilisent pour l&rsquo;\u00e9cologie\"}]},{\"@type\":\"WebSite\",\"@id\":\"http:\\\/\\\/laprats.fr\\\/blog\\\/#website\",\"url\":\"http:\\\/\\\/laprats.fr\\\/blog\\\/\",\"name\":\"Bienvenue\",\"description\":\"D&#039;hier et d&#039;aujourd&#039;hui ... pour demain\",\"potentialAction\":[{\"@type\":\"SearchAction\",\"target\":{\"@type\":\"EntryPoint\",\"urlTemplate\":\"http:\\\/\\\/laprats.fr\\\/blog\\\/?s={search_term_string}\"},\"query-input\":{\"@type\":\"PropertyValueSpecification\",\"valueRequired\":true,\"valueName\":\"search_term_string\"}}],\"inLanguage\":\"fr-FR\"},{\"@type\":\"Person\",\"@id\":\"http:\\\/\\\/laprats.fr\\\/blog\\\/#\\\/schema\\\/person\\\/90a4b4782b20a014cc9b183a4707820c\",\"name\":\"Pascal Gendrot\",\"image\":{\"@type\":\"ImageObject\",\"inLanguage\":\"fr-FR\",\"@id\":\"https:\\\/\\\/secure.gravatar.com\\\/avatar\\\/649cd38650031007bbd5ec3c73411225e4a69679f8049c7237814718f484b5c0?s=96&d=mm&r=g\",\"url\":\"https:\\\/\\\/secure.gravatar.com\\\/avatar\\\/649cd38650031007bbd5ec3c73411225e4a69679f8049c7237814718f484b5c0?s=96&d=mm&r=g\",\"contentUrl\":\"https:\\\/\\\/secure.gravatar.com\\\/avatar\\\/649cd38650031007bbd5ec3c73411225e4a69679f8049c7237814718f484b5c0?s=96&d=mm&r=g\",\"caption\":\"Pascal Gendrot\"}}]}<\/script>\n<!-- \/ Yoast SEO plugin. -->","yoast_head_json":{"title":"Les \u00e9l\u00e8ves se mobilisent pour l'\u00e9cologie - Bienvenue","robots":{"index":"index","follow":"follow","max-snippet":"max-snippet:-1","max-image-preview":"max-image-preview:large","max-video-preview":"max-video-preview:-1"},"canonical":"https:\/\/laprats.fr\/blog\/eleves-se-mobilisent-lecologie\/","og_locale":"fr_FR","og_type":"article","og_title":"Les \u00e9l\u00e8ves se mobilisent pour l'\u00e9cologie - Bienvenue","og_description":"Les \u00e9l\u00e8ves de l&rsquo;association les \u00ab\u00a0herbes folles\u00a0\u00bb du lyc\u00e9e d\u00e9filent \u00e0 la Ressourcerie de Cluny sur CLUNY.TV (dans le cadre de la semaine europ\u00e9enne de r\u00e9duction des d\u00e9chets).","og_url":"https:\/\/laprats.fr\/blog\/eleves-se-mobilisent-lecologie\/","og_site_name":"Bienvenue","article_publisher":"https:\/\/fr-fr.facebook.com\/pages\/Association-La-Prats-de-Cluny\/224204740976190?sk=wall","article_published_time":"2016-11-27T15:00:47+00:00","og_image":[{"width":555,"height":308,"url":"https:\/\/laprats.fr\/blog\/wp-content\/uploads\/2016\/11\/2016-11-27_15h57_39.png","type":"image\/png"}],"author":"Pascal Gendrot","twitter_misc":{"\u00c9crit par":"Pascal Gendrot"},"schema":{"@context":"https:\/\/schema.org","@graph":[{"@type":"Article","@id":"https:\/\/laprats.fr\/blog\/eleves-se-mobilisent-lecologie\/#article","isPartOf":{"@id":"https:\/\/laprats.fr\/blog\/eleves-se-mobilisent-lecologie\/"},"author":{"name":"Pascal Gendrot","@id":"http:\/\/laprats.fr\/blog\/#\/schema\/person\/90a4b4782b20a014cc9b183a4707820c"},"headline":"Les \u00e9l\u00e8ves se mobilisent pour l&rsquo;\u00e9cologie","datePublished":"2016-11-27T15:00:47+00:00","mainEntityOfPage":{"@id":"https:\/\/laprats.fr\/blog\/eleves-se-mobilisent-lecologie\/"},"wordCount":42,"commentCount":0,"image":{"@id":"https:\/\/laprats.fr\/blog\/eleves-se-mobilisent-lecologie\/#primaryimage"},"thumbnailUrl":"http:\/\/laprats.fr\/blog\/wp-content\/uploads\/2016\/11\/2016-11-27_15h57_39.png","articleSection":["Info association"],"inLanguage":"fr-FR","potentialAction":[{"@type":"CommentAction","name":"Comment","target":["https:\/\/laprats.fr\/blog\/eleves-se-mobilisent-lecologie\/#respond"]}]},{"@type":"WebPage","@id":"https:\/\/laprats.fr\/blog\/eleves-se-mobilisent-lecologie\/","url":"https:\/\/laprats.fr\/blog\/eleves-se-mobilisent-lecologie\/","name":"Les \u00e9l\u00e8ves se mobilisent pour l'\u00e9cologie - Bienvenue","isPartOf":{"@id":"http:\/\/laprats.fr\/blog\/#website"},"primaryImageOfPage":{"@id":"https:\/\/laprats.fr\/blog\/eleves-se-mobilisent-lecologie\/#primaryimage"},"image":{"@id":"https:\/\/laprats.fr\/blog\/eleves-se-mobilisent-lecologie\/#primaryimage"},"thumbnailUrl":"http:\/\/laprats.fr\/blog\/wp-content\/uploads\/2016\/11\/2016-11-27_15h57_39.png","datePublished":"2016-11-27T15:00:47+00:00","author":{"@id":"http:\/\/laprats.fr\/blog\/#\/schema\/person\/90a4b4782b20a014cc9b183a4707820c"},"breadcrumb":{"@id":"https:\/\/laprats.fr\/blog\/eleves-se-mobilisent-lecologie\/#breadcrumb"},"inLanguage":"fr-FR","potentialAction":[{"@type":"ReadAction","target":["https:\/\/laprats.fr\/blog\/eleves-se-mobilisent-lecologie\/"]}]},{"@type":"ImageObject","inLanguage":"fr-FR","@id":"https:\/\/laprats.fr\/blog\/eleves-se-mobilisent-lecologie\/#primaryimage","url":"http:\/\/laprats.fr\/blog\/wp-content\/uploads\/2016\/11\/2016-11-27_15h57_39.png","contentUrl":"http:\/\/laprats.fr\/blog\/wp-content\/uploads\/2016\/11\/2016-11-27_15h57_39.png","width":555,"height":308},{"@type":"BreadcrumbList","@id":"https:\/\/laprats.fr\/blog\/eleves-se-mobilisent-lecologie\/#breadcrumb","itemListElement":[{"@type":"ListItem","position":1,"name":"Accueil","item":"http:\/\/laprats.fr\/blog\/"},{"@type":"ListItem","position":2,"name":"Les \u00e9l\u00e8ves se mobilisent pour l&rsquo;\u00e9cologie"}]},{"@type":"WebSite","@id":"http:\/\/laprats.fr\/blog\/#website","url":"http:\/\/laprats.fr\/blog\/","name":"Bienvenue","description":"D&#039;hier et d&#039;aujourd&#039;hui ... pour demain","potentialAction":[{"@type":"SearchAction","target":{"@type":"EntryPoint","urlTemplate":"http:\/\/laprats.fr\/blog\/?s={search_term_string}"},"query-input":{"@type":"PropertyValueSpecification","valueRequired":true,"valueName":"search_term_string"}}],"inLanguage":"fr-FR"},{"@type":"Person","@id":"http:\/\/laprats.fr\/blog\/#\/schema\/person\/90a4b4782b20a014cc9b183a4707820c","name":"Pascal Gendrot","image":{"@type":"ImageObject","inLanguage":"fr-FR","@id":"https:\/\/secure.gravatar.com\/avatar\/649cd38650031007bbd5ec3c73411225e4a69679f8049c7237814718f484b5c0?s=96&d=mm&r=g","url":"https:\/\/secure.gravatar.com\/avatar\/649cd38650031007bbd5ec3c73411225e4a69679f8049c7237814718f484b5c0?s=96&d=mm&r=g","contentUrl":"https:\/\/secure.gravatar.com\/avatar\/649cd38650031007bbd5ec3c73411225e4a69679f8049c7237814718f484b5c0?s=96&d=mm&r=g","caption":"Pascal Gendrot"}}]}},"_links":{"self":[{"href":"http:\/\/laprats.fr\/blog\/wp-json\/wp\/v2\/posts\/1396","targetHints":{"allow":["GET"]}}],"collection":[{"href":"http:\/\/laprats.fr\/blog\/wp-json\/wp\/v2\/posts"}],"about":[{"href":"http:\/\/laprats.fr\/blog\/wp-json\/wp\/v2\/types\/post"}],"author":[{"embeddable":true,"href":"http:\/\/laprats.fr\/blog\/wp-json\/wp\/v2\/users\/6"}],"replies":[{"embeddable":true,"href":"http:\/\/laprats.fr\/blog\/wp-json\/wp\/v2\/comments?post=1396"}],"version-history":[{"count":1,"href":"http:\/\/laprats.fr\/blog\/wp-json\/wp\/v2\/posts\/1396\/revisions"}],"predecessor-version":[{"id":1398,"href":"http:\/\/laprats.fr\/blog\/wp-json\/wp\/v2\/posts\/1396\/revisions\/1398"}],"wp:featuredmedia":[{"embeddable":true,"href":"http:\/\/laprats.fr\/blog\/wp-json\/wp\/v2\/media\/1397"}],"wp:attachment":[{"href":"http:\/\/laprats.fr\/blog\/wp-json\/wp\/v2\/media?parent=1396"}],"wp:term":[{"taxonomy":"category","embeddable":true,"href":"http:\/\/laprats.fr\/blog\/wp-json\/wp\/v2\/categories?post=1396"},{"taxonomy":"post_tag","embeddable":true,"href":"http:\/\/laprats.fr\/blog\/wp-json\/wp\/v2\/tags?post=1396"}],"curies":[{"name":"wp","href":"https:\/\/api.w.org\/{rel}","templated":true}]}}