{"id":1335,"date":"2016-04-03T08:19:18","date_gmt":"2016-04-03T06:19:18","guid":{"rendered":"http:\/\/laprats.fr\/blog\/?p=1335"},"modified":"2016-04-03T08:24:26","modified_gmt":"2016-04-03T06:24:26","slug":"voyage-a-decouverte-de-dijon","status":"publish","type":"post","link":"http:\/\/laprats.fr\/blog\/voyage-a-decouverte-de-dijon\/","title":{"rendered":"Voyage \u00e0 la d\u00e9couverte de Dijon le 21 mai 2016"},"content":{"rendered":"<p>Les inscriptions pour la visite de Dijon le 21 mai 2016 sont ouvertes. Vous pouvez <a href=\"http:\/\/laprats.fr\/blog\/wp-content\/uploads\/2016\/04\/Dijon2016.pdf\" rel=\"\">t\u00e9l\u00e9charger le bulletin <\/a>\u00e0 retourner \u00e0 Jean-Paul M\u00e9trop avant le 16 avril accompagn\u00e9 de votre r\u00e8glement.<\/p>\n<p>Pour plus de d\u00e9tails, contacter Jean Paul : <a href=\"mailto:jeanpaul.metrop@sfr.fr\">jeanpaul.metrop@sfr.fr<\/a> ou au 0608488313<\/p>\n<p>D\u00e9tail de la journ\u00e9e :<\/p>\n<p><strong>9h00 Rassemblement Place DARCY \u00e0 DIJON (Face au cin\u00e9ma Le DARCY)<\/strong><\/p>\n<p>au dessus du parking souterrain DARCY LIBERTE o\u00f9 vous pourrez stationner<\/p>\n<p><strong><u>9h30 \u00e0 12h30<\/u><\/strong> : Visite \u00ab Dijon d\u00e9couverte\u00bb. Notre guide nous m\u00e8nera au c\u0153ur de Dijon, qui s\u2019inscrit sur 97 hectares de Secteur Sauvegard\u00e9, du Palais des Ducs et des \u00c9tats de Bourgogne, au quartier du Parlement, en passant par celui de Notre Dame et les rues m\u00e9di\u00e9vales. Vous appr\u00e9cierez les richesses et l\u2019\u00e9l\u00e9gance du patrimoine architectural de la ville.<br \/>\nLes \u00a0grands ducs d\u2019Occident : Au Moyen Age les Ducs de Bourgogne ont \u00a0influenc\u00e9 le cours de l\u2019histoire europ\u00e9enne. Dijon a gard\u00e9 des souvenirs \u00a0somptueux de ces personnages hauts en couleurs. Visite (entre autres) \u00a0des Salles historiques du Mus\u00e9e des Beaux Arts &#8211; Salle des Gardes, Tombeaux des Ducs<\/p>\n<p><strong><u>12h30 \u00e0 14h30<\/u><\/strong>: Repas au centre de Dijon (lieu et menu \u00e0 d\u00e9finir)<\/p>\n<p><strong><u>14h30 \u00e0 16h15<\/u><\/strong><strong>: <\/strong>Abbaye Saint B\u00e9nigne : Exemple \u00a0illustre du monachisme et de l\u2019influence de Cluny au moyen Age, St \u00a0b\u00e9nigne (actuellement cath\u00e9drale) abrite une rotonde- crypte du 11\u00e8me \u00a0si\u00e8cle. La visite comprend aussi des salles des IX\u00e8me et XIII\u00e8me si\u00e8cles, pures merveilles de l\u2019art roman et gothique du Mus\u00e9e \u00a0arch\u00e9ologique<\/p>\n<p><strong><u>17h00 \u00e0 18h30<\/u><\/strong>: Visite des caves du ch\u00e2teau de MARSANNAY et d\u00e9gustation<\/p>\n","protected":false},"excerpt":{"rendered":"<p>Les inscriptions pour la visite de Dijon le 21 mai 2016 sont ouvertes. Vous pouvez t\u00e9l\u00e9charger le bulletin \u00e0 retourner \u00e0 Jean-Paul M\u00e9trop avant le 16 avril accompagn\u00e9 de votre <a href=\"http:\/\/laprats.fr\/blog\/voyage-a-decouverte-de-dijon\/\" class=\"more-link\">[&hellip;]<\/a><\/p>\n","protected":false},"author":6,"featured_media":1337,"comment_status":"open","ping_status":"open","sticky":false,"template":"","format":"standard","meta":{"Layout":"","footnotes":""},"categories":[5],"tags":[],"class_list":["entry","author-pascal","post-1335","post","type-post","status-publish","format-standard","has-post-thumbnail","category-info-association"],"yoast_head":"<!-- This site is optimized with the Yoast SEO plugin v27.4 - https:\/\/yoast.com\/product\/yoast-seo-wordpress\/ -->\n<title>Voyage \u00e0 la d\u00e9couverte de Dijon le 21 mai 2016 - Bienvenue<\/title>\n<meta name=\"robots\" content=\"index, follow, max-snippet:-1, max-image-preview:large, max-video-preview:-1\" \/>\n<link rel=\"canonical\" href=\"https:\/\/laprats.fr\/blog\/voyage-a-decouverte-de-dijon\/\" \/>\n<meta property=\"og:locale\" content=\"fr_FR\" \/>\n<meta property=\"og:type\" content=\"article\" \/>\n<meta property=\"og:title\" content=\"Voyage \u00e0 la d\u00e9couverte de Dijon le 21 mai 2016 - Bienvenue\" \/>\n<meta property=\"og:description\" content=\"Les inscriptions pour la visite de Dijon le 21 mai 2016 sont ouvertes. Vous pouvez t\u00e9l\u00e9charger le bulletin \u00e0 retourner \u00e0 Jean-Paul M\u00e9trop avant le 16 avril accompagn\u00e9 de votre [&hellip;]\" \/>\n<meta property=\"og:url\" content=\"https:\/\/laprats.fr\/blog\/voyage-a-decouverte-de-dijon\/\" \/>\n<meta property=\"og:site_name\" content=\"Bienvenue\" \/>\n<meta property=\"article:publisher\" content=\"https:\/\/fr-fr.facebook.com\/pages\/Association-La-Prats-de-Cluny\/224204740976190?sk=wall\" \/>\n<meta property=\"article:published_time\" content=\"2016-04-03T06:19:18+00:00\" \/>\n<meta property=\"article:modified_time\" content=\"2016-04-03T06:24:26+00:00\" \/>\n<meta property=\"og:image\" content=\"https:\/\/laprats.fr\/blog\/wp-content\/uploads\/2016\/04\/2016dijon.jpg\" \/>\n\t<meta property=\"og:image:width\" content=\"475\" \/>\n\t<meta property=\"og:image:height\" content=\"317\" \/>\n\t<meta property=\"og:image:type\" content=\"image\/jpeg\" \/>\n<meta name=\"author\" content=\"Pascal Gendrot\" \/>\n<meta name=\"twitter:label1\" content=\"\u00c9crit par\" \/>\n\t<meta name=\"twitter:data1\" content=\"Pascal Gendrot\" \/>\n\t<meta name=\"twitter:label2\" content=\"Dur\u00e9e de lecture estim\u00e9e\" \/>\n\t<meta name=\"twitter:data2\" content=\"1 minute\" \/>\n<script type=\"application\/ld+json\" class=\"yoast-schema-graph\">{\"@context\":\"https:\\\/\\\/schema.org\",\"@graph\":[{\"@type\":\"Article\",\"@id\":\"https:\\\/\\\/laprats.fr\\\/blog\\\/voyage-a-decouverte-de-dijon\\\/#article\",\"isPartOf\":{\"@id\":\"https:\\\/\\\/laprats.fr\\\/blog\\\/voyage-a-decouverte-de-dijon\\\/\"},\"author\":{\"name\":\"Pascal Gendrot\",\"@id\":\"http:\\\/\\\/laprats.fr\\\/blog\\\/#\\\/schema\\\/person\\\/90a4b4782b20a014cc9b183a4707820c\"},\"headline\":\"Voyage \u00e0 la d\u00e9couverte de Dijon le 21 mai 2016\",\"datePublished\":\"2016-04-03T06:19:18+00:00\",\"dateModified\":\"2016-04-03T06:24:26+00:00\",\"mainEntityOfPage\":{\"@id\":\"https:\\\/\\\/laprats.fr\\\/blog\\\/voyage-a-decouverte-de-dijon\\\/\"},\"wordCount\":282,\"commentCount\":0,\"image\":{\"@id\":\"https:\\\/\\\/laprats.fr\\\/blog\\\/voyage-a-decouverte-de-dijon\\\/#primaryimage\"},\"thumbnailUrl\":\"http:\\\/\\\/laprats.fr\\\/blog\\\/wp-content\\\/uploads\\\/2016\\\/04\\\/2016dijon.jpg\",\"articleSection\":[\"Info association\"],\"inLanguage\":\"fr-FR\",\"potentialAction\":[{\"@type\":\"CommentAction\",\"name\":\"Comment\",\"target\":[\"https:\\\/\\\/laprats.fr\\\/blog\\\/voyage-a-decouverte-de-dijon\\\/#respond\"]}]},{\"@type\":\"WebPage\",\"@id\":\"https:\\\/\\\/laprats.fr\\\/blog\\\/voyage-a-decouverte-de-dijon\\\/\",\"url\":\"https:\\\/\\\/laprats.fr\\\/blog\\\/voyage-a-decouverte-de-dijon\\\/\",\"name\":\"Voyage \u00e0 la d\u00e9couverte de Dijon le 21 mai 2016 - Bienvenue\",\"isPartOf\":{\"@id\":\"http:\\\/\\\/laprats.fr\\\/blog\\\/#website\"},\"primaryImageOfPage\":{\"@id\":\"https:\\\/\\\/laprats.fr\\\/blog\\\/voyage-a-decouverte-de-dijon\\\/#primaryimage\"},\"image\":{\"@id\":\"https:\\\/\\\/laprats.fr\\\/blog\\\/voyage-a-decouverte-de-dijon\\\/#primaryimage\"},\"thumbnailUrl\":\"http:\\\/\\\/laprats.fr\\\/blog\\\/wp-content\\\/uploads\\\/2016\\\/04\\\/2016dijon.jpg\",\"datePublished\":\"2016-04-03T06:19:18+00:00\",\"dateModified\":\"2016-04-03T06:24:26+00:00\",\"author\":{\"@id\":\"http:\\\/\\\/laprats.fr\\\/blog\\\/#\\\/schema\\\/person\\\/90a4b4782b20a014cc9b183a4707820c\"},\"breadcrumb\":{\"@id\":\"https:\\\/\\\/laprats.fr\\\/blog\\\/voyage-a-decouverte-de-dijon\\\/#breadcrumb\"},\"inLanguage\":\"fr-FR\",\"potentialAction\":[{\"@type\":\"ReadAction\",\"target\":[\"https:\\\/\\\/laprats.fr\\\/blog\\\/voyage-a-decouverte-de-dijon\\\/\"]}]},{\"@type\":\"ImageObject\",\"inLanguage\":\"fr-FR\",\"@id\":\"https:\\\/\\\/laprats.fr\\\/blog\\\/voyage-a-decouverte-de-dijon\\\/#primaryimage\",\"url\":\"http:\\\/\\\/laprats.fr\\\/blog\\\/wp-content\\\/uploads\\\/2016\\\/04\\\/2016dijon.jpg\",\"contentUrl\":\"http:\\\/\\\/laprats.fr\\\/blog\\\/wp-content\\\/uploads\\\/2016\\\/04\\\/2016dijon.jpg\",\"width\":475,\"height\":317},{\"@type\":\"BreadcrumbList\",\"@id\":\"https:\\\/\\\/laprats.fr\\\/blog\\\/voyage-a-decouverte-de-dijon\\\/#breadcrumb\",\"itemListElement\":[{\"@type\":\"ListItem\",\"position\":1,\"name\":\"Accueil\",\"item\":\"http:\\\/\\\/laprats.fr\\\/blog\\\/\"},{\"@type\":\"ListItem\",\"position\":2,\"name\":\"Voyage \u00e0 la d\u00e9couverte de Dijon le 21 mai 2016\"}]},{\"@type\":\"WebSite\",\"@id\":\"http:\\\/\\\/laprats.fr\\\/blog\\\/#website\",\"url\":\"http:\\\/\\\/laprats.fr\\\/blog\\\/\",\"name\":\"Bienvenue\",\"description\":\"D&#039;hier et d&#039;aujourd&#039;hui ... pour demain\",\"potentialAction\":[{\"@type\":\"SearchAction\",\"target\":{\"@type\":\"EntryPoint\",\"urlTemplate\":\"http:\\\/\\\/laprats.fr\\\/blog\\\/?s={search_term_string}\"},\"query-input\":{\"@type\":\"PropertyValueSpecification\",\"valueRequired\":true,\"valueName\":\"search_term_string\"}}],\"inLanguage\":\"fr-FR\"},{\"@type\":\"Person\",\"@id\":\"http:\\\/\\\/laprats.fr\\\/blog\\\/#\\\/schema\\\/person\\\/90a4b4782b20a014cc9b183a4707820c\",\"name\":\"Pascal Gendrot\",\"image\":{\"@type\":\"ImageObject\",\"inLanguage\":\"fr-FR\",\"@id\":\"https:\\\/\\\/secure.gravatar.com\\\/avatar\\\/649cd38650031007bbd5ec3c73411225e4a69679f8049c7237814718f484b5c0?s=96&d=mm&r=g\",\"url\":\"https:\\\/\\\/secure.gravatar.com\\\/avatar\\\/649cd38650031007bbd5ec3c73411225e4a69679f8049c7237814718f484b5c0?s=96&d=mm&r=g\",\"contentUrl\":\"https:\\\/\\\/secure.gravatar.com\\\/avatar\\\/649cd38650031007bbd5ec3c73411225e4a69679f8049c7237814718f484b5c0?s=96&d=mm&r=g\",\"caption\":\"Pascal Gendrot\"}}]}<\/script>\n<!-- \/ Yoast SEO plugin. -->","yoast_head_json":{"title":"Voyage \u00e0 la d\u00e9couverte de Dijon le 21 mai 2016 - Bienvenue","robots":{"index":"index","follow":"follow","max-snippet":"max-snippet:-1","max-image-preview":"max-image-preview:large","max-video-preview":"max-video-preview:-1"},"canonical":"https:\/\/laprats.fr\/blog\/voyage-a-decouverte-de-dijon\/","og_locale":"fr_FR","og_type":"article","og_title":"Voyage \u00e0 la d\u00e9couverte de Dijon le 21 mai 2016 - Bienvenue","og_description":"Les inscriptions pour la visite de Dijon le 21 mai 2016 sont ouvertes. Vous pouvez t\u00e9l\u00e9charger le bulletin \u00e0 retourner \u00e0 Jean-Paul M\u00e9trop avant le 16 avril accompagn\u00e9 de votre [&hellip;]","og_url":"https:\/\/laprats.fr\/blog\/voyage-a-decouverte-de-dijon\/","og_site_name":"Bienvenue","article_publisher":"https:\/\/fr-fr.facebook.com\/pages\/Association-La-Prats-de-Cluny\/224204740976190?sk=wall","article_published_time":"2016-04-03T06:19:18+00:00","article_modified_time":"2016-04-03T06:24:26+00:00","og_image":[{"width":475,"height":317,"url":"https:\/\/laprats.fr\/blog\/wp-content\/uploads\/2016\/04\/2016dijon.jpg","type":"image\/jpeg"}],"author":"Pascal Gendrot","twitter_misc":{"\u00c9crit par":"Pascal Gendrot","Dur\u00e9e de lecture estim\u00e9e":"1 minute"},"schema":{"@context":"https:\/\/schema.org","@graph":[{"@type":"Article","@id":"https:\/\/laprats.fr\/blog\/voyage-a-decouverte-de-dijon\/#article","isPartOf":{"@id":"https:\/\/laprats.fr\/blog\/voyage-a-decouverte-de-dijon\/"},"author":{"name":"Pascal Gendrot","@id":"http:\/\/laprats.fr\/blog\/#\/schema\/person\/90a4b4782b20a014cc9b183a4707820c"},"headline":"Voyage \u00e0 la d\u00e9couverte de Dijon le 21 mai 2016","datePublished":"2016-04-03T06:19:18+00:00","dateModified":"2016-04-03T06:24:26+00:00","mainEntityOfPage":{"@id":"https:\/\/laprats.fr\/blog\/voyage-a-decouverte-de-dijon\/"},"wordCount":282,"commentCount":0,"image":{"@id":"https:\/\/laprats.fr\/blog\/voyage-a-decouverte-de-dijon\/#primaryimage"},"thumbnailUrl":"http:\/\/laprats.fr\/blog\/wp-content\/uploads\/2016\/04\/2016dijon.jpg","articleSection":["Info association"],"inLanguage":"fr-FR","potentialAction":[{"@type":"CommentAction","name":"Comment","target":["https:\/\/laprats.fr\/blog\/voyage-a-decouverte-de-dijon\/#respond"]}]},{"@type":"WebPage","@id":"https:\/\/laprats.fr\/blog\/voyage-a-decouverte-de-dijon\/","url":"https:\/\/laprats.fr\/blog\/voyage-a-decouverte-de-dijon\/","name":"Voyage \u00e0 la d\u00e9couverte de Dijon le 21 mai 2016 - Bienvenue","isPartOf":{"@id":"http:\/\/laprats.fr\/blog\/#website"},"primaryImageOfPage":{"@id":"https:\/\/laprats.fr\/blog\/voyage-a-decouverte-de-dijon\/#primaryimage"},"image":{"@id":"https:\/\/laprats.fr\/blog\/voyage-a-decouverte-de-dijon\/#primaryimage"},"thumbnailUrl":"http:\/\/laprats.fr\/blog\/wp-content\/uploads\/2016\/04\/2016dijon.jpg","datePublished":"2016-04-03T06:19:18+00:00","dateModified":"2016-04-03T06:24:26+00:00","author":{"@id":"http:\/\/laprats.fr\/blog\/#\/schema\/person\/90a4b4782b20a014cc9b183a4707820c"},"breadcrumb":{"@id":"https:\/\/laprats.fr\/blog\/voyage-a-decouverte-de-dijon\/#breadcrumb"},"inLanguage":"fr-FR","potentialAction":[{"@type":"ReadAction","target":["https:\/\/laprats.fr\/blog\/voyage-a-decouverte-de-dijon\/"]}]},{"@type":"ImageObject","inLanguage":"fr-FR","@id":"https:\/\/laprats.fr\/blog\/voyage-a-decouverte-de-dijon\/#primaryimage","url":"http:\/\/laprats.fr\/blog\/wp-content\/uploads\/2016\/04\/2016dijon.jpg","contentUrl":"http:\/\/laprats.fr\/blog\/wp-content\/uploads\/2016\/04\/2016dijon.jpg","width":475,"height":317},{"@type":"BreadcrumbList","@id":"https:\/\/laprats.fr\/blog\/voyage-a-decouverte-de-dijon\/#breadcrumb","itemListElement":[{"@type":"ListItem","position":1,"name":"Accueil","item":"http:\/\/laprats.fr\/blog\/"},{"@type":"ListItem","position":2,"name":"Voyage \u00e0 la d\u00e9couverte de Dijon le 21 mai 2016"}]},{"@type":"WebSite","@id":"http:\/\/laprats.fr\/blog\/#website","url":"http:\/\/laprats.fr\/blog\/","name":"Bienvenue","description":"D&#039;hier et d&#039;aujourd&#039;hui ... pour demain","potentialAction":[{"@type":"SearchAction","target":{"@type":"EntryPoint","urlTemplate":"http:\/\/laprats.fr\/blog\/?s={search_term_string}"},"query-input":{"@type":"PropertyValueSpecification","valueRequired":true,"valueName":"search_term_string"}}],"inLanguage":"fr-FR"},{"@type":"Person","@id":"http:\/\/laprats.fr\/blog\/#\/schema\/person\/90a4b4782b20a014cc9b183a4707820c","name":"Pascal Gendrot","image":{"@type":"ImageObject","inLanguage":"fr-FR","@id":"https:\/\/secure.gravatar.com\/avatar\/649cd38650031007bbd5ec3c73411225e4a69679f8049c7237814718f484b5c0?s=96&d=mm&r=g","url":"https:\/\/secure.gravatar.com\/avatar\/649cd38650031007bbd5ec3c73411225e4a69679f8049c7237814718f484b5c0?s=96&d=mm&r=g","contentUrl":"https:\/\/secure.gravatar.com\/avatar\/649cd38650031007bbd5ec3c73411225e4a69679f8049c7237814718f484b5c0?s=96&d=mm&r=g","caption":"Pascal Gendrot"}}]}},"_links":{"self":[{"href":"http:\/\/laprats.fr\/blog\/wp-json\/wp\/v2\/posts\/1335","targetHints":{"allow":["GET"]}}],"collection":[{"href":"http:\/\/laprats.fr\/blog\/wp-json\/wp\/v2\/posts"}],"about":[{"href":"http:\/\/laprats.fr\/blog\/wp-json\/wp\/v2\/types\/post"}],"author":[{"embeddable":true,"href":"http:\/\/laprats.fr\/blog\/wp-json\/wp\/v2\/users\/6"}],"replies":[{"embeddable":true,"href":"http:\/\/laprats.fr\/blog\/wp-json\/wp\/v2\/comments?post=1335"}],"version-history":[{"count":2,"href":"http:\/\/laprats.fr\/blog\/wp-json\/wp\/v2\/posts\/1335\/revisions"}],"predecessor-version":[{"id":1338,"href":"http:\/\/laprats.fr\/blog\/wp-json\/wp\/v2\/posts\/1335\/revisions\/1338"}],"wp:featuredmedia":[{"embeddable":true,"href":"http:\/\/laprats.fr\/blog\/wp-json\/wp\/v2\/media\/1337"}],"wp:attachment":[{"href":"http:\/\/laprats.fr\/blog\/wp-json\/wp\/v2\/media?parent=1335"}],"wp:term":[{"taxonomy":"category","embeddable":true,"href":"http:\/\/laprats.fr\/blog\/wp-json\/wp\/v2\/categories?post=1335"},{"taxonomy":"post_tag","embeddable":true,"href":"http:\/\/laprats.fr\/blog\/wp-json\/wp\/v2\/tags?post=1335"}],"curies":[{"name":"wp","href":"https:\/\/api.w.org\/{rel}","templated":true}]}}