{"id":1299,"date":"2016-02-06T10:16:34","date_gmt":"2016-02-06T09:16:34","guid":{"rendered":"http:\/\/laprats.fr\/blog\/?p=1299"},"modified":"2016-02-13T17:24:56","modified_gmt":"2016-02-13T16:24:56","slug":"visites-lamberet-itron-eleves-de-1ere-sti2d","status":"publish","type":"post","link":"http:\/\/laprats.fr\/blog\/visites-lamberet-itron-eleves-de-1ere-sti2d\/","title":{"rendered":"Visites Lamberet et Itron avec les \u00e9l\u00e8ves de 1\u00e8re STI2D"},"content":{"rendered":"<p>Comme chaque ann\u00e9e depuis plus de 5 ans, l&rsquo;Association a organis\u00e9 une visite d&rsquo;entreprise pour les \u00e9l\u00e8ves.<\/p>\n<p>C&rsquo;est \u00e0 8h15 que le bus a quitt\u00e9 le lyc\u00e9e ce 3 f\u00e9vrier 2016 avec \u00e0 son bord 20 \u00e9l\u00e8ves de STI2D et leurs accompagnants ainsi qu&rsquo;une quinzaine d&rsquo;anciens \u00e9l\u00e8ves.<\/p>\n<p>La visite du matin \u00e9tait consacr\u00e9e \u00e0 la soci\u00e9t\u00e9 Lamberet \u00e0 <span class=\"txt_normal_gauche\">Saint-Cyr Sur Menthon pr\u00e8s de Vonnas. Nous avons pu, apr\u00e8s une pr\u00e9sentation de la soci\u00e9t\u00e9, visiter les ateliers de fabrication des v\u00e9hicules frigorifiques. (des remorques aux semi-remorques en passant par les fourgons et les porteurs)<br \/>\n<\/span><\/p>\n<p><a href=\"http:\/\/laprats.fr\/blog\/wp-content\/uploads\/2016\/02\/Lamb-Itron-02.jpg\" rel=\"attachment wp-att-1309\"><img loading=\"lazy\" decoding=\"async\" class=\"alignnone wp-image-1309\" src=\"http:\/\/laprats.fr\/blog\/wp-content\/uploads\/2016\/02\/Lamb-Itron-02-300x169.jpg\" alt=\"Lamb Itron 02\" width=\"206\" height=\"116\" srcset=\"http:\/\/laprats.fr\/blog\/wp-content\/uploads\/2016\/02\/Lamb-Itron-02-300x169.jpg 300w, http:\/\/laprats.fr\/blog\/wp-content\/uploads\/2016\/02\/Lamb-Itron-02-768x432.jpg 768w, http:\/\/laprats.fr\/blog\/wp-content\/uploads\/2016\/02\/Lamb-Itron-02-1024x576.jpg 1024w, http:\/\/laprats.fr\/blog\/wp-content\/uploads\/2016\/02\/Lamb-Itron-02-889x500.jpg 889w\" sizes=\"auto, (max-width: 206px) 100vw, 206px\" \/> <\/a><a href=\"http:\/\/laprats.fr\/blog\/wp-content\/uploads\/2016\/02\/Lamb-Itron-03.jpg\" rel=\"attachment wp-att-1310\"><img loading=\"lazy\" decoding=\"async\" class=\"alignnone wp-image-1310\" src=\"http:\/\/laprats.fr\/blog\/wp-content\/uploads\/2016\/02\/Lamb-Itron-03-300x169.jpg\" alt=\"Lamb Itron 03\" width=\"204\" height=\"115\" srcset=\"http:\/\/laprats.fr\/blog\/wp-content\/uploads\/2016\/02\/Lamb-Itron-03-300x169.jpg 300w, http:\/\/laprats.fr\/blog\/wp-content\/uploads\/2016\/02\/Lamb-Itron-03-768x432.jpg 768w, http:\/\/laprats.fr\/blog\/wp-content\/uploads\/2016\/02\/Lamb-Itron-03-1024x576.jpg 1024w, http:\/\/laprats.fr\/blog\/wp-content\/uploads\/2016\/02\/Lamb-Itron-03-889x500.jpg 889w\" sizes=\"auto, (max-width: 204px) 100vw, 204px\" \/><\/a><a href=\"http:\/\/laprats.fr\/blog\/wp-content\/uploads\/2016\/02\/Lamb-Itron-04.jpg\" rel=\"attachment wp-att-1311\"> <img loading=\"lazy\" decoding=\"async\" class=\"alignnone wp-image-1311\" src=\"http:\/\/laprats.fr\/blog\/wp-content\/uploads\/2016\/02\/Lamb-Itron-04-300x169.jpg\" alt=\"Lamb Itron 04\" width=\"203\" height=\"114\" srcset=\"http:\/\/laprats.fr\/blog\/wp-content\/uploads\/2016\/02\/Lamb-Itron-04-300x169.jpg 300w, http:\/\/laprats.fr\/blog\/wp-content\/uploads\/2016\/02\/Lamb-Itron-04-768x432.jpg 768w, http:\/\/laprats.fr\/blog\/wp-content\/uploads\/2016\/02\/Lamb-Itron-04-1024x576.jpg 1024w, http:\/\/laprats.fr\/blog\/wp-content\/uploads\/2016\/02\/Lamb-Itron-04-889x500.jpg 889w\" sizes=\"auto, (max-width: 203px) 100vw, 203px\" \/><\/a><\/p>\n<p>Pour les semi-remorques par exemple, le plancher, les faces lat\u00e9rales et sup\u00e9rieure ainsi que l&rsquo;avant et l&rsquo;arri\u00e8re du compartiment frigorifique sont r\u00e9alis\u00e9s dans des ateliers distincts et se rejoignent pour l&rsquo;assemblage final.<\/p>\n<p><a href=\"http:\/\/laprats.fr\/blog\/wp-content\/uploads\/2016\/02\/Lamb-Itron-07.jpg\" rel=\"attachment wp-att-1315\"><img loading=\"lazy\" decoding=\"async\" class=\"alignnone wp-image-1315\" src=\"http:\/\/laprats.fr\/blog\/wp-content\/uploads\/2016\/02\/Lamb-Itron-07-300x169.jpg\" alt=\"Lamb Itron 07\" width=\"186\" height=\"105\" srcset=\"http:\/\/laprats.fr\/blog\/wp-content\/uploads\/2016\/02\/Lamb-Itron-07-300x169.jpg 300w, http:\/\/laprats.fr\/blog\/wp-content\/uploads\/2016\/02\/Lamb-Itron-07-768x432.jpg 768w, http:\/\/laprats.fr\/blog\/wp-content\/uploads\/2016\/02\/Lamb-Itron-07-1024x576.jpg 1024w, http:\/\/laprats.fr\/blog\/wp-content\/uploads\/2016\/02\/Lamb-Itron-07-889x500.jpg 889w\" sizes=\"auto, (max-width: 186px) 100vw, 186px\" \/><\/a><a href=\"http:\/\/laprats.fr\/blog\/wp-content\/uploads\/2016\/02\/Lamb-Itron-05.jpg\" rel=\"attachment wp-att-1313\"> <img loading=\"lazy\" decoding=\"async\" class=\"alignnone wp-image-1313\" src=\"http:\/\/laprats.fr\/blog\/wp-content\/uploads\/2016\/02\/Lamb-Itron-05-300x169.jpg\" alt=\"Lamb Itron 05\" width=\"183\" height=\"103\" srcset=\"http:\/\/laprats.fr\/blog\/wp-content\/uploads\/2016\/02\/Lamb-Itron-05-300x169.jpg 300w, http:\/\/laprats.fr\/blog\/wp-content\/uploads\/2016\/02\/Lamb-Itron-05-768x432.jpg 768w, http:\/\/laprats.fr\/blog\/wp-content\/uploads\/2016\/02\/Lamb-Itron-05-1024x576.jpg 1024w, http:\/\/laprats.fr\/blog\/wp-content\/uploads\/2016\/02\/Lamb-Itron-05-889x500.jpg 889w\" sizes=\"auto, (max-width: 183px) 100vw, 183px\" \/><\/a> <a href=\"http:\/\/laprats.fr\/blog\/wp-content\/uploads\/2016\/02\/Lamb-Itron-06.jpg\" rel=\"attachment wp-att-1314\"><img loading=\"lazy\" decoding=\"async\" class=\"alignnone wp-image-1314\" src=\"http:\/\/laprats.fr\/blog\/wp-content\/uploads\/2016\/02\/Lamb-Itron-06-300x169.jpg\" alt=\"Lamb Itron 06\" width=\"185\" height=\"104\" srcset=\"http:\/\/laprats.fr\/blog\/wp-content\/uploads\/2016\/02\/Lamb-Itron-06-300x169.jpg 300w, http:\/\/laprats.fr\/blog\/wp-content\/uploads\/2016\/02\/Lamb-Itron-06-768x432.jpg 768w, http:\/\/laprats.fr\/blog\/wp-content\/uploads\/2016\/02\/Lamb-Itron-06-1024x576.jpg 1024w, http:\/\/laprats.fr\/blog\/wp-content\/uploads\/2016\/02\/Lamb-Itron-06-889x500.jpg 889w\" sizes=\"auto, (max-width: 185px) 100vw, 185px\" \/><\/a><\/p>\n<p>Dans un autre atelier le ch\u00e2ssis est r\u00e9alis\u00e9 (peinture et assemblage) et se retrouvent avec la caisse pour le mariage. Les finitions propres \u00e0 chaque commande sont aussi r\u00e9alis\u00e9es. En effet chaque produit est unique et r\u00e9alis\u00e9 \u00e0 la commande. Le client choisit tout, depuis les dimensions de la caisse jusqu&rsquo;aux types et nombre d&rsquo;essieux, \u00e9clairage, cloisons int\u00e9rieures, freins, jantes, portes lat\u00e9rales ou non, groupe frigorifique, marque des pneus &#8230;<\/p>\n<p>Les postes de montage et les ateliers sont \u00e0 la dimension des produits &#8230; Impressionnants. Le suivi de la qualit\u00e9 est un point privil\u00e9gi\u00e9 dans la r\u00e9alisation des produits qui garantissent la continuit\u00e9 de la cha\u00eene du froid.<\/p>\n<p><a href=\"http:\/\/laprats.fr\/blog\/wp-content\/uploads\/2016\/02\/Lamb-Itron-08.jpg\" rel=\"attachment wp-att-1316\"><img loading=\"lazy\" decoding=\"async\" class=\"alignnone size-medium wp-image-1316\" src=\"http:\/\/laprats.fr\/blog\/wp-content\/uploads\/2016\/02\/Lamb-Itron-08-300x169.jpg\" alt=\"Lamb Itron 08\" width=\"300\" height=\"169\" srcset=\"http:\/\/laprats.fr\/blog\/wp-content\/uploads\/2016\/02\/Lamb-Itron-08-300x169.jpg 300w, http:\/\/laprats.fr\/blog\/wp-content\/uploads\/2016\/02\/Lamb-Itron-08-768x432.jpg 768w, http:\/\/laprats.fr\/blog\/wp-content\/uploads\/2016\/02\/Lamb-Itron-08-1024x576.jpg 1024w, http:\/\/laprats.fr\/blog\/wp-content\/uploads\/2016\/02\/Lamb-Itron-08-889x500.jpg 889w\" sizes=\"auto, (max-width: 300px) 100vw, 300px\" \/><\/a><\/p>\n<p>La visite se termine par une distribution de poster Lamberet tr\u00e8s appr\u00e9ci\u00e9s par les plus jeunes et les plus anciens (ndlr : il fallait \u00eatre l\u00e0 pour comprendre ce moment de communion)<\/p>\n<p><a href=\"http:\/\/laprats.fr\/blog\/wp-content\/uploads\/2016\/02\/Lamb-Itron-09.jpg\" rel=\"attachment wp-att-1317\"><img loading=\"lazy\" decoding=\"async\" class=\"alignnone size-medium wp-image-1317\" src=\"http:\/\/laprats.fr\/blog\/wp-content\/uploads\/2016\/02\/Lamb-Itron-09-300x169.jpg\" alt=\"Lamb Itron 09\" width=\"300\" height=\"169\" srcset=\"http:\/\/laprats.fr\/blog\/wp-content\/uploads\/2016\/02\/Lamb-Itron-09-300x169.jpg 300w, http:\/\/laprats.fr\/blog\/wp-content\/uploads\/2016\/02\/Lamb-Itron-09-768x432.jpg 768w, http:\/\/laprats.fr\/blog\/wp-content\/uploads\/2016\/02\/Lamb-Itron-09-1024x576.jpg 1024w, http:\/\/laprats.fr\/blog\/wp-content\/uploads\/2016\/02\/Lamb-Itron-09-889x500.jpg 889w\" sizes=\"auto, (max-width: 300px) 100vw, 300px\" \/><\/a><\/p>\n<p>Le repas de midi fut pris au lyc\u00e9e h\u00f4telier Dumaine et chacun a appr\u00e9ci\u00e9 la qualit\u00e9 de travail de ces futurs professionnels.<\/p>\n<p><a href=\"http:\/\/laprats.fr\/blog\/wp-content\/uploads\/2016\/02\/Lamb-Itron-10.jpg\" rel=\"attachment wp-att-1318\"><img loading=\"lazy\" decoding=\"async\" class=\"alignnone wp-image-1318\" src=\"http:\/\/laprats.fr\/blog\/wp-content\/uploads\/2016\/02\/Lamb-Itron-10-300x169.jpg\" alt=\"Lamb Itron 10\" width=\"188\" height=\"106\" srcset=\"http:\/\/laprats.fr\/blog\/wp-content\/uploads\/2016\/02\/Lamb-Itron-10-300x169.jpg 300w, http:\/\/laprats.fr\/blog\/wp-content\/uploads\/2016\/02\/Lamb-Itron-10-768x432.jpg 768w, http:\/\/laprats.fr\/blog\/wp-content\/uploads\/2016\/02\/Lamb-Itron-10-1024x576.jpg 1024w, http:\/\/laprats.fr\/blog\/wp-content\/uploads\/2016\/02\/Lamb-Itron-10-889x500.jpg 889w\" sizes=\"auto, (max-width: 188px) 100vw, 188px\" \/><\/a> <a href=\"http:\/\/laprats.fr\/blog\/wp-content\/uploads\/2016\/02\/Lamb-Itron-11.jpg\" rel=\"attachment wp-att-1319\"><img loading=\"lazy\" decoding=\"async\" class=\"alignnone wp-image-1319\" src=\"http:\/\/laprats.fr\/blog\/wp-content\/uploads\/2016\/02\/Lamb-Itron-11-300x169.jpg\" alt=\"Lamb Itron 11\" width=\"190\" height=\"107\" srcset=\"http:\/\/laprats.fr\/blog\/wp-content\/uploads\/2016\/02\/Lamb-Itron-11-300x169.jpg 300w, http:\/\/laprats.fr\/blog\/wp-content\/uploads\/2016\/02\/Lamb-Itron-11-768x432.jpg 768w, http:\/\/laprats.fr\/blog\/wp-content\/uploads\/2016\/02\/Lamb-Itron-11-1024x576.jpg 1024w, http:\/\/laprats.fr\/blog\/wp-content\/uploads\/2016\/02\/Lamb-Itron-11-889x500.jpg 889w\" sizes=\"auto, (max-width: 190px) 100vw, 190px\" \/><img loading=\"lazy\" decoding=\"async\" class=\"imageScale\" title=\"Intelis\" src=\"https:\/\/www.itron.com\/fr\/PublishedContent\/X61_right_open_mi.jpg\" alt=\"Intelis\" width=\"104\" height=\"104\" border=\"0\" \/><\/a><\/p>\n<p>Nous avions ensuite rendez-vous chez Itron \u00e0 Macon, fabriquant de compteurs d&rsquo;eau haut de gamme et de solutions de comptage (compeurs intelligents et gestion des donn\u00e9es).<\/p>\n<p>Apr\u00e8s une pr\u00e9sentation de l&rsquo;entreprise (d\u00e9but\u00e9e en anglais , private joke de Monsieur Sanchez Directeur Op\u00e9rationnel , pour rappeler l&rsquo;importance de cette langue de le monde industriel), nous avons pu visiter, en petits groupes, l&rsquo;atelier de montage. Contrairement \u00e0 la visite du matin, nous avons vu de la production en grande s\u00e9rie qui malgr\u00e9 une tr\u00e8s importante automatisation (robotisation) conserve des postes d&rsquo;assemblage manuel pour les op\u00e9rations les plus complexes. Itron int\u00e8gre aussi de l&rsquo;injection plastique pour conserver la maitrise de la qualit\u00e9 de ses composants les plus techniques.<\/p>\n<p>Itron est comp\u00e9titif gr\u00e2ce \u00e0 l&rsquo;application des r\u00e8gles du &lsquo;lean&rsquo; (am\u00e9lioration continue) qui vise \u00e0 supprimer les gaspillages car le client ne paye que la valeur ajout\u00e9e.<\/p>\n<p>La visite se termine en salle par une s\u00e9ance de questions-r\u00e9ponse.<\/p>\n<p><a href=\"http:\/\/laprats.fr\/blog\/wp-content\/uploads\/2016\/02\/Lamb-Itron-12.jpg\" rel=\"attachment wp-att-1320\"><img loading=\"lazy\" decoding=\"async\" class=\"alignnone size-medium wp-image-1320\" src=\"http:\/\/laprats.fr\/blog\/wp-content\/uploads\/2016\/02\/Lamb-Itron-12-300x169.jpg\" alt=\"Lamb Itron 12\" width=\"300\" height=\"169\" srcset=\"http:\/\/laprats.fr\/blog\/wp-content\/uploads\/2016\/02\/Lamb-Itron-12-300x169.jpg 300w, http:\/\/laprats.fr\/blog\/wp-content\/uploads\/2016\/02\/Lamb-Itron-12-768x432.jpg 768w, http:\/\/laprats.fr\/blog\/wp-content\/uploads\/2016\/02\/Lamb-Itron-12-1024x576.jpg 1024w, http:\/\/laprats.fr\/blog\/wp-content\/uploads\/2016\/02\/Lamb-Itron-12-889x500.jpg 889w\" sizes=\"auto, (max-width: 300px) 100vw, 300px\" \/><\/a><\/p>\n<p>Le retour sur Cluny se fait en fin d&rsquo;apr\u00e8s-midi. Nous remercions toutes les personnes qui ont pris sur leur temps pr\u00e9cieux pour nous accueillir et nous pr\u00e9senter leurs entreprises et le lyc\u00e9e Dumaine pour la qualit\u00e9 de son repas. Merci aux \u00e9l\u00e8ves attentifs \u00e0 qui nous esp\u00e9rons avoir apport\u00e9 une vision de ce monde industriel passionnant.<\/p>\n<p>D\u00e9couvrez plus de d\u00e9tails sur leurs activit\u00e9s :<\/p>\n<p><a href=\"http:\/\/www.lamberet.fr\" target=\"_blank\">Soci\u00e9t\u00e9 lamberet<\/a>\u00a0 \/\u00a0<a href=\"https:\/\/www.itron.com\/fr\/Pages\/default.aspx\" target=\"_blank\">Soci\u00e9t\u00e9 Itron<\/a> \/\u00a0<a href=\"http:\/\/lyc71-dumaine.ac-dijon.fr\/\" target=\"_blank\">Lyc\u00e9e Dumaine<\/a><\/p>\n<p>et t\u00e9l\u00e9chargez plus de photos de la visite :<\/p>\n<p><a href=\"http:\/\/www.laprats.fr\/blog\/photo\/Lamb Itron 01.zip\">s\u00e9rie 1 <\/a><\/p>\n<p><a href=\"http:\/\/www.laprats.fr\/blog\/photo\/Lamb Itron 02.zip\">s\u00e9rie 2<\/a><\/p>\n<p>&nbsp;<\/p>\n","protected":false},"excerpt":{"rendered":"<p>Comme chaque ann\u00e9e depuis plus de 5 ans, l&rsquo;Association a organis\u00e9 une visite d&rsquo;entreprise pour les \u00e9l\u00e8ves. C&rsquo;est \u00e0 8h15 que le bus a quitt\u00e9 le lyc\u00e9e ce 3 f\u00e9vrier <a href=\"http:\/\/laprats.fr\/blog\/visites-lamberet-itron-eleves-de-1ere-sti2d\/\" class=\"more-link\">[&hellip;]<\/a><\/p>\n","protected":false},"author":6,"featured_media":1308,"comment_status":"open","ping_status":"open","sticky":false,"template":"","format":"standard","meta":{"Layout":"","footnotes":""},"categories":[5,4],"tags":[],"class_list":["entry","author-pascal","post-1299","post","type-post","status-publish","format-standard","has-post-thumbnail","category-info-association","category-info-prats"],"yoast_head":"<!-- This site is optimized with the Yoast SEO plugin v27.4 - https:\/\/yoast.com\/product\/yoast-seo-wordpress\/ -->\n<title>Visites Lamberet et Itron avec les \u00e9l\u00e8ves de 1\u00e8re STI2D - Bienvenue<\/title>\n<meta name=\"robots\" content=\"index, follow, max-snippet:-1, max-image-preview:large, max-video-preview:-1\" \/>\n<link rel=\"canonical\" href=\"http:\/\/laprats.fr\/blog\/visites-lamberet-itron-eleves-de-1ere-sti2d\/\" \/>\n<meta property=\"og:locale\" content=\"fr_FR\" \/>\n<meta property=\"og:type\" content=\"article\" \/>\n<meta property=\"og:title\" content=\"Visites Lamberet et Itron avec les \u00e9l\u00e8ves de 1\u00e8re STI2D - Bienvenue\" \/>\n<meta property=\"og:description\" content=\"Comme chaque ann\u00e9e depuis plus de 5 ans, l&rsquo;Association a organis\u00e9 une visite d&rsquo;entreprise pour les \u00e9l\u00e8ves. C&rsquo;est \u00e0 8h15 que le bus a quitt\u00e9 le lyc\u00e9e ce 3 f\u00e9vrier [&hellip;]\" \/>\n<meta property=\"og:url\" content=\"http:\/\/laprats.fr\/blog\/visites-lamberet-itron-eleves-de-1ere-sti2d\/\" \/>\n<meta property=\"og:site_name\" content=\"Bienvenue\" \/>\n<meta property=\"article:publisher\" content=\"https:\/\/fr-fr.facebook.com\/pages\/Association-La-Prats-de-Cluny\/224204740976190?sk=wall\" \/>\n<meta property=\"article:published_time\" content=\"2016-02-06T09:16:34+00:00\" \/>\n<meta property=\"article:modified_time\" content=\"2016-02-13T16:24:56+00:00\" \/>\n<meta property=\"og:image\" content=\"http:\/\/laprats.fr\/blog\/wp-content\/uploads\/2016\/02\/Lamb-Itron-01-1024x576.jpg\" \/>\n\t<meta property=\"og:image:width\" content=\"1024\" \/>\n\t<meta property=\"og:image:height\" content=\"576\" \/>\n\t<meta property=\"og:image:type\" content=\"image\/jpeg\" \/>\n<meta name=\"author\" content=\"Pascal Gendrot\" \/>\n<meta name=\"twitter:label1\" content=\"\u00c9crit par\" \/>\n\t<meta name=\"twitter:data1\" content=\"Pascal Gendrot\" \/>\n\t<meta name=\"twitter:label2\" content=\"Dur\u00e9e de lecture estim\u00e9e\" \/>\n\t<meta name=\"twitter:data2\" content=\"3 minutes\" \/>\n<script type=\"application\/ld+json\" class=\"yoast-schema-graph\">{\"@context\":\"https:\\\/\\\/schema.org\",\"@graph\":[{\"@type\":\"Article\",\"@id\":\"http:\\\/\\\/laprats.fr\\\/blog\\\/visites-lamberet-itron-eleves-de-1ere-sti2d\\\/#article\",\"isPartOf\":{\"@id\":\"http:\\\/\\\/laprats.fr\\\/blog\\\/visites-lamberet-itron-eleves-de-1ere-sti2d\\\/\"},\"author\":{\"name\":\"Pascal Gendrot\",\"@id\":\"http:\\\/\\\/laprats.fr\\\/blog\\\/#\\\/schema\\\/person\\\/90a4b4782b20a014cc9b183a4707820c\"},\"headline\":\"Visites Lamberet et Itron avec les \u00e9l\u00e8ves de 1\u00e8re STI2D\",\"datePublished\":\"2016-02-06T09:16:34+00:00\",\"dateModified\":\"2016-02-13T16:24:56+00:00\",\"mainEntityOfPage\":{\"@id\":\"http:\\\/\\\/laprats.fr\\\/blog\\\/visites-lamberet-itron-eleves-de-1ere-sti2d\\\/\"},\"wordCount\":579,\"commentCount\":0,\"image\":{\"@id\":\"http:\\\/\\\/laprats.fr\\\/blog\\\/visites-lamberet-itron-eleves-de-1ere-sti2d\\\/#primaryimage\"},\"thumbnailUrl\":\"http:\\\/\\\/laprats.fr\\\/blog\\\/wp-content\\\/uploads\\\/2016\\\/02\\\/Lamb-Itron-01.jpg\",\"articleSection\":[\"Info association\",\"Info Prat's\"],\"inLanguage\":\"fr-FR\",\"potentialAction\":[{\"@type\":\"CommentAction\",\"name\":\"Comment\",\"target\":[\"http:\\\/\\\/laprats.fr\\\/blog\\\/visites-lamberet-itron-eleves-de-1ere-sti2d\\\/#respond\"]}]},{\"@type\":\"WebPage\",\"@id\":\"http:\\\/\\\/laprats.fr\\\/blog\\\/visites-lamberet-itron-eleves-de-1ere-sti2d\\\/\",\"url\":\"http:\\\/\\\/laprats.fr\\\/blog\\\/visites-lamberet-itron-eleves-de-1ere-sti2d\\\/\",\"name\":\"Visites Lamberet et Itron avec les \u00e9l\u00e8ves de 1\u00e8re STI2D - Bienvenue\",\"isPartOf\":{\"@id\":\"http:\\\/\\\/laprats.fr\\\/blog\\\/#website\"},\"primaryImageOfPage\":{\"@id\":\"http:\\\/\\\/laprats.fr\\\/blog\\\/visites-lamberet-itron-eleves-de-1ere-sti2d\\\/#primaryimage\"},\"image\":{\"@id\":\"http:\\\/\\\/laprats.fr\\\/blog\\\/visites-lamberet-itron-eleves-de-1ere-sti2d\\\/#primaryimage\"},\"thumbnailUrl\":\"http:\\\/\\\/laprats.fr\\\/blog\\\/wp-content\\\/uploads\\\/2016\\\/02\\\/Lamb-Itron-01.jpg\",\"datePublished\":\"2016-02-06T09:16:34+00:00\",\"dateModified\":\"2016-02-13T16:24:56+00:00\",\"author\":{\"@id\":\"http:\\\/\\\/laprats.fr\\\/blog\\\/#\\\/schema\\\/person\\\/90a4b4782b20a014cc9b183a4707820c\"},\"breadcrumb\":{\"@id\":\"http:\\\/\\\/laprats.fr\\\/blog\\\/visites-lamberet-itron-eleves-de-1ere-sti2d\\\/#breadcrumb\"},\"inLanguage\":\"fr-FR\",\"potentialAction\":[{\"@type\":\"ReadAction\",\"target\":[\"http:\\\/\\\/laprats.fr\\\/blog\\\/visites-lamberet-itron-eleves-de-1ere-sti2d\\\/\"]}]},{\"@type\":\"ImageObject\",\"inLanguage\":\"fr-FR\",\"@id\":\"http:\\\/\\\/laprats.fr\\\/blog\\\/visites-lamberet-itron-eleves-de-1ere-sti2d\\\/#primaryimage\",\"url\":\"http:\\\/\\\/laprats.fr\\\/blog\\\/wp-content\\\/uploads\\\/2016\\\/02\\\/Lamb-Itron-01.jpg\",\"contentUrl\":\"http:\\\/\\\/laprats.fr\\\/blog\\\/wp-content\\\/uploads\\\/2016\\\/02\\\/Lamb-Itron-01.jpg\",\"width\":3840,\"height\":2160},{\"@type\":\"BreadcrumbList\",\"@id\":\"http:\\\/\\\/laprats.fr\\\/blog\\\/visites-lamberet-itron-eleves-de-1ere-sti2d\\\/#breadcrumb\",\"itemListElement\":[{\"@type\":\"ListItem\",\"position\":1,\"name\":\"Accueil\",\"item\":\"http:\\\/\\\/laprats.fr\\\/blog\\\/\"},{\"@type\":\"ListItem\",\"position\":2,\"name\":\"Visites Lamberet et Itron avec les \u00e9l\u00e8ves de 1\u00e8re STI2D\"}]},{\"@type\":\"WebSite\",\"@id\":\"http:\\\/\\\/laprats.fr\\\/blog\\\/#website\",\"url\":\"http:\\\/\\\/laprats.fr\\\/blog\\\/\",\"name\":\"Bienvenue\",\"description\":\"D&#039;hier et d&#039;aujourd&#039;hui ... pour demain\",\"potentialAction\":[{\"@type\":\"SearchAction\",\"target\":{\"@type\":\"EntryPoint\",\"urlTemplate\":\"http:\\\/\\\/laprats.fr\\\/blog\\\/?s={search_term_string}\"},\"query-input\":{\"@type\":\"PropertyValueSpecification\",\"valueRequired\":true,\"valueName\":\"search_term_string\"}}],\"inLanguage\":\"fr-FR\"},{\"@type\":\"Person\",\"@id\":\"http:\\\/\\\/laprats.fr\\\/blog\\\/#\\\/schema\\\/person\\\/90a4b4782b20a014cc9b183a4707820c\",\"name\":\"Pascal Gendrot\",\"image\":{\"@type\":\"ImageObject\",\"inLanguage\":\"fr-FR\",\"@id\":\"https:\\\/\\\/secure.gravatar.com\\\/avatar\\\/649cd38650031007bbd5ec3c73411225e4a69679f8049c7237814718f484b5c0?s=96&d=mm&r=g\",\"url\":\"https:\\\/\\\/secure.gravatar.com\\\/avatar\\\/649cd38650031007bbd5ec3c73411225e4a69679f8049c7237814718f484b5c0?s=96&d=mm&r=g\",\"contentUrl\":\"https:\\\/\\\/secure.gravatar.com\\\/avatar\\\/649cd38650031007bbd5ec3c73411225e4a69679f8049c7237814718f484b5c0?s=96&d=mm&r=g\",\"caption\":\"Pascal Gendrot\"}}]}<\/script>\n<!-- \/ Yoast SEO plugin. -->","yoast_head_json":{"title":"Visites Lamberet et Itron avec les \u00e9l\u00e8ves de 1\u00e8re STI2D - Bienvenue","robots":{"index":"index","follow":"follow","max-snippet":"max-snippet:-1","max-image-preview":"max-image-preview:large","max-video-preview":"max-video-preview:-1"},"canonical":"http:\/\/laprats.fr\/blog\/visites-lamberet-itron-eleves-de-1ere-sti2d\/","og_locale":"fr_FR","og_type":"article","og_title":"Visites Lamberet et Itron avec les \u00e9l\u00e8ves de 1\u00e8re STI2D - Bienvenue","og_description":"Comme chaque ann\u00e9e depuis plus de 5 ans, l&rsquo;Association a organis\u00e9 une visite d&rsquo;entreprise pour les \u00e9l\u00e8ves. C&rsquo;est \u00e0 8h15 que le bus a quitt\u00e9 le lyc\u00e9e ce 3 f\u00e9vrier [&hellip;]","og_url":"http:\/\/laprats.fr\/blog\/visites-lamberet-itron-eleves-de-1ere-sti2d\/","og_site_name":"Bienvenue","article_publisher":"https:\/\/fr-fr.facebook.com\/pages\/Association-La-Prats-de-Cluny\/224204740976190?sk=wall","article_published_time":"2016-02-06T09:16:34+00:00","article_modified_time":"2016-02-13T16:24:56+00:00","og_image":[{"width":1024,"height":576,"url":"http:\/\/laprats.fr\/blog\/wp-content\/uploads\/2016\/02\/Lamb-Itron-01-1024x576.jpg","type":"image\/jpeg"}],"author":"Pascal Gendrot","twitter_misc":{"\u00c9crit par":"Pascal Gendrot","Dur\u00e9e de lecture estim\u00e9e":"3 minutes"},"schema":{"@context":"https:\/\/schema.org","@graph":[{"@type":"Article","@id":"http:\/\/laprats.fr\/blog\/visites-lamberet-itron-eleves-de-1ere-sti2d\/#article","isPartOf":{"@id":"http:\/\/laprats.fr\/blog\/visites-lamberet-itron-eleves-de-1ere-sti2d\/"},"author":{"name":"Pascal Gendrot","@id":"http:\/\/laprats.fr\/blog\/#\/schema\/person\/90a4b4782b20a014cc9b183a4707820c"},"headline":"Visites Lamberet et Itron avec les \u00e9l\u00e8ves de 1\u00e8re STI2D","datePublished":"2016-02-06T09:16:34+00:00","dateModified":"2016-02-13T16:24:56+00:00","mainEntityOfPage":{"@id":"http:\/\/laprats.fr\/blog\/visites-lamberet-itron-eleves-de-1ere-sti2d\/"},"wordCount":579,"commentCount":0,"image":{"@id":"http:\/\/laprats.fr\/blog\/visites-lamberet-itron-eleves-de-1ere-sti2d\/#primaryimage"},"thumbnailUrl":"http:\/\/laprats.fr\/blog\/wp-content\/uploads\/2016\/02\/Lamb-Itron-01.jpg","articleSection":["Info association","Info Prat's"],"inLanguage":"fr-FR","potentialAction":[{"@type":"CommentAction","name":"Comment","target":["http:\/\/laprats.fr\/blog\/visites-lamberet-itron-eleves-de-1ere-sti2d\/#respond"]}]},{"@type":"WebPage","@id":"http:\/\/laprats.fr\/blog\/visites-lamberet-itron-eleves-de-1ere-sti2d\/","url":"http:\/\/laprats.fr\/blog\/visites-lamberet-itron-eleves-de-1ere-sti2d\/","name":"Visites Lamberet et Itron avec les \u00e9l\u00e8ves de 1\u00e8re STI2D - Bienvenue","isPartOf":{"@id":"http:\/\/laprats.fr\/blog\/#website"},"primaryImageOfPage":{"@id":"http:\/\/laprats.fr\/blog\/visites-lamberet-itron-eleves-de-1ere-sti2d\/#primaryimage"},"image":{"@id":"http:\/\/laprats.fr\/blog\/visites-lamberet-itron-eleves-de-1ere-sti2d\/#primaryimage"},"thumbnailUrl":"http:\/\/laprats.fr\/blog\/wp-content\/uploads\/2016\/02\/Lamb-Itron-01.jpg","datePublished":"2016-02-06T09:16:34+00:00","dateModified":"2016-02-13T16:24:56+00:00","author":{"@id":"http:\/\/laprats.fr\/blog\/#\/schema\/person\/90a4b4782b20a014cc9b183a4707820c"},"breadcrumb":{"@id":"http:\/\/laprats.fr\/blog\/visites-lamberet-itron-eleves-de-1ere-sti2d\/#breadcrumb"},"inLanguage":"fr-FR","potentialAction":[{"@type":"ReadAction","target":["http:\/\/laprats.fr\/blog\/visites-lamberet-itron-eleves-de-1ere-sti2d\/"]}]},{"@type":"ImageObject","inLanguage":"fr-FR","@id":"http:\/\/laprats.fr\/blog\/visites-lamberet-itron-eleves-de-1ere-sti2d\/#primaryimage","url":"http:\/\/laprats.fr\/blog\/wp-content\/uploads\/2016\/02\/Lamb-Itron-01.jpg","contentUrl":"http:\/\/laprats.fr\/blog\/wp-content\/uploads\/2016\/02\/Lamb-Itron-01.jpg","width":3840,"height":2160},{"@type":"BreadcrumbList","@id":"http:\/\/laprats.fr\/blog\/visites-lamberet-itron-eleves-de-1ere-sti2d\/#breadcrumb","itemListElement":[{"@type":"ListItem","position":1,"name":"Accueil","item":"http:\/\/laprats.fr\/blog\/"},{"@type":"ListItem","position":2,"name":"Visites Lamberet et Itron avec les \u00e9l\u00e8ves de 1\u00e8re STI2D"}]},{"@type":"WebSite","@id":"http:\/\/laprats.fr\/blog\/#website","url":"http:\/\/laprats.fr\/blog\/","name":"Bienvenue","description":"D&#039;hier et d&#039;aujourd&#039;hui ... pour demain","potentialAction":[{"@type":"SearchAction","target":{"@type":"EntryPoint","urlTemplate":"http:\/\/laprats.fr\/blog\/?s={search_term_string}"},"query-input":{"@type":"PropertyValueSpecification","valueRequired":true,"valueName":"search_term_string"}}],"inLanguage":"fr-FR"},{"@type":"Person","@id":"http:\/\/laprats.fr\/blog\/#\/schema\/person\/90a4b4782b20a014cc9b183a4707820c","name":"Pascal Gendrot","image":{"@type":"ImageObject","inLanguage":"fr-FR","@id":"https:\/\/secure.gravatar.com\/avatar\/649cd38650031007bbd5ec3c73411225e4a69679f8049c7237814718f484b5c0?s=96&d=mm&r=g","url":"https:\/\/secure.gravatar.com\/avatar\/649cd38650031007bbd5ec3c73411225e4a69679f8049c7237814718f484b5c0?s=96&d=mm&r=g","contentUrl":"https:\/\/secure.gravatar.com\/avatar\/649cd38650031007bbd5ec3c73411225e4a69679f8049c7237814718f484b5c0?s=96&d=mm&r=g","caption":"Pascal Gendrot"}}]}},"_links":{"self":[{"href":"http:\/\/laprats.fr\/blog\/wp-json\/wp\/v2\/posts\/1299","targetHints":{"allow":["GET"]}}],"collection":[{"href":"http:\/\/laprats.fr\/blog\/wp-json\/wp\/v2\/posts"}],"about":[{"href":"http:\/\/laprats.fr\/blog\/wp-json\/wp\/v2\/types\/post"}],"author":[{"embeddable":true,"href":"http:\/\/laprats.fr\/blog\/wp-json\/wp\/v2\/users\/6"}],"replies":[{"embeddable":true,"href":"http:\/\/laprats.fr\/blog\/wp-json\/wp\/v2\/comments?post=1299"}],"version-history":[{"count":4,"href":"http:\/\/laprats.fr\/blog\/wp-json\/wp\/v2\/posts\/1299\/revisions"}],"predecessor-version":[{"id":1326,"href":"http:\/\/laprats.fr\/blog\/wp-json\/wp\/v2\/posts\/1299\/revisions\/1326"}],"wp:featuredmedia":[{"embeddable":true,"href":"http:\/\/laprats.fr\/blog\/wp-json\/wp\/v2\/media\/1308"}],"wp:attachment":[{"href":"http:\/\/laprats.fr\/blog\/wp-json\/wp\/v2\/media?parent=1299"}],"wp:term":[{"taxonomy":"category","embeddable":true,"href":"http:\/\/laprats.fr\/blog\/wp-json\/wp\/v2\/categories?post=1299"},{"taxonomy":"post_tag","embeddable":true,"href":"http:\/\/laprats.fr\/blog\/wp-json\/wp\/v2\/tags?post=1299"}],"curies":[{"name":"wp","href":"https:\/\/api.w.org\/{rel}","templated":true}]}}