{"id":1272,"date":"2015-11-11T20:36:55","date_gmt":"2015-11-11T19:36:55","guid":{"rendered":"http:\/\/laprats.fr\/blog\/?p=1272"},"modified":"2015-11-11T20:36:55","modified_gmt":"2015-11-11T19:36:55","slug":"11-novembre-2015","status":"publish","type":"post","link":"http:\/\/laprats.fr\/blog\/11-novembre-2015\/","title":{"rendered":"11 novembre 2015"},"content":{"rendered":"<p>Les comm\u00e9morations du 11 novembre ont d\u00e9but\u00e9 au pied du monument aux morts de la Prat&rsquo;s. Les participants \u00e9taient nombreux cette ann\u00e9e. Monsieur le proviseur et les personnels du lyc\u00e9e ont accueilli les officiels, les clunysois et bien s\u00fbr les anciens \u00e9l\u00e8ves venus rendre hommage aux disparus des derni\u00e8res guerres. Pour clore cette premi\u00e8re \u00e9tape du d\u00e9fil\u00e9, un lyc\u00e9en lit une lettre d&rsquo;un poilu. Les comm\u00e9morations se poursuivent au carr\u00e9 militaire du cimeti\u00e8re, puis au monument aux morts de la guerre de 14-18. Apr\u00e8s un arr\u00eat aux Arts et M\u00e9tiers le cort\u00e8ge se dirige vers la salle municipale o\u00f9 un ap\u00e9ritif est servi.<\/p>\n","protected":false},"excerpt":{"rendered":"<p>Les comm\u00e9morations du 11 novembre ont d\u00e9but\u00e9 au pied du monument aux morts de la Prat&rsquo;s. Les participants \u00e9taient nombreux cette ann\u00e9e. Monsieur le proviseur et les personnels du lyc\u00e9e <a href=\"http:\/\/laprats.fr\/blog\/11-novembre-2015\/\" class=\"more-link\">[&hellip;]<\/a><\/p>\n","protected":false},"author":6,"featured_media":1269,"comment_status":"open","ping_status":"open","sticky":false,"template":"","format":"standard","meta":{"Layout":"","footnotes":""},"categories":[5,4],"tags":[],"class_list":["entry","author-pascal","post-1272","post","type-post","status-publish","format-standard","has-post-thumbnail","category-info-association","category-info-prats"],"yoast_head":"<!-- This site is optimized with the Yoast SEO plugin v27.4 - https:\/\/yoast.com\/product\/yoast-seo-wordpress\/ -->\n<title>11 novembre 2015 - Bienvenue<\/title>\n<meta name=\"robots\" content=\"index, follow, max-snippet:-1, max-image-preview:large, max-video-preview:-1\" \/>\n<link rel=\"canonical\" href=\"https:\/\/laprats.fr\/blog\/11-novembre-2015\/\" \/>\n<meta property=\"og:locale\" content=\"fr_FR\" \/>\n<meta property=\"og:type\" content=\"article\" \/>\n<meta property=\"og:title\" content=\"11 novembre 2015 - Bienvenue\" \/>\n<meta property=\"og:description\" content=\"Les comm\u00e9morations du 11 novembre ont d\u00e9but\u00e9 au pied du monument aux morts de la Prat&rsquo;s. Les participants \u00e9taient nombreux cette ann\u00e9e. Monsieur le proviseur et les personnels du lyc\u00e9e [&hellip;]\" \/>\n<meta property=\"og:url\" content=\"https:\/\/laprats.fr\/blog\/11-novembre-2015\/\" \/>\n<meta property=\"og:site_name\" content=\"Bienvenue\" \/>\n<meta property=\"article:publisher\" content=\"https:\/\/fr-fr.facebook.com\/pages\/Association-La-Prats-de-Cluny\/224204740976190?sk=wall\" \/>\n<meta property=\"article:published_time\" content=\"2015-11-11T19:36:55+00:00\" \/>\n<meta property=\"og:image\" content=\"https:\/\/laprats.fr\/blog\/wp-content\/uploads\/2015\/11\/DSC_0035-1024x576.jpg\" \/>\n\t<meta property=\"og:image:width\" content=\"1024\" \/>\n\t<meta property=\"og:image:height\" content=\"576\" \/>\n\t<meta property=\"og:image:type\" content=\"image\/jpeg\" \/>\n<meta name=\"author\" content=\"Pascal Gendrot\" \/>\n<meta name=\"twitter:label1\" content=\"\u00c9crit par\" \/>\n\t<meta name=\"twitter:data1\" content=\"Pascal Gendrot\" \/>\n\t<meta name=\"twitter:label2\" content=\"Dur\u00e9e de lecture estim\u00e9e\" \/>\n\t<meta name=\"twitter:data2\" content=\"1 minute\" \/>\n<script type=\"application\/ld+json\" class=\"yoast-schema-graph\">{\"@context\":\"https:\\\/\\\/schema.org\",\"@graph\":[{\"@type\":\"Article\",\"@id\":\"https:\\\/\\\/laprats.fr\\\/blog\\\/11-novembre-2015\\\/#article\",\"isPartOf\":{\"@id\":\"https:\\\/\\\/laprats.fr\\\/blog\\\/11-novembre-2015\\\/\"},\"author\":{\"name\":\"Pascal Gendrot\",\"@id\":\"http:\\\/\\\/laprats.fr\\\/blog\\\/#\\\/schema\\\/person\\\/90a4b4782b20a014cc9b183a4707820c\"},\"headline\":\"11 novembre 2015\",\"datePublished\":\"2015-11-11T19:36:55+00:00\",\"mainEntityOfPage\":{\"@id\":\"https:\\\/\\\/laprats.fr\\\/blog\\\/11-novembre-2015\\\/\"},\"wordCount\":120,\"commentCount\":0,\"image\":{\"@id\":\"https:\\\/\\\/laprats.fr\\\/blog\\\/11-novembre-2015\\\/#primaryimage\"},\"thumbnailUrl\":\"http:\\\/\\\/laprats.fr\\\/blog\\\/wp-content\\\/uploads\\\/2015\\\/11\\\/DSC_0035.jpg\",\"articleSection\":[\"Info association\",\"Info Prat's\"],\"inLanguage\":\"fr-FR\",\"potentialAction\":[{\"@type\":\"CommentAction\",\"name\":\"Comment\",\"target\":[\"https:\\\/\\\/laprats.fr\\\/blog\\\/11-novembre-2015\\\/#respond\"]}]},{\"@type\":\"WebPage\",\"@id\":\"https:\\\/\\\/laprats.fr\\\/blog\\\/11-novembre-2015\\\/\",\"url\":\"https:\\\/\\\/laprats.fr\\\/blog\\\/11-novembre-2015\\\/\",\"name\":\"11 novembre 2015 - Bienvenue\",\"isPartOf\":{\"@id\":\"http:\\\/\\\/laprats.fr\\\/blog\\\/#website\"},\"primaryImageOfPage\":{\"@id\":\"https:\\\/\\\/laprats.fr\\\/blog\\\/11-novembre-2015\\\/#primaryimage\"},\"image\":{\"@id\":\"https:\\\/\\\/laprats.fr\\\/blog\\\/11-novembre-2015\\\/#primaryimage\"},\"thumbnailUrl\":\"http:\\\/\\\/laprats.fr\\\/blog\\\/wp-content\\\/uploads\\\/2015\\\/11\\\/DSC_0035.jpg\",\"datePublished\":\"2015-11-11T19:36:55+00:00\",\"author\":{\"@id\":\"http:\\\/\\\/laprats.fr\\\/blog\\\/#\\\/schema\\\/person\\\/90a4b4782b20a014cc9b183a4707820c\"},\"breadcrumb\":{\"@id\":\"https:\\\/\\\/laprats.fr\\\/blog\\\/11-novembre-2015\\\/#breadcrumb\"},\"inLanguage\":\"fr-FR\",\"potentialAction\":[{\"@type\":\"ReadAction\",\"target\":[\"https:\\\/\\\/laprats.fr\\\/blog\\\/11-novembre-2015\\\/\"]}]},{\"@type\":\"ImageObject\",\"inLanguage\":\"fr-FR\",\"@id\":\"https:\\\/\\\/laprats.fr\\\/blog\\\/11-novembre-2015\\\/#primaryimage\",\"url\":\"http:\\\/\\\/laprats.fr\\\/blog\\\/wp-content\\\/uploads\\\/2015\\\/11\\\/DSC_0035.jpg\",\"contentUrl\":\"http:\\\/\\\/laprats.fr\\\/blog\\\/wp-content\\\/uploads\\\/2015\\\/11\\\/DSC_0035.jpg\",\"width\":3840,\"height\":2160},{\"@type\":\"BreadcrumbList\",\"@id\":\"https:\\\/\\\/laprats.fr\\\/blog\\\/11-novembre-2015\\\/#breadcrumb\",\"itemListElement\":[{\"@type\":\"ListItem\",\"position\":1,\"name\":\"Accueil\",\"item\":\"http:\\\/\\\/laprats.fr\\\/blog\\\/\"},{\"@type\":\"ListItem\",\"position\":2,\"name\":\"11 novembre 2015\"}]},{\"@type\":\"WebSite\",\"@id\":\"http:\\\/\\\/laprats.fr\\\/blog\\\/#website\",\"url\":\"http:\\\/\\\/laprats.fr\\\/blog\\\/\",\"name\":\"Bienvenue\",\"description\":\"D&#039;hier et d&#039;aujourd&#039;hui ... pour demain\",\"potentialAction\":[{\"@type\":\"SearchAction\",\"target\":{\"@type\":\"EntryPoint\",\"urlTemplate\":\"http:\\\/\\\/laprats.fr\\\/blog\\\/?s={search_term_string}\"},\"query-input\":{\"@type\":\"PropertyValueSpecification\",\"valueRequired\":true,\"valueName\":\"search_term_string\"}}],\"inLanguage\":\"fr-FR\"},{\"@type\":\"Person\",\"@id\":\"http:\\\/\\\/laprats.fr\\\/blog\\\/#\\\/schema\\\/person\\\/90a4b4782b20a014cc9b183a4707820c\",\"name\":\"Pascal Gendrot\",\"image\":{\"@type\":\"ImageObject\",\"inLanguage\":\"fr-FR\",\"@id\":\"https:\\\/\\\/secure.gravatar.com\\\/avatar\\\/649cd38650031007bbd5ec3c73411225e4a69679f8049c7237814718f484b5c0?s=96&d=mm&r=g\",\"url\":\"https:\\\/\\\/secure.gravatar.com\\\/avatar\\\/649cd38650031007bbd5ec3c73411225e4a69679f8049c7237814718f484b5c0?s=96&d=mm&r=g\",\"contentUrl\":\"https:\\\/\\\/secure.gravatar.com\\\/avatar\\\/649cd38650031007bbd5ec3c73411225e4a69679f8049c7237814718f484b5c0?s=96&d=mm&r=g\",\"caption\":\"Pascal Gendrot\"}}]}<\/script>\n<!-- \/ Yoast SEO plugin. -->","yoast_head_json":{"title":"11 novembre 2015 - Bienvenue","robots":{"index":"index","follow":"follow","max-snippet":"max-snippet:-1","max-image-preview":"max-image-preview:large","max-video-preview":"max-video-preview:-1"},"canonical":"https:\/\/laprats.fr\/blog\/11-novembre-2015\/","og_locale":"fr_FR","og_type":"article","og_title":"11 novembre 2015 - Bienvenue","og_description":"Les comm\u00e9morations du 11 novembre ont d\u00e9but\u00e9 au pied du monument aux morts de la Prat&rsquo;s. Les participants \u00e9taient nombreux cette ann\u00e9e. Monsieur le proviseur et les personnels du lyc\u00e9e [&hellip;]","og_url":"https:\/\/laprats.fr\/blog\/11-novembre-2015\/","og_site_name":"Bienvenue","article_publisher":"https:\/\/fr-fr.facebook.com\/pages\/Association-La-Prats-de-Cluny\/224204740976190?sk=wall","article_published_time":"2015-11-11T19:36:55+00:00","og_image":[{"width":1024,"height":576,"url":"https:\/\/laprats.fr\/blog\/wp-content\/uploads\/2015\/11\/DSC_0035-1024x576.jpg","type":"image\/jpeg"}],"author":"Pascal Gendrot","twitter_misc":{"\u00c9crit par":"Pascal Gendrot","Dur\u00e9e de lecture estim\u00e9e":"1 minute"},"schema":{"@context":"https:\/\/schema.org","@graph":[{"@type":"Article","@id":"https:\/\/laprats.fr\/blog\/11-novembre-2015\/#article","isPartOf":{"@id":"https:\/\/laprats.fr\/blog\/11-novembre-2015\/"},"author":{"name":"Pascal Gendrot","@id":"http:\/\/laprats.fr\/blog\/#\/schema\/person\/90a4b4782b20a014cc9b183a4707820c"},"headline":"11 novembre 2015","datePublished":"2015-11-11T19:36:55+00:00","mainEntityOfPage":{"@id":"https:\/\/laprats.fr\/blog\/11-novembre-2015\/"},"wordCount":120,"commentCount":0,"image":{"@id":"https:\/\/laprats.fr\/blog\/11-novembre-2015\/#primaryimage"},"thumbnailUrl":"http:\/\/laprats.fr\/blog\/wp-content\/uploads\/2015\/11\/DSC_0035.jpg","articleSection":["Info association","Info Prat's"],"inLanguage":"fr-FR","potentialAction":[{"@type":"CommentAction","name":"Comment","target":["https:\/\/laprats.fr\/blog\/11-novembre-2015\/#respond"]}]},{"@type":"WebPage","@id":"https:\/\/laprats.fr\/blog\/11-novembre-2015\/","url":"https:\/\/laprats.fr\/blog\/11-novembre-2015\/","name":"11 novembre 2015 - Bienvenue","isPartOf":{"@id":"http:\/\/laprats.fr\/blog\/#website"},"primaryImageOfPage":{"@id":"https:\/\/laprats.fr\/blog\/11-novembre-2015\/#primaryimage"},"image":{"@id":"https:\/\/laprats.fr\/blog\/11-novembre-2015\/#primaryimage"},"thumbnailUrl":"http:\/\/laprats.fr\/blog\/wp-content\/uploads\/2015\/11\/DSC_0035.jpg","datePublished":"2015-11-11T19:36:55+00:00","author":{"@id":"http:\/\/laprats.fr\/blog\/#\/schema\/person\/90a4b4782b20a014cc9b183a4707820c"},"breadcrumb":{"@id":"https:\/\/laprats.fr\/blog\/11-novembre-2015\/#breadcrumb"},"inLanguage":"fr-FR","potentialAction":[{"@type":"ReadAction","target":["https:\/\/laprats.fr\/blog\/11-novembre-2015\/"]}]},{"@type":"ImageObject","inLanguage":"fr-FR","@id":"https:\/\/laprats.fr\/blog\/11-novembre-2015\/#primaryimage","url":"http:\/\/laprats.fr\/blog\/wp-content\/uploads\/2015\/11\/DSC_0035.jpg","contentUrl":"http:\/\/laprats.fr\/blog\/wp-content\/uploads\/2015\/11\/DSC_0035.jpg","width":3840,"height":2160},{"@type":"BreadcrumbList","@id":"https:\/\/laprats.fr\/blog\/11-novembre-2015\/#breadcrumb","itemListElement":[{"@type":"ListItem","position":1,"name":"Accueil","item":"http:\/\/laprats.fr\/blog\/"},{"@type":"ListItem","position":2,"name":"11 novembre 2015"}]},{"@type":"WebSite","@id":"http:\/\/laprats.fr\/blog\/#website","url":"http:\/\/laprats.fr\/blog\/","name":"Bienvenue","description":"D&#039;hier et d&#039;aujourd&#039;hui ... pour demain","potentialAction":[{"@type":"SearchAction","target":{"@type":"EntryPoint","urlTemplate":"http:\/\/laprats.fr\/blog\/?s={search_term_string}"},"query-input":{"@type":"PropertyValueSpecification","valueRequired":true,"valueName":"search_term_string"}}],"inLanguage":"fr-FR"},{"@type":"Person","@id":"http:\/\/laprats.fr\/blog\/#\/schema\/person\/90a4b4782b20a014cc9b183a4707820c","name":"Pascal Gendrot","image":{"@type":"ImageObject","inLanguage":"fr-FR","@id":"https:\/\/secure.gravatar.com\/avatar\/649cd38650031007bbd5ec3c73411225e4a69679f8049c7237814718f484b5c0?s=96&d=mm&r=g","url":"https:\/\/secure.gravatar.com\/avatar\/649cd38650031007bbd5ec3c73411225e4a69679f8049c7237814718f484b5c0?s=96&d=mm&r=g","contentUrl":"https:\/\/secure.gravatar.com\/avatar\/649cd38650031007bbd5ec3c73411225e4a69679f8049c7237814718f484b5c0?s=96&d=mm&r=g","caption":"Pascal Gendrot"}}]}},"_links":{"self":[{"href":"http:\/\/laprats.fr\/blog\/wp-json\/wp\/v2\/posts\/1272","targetHints":{"allow":["GET"]}}],"collection":[{"href":"http:\/\/laprats.fr\/blog\/wp-json\/wp\/v2\/posts"}],"about":[{"href":"http:\/\/laprats.fr\/blog\/wp-json\/wp\/v2\/types\/post"}],"author":[{"embeddable":true,"href":"http:\/\/laprats.fr\/blog\/wp-json\/wp\/v2\/users\/6"}],"replies":[{"embeddable":true,"href":"http:\/\/laprats.fr\/blog\/wp-json\/wp\/v2\/comments?post=1272"}],"version-history":[{"count":1,"href":"http:\/\/laprats.fr\/blog\/wp-json\/wp\/v2\/posts\/1272\/revisions"}],"predecessor-version":[{"id":1273,"href":"http:\/\/laprats.fr\/blog\/wp-json\/wp\/v2\/posts\/1272\/revisions\/1273"}],"wp:featuredmedia":[{"embeddable":true,"href":"http:\/\/laprats.fr\/blog\/wp-json\/wp\/v2\/media\/1269"}],"wp:attachment":[{"href":"http:\/\/laprats.fr\/blog\/wp-json\/wp\/v2\/media?parent=1272"}],"wp:term":[{"taxonomy":"category","embeddable":true,"href":"http:\/\/laprats.fr\/blog\/wp-json\/wp\/v2\/categories?post=1272"},{"taxonomy":"post_tag","embeddable":true,"href":"http:\/\/laprats.fr\/blog\/wp-json\/wp\/v2\/tags?post=1272"}],"curies":[{"name":"wp","href":"https:\/\/api.w.org\/{rel}","templated":true}]}}