{"id":1222,"date":"2015-08-23T13:20:53","date_gmt":"2015-08-23T11:20:53","guid":{"rendered":"http:\/\/laprats.fr\/blog\/?p=1222"},"modified":"2015-08-23T13:23:37","modified_gmt":"2015-08-23T11:23:37","slug":"a-g-du-03-octobre-2015-a-la-prats","status":"publish","type":"post","link":"http:\/\/laprats.fr\/blog\/a-g-du-03-octobre-2015-a-la-prats\/","title":{"rendered":"A.G. du 03 octobre 2015 \u00e0 la Prat&rsquo;s"},"content":{"rendered":"<p>Les inscriptions pour l&rsquo;assembl\u00e9e g\u00e9n\u00e9rale du 03 octobre 2015 sont ouvertes, vous pouvez\u00a0<a href=\"http:\/\/laprats.fr\/blog\/wp-content\/uploads\/2015\/08\/invit2015.pdf\">T\u00c9L\u00c9CHARGER<\/a> votre bulletin pour pouvoir nous rejoindre.<\/p>\n<p>Cette ann\u00e9e vous pourrez \u00e9galement visiter le lyc\u00e9e, en particulier l&rsquo;espace technologique mais aussi prendre connaissance des actions men\u00e9es au cours de l&rsquo;ann\u00e9e \u00e9coul\u00e9e et d\u00e9couvrir celles pr\u00e9vues pour l&rsquo;ann\u00e9e scolaire \u00e0 venir.<\/p>\n<p>Et comme chaque ann\u00e9e finir la matin\u00e9e autour d&rsquo;une bonne table.<\/p>\n<p>Dans l&rsquo;attente de vous retrouver,<\/p>\n<p>Amicalement,<\/p>\n<p>Le Pr\u00e9sident<\/p>\n<p>Pascal Gendrot<\/p>\n","protected":false},"excerpt":{"rendered":"<p>Les inscriptions pour l&rsquo;assembl\u00e9e g\u00e9n\u00e9rale du 03 octobre 2015 sont ouvertes, vous pouvez\u00a0T\u00c9L\u00c9CHARGER votre bulletin pour pouvoir nous rejoindre. Cette ann\u00e9e vous pourrez \u00e9galement visiter le lyc\u00e9e, en particulier l&rsquo;espace <a href=\"http:\/\/laprats.fr\/blog\/a-g-du-03-octobre-2015-a-la-prats\/\" class=\"more-link\">[&hellip;]<\/a><\/p>\n","protected":false},"author":6,"featured_media":0,"comment_status":"open","ping_status":"open","sticky":false,"template":"","format":"standard","meta":{"Layout":"","footnotes":""},"categories":[5],"tags":[],"class_list":["entry","author-pascal","post-1222","post","type-post","status-publish","format-standard","category-info-association"],"yoast_head":"<!-- This site is optimized with the Yoast SEO plugin v27.4 - https:\/\/yoast.com\/product\/yoast-seo-wordpress\/ -->\n<title>assembl\u00e9e g\u00e9n\u00e9rale du 03 octobre<\/title>\n<meta name=\"description\" content=\"inscription pour l&#039;assembl\u00e9e g\u00e9n\u00e9rale du 03 octobre au lyc\u00e9e\" \/>\n<meta name=\"robots\" content=\"index, follow, max-snippet:-1, max-image-preview:large, max-video-preview:-1\" \/>\n<link rel=\"canonical\" href=\"http:\/\/laprats.fr\/blog\/a-g-du-03-octobre-2015-a-la-prats\/\" \/>\n<meta property=\"og:locale\" content=\"fr_FR\" \/>\n<meta property=\"og:type\" content=\"article\" \/>\n<meta property=\"og:title\" content=\"assembl\u00e9e g\u00e9n\u00e9rale du 03 octobre\" \/>\n<meta property=\"og:description\" content=\"inscription pour l&#039;assembl\u00e9e g\u00e9n\u00e9rale du 03 octobre au lyc\u00e9e\" \/>\n<meta property=\"og:url\" content=\"http:\/\/laprats.fr\/blog\/a-g-du-03-octobre-2015-a-la-prats\/\" \/>\n<meta property=\"og:site_name\" content=\"Bienvenue\" \/>\n<meta property=\"article:publisher\" content=\"https:\/\/fr-fr.facebook.com\/pages\/Association-La-Prats-de-Cluny\/224204740976190?sk=wall\" \/>\n<meta property=\"article:published_time\" content=\"2015-08-23T11:20:53+00:00\" \/>\n<meta property=\"article:modified_time\" content=\"2015-08-23T11:23:37+00:00\" \/>\n<meta property=\"og:image\" content=\"http:\/\/laprats.fr\/blog\/wp-content\/uploads\/2014\/09\/fonddepage.jpg\" \/>\n\t<meta property=\"og:image:width\" content=\"200\" \/>\n\t<meta property=\"og:image:height\" content=\"200\" \/>\n\t<meta property=\"og:image:type\" content=\"image\/jpeg\" \/>\n<meta name=\"author\" content=\"Pascal Gendrot\" \/>\n<meta name=\"twitter:label1\" content=\"\u00c9crit par\" \/>\n\t<meta name=\"twitter:data1\" content=\"Pascal Gendrot\" \/>\n<script type=\"application\/ld+json\" class=\"yoast-schema-graph\">{\"@context\":\"https:\\\/\\\/schema.org\",\"@graph\":[{\"@type\":\"Article\",\"@id\":\"http:\\\/\\\/laprats.fr\\\/blog\\\/a-g-du-03-octobre-2015-a-la-prats\\\/#article\",\"isPartOf\":{\"@id\":\"http:\\\/\\\/laprats.fr\\\/blog\\\/a-g-du-03-octobre-2015-a-la-prats\\\/\"},\"author\":{\"name\":\"Pascal Gendrot\",\"@id\":\"http:\\\/\\\/laprats.fr\\\/blog\\\/#\\\/schema\\\/person\\\/90a4b4782b20a014cc9b183a4707820c\"},\"headline\":\"A.G. du 03 octobre 2015 \u00e0 la Prat&rsquo;s\",\"datePublished\":\"2015-08-23T11:20:53+00:00\",\"dateModified\":\"2015-08-23T11:23:37+00:00\",\"mainEntityOfPage\":{\"@id\":\"http:\\\/\\\/laprats.fr\\\/blog\\\/a-g-du-03-octobre-2015-a-la-prats\\\/\"},\"wordCount\":93,\"commentCount\":0,\"articleSection\":[\"Info association\"],\"inLanguage\":\"fr-FR\",\"potentialAction\":[{\"@type\":\"CommentAction\",\"name\":\"Comment\",\"target\":[\"http:\\\/\\\/laprats.fr\\\/blog\\\/a-g-du-03-octobre-2015-a-la-prats\\\/#respond\"]}]},{\"@type\":\"WebPage\",\"@id\":\"http:\\\/\\\/laprats.fr\\\/blog\\\/a-g-du-03-octobre-2015-a-la-prats\\\/\",\"url\":\"http:\\\/\\\/laprats.fr\\\/blog\\\/a-g-du-03-octobre-2015-a-la-prats\\\/\",\"name\":\"assembl\u00e9e g\u00e9n\u00e9rale du 03 octobre\",\"isPartOf\":{\"@id\":\"http:\\\/\\\/laprats.fr\\\/blog\\\/#website\"},\"datePublished\":\"2015-08-23T11:20:53+00:00\",\"dateModified\":\"2015-08-23T11:23:37+00:00\",\"author\":{\"@id\":\"http:\\\/\\\/laprats.fr\\\/blog\\\/#\\\/schema\\\/person\\\/90a4b4782b20a014cc9b183a4707820c\"},\"description\":\"inscription pour l'assembl\u00e9e g\u00e9n\u00e9rale du 03 octobre au lyc\u00e9e\",\"breadcrumb\":{\"@id\":\"http:\\\/\\\/laprats.fr\\\/blog\\\/a-g-du-03-octobre-2015-a-la-prats\\\/#breadcrumb\"},\"inLanguage\":\"fr-FR\",\"potentialAction\":[{\"@type\":\"ReadAction\",\"target\":[\"http:\\\/\\\/laprats.fr\\\/blog\\\/a-g-du-03-octobre-2015-a-la-prats\\\/\"]}]},{\"@type\":\"BreadcrumbList\",\"@id\":\"http:\\\/\\\/laprats.fr\\\/blog\\\/a-g-du-03-octobre-2015-a-la-prats\\\/#breadcrumb\",\"itemListElement\":[{\"@type\":\"ListItem\",\"position\":1,\"name\":\"Accueil\",\"item\":\"http:\\\/\\\/laprats.fr\\\/blog\\\/\"},{\"@type\":\"ListItem\",\"position\":2,\"name\":\"A.G. du 03 octobre 2015 \u00e0 la Prat&rsquo;s\"}]},{\"@type\":\"WebSite\",\"@id\":\"http:\\\/\\\/laprats.fr\\\/blog\\\/#website\",\"url\":\"http:\\\/\\\/laprats.fr\\\/blog\\\/\",\"name\":\"Bienvenue\",\"description\":\"D&#039;hier et d&#039;aujourd&#039;hui ... pour demain\",\"potentialAction\":[{\"@type\":\"SearchAction\",\"target\":{\"@type\":\"EntryPoint\",\"urlTemplate\":\"http:\\\/\\\/laprats.fr\\\/blog\\\/?s={search_term_string}\"},\"query-input\":{\"@type\":\"PropertyValueSpecification\",\"valueRequired\":true,\"valueName\":\"search_term_string\"}}],\"inLanguage\":\"fr-FR\"},{\"@type\":\"Person\",\"@id\":\"http:\\\/\\\/laprats.fr\\\/blog\\\/#\\\/schema\\\/person\\\/90a4b4782b20a014cc9b183a4707820c\",\"name\":\"Pascal Gendrot\",\"image\":{\"@type\":\"ImageObject\",\"inLanguage\":\"fr-FR\",\"@id\":\"https:\\\/\\\/secure.gravatar.com\\\/avatar\\\/649cd38650031007bbd5ec3c73411225e4a69679f8049c7237814718f484b5c0?s=96&d=mm&r=g\",\"url\":\"https:\\\/\\\/secure.gravatar.com\\\/avatar\\\/649cd38650031007bbd5ec3c73411225e4a69679f8049c7237814718f484b5c0?s=96&d=mm&r=g\",\"contentUrl\":\"https:\\\/\\\/secure.gravatar.com\\\/avatar\\\/649cd38650031007bbd5ec3c73411225e4a69679f8049c7237814718f484b5c0?s=96&d=mm&r=g\",\"caption\":\"Pascal Gendrot\"}}]}<\/script>\n<!-- \/ Yoast SEO plugin. -->","yoast_head_json":{"title":"assembl\u00e9e g\u00e9n\u00e9rale du 03 octobre","description":"inscription pour l'assembl\u00e9e g\u00e9n\u00e9rale du 03 octobre au lyc\u00e9e","robots":{"index":"index","follow":"follow","max-snippet":"max-snippet:-1","max-image-preview":"max-image-preview:large","max-video-preview":"max-video-preview:-1"},"canonical":"http:\/\/laprats.fr\/blog\/a-g-du-03-octobre-2015-a-la-prats\/","og_locale":"fr_FR","og_type":"article","og_title":"assembl\u00e9e g\u00e9n\u00e9rale du 03 octobre","og_description":"inscription pour l'assembl\u00e9e g\u00e9n\u00e9rale du 03 octobre au lyc\u00e9e","og_url":"http:\/\/laprats.fr\/blog\/a-g-du-03-octobre-2015-a-la-prats\/","og_site_name":"Bienvenue","article_publisher":"https:\/\/fr-fr.facebook.com\/pages\/Association-La-Prats-de-Cluny\/224204740976190?sk=wall","article_published_time":"2015-08-23T11:20:53+00:00","article_modified_time":"2015-08-23T11:23:37+00:00","og_image":[{"width":200,"height":200,"url":"http:\/\/laprats.fr\/blog\/wp-content\/uploads\/2014\/09\/fonddepage.jpg","type":"image\/jpeg"}],"author":"Pascal Gendrot","twitter_misc":{"\u00c9crit par":"Pascal Gendrot"},"schema":{"@context":"https:\/\/schema.org","@graph":[{"@type":"Article","@id":"http:\/\/laprats.fr\/blog\/a-g-du-03-octobre-2015-a-la-prats\/#article","isPartOf":{"@id":"http:\/\/laprats.fr\/blog\/a-g-du-03-octobre-2015-a-la-prats\/"},"author":{"name":"Pascal Gendrot","@id":"http:\/\/laprats.fr\/blog\/#\/schema\/person\/90a4b4782b20a014cc9b183a4707820c"},"headline":"A.G. du 03 octobre 2015 \u00e0 la Prat&rsquo;s","datePublished":"2015-08-23T11:20:53+00:00","dateModified":"2015-08-23T11:23:37+00:00","mainEntityOfPage":{"@id":"http:\/\/laprats.fr\/blog\/a-g-du-03-octobre-2015-a-la-prats\/"},"wordCount":93,"commentCount":0,"articleSection":["Info association"],"inLanguage":"fr-FR","potentialAction":[{"@type":"CommentAction","name":"Comment","target":["http:\/\/laprats.fr\/blog\/a-g-du-03-octobre-2015-a-la-prats\/#respond"]}]},{"@type":"WebPage","@id":"http:\/\/laprats.fr\/blog\/a-g-du-03-octobre-2015-a-la-prats\/","url":"http:\/\/laprats.fr\/blog\/a-g-du-03-octobre-2015-a-la-prats\/","name":"assembl\u00e9e g\u00e9n\u00e9rale du 03 octobre","isPartOf":{"@id":"http:\/\/laprats.fr\/blog\/#website"},"datePublished":"2015-08-23T11:20:53+00:00","dateModified":"2015-08-23T11:23:37+00:00","author":{"@id":"http:\/\/laprats.fr\/blog\/#\/schema\/person\/90a4b4782b20a014cc9b183a4707820c"},"description":"inscription pour l'assembl\u00e9e g\u00e9n\u00e9rale du 03 octobre au lyc\u00e9e","breadcrumb":{"@id":"http:\/\/laprats.fr\/blog\/a-g-du-03-octobre-2015-a-la-prats\/#breadcrumb"},"inLanguage":"fr-FR","potentialAction":[{"@type":"ReadAction","target":["http:\/\/laprats.fr\/blog\/a-g-du-03-octobre-2015-a-la-prats\/"]}]},{"@type":"BreadcrumbList","@id":"http:\/\/laprats.fr\/blog\/a-g-du-03-octobre-2015-a-la-prats\/#breadcrumb","itemListElement":[{"@type":"ListItem","position":1,"name":"Accueil","item":"http:\/\/laprats.fr\/blog\/"},{"@type":"ListItem","position":2,"name":"A.G. du 03 octobre 2015 \u00e0 la Prat&rsquo;s"}]},{"@type":"WebSite","@id":"http:\/\/laprats.fr\/blog\/#website","url":"http:\/\/laprats.fr\/blog\/","name":"Bienvenue","description":"D&#039;hier et d&#039;aujourd&#039;hui ... pour demain","potentialAction":[{"@type":"SearchAction","target":{"@type":"EntryPoint","urlTemplate":"http:\/\/laprats.fr\/blog\/?s={search_term_string}"},"query-input":{"@type":"PropertyValueSpecification","valueRequired":true,"valueName":"search_term_string"}}],"inLanguage":"fr-FR"},{"@type":"Person","@id":"http:\/\/laprats.fr\/blog\/#\/schema\/person\/90a4b4782b20a014cc9b183a4707820c","name":"Pascal Gendrot","image":{"@type":"ImageObject","inLanguage":"fr-FR","@id":"https:\/\/secure.gravatar.com\/avatar\/649cd38650031007bbd5ec3c73411225e4a69679f8049c7237814718f484b5c0?s=96&d=mm&r=g","url":"https:\/\/secure.gravatar.com\/avatar\/649cd38650031007bbd5ec3c73411225e4a69679f8049c7237814718f484b5c0?s=96&d=mm&r=g","contentUrl":"https:\/\/secure.gravatar.com\/avatar\/649cd38650031007bbd5ec3c73411225e4a69679f8049c7237814718f484b5c0?s=96&d=mm&r=g","caption":"Pascal Gendrot"}}]}},"_links":{"self":[{"href":"http:\/\/laprats.fr\/blog\/wp-json\/wp\/v2\/posts\/1222","targetHints":{"allow":["GET"]}}],"collection":[{"href":"http:\/\/laprats.fr\/blog\/wp-json\/wp\/v2\/posts"}],"about":[{"href":"http:\/\/laprats.fr\/blog\/wp-json\/wp\/v2\/types\/post"}],"author":[{"embeddable":true,"href":"http:\/\/laprats.fr\/blog\/wp-json\/wp\/v2\/users\/6"}],"replies":[{"embeddable":true,"href":"http:\/\/laprats.fr\/blog\/wp-json\/wp\/v2\/comments?post=1222"}],"version-history":[{"count":2,"href":"http:\/\/laprats.fr\/blog\/wp-json\/wp\/v2\/posts\/1222\/revisions"}],"predecessor-version":[{"id":1225,"href":"http:\/\/laprats.fr\/blog\/wp-json\/wp\/v2\/posts\/1222\/revisions\/1225"}],"wp:attachment":[{"href":"http:\/\/laprats.fr\/blog\/wp-json\/wp\/v2\/media?parent=1222"}],"wp:term":[{"taxonomy":"category","embeddable":true,"href":"http:\/\/laprats.fr\/blog\/wp-json\/wp\/v2\/categories?post=1222"},{"taxonomy":"post_tag","embeddable":true,"href":"http:\/\/laprats.fr\/blog\/wp-json\/wp\/v2\/tags?post=1222"}],"curies":[{"name":"wp","href":"https:\/\/api.w.org\/{rel}","templated":true}]}}