{"id":1080,"date":"2015-03-15T08:53:57","date_gmt":"2015-03-15T08:53:57","guid":{"rendered":"http:\/\/laprats.fr\/blog\/?p=1080"},"modified":"2015-05-16T06:18:34","modified_gmt":"2015-05-16T06:18:34","slug":"commemoration-de-la-disparition-de-la-zim","status":"publish","type":"post","link":"http:\/\/laprats.fr\/blog\/commemoration-de-la-disparition-de-la-zim\/","title":{"rendered":"Comm\u00e9moration de la disparition de la Zim"},"content":{"rendered":"<p style=\"text-align: center;\"><a href=\"http:\/\/laprats.fr\/blog\/wp-content\/uploads\/2015\/03\/zim002.jpg\"><img loading=\"lazy\" decoding=\"async\" class=\"alignnone size-medium wp-image-1081\" src=\"http:\/\/laprats.fr\/blog\/wp-content\/uploads\/2015\/03\/zim002-227x300.jpg\" alt=\"zim002\" width=\"227\" height=\"300\" srcset=\"http:\/\/laprats.fr\/blog\/wp-content\/uploads\/2015\/03\/zim002-227x300.jpg 227w, http:\/\/laprats.fr\/blog\/wp-content\/uploads\/2015\/03\/zim002.jpg 734w\" sizes=\"auto, (max-width: 227px) 100vw, 227px\" \/><\/a><\/p>\n<p>Mardi 14 avril 2015 \u00e0 16h45, un hommage officiel sera rendu par le lyc\u00e9e, en collaboration avec l\u2019Amicale des Anciens El\u00e8ves et Personnels de la Prat\u2019s et Le Comit\u00e9 d\u2019Entente des Associations Patriotiques du Clunisois , \u00e0 Marie Louise Zimberlin. Elle fut l&rsquo;une des premi\u00e8res professeures du lyc\u00e9e et r\u00e9sistante pendant la seconde guerre mondiale. Sa participation active dans la r\u00e9sistance entrainera son arrestation lors de la rafle de f\u00e9vrier 1944 \u00e0 Cluny (72 hommes et femmes arr\u00eat\u00e9s) et la conduira au camp de concentration de Ravensbr\u00fcck. Apr\u00e8s 14 mois de captivit\u00e9 elle sera lib\u00e9r\u00e9e en avril 1945 mais, fatigu\u00e9e par sa captivit\u00e9, elle d\u00e9c\u00e8dera le 14 avril 1945 \u00e0 Annemasse sans revoir Cluny.<\/p>\n<p>En 1945 un ancien directeur de la Prat&rsquo;s dira qu&rsquo;elle est \u00ab\u00a0un symbole de devoir, de loyaut\u00e9, d&rsquo;int\u00e9grit\u00e9 morale et de sacrifice\u00a0\u00bb<\/p>\n","protected":false},"excerpt":{"rendered":"<p>Mardi 14 avril 2015 \u00e0 16h45, un hommage officiel sera rendu par le lyc\u00e9e, en collaboration avec l\u2019Amicale des Anciens El\u00e8ves et Personnels de la Prat\u2019s et Le Comit\u00e9 d\u2019Entente <a href=\"http:\/\/laprats.fr\/blog\/commemoration-de-la-disparition-de-la-zim\/\" class=\"more-link\">[&hellip;]<\/a><\/p>\n","protected":false},"author":6,"featured_media":1081,"comment_status":"open","ping_status":"open","sticky":false,"template":"","format":"standard","meta":{"Layout":"","footnotes":""},"categories":[5],"tags":[],"class_list":["entry","author-pascal","post-1080","post","type-post","status-publish","format-standard","has-post-thumbnail","category-info-association"],"yoast_head":"<!-- This site is optimized with the Yoast SEO plugin v27.4 - https:\/\/yoast.com\/product\/yoast-seo-wordpress\/ -->\n<title>Comm\u00e9moration de la disparition de la Zim - Bienvenue<\/title>\n<meta name=\"robots\" content=\"index, follow, max-snippet:-1, max-image-preview:large, max-video-preview:-1\" \/>\n<link rel=\"canonical\" href=\"https:\/\/laprats.fr\/blog\/commemoration-de-la-disparition-de-la-zim\/\" \/>\n<meta property=\"og:locale\" content=\"fr_FR\" \/>\n<meta property=\"og:type\" content=\"article\" \/>\n<meta property=\"og:title\" content=\"Comm\u00e9moration de la disparition de la Zim - Bienvenue\" \/>\n<meta property=\"og:description\" content=\"Mardi 14 avril 2015 \u00e0 16h45, un hommage officiel sera rendu par le lyc\u00e9e, en collaboration avec l\u2019Amicale des Anciens El\u00e8ves et Personnels de la Prat\u2019s et Le Comit\u00e9 d\u2019Entente [&hellip;]\" \/>\n<meta property=\"og:url\" content=\"https:\/\/laprats.fr\/blog\/commemoration-de-la-disparition-de-la-zim\/\" \/>\n<meta property=\"og:site_name\" content=\"Bienvenue\" \/>\n<meta property=\"article:publisher\" content=\"https:\/\/fr-fr.facebook.com\/pages\/Association-La-Prats-de-Cluny\/224204740976190?sk=wall\" \/>\n<meta property=\"article:published_time\" content=\"2015-03-15T08:53:57+00:00\" \/>\n<meta property=\"article:modified_time\" content=\"2015-05-16T06:18:34+00:00\" \/>\n<meta property=\"og:image\" content=\"https:\/\/laprats.fr\/blog\/wp-content\/uploads\/2015\/03\/zim002.jpg\" \/>\n\t<meta property=\"og:image:width\" content=\"734\" \/>\n\t<meta property=\"og:image:height\" content=\"968\" \/>\n\t<meta property=\"og:image:type\" content=\"image\/jpeg\" \/>\n<meta name=\"author\" content=\"Pascal Gendrot\" \/>\n<meta name=\"twitter:label1\" content=\"\u00c9crit par\" \/>\n\t<meta name=\"twitter:data1\" content=\"Pascal Gendrot\" \/>\n\t<meta name=\"twitter:label2\" content=\"Dur\u00e9e de lecture estim\u00e9e\" \/>\n\t<meta name=\"twitter:data2\" content=\"1 minute\" \/>\n<script type=\"application\/ld+json\" class=\"yoast-schema-graph\">{\"@context\":\"https:\\\/\\\/schema.org\",\"@graph\":[{\"@type\":\"Article\",\"@id\":\"https:\\\/\\\/laprats.fr\\\/blog\\\/commemoration-de-la-disparition-de-la-zim\\\/#article\",\"isPartOf\":{\"@id\":\"https:\\\/\\\/laprats.fr\\\/blog\\\/commemoration-de-la-disparition-de-la-zim\\\/\"},\"author\":{\"name\":\"Pascal Gendrot\",\"@id\":\"http:\\\/\\\/laprats.fr\\\/blog\\\/#\\\/schema\\\/person\\\/90a4b4782b20a014cc9b183a4707820c\"},\"headline\":\"Comm\u00e9moration de la disparition de la Zim\",\"datePublished\":\"2015-03-15T08:53:57+00:00\",\"dateModified\":\"2015-05-16T06:18:34+00:00\",\"mainEntityOfPage\":{\"@id\":\"https:\\\/\\\/laprats.fr\\\/blog\\\/commemoration-de-la-disparition-de-la-zim\\\/\"},\"wordCount\":150,\"commentCount\":1,\"image\":{\"@id\":\"https:\\\/\\\/laprats.fr\\\/blog\\\/commemoration-de-la-disparition-de-la-zim\\\/#primaryimage\"},\"thumbnailUrl\":\"http:\\\/\\\/laprats.fr\\\/blog\\\/wp-content\\\/uploads\\\/2015\\\/03\\\/zim002.jpg\",\"articleSection\":[\"Info association\"],\"inLanguage\":\"fr-FR\",\"potentialAction\":[{\"@type\":\"CommentAction\",\"name\":\"Comment\",\"target\":[\"https:\\\/\\\/laprats.fr\\\/blog\\\/commemoration-de-la-disparition-de-la-zim\\\/#respond\"]}]},{\"@type\":\"WebPage\",\"@id\":\"https:\\\/\\\/laprats.fr\\\/blog\\\/commemoration-de-la-disparition-de-la-zim\\\/\",\"url\":\"https:\\\/\\\/laprats.fr\\\/blog\\\/commemoration-de-la-disparition-de-la-zim\\\/\",\"name\":\"Comm\u00e9moration de la disparition de la Zim - Bienvenue\",\"isPartOf\":{\"@id\":\"http:\\\/\\\/laprats.fr\\\/blog\\\/#website\"},\"primaryImageOfPage\":{\"@id\":\"https:\\\/\\\/laprats.fr\\\/blog\\\/commemoration-de-la-disparition-de-la-zim\\\/#primaryimage\"},\"image\":{\"@id\":\"https:\\\/\\\/laprats.fr\\\/blog\\\/commemoration-de-la-disparition-de-la-zim\\\/#primaryimage\"},\"thumbnailUrl\":\"http:\\\/\\\/laprats.fr\\\/blog\\\/wp-content\\\/uploads\\\/2015\\\/03\\\/zim002.jpg\",\"datePublished\":\"2015-03-15T08:53:57+00:00\",\"dateModified\":\"2015-05-16T06:18:34+00:00\",\"author\":{\"@id\":\"http:\\\/\\\/laprats.fr\\\/blog\\\/#\\\/schema\\\/person\\\/90a4b4782b20a014cc9b183a4707820c\"},\"breadcrumb\":{\"@id\":\"https:\\\/\\\/laprats.fr\\\/blog\\\/commemoration-de-la-disparition-de-la-zim\\\/#breadcrumb\"},\"inLanguage\":\"fr-FR\",\"potentialAction\":[{\"@type\":\"ReadAction\",\"target\":[\"https:\\\/\\\/laprats.fr\\\/blog\\\/commemoration-de-la-disparition-de-la-zim\\\/\"]}]},{\"@type\":\"ImageObject\",\"inLanguage\":\"fr-FR\",\"@id\":\"https:\\\/\\\/laprats.fr\\\/blog\\\/commemoration-de-la-disparition-de-la-zim\\\/#primaryimage\",\"url\":\"http:\\\/\\\/laprats.fr\\\/blog\\\/wp-content\\\/uploads\\\/2015\\\/03\\\/zim002.jpg\",\"contentUrl\":\"http:\\\/\\\/laprats.fr\\\/blog\\\/wp-content\\\/uploads\\\/2015\\\/03\\\/zim002.jpg\",\"width\":734,\"height\":968,\"caption\":\"La Zim\"},{\"@type\":\"BreadcrumbList\",\"@id\":\"https:\\\/\\\/laprats.fr\\\/blog\\\/commemoration-de-la-disparition-de-la-zim\\\/#breadcrumb\",\"itemListElement\":[{\"@type\":\"ListItem\",\"position\":1,\"name\":\"Accueil\",\"item\":\"http:\\\/\\\/laprats.fr\\\/blog\\\/\"},{\"@type\":\"ListItem\",\"position\":2,\"name\":\"Comm\u00e9moration de la disparition de la Zim\"}]},{\"@type\":\"WebSite\",\"@id\":\"http:\\\/\\\/laprats.fr\\\/blog\\\/#website\",\"url\":\"http:\\\/\\\/laprats.fr\\\/blog\\\/\",\"name\":\"Bienvenue\",\"description\":\"D&#039;hier et d&#039;aujourd&#039;hui ... pour demain\",\"potentialAction\":[{\"@type\":\"SearchAction\",\"target\":{\"@type\":\"EntryPoint\",\"urlTemplate\":\"http:\\\/\\\/laprats.fr\\\/blog\\\/?s={search_term_string}\"},\"query-input\":{\"@type\":\"PropertyValueSpecification\",\"valueRequired\":true,\"valueName\":\"search_term_string\"}}],\"inLanguage\":\"fr-FR\"},{\"@type\":\"Person\",\"@id\":\"http:\\\/\\\/laprats.fr\\\/blog\\\/#\\\/schema\\\/person\\\/90a4b4782b20a014cc9b183a4707820c\",\"name\":\"Pascal Gendrot\",\"image\":{\"@type\":\"ImageObject\",\"inLanguage\":\"fr-FR\",\"@id\":\"https:\\\/\\\/secure.gravatar.com\\\/avatar\\\/649cd38650031007bbd5ec3c73411225e4a69679f8049c7237814718f484b5c0?s=96&d=mm&r=g\",\"url\":\"https:\\\/\\\/secure.gravatar.com\\\/avatar\\\/649cd38650031007bbd5ec3c73411225e4a69679f8049c7237814718f484b5c0?s=96&d=mm&r=g\",\"contentUrl\":\"https:\\\/\\\/secure.gravatar.com\\\/avatar\\\/649cd38650031007bbd5ec3c73411225e4a69679f8049c7237814718f484b5c0?s=96&d=mm&r=g\",\"caption\":\"Pascal Gendrot\"}}]}<\/script>\n<!-- \/ Yoast SEO plugin. -->","yoast_head_json":{"title":"Comm\u00e9moration de la disparition de la Zim - Bienvenue","robots":{"index":"index","follow":"follow","max-snippet":"max-snippet:-1","max-image-preview":"max-image-preview:large","max-video-preview":"max-video-preview:-1"},"canonical":"https:\/\/laprats.fr\/blog\/commemoration-de-la-disparition-de-la-zim\/","og_locale":"fr_FR","og_type":"article","og_title":"Comm\u00e9moration de la disparition de la Zim - Bienvenue","og_description":"Mardi 14 avril 2015 \u00e0 16h45, un hommage officiel sera rendu par le lyc\u00e9e, en collaboration avec l\u2019Amicale des Anciens El\u00e8ves et Personnels de la Prat\u2019s et Le Comit\u00e9 d\u2019Entente [&hellip;]","og_url":"https:\/\/laprats.fr\/blog\/commemoration-de-la-disparition-de-la-zim\/","og_site_name":"Bienvenue","article_publisher":"https:\/\/fr-fr.facebook.com\/pages\/Association-La-Prats-de-Cluny\/224204740976190?sk=wall","article_published_time":"2015-03-15T08:53:57+00:00","article_modified_time":"2015-05-16T06:18:34+00:00","og_image":[{"width":734,"height":968,"url":"https:\/\/laprats.fr\/blog\/wp-content\/uploads\/2015\/03\/zim002.jpg","type":"image\/jpeg"}],"author":"Pascal Gendrot","twitter_misc":{"\u00c9crit par":"Pascal Gendrot","Dur\u00e9e de lecture estim\u00e9e":"1 minute"},"schema":{"@context":"https:\/\/schema.org","@graph":[{"@type":"Article","@id":"https:\/\/laprats.fr\/blog\/commemoration-de-la-disparition-de-la-zim\/#article","isPartOf":{"@id":"https:\/\/laprats.fr\/blog\/commemoration-de-la-disparition-de-la-zim\/"},"author":{"name":"Pascal Gendrot","@id":"http:\/\/laprats.fr\/blog\/#\/schema\/person\/90a4b4782b20a014cc9b183a4707820c"},"headline":"Comm\u00e9moration de la disparition de la Zim","datePublished":"2015-03-15T08:53:57+00:00","dateModified":"2015-05-16T06:18:34+00:00","mainEntityOfPage":{"@id":"https:\/\/laprats.fr\/blog\/commemoration-de-la-disparition-de-la-zim\/"},"wordCount":150,"commentCount":1,"image":{"@id":"https:\/\/laprats.fr\/blog\/commemoration-de-la-disparition-de-la-zim\/#primaryimage"},"thumbnailUrl":"http:\/\/laprats.fr\/blog\/wp-content\/uploads\/2015\/03\/zim002.jpg","articleSection":["Info association"],"inLanguage":"fr-FR","potentialAction":[{"@type":"CommentAction","name":"Comment","target":["https:\/\/laprats.fr\/blog\/commemoration-de-la-disparition-de-la-zim\/#respond"]}]},{"@type":"WebPage","@id":"https:\/\/laprats.fr\/blog\/commemoration-de-la-disparition-de-la-zim\/","url":"https:\/\/laprats.fr\/blog\/commemoration-de-la-disparition-de-la-zim\/","name":"Comm\u00e9moration de la disparition de la Zim - Bienvenue","isPartOf":{"@id":"http:\/\/laprats.fr\/blog\/#website"},"primaryImageOfPage":{"@id":"https:\/\/laprats.fr\/blog\/commemoration-de-la-disparition-de-la-zim\/#primaryimage"},"image":{"@id":"https:\/\/laprats.fr\/blog\/commemoration-de-la-disparition-de-la-zim\/#primaryimage"},"thumbnailUrl":"http:\/\/laprats.fr\/blog\/wp-content\/uploads\/2015\/03\/zim002.jpg","datePublished":"2015-03-15T08:53:57+00:00","dateModified":"2015-05-16T06:18:34+00:00","author":{"@id":"http:\/\/laprats.fr\/blog\/#\/schema\/person\/90a4b4782b20a014cc9b183a4707820c"},"breadcrumb":{"@id":"https:\/\/laprats.fr\/blog\/commemoration-de-la-disparition-de-la-zim\/#breadcrumb"},"inLanguage":"fr-FR","potentialAction":[{"@type":"ReadAction","target":["https:\/\/laprats.fr\/blog\/commemoration-de-la-disparition-de-la-zim\/"]}]},{"@type":"ImageObject","inLanguage":"fr-FR","@id":"https:\/\/laprats.fr\/blog\/commemoration-de-la-disparition-de-la-zim\/#primaryimage","url":"http:\/\/laprats.fr\/blog\/wp-content\/uploads\/2015\/03\/zim002.jpg","contentUrl":"http:\/\/laprats.fr\/blog\/wp-content\/uploads\/2015\/03\/zim002.jpg","width":734,"height":968,"caption":"La Zim"},{"@type":"BreadcrumbList","@id":"https:\/\/laprats.fr\/blog\/commemoration-de-la-disparition-de-la-zim\/#breadcrumb","itemListElement":[{"@type":"ListItem","position":1,"name":"Accueil","item":"http:\/\/laprats.fr\/blog\/"},{"@type":"ListItem","position":2,"name":"Comm\u00e9moration de la disparition de la Zim"}]},{"@type":"WebSite","@id":"http:\/\/laprats.fr\/blog\/#website","url":"http:\/\/laprats.fr\/blog\/","name":"Bienvenue","description":"D&#039;hier et d&#039;aujourd&#039;hui ... pour demain","potentialAction":[{"@type":"SearchAction","target":{"@type":"EntryPoint","urlTemplate":"http:\/\/laprats.fr\/blog\/?s={search_term_string}"},"query-input":{"@type":"PropertyValueSpecification","valueRequired":true,"valueName":"search_term_string"}}],"inLanguage":"fr-FR"},{"@type":"Person","@id":"http:\/\/laprats.fr\/blog\/#\/schema\/person\/90a4b4782b20a014cc9b183a4707820c","name":"Pascal Gendrot","image":{"@type":"ImageObject","inLanguage":"fr-FR","@id":"https:\/\/secure.gravatar.com\/avatar\/649cd38650031007bbd5ec3c73411225e4a69679f8049c7237814718f484b5c0?s=96&d=mm&r=g","url":"https:\/\/secure.gravatar.com\/avatar\/649cd38650031007bbd5ec3c73411225e4a69679f8049c7237814718f484b5c0?s=96&d=mm&r=g","contentUrl":"https:\/\/secure.gravatar.com\/avatar\/649cd38650031007bbd5ec3c73411225e4a69679f8049c7237814718f484b5c0?s=96&d=mm&r=g","caption":"Pascal Gendrot"}}]}},"_links":{"self":[{"href":"http:\/\/laprats.fr\/blog\/wp-json\/wp\/v2\/posts\/1080","targetHints":{"allow":["GET"]}}],"collection":[{"href":"http:\/\/laprats.fr\/blog\/wp-json\/wp\/v2\/posts"}],"about":[{"href":"http:\/\/laprats.fr\/blog\/wp-json\/wp\/v2\/types\/post"}],"author":[{"embeddable":true,"href":"http:\/\/laprats.fr\/blog\/wp-json\/wp\/v2\/users\/6"}],"replies":[{"embeddable":true,"href":"http:\/\/laprats.fr\/blog\/wp-json\/wp\/v2\/comments?post=1080"}],"version-history":[{"count":6,"href":"http:\/\/laprats.fr\/blog\/wp-json\/wp\/v2\/posts\/1080\/revisions"}],"predecessor-version":[{"id":1088,"href":"http:\/\/laprats.fr\/blog\/wp-json\/wp\/v2\/posts\/1080\/revisions\/1088"}],"wp:featuredmedia":[{"embeddable":true,"href":"http:\/\/laprats.fr\/blog\/wp-json\/wp\/v2\/media\/1081"}],"wp:attachment":[{"href":"http:\/\/laprats.fr\/blog\/wp-json\/wp\/v2\/media?parent=1080"}],"wp:term":[{"taxonomy":"category","embeddable":true,"href":"http:\/\/laprats.fr\/blog\/wp-json\/wp\/v2\/categories?post=1080"},{"taxonomy":"post_tag","embeddable":true,"href":"http:\/\/laprats.fr\/blog\/wp-json\/wp\/v2\/tags?post=1080"}],"curies":[{"name":"wp","href":"https:\/\/api.w.org\/{rel}","templated":true}]}}