{"id":1073,"date":"2015-03-15T07:58:38","date_gmt":"2015-03-15T07:58:38","guid":{"rendered":"http:\/\/laprats.fr\/blog\/?p=1073"},"modified":"2015-05-16T10:19:06","modified_gmt":"2015-05-16T08:19:06","slug":"journee-portes-ouvertes","status":"publish","type":"post","link":"http:\/\/laprats.fr\/blog\/journee-portes-ouvertes\/","title":{"rendered":"Journ\u00e9e portes ouvertes"},"content":{"rendered":"<p><a href=\"http:\/\/laprats.fr\/blog\/wp-content\/uploads\/2015\/03\/IMG_3756.jpg\"><img loading=\"lazy\" decoding=\"async\" class=\"alignnone size-medium wp-image-1072\" src=\"http:\/\/laprats.fr\/blog\/wp-content\/uploads\/2015\/03\/IMG_3756-300x200.jpg\" alt=\"IMG_3756\" width=\"300\" height=\"200\" srcset=\"http:\/\/laprats.fr\/blog\/wp-content\/uploads\/2015\/03\/IMG_3756-300x200.jpg 300w, http:\/\/laprats.fr\/blog\/wp-content\/uploads\/2015\/03\/IMG_3756-1024x683.jpg 1024w\" sizes=\"auto, (max-width: 300px) 100vw, 300px\" \/><\/a> A c\u00f4t\u00e9 du stand consacr\u00e9 \u00e0 l&rsquo;option sport, l&rsquo;association des anciens \u00e9l\u00e8ves et personnels \u00e9tait pr\u00e9sente. Michel et Henri ont pr\u00e9par\u00e9 un stand avec des photos des derni\u00e8res visites d&rsquo;entreprises offertes aux \u00e9l\u00e8ves ainsi que des souvenirs du pass\u00e9 Prat&rsquo;sien. De nombreux futurs Prat&rsquo;siens se sont arr\u00eat\u00e9s avec leurs parents parfois Prat&rsquo;siens eux m\u00eame et visiblement heureux de perp\u00e9tuer la tradition par procuration.<\/p>\n<p><a href=\"http:\/\/laprats.fr\/blog\/wp-content\/uploads\/2015\/03\/IMG_3760.jpg\"><img loading=\"lazy\" decoding=\"async\" class=\"alignnone size-medium wp-image-1075\" src=\"http:\/\/laprats.fr\/blog\/wp-content\/uploads\/2015\/03\/IMG_3760-300x200.jpg\" alt=\"IMG_3760\" width=\"300\" height=\"200\" srcset=\"http:\/\/laprats.fr\/blog\/wp-content\/uploads\/2015\/03\/IMG_3760-300x200.jpg 300w, http:\/\/laprats.fr\/blog\/wp-content\/uploads\/2015\/03\/IMG_3760-1024x683.jpg 1024w\" sizes=\"auto, (max-width: 300px) 100vw, 300px\" \/><\/a> <a href=\"http:\/\/laprats.fr\/blog\/wp-content\/uploads\/2015\/03\/IMG_37661.jpg\"><img loading=\"lazy\" decoding=\"async\" class=\"alignnone size-medium wp-image-1076\" src=\"http:\/\/laprats.fr\/blog\/wp-content\/uploads\/2015\/03\/IMG_37661-300x200.jpg\" alt=\"IMG_3766\" width=\"300\" height=\"200\" srcset=\"http:\/\/laprats.fr\/blog\/wp-content\/uploads\/2015\/03\/IMG_37661-300x200.jpg 300w, http:\/\/laprats.fr\/blog\/wp-content\/uploads\/2015\/03\/IMG_37661-1024x683.jpg 1024w\" sizes=\"auto, (max-width: 300px) 100vw, 300px\" \/><\/a><\/p>\n<p>Les options techniques attirent beaucoup de candidats. L&rsquo;\u00e9volution des techniques et technologies est \u00e0 l&rsquo;honneur, le tout dans le cadre d&rsquo;un projet plus global incluant la pr\u00e9sentation du projet et des calculs de prix de revient. Un drone a fait son apparition cette ann\u00e9e dans l&rsquo;arsenal des travaux pratiques \u00e0 c\u00f4t\u00e9 des robots d\u00e9j\u00e0 pr\u00e9sents l&rsquo;ann\u00e9e derni\u00e8re.<\/p>\n<p>Dans la salle de d\u00e9tente vert pomme de la MDL, un \u00e9l\u00e8ve de terminale pr\u00e9sente cette association g\u00e9r\u00e9e par des \u00e9l\u00e8ves et distribue le Flyer r\u00e9alis\u00e9 en commun avec notre association.<\/p>\n<p>Cette ann\u00e9e encore, professeurs et \u00e9l\u00e8ves ont su pr\u00e9senter et mettre en valeur tous les atouts de lyc\u00e9e, de l&rsquo;internat aux divers formations et options dispens\u00e9es.<\/p>\n","protected":false},"excerpt":{"rendered":"<p>A c\u00f4t\u00e9 du stand consacr\u00e9 \u00e0 l&rsquo;option sport, l&rsquo;association des anciens \u00e9l\u00e8ves et personnels \u00e9tait pr\u00e9sente. Michel et Henri ont pr\u00e9par\u00e9 un stand avec des photos des derni\u00e8res visites d&rsquo;entreprises <a href=\"http:\/\/laprats.fr\/blog\/journee-portes-ouvertes\/\" class=\"more-link\">[&hellip;]<\/a><\/p>\n","protected":false},"author":6,"featured_media":1075,"comment_status":"open","ping_status":"open","sticky":false,"template":"","format":"standard","meta":{"Layout":"","footnotes":""},"categories":[4],"tags":[],"class_list":["entry","author-pascal","post-1073","post","type-post","status-publish","format-standard","has-post-thumbnail","category-info-prats"],"yoast_head":"<!-- This site is optimized with the Yoast SEO plugin v27.4 - https:\/\/yoast.com\/product\/yoast-seo-wordpress\/ -->\n<title>Journ\u00e9e portes ouvertes - Bienvenue<\/title>\n<meta name=\"description\" content=\"L&#039;Associaton La Prat&#039;s de CLuny aux journ\u00e9es portes ouvertes du lyc\u00e9e\" \/>\n<meta name=\"robots\" content=\"index, follow, max-snippet:-1, max-image-preview:large, max-video-preview:-1\" \/>\n<link rel=\"canonical\" href=\"http:\/\/laprats.fr\/blog\/journee-portes-ouvertes\/\" \/>\n<meta property=\"og:locale\" content=\"fr_FR\" \/>\n<meta property=\"og:type\" content=\"article\" \/>\n<meta property=\"og:title\" content=\"Journ\u00e9e portes ouvertes - Bienvenue\" \/>\n<meta property=\"og:description\" content=\"L&#039;Associaton La Prat&#039;s de CLuny aux journ\u00e9es portes ouvertes du lyc\u00e9e\" \/>\n<meta property=\"og:url\" content=\"http:\/\/laprats.fr\/blog\/journee-portes-ouvertes\/\" \/>\n<meta property=\"og:site_name\" content=\"Bienvenue\" \/>\n<meta property=\"article:publisher\" content=\"https:\/\/fr-fr.facebook.com\/pages\/Association-La-Prats-de-Cluny\/224204740976190?sk=wall\" \/>\n<meta property=\"article:published_time\" content=\"2015-03-15T07:58:38+00:00\" \/>\n<meta property=\"article:modified_time\" content=\"2015-05-16T08:19:06+00:00\" \/>\n<meta property=\"og:image\" content=\"http:\/\/laprats.fr\/blog\/wp-content\/uploads\/2015\/03\/IMG_3760-1024x683.jpg\" \/>\n\t<meta property=\"og:image:width\" content=\"1024\" \/>\n\t<meta property=\"og:image:height\" content=\"683\" \/>\n\t<meta property=\"og:image:type\" content=\"image\/jpeg\" \/>\n<meta name=\"author\" content=\"Pascal Gendrot\" \/>\n<meta name=\"twitter:label1\" content=\"\u00c9crit par\" \/>\n\t<meta name=\"twitter:data1\" content=\"Pascal Gendrot\" \/>\n\t<meta name=\"twitter:label2\" content=\"Dur\u00e9e de lecture estim\u00e9e\" \/>\n\t<meta name=\"twitter:data2\" content=\"1 minute\" \/>\n<script type=\"application\/ld+json\" class=\"yoast-schema-graph\">{\"@context\":\"https:\\\/\\\/schema.org\",\"@graph\":[{\"@type\":\"Article\",\"@id\":\"http:\\\/\\\/laprats.fr\\\/blog\\\/journee-portes-ouvertes\\\/#article\",\"isPartOf\":{\"@id\":\"http:\\\/\\\/laprats.fr\\\/blog\\\/journee-portes-ouvertes\\\/\"},\"author\":{\"name\":\"Pascal Gendrot\",\"@id\":\"http:\\\/\\\/laprats.fr\\\/blog\\\/#\\\/schema\\\/person\\\/90a4b4782b20a014cc9b183a4707820c\"},\"headline\":\"Journ\u00e9e portes ouvertes\",\"datePublished\":\"2015-03-15T07:58:38+00:00\",\"dateModified\":\"2015-05-16T08:19:06+00:00\",\"mainEntityOfPage\":{\"@id\":\"http:\\\/\\\/laprats.fr\\\/blog\\\/journee-portes-ouvertes\\\/\"},\"wordCount\":208,\"commentCount\":0,\"image\":{\"@id\":\"http:\\\/\\\/laprats.fr\\\/blog\\\/journee-portes-ouvertes\\\/#primaryimage\"},\"thumbnailUrl\":\"http:\\\/\\\/laprats.fr\\\/blog\\\/wp-content\\\/uploads\\\/2015\\\/03\\\/IMG_3760.jpg\",\"articleSection\":[\"Info Prat's\"],\"inLanguage\":\"fr-FR\",\"potentialAction\":[{\"@type\":\"CommentAction\",\"name\":\"Comment\",\"target\":[\"http:\\\/\\\/laprats.fr\\\/blog\\\/journee-portes-ouvertes\\\/#respond\"]}]},{\"@type\":\"WebPage\",\"@id\":\"http:\\\/\\\/laprats.fr\\\/blog\\\/journee-portes-ouvertes\\\/\",\"url\":\"http:\\\/\\\/laprats.fr\\\/blog\\\/journee-portes-ouvertes\\\/\",\"name\":\"Journ\u00e9e portes ouvertes - Bienvenue\",\"isPartOf\":{\"@id\":\"http:\\\/\\\/laprats.fr\\\/blog\\\/#website\"},\"primaryImageOfPage\":{\"@id\":\"http:\\\/\\\/laprats.fr\\\/blog\\\/journee-portes-ouvertes\\\/#primaryimage\"},\"image\":{\"@id\":\"http:\\\/\\\/laprats.fr\\\/blog\\\/journee-portes-ouvertes\\\/#primaryimage\"},\"thumbnailUrl\":\"http:\\\/\\\/laprats.fr\\\/blog\\\/wp-content\\\/uploads\\\/2015\\\/03\\\/IMG_3760.jpg\",\"datePublished\":\"2015-03-15T07:58:38+00:00\",\"dateModified\":\"2015-05-16T08:19:06+00:00\",\"author\":{\"@id\":\"http:\\\/\\\/laprats.fr\\\/blog\\\/#\\\/schema\\\/person\\\/90a4b4782b20a014cc9b183a4707820c\"},\"description\":\"L'Associaton La Prat's de CLuny aux journ\u00e9es portes ouvertes du lyc\u00e9e\",\"breadcrumb\":{\"@id\":\"http:\\\/\\\/laprats.fr\\\/blog\\\/journee-portes-ouvertes\\\/#breadcrumb\"},\"inLanguage\":\"fr-FR\",\"potentialAction\":[{\"@type\":\"ReadAction\",\"target\":[\"http:\\\/\\\/laprats.fr\\\/blog\\\/journee-portes-ouvertes\\\/\"]}]},{\"@type\":\"ImageObject\",\"inLanguage\":\"fr-FR\",\"@id\":\"http:\\\/\\\/laprats.fr\\\/blog\\\/journee-portes-ouvertes\\\/#primaryimage\",\"url\":\"http:\\\/\\\/laprats.fr\\\/blog\\\/wp-content\\\/uploads\\\/2015\\\/03\\\/IMG_3760.jpg\",\"contentUrl\":\"http:\\\/\\\/laprats.fr\\\/blog\\\/wp-content\\\/uploads\\\/2015\\\/03\\\/IMG_3760.jpg\",\"width\":4752,\"height\":3168,\"caption\":\"JPO 2015\"},{\"@type\":\"BreadcrumbList\",\"@id\":\"http:\\\/\\\/laprats.fr\\\/blog\\\/journee-portes-ouvertes\\\/#breadcrumb\",\"itemListElement\":[{\"@type\":\"ListItem\",\"position\":1,\"name\":\"Accueil\",\"item\":\"http:\\\/\\\/laprats.fr\\\/blog\\\/\"},{\"@type\":\"ListItem\",\"position\":2,\"name\":\"Journ\u00e9e portes ouvertes\"}]},{\"@type\":\"WebSite\",\"@id\":\"http:\\\/\\\/laprats.fr\\\/blog\\\/#website\",\"url\":\"http:\\\/\\\/laprats.fr\\\/blog\\\/\",\"name\":\"Bienvenue\",\"description\":\"D&#039;hier et d&#039;aujourd&#039;hui ... pour demain\",\"potentialAction\":[{\"@type\":\"SearchAction\",\"target\":{\"@type\":\"EntryPoint\",\"urlTemplate\":\"http:\\\/\\\/laprats.fr\\\/blog\\\/?s={search_term_string}\"},\"query-input\":{\"@type\":\"PropertyValueSpecification\",\"valueRequired\":true,\"valueName\":\"search_term_string\"}}],\"inLanguage\":\"fr-FR\"},{\"@type\":\"Person\",\"@id\":\"http:\\\/\\\/laprats.fr\\\/blog\\\/#\\\/schema\\\/person\\\/90a4b4782b20a014cc9b183a4707820c\",\"name\":\"Pascal Gendrot\",\"image\":{\"@type\":\"ImageObject\",\"inLanguage\":\"fr-FR\",\"@id\":\"https:\\\/\\\/secure.gravatar.com\\\/avatar\\\/649cd38650031007bbd5ec3c73411225e4a69679f8049c7237814718f484b5c0?s=96&d=mm&r=g\",\"url\":\"https:\\\/\\\/secure.gravatar.com\\\/avatar\\\/649cd38650031007bbd5ec3c73411225e4a69679f8049c7237814718f484b5c0?s=96&d=mm&r=g\",\"contentUrl\":\"https:\\\/\\\/secure.gravatar.com\\\/avatar\\\/649cd38650031007bbd5ec3c73411225e4a69679f8049c7237814718f484b5c0?s=96&d=mm&r=g\",\"caption\":\"Pascal Gendrot\"}}]}<\/script>\n<!-- \/ Yoast SEO plugin. -->","yoast_head_json":{"title":"Journ\u00e9e portes ouvertes - Bienvenue","description":"L'Associaton La Prat's de CLuny aux journ\u00e9es portes ouvertes du lyc\u00e9e","robots":{"index":"index","follow":"follow","max-snippet":"max-snippet:-1","max-image-preview":"max-image-preview:large","max-video-preview":"max-video-preview:-1"},"canonical":"http:\/\/laprats.fr\/blog\/journee-portes-ouvertes\/","og_locale":"fr_FR","og_type":"article","og_title":"Journ\u00e9e portes ouvertes - Bienvenue","og_description":"L'Associaton La Prat's de CLuny aux journ\u00e9es portes ouvertes du lyc\u00e9e","og_url":"http:\/\/laprats.fr\/blog\/journee-portes-ouvertes\/","og_site_name":"Bienvenue","article_publisher":"https:\/\/fr-fr.facebook.com\/pages\/Association-La-Prats-de-Cluny\/224204740976190?sk=wall","article_published_time":"2015-03-15T07:58:38+00:00","article_modified_time":"2015-05-16T08:19:06+00:00","og_image":[{"width":1024,"height":683,"url":"http:\/\/laprats.fr\/blog\/wp-content\/uploads\/2015\/03\/IMG_3760-1024x683.jpg","type":"image\/jpeg"}],"author":"Pascal Gendrot","twitter_misc":{"\u00c9crit par":"Pascal Gendrot","Dur\u00e9e de lecture estim\u00e9e":"1 minute"},"schema":{"@context":"https:\/\/schema.org","@graph":[{"@type":"Article","@id":"http:\/\/laprats.fr\/blog\/journee-portes-ouvertes\/#article","isPartOf":{"@id":"http:\/\/laprats.fr\/blog\/journee-portes-ouvertes\/"},"author":{"name":"Pascal Gendrot","@id":"http:\/\/laprats.fr\/blog\/#\/schema\/person\/90a4b4782b20a014cc9b183a4707820c"},"headline":"Journ\u00e9e portes ouvertes","datePublished":"2015-03-15T07:58:38+00:00","dateModified":"2015-05-16T08:19:06+00:00","mainEntityOfPage":{"@id":"http:\/\/laprats.fr\/blog\/journee-portes-ouvertes\/"},"wordCount":208,"commentCount":0,"image":{"@id":"http:\/\/laprats.fr\/blog\/journee-portes-ouvertes\/#primaryimage"},"thumbnailUrl":"http:\/\/laprats.fr\/blog\/wp-content\/uploads\/2015\/03\/IMG_3760.jpg","articleSection":["Info Prat's"],"inLanguage":"fr-FR","potentialAction":[{"@type":"CommentAction","name":"Comment","target":["http:\/\/laprats.fr\/blog\/journee-portes-ouvertes\/#respond"]}]},{"@type":"WebPage","@id":"http:\/\/laprats.fr\/blog\/journee-portes-ouvertes\/","url":"http:\/\/laprats.fr\/blog\/journee-portes-ouvertes\/","name":"Journ\u00e9e portes ouvertes - Bienvenue","isPartOf":{"@id":"http:\/\/laprats.fr\/blog\/#website"},"primaryImageOfPage":{"@id":"http:\/\/laprats.fr\/blog\/journee-portes-ouvertes\/#primaryimage"},"image":{"@id":"http:\/\/laprats.fr\/blog\/journee-portes-ouvertes\/#primaryimage"},"thumbnailUrl":"http:\/\/laprats.fr\/blog\/wp-content\/uploads\/2015\/03\/IMG_3760.jpg","datePublished":"2015-03-15T07:58:38+00:00","dateModified":"2015-05-16T08:19:06+00:00","author":{"@id":"http:\/\/laprats.fr\/blog\/#\/schema\/person\/90a4b4782b20a014cc9b183a4707820c"},"description":"L'Associaton La Prat's de CLuny aux journ\u00e9es portes ouvertes du lyc\u00e9e","breadcrumb":{"@id":"http:\/\/laprats.fr\/blog\/journee-portes-ouvertes\/#breadcrumb"},"inLanguage":"fr-FR","potentialAction":[{"@type":"ReadAction","target":["http:\/\/laprats.fr\/blog\/journee-portes-ouvertes\/"]}]},{"@type":"ImageObject","inLanguage":"fr-FR","@id":"http:\/\/laprats.fr\/blog\/journee-portes-ouvertes\/#primaryimage","url":"http:\/\/laprats.fr\/blog\/wp-content\/uploads\/2015\/03\/IMG_3760.jpg","contentUrl":"http:\/\/laprats.fr\/blog\/wp-content\/uploads\/2015\/03\/IMG_3760.jpg","width":4752,"height":3168,"caption":"JPO 2015"},{"@type":"BreadcrumbList","@id":"http:\/\/laprats.fr\/blog\/journee-portes-ouvertes\/#breadcrumb","itemListElement":[{"@type":"ListItem","position":1,"name":"Accueil","item":"http:\/\/laprats.fr\/blog\/"},{"@type":"ListItem","position":2,"name":"Journ\u00e9e portes ouvertes"}]},{"@type":"WebSite","@id":"http:\/\/laprats.fr\/blog\/#website","url":"http:\/\/laprats.fr\/blog\/","name":"Bienvenue","description":"D&#039;hier et d&#039;aujourd&#039;hui ... pour demain","potentialAction":[{"@type":"SearchAction","target":{"@type":"EntryPoint","urlTemplate":"http:\/\/laprats.fr\/blog\/?s={search_term_string}"},"query-input":{"@type":"PropertyValueSpecification","valueRequired":true,"valueName":"search_term_string"}}],"inLanguage":"fr-FR"},{"@type":"Person","@id":"http:\/\/laprats.fr\/blog\/#\/schema\/person\/90a4b4782b20a014cc9b183a4707820c","name":"Pascal Gendrot","image":{"@type":"ImageObject","inLanguage":"fr-FR","@id":"https:\/\/secure.gravatar.com\/avatar\/649cd38650031007bbd5ec3c73411225e4a69679f8049c7237814718f484b5c0?s=96&d=mm&r=g","url":"https:\/\/secure.gravatar.com\/avatar\/649cd38650031007bbd5ec3c73411225e4a69679f8049c7237814718f484b5c0?s=96&d=mm&r=g","contentUrl":"https:\/\/secure.gravatar.com\/avatar\/649cd38650031007bbd5ec3c73411225e4a69679f8049c7237814718f484b5c0?s=96&d=mm&r=g","caption":"Pascal Gendrot"}}]}},"_links":{"self":[{"href":"http:\/\/laprats.fr\/blog\/wp-json\/wp\/v2\/posts\/1073","targetHints":{"allow":["GET"]}}],"collection":[{"href":"http:\/\/laprats.fr\/blog\/wp-json\/wp\/v2\/posts"}],"about":[{"href":"http:\/\/laprats.fr\/blog\/wp-json\/wp\/v2\/types\/post"}],"author":[{"embeddable":true,"href":"http:\/\/laprats.fr\/blog\/wp-json\/wp\/v2\/users\/6"}],"replies":[{"embeddable":true,"href":"http:\/\/laprats.fr\/blog\/wp-json\/wp\/v2\/comments?post=1073"}],"version-history":[{"count":4,"href":"http:\/\/laprats.fr\/blog\/wp-json\/wp\/v2\/posts\/1073\/revisions"}],"predecessor-version":[{"id":1083,"href":"http:\/\/laprats.fr\/blog\/wp-json\/wp\/v2\/posts\/1073\/revisions\/1083"}],"wp:featuredmedia":[{"embeddable":true,"href":"http:\/\/laprats.fr\/blog\/wp-json\/wp\/v2\/media\/1075"}],"wp:attachment":[{"href":"http:\/\/laprats.fr\/blog\/wp-json\/wp\/v2\/media?parent=1073"}],"wp:term":[{"taxonomy":"category","embeddable":true,"href":"http:\/\/laprats.fr\/blog\/wp-json\/wp\/v2\/categories?post=1073"},{"taxonomy":"post_tag","embeddable":true,"href":"http:\/\/laprats.fr\/blog\/wp-json\/wp\/v2\/tags?post=1073"}],"curies":[{"name":"wp","href":"https:\/\/api.w.org\/{rel}","templated":true}]}}