{"id":1065,"date":"2015-03-01T07:43:25","date_gmt":"2015-03-01T07:43:25","guid":{"rendered":"http:\/\/laprats.fr\/blog\/?p=1065"},"modified":"2015-05-16T08:26:25","modified_gmt":"2015-05-16T06:26:25","slug":"pierre-morbois","status":"publish","type":"post","link":"http:\/\/laprats.fr\/blog\/pierre-morbois\/","title":{"rendered":"Pierre Morbois"},"content":{"rendered":"<p><a href=\"http:\/\/laprats.fr\/blog\/wp-content\/uploads\/2014\/10\/souv-prof-Proviseur-P.-Morbois-1972.jpg\" target=\"_blank\"><img loading=\"lazy\" decoding=\"async\" class=\"alignright wp-image-502\" src=\"http:\/\/laprats.fr\/blog\/wp-content\/uploads\/2014\/10\/souv-prof-Proviseur-P.-Morbois-1972-203x300.jpg\" alt=\"Proviseur Morbois 1972\" width=\"105\" height=\"155\" srcset=\"http:\/\/laprats.fr\/blog\/wp-content\/uploads\/2014\/10\/souv-prof-Proviseur-P.-Morbois-1972-203x300.jpg 203w, http:\/\/laprats.fr\/blog\/wp-content\/uploads\/2014\/10\/souv-prof-Proviseur-P.-Morbois-1972-695x1024.jpg 695w, http:\/\/laprats.fr\/blog\/wp-content\/uploads\/2014\/10\/souv-prof-Proviseur-P.-Morbois-1972.jpg 1980w\" sizes=\"auto, (max-width: 105px) 100vw, 105px\" \/><\/a><\/p>\n<p>Jean-Pierre Morbois nous apprend la disparition de\u00a0Pierre Morbois le 25 f\u00e9vrier 2015 \u00e0 l&rsquo;age de 93 ans. Il fut proviseur \u00e0 la Prat&rsquo;s au d\u00e9but des ann\u00e9es 1970. Les membres du C.A. ont une pens\u00e9e pour sa famille et ses proches.<\/p>\n","protected":false},"excerpt":{"rendered":"<p>Jean-Pierre Morbois nous apprend la disparition de\u00a0Pierre Morbois le 25 f\u00e9vrier 2015 \u00e0 l&rsquo;age de 93 ans. Il fut proviseur \u00e0 la Prat&rsquo;s au d\u00e9but des ann\u00e9es 1970. Les membres <a href=\"http:\/\/laprats.fr\/blog\/pierre-morbois\/\" class=\"more-link\">[&hellip;]<\/a><\/p>\n","protected":false},"author":6,"featured_media":502,"comment_status":"open","ping_status":"open","sticky":false,"template":"","format":"standard","meta":{"Layout":"","footnotes":""},"categories":[5],"tags":[],"class_list":["entry","author-pascal","post-1065","post","type-post","status-publish","format-standard","has-post-thumbnail","category-info-association"],"yoast_head":"<!-- This site is optimized with the Yoast SEO plugin v27.4 - https:\/\/yoast.com\/product\/yoast-seo-wordpress\/ -->\n<title>Pierre Morbois - Bienvenue<\/title>\n<meta name=\"robots\" content=\"index, follow, max-snippet:-1, max-image-preview:large, max-video-preview:-1\" \/>\n<link rel=\"canonical\" href=\"http:\/\/laprats.fr\/blog\/pierre-morbois\/\" \/>\n<meta property=\"og:locale\" content=\"fr_FR\" \/>\n<meta property=\"og:type\" content=\"article\" \/>\n<meta property=\"og:title\" content=\"Pierre Morbois - Bienvenue\" \/>\n<meta property=\"og:description\" content=\"Jean-Pierre Morbois nous apprend la disparition de\u00a0Pierre Morbois le 25 f\u00e9vrier 2015 \u00e0 l&rsquo;age de 93 ans. Il fut proviseur \u00e0 la Prat&rsquo;s au d\u00e9but des ann\u00e9es 1970. Les membres [&hellip;]\" \/>\n<meta property=\"og:url\" content=\"http:\/\/laprats.fr\/blog\/pierre-morbois\/\" \/>\n<meta property=\"og:site_name\" content=\"Bienvenue\" \/>\n<meta property=\"article:publisher\" content=\"https:\/\/fr-fr.facebook.com\/pages\/Association-La-Prats-de-Cluny\/224204740976190?sk=wall\" \/>\n<meta property=\"article:published_time\" content=\"2015-03-01T07:43:25+00:00\" \/>\n<meta property=\"article:modified_time\" content=\"2015-05-16T06:26:25+00:00\" \/>\n<meta property=\"og:image\" content=\"http:\/\/laprats.fr\/blog\/wp-content\/uploads\/2014\/10\/souv-prof-Proviseur-P.-Morbois-1972.jpg\" \/>\n\t<meta property=\"og:image:width\" content=\"1980\" \/>\n\t<meta property=\"og:image:height\" content=\"2916\" \/>\n\t<meta property=\"og:image:type\" content=\"image\/jpeg\" \/>\n<meta name=\"author\" content=\"Pascal Gendrot\" \/>\n<meta name=\"twitter:label1\" content=\"\u00c9crit par\" \/>\n\t<meta name=\"twitter:data1\" content=\"Pascal Gendrot\" \/>\n<script type=\"application\/ld+json\" class=\"yoast-schema-graph\">{\"@context\":\"https:\\\/\\\/schema.org\",\"@graph\":[{\"@type\":\"Article\",\"@id\":\"http:\\\/\\\/laprats.fr\\\/blog\\\/pierre-morbois\\\/#article\",\"isPartOf\":{\"@id\":\"http:\\\/\\\/laprats.fr\\\/blog\\\/pierre-morbois\\\/\"},\"author\":{\"name\":\"Pascal Gendrot\",\"@id\":\"http:\\\/\\\/laprats.fr\\\/blog\\\/#\\\/schema\\\/person\\\/90a4b4782b20a014cc9b183a4707820c\"},\"headline\":\"Pierre Morbois\",\"datePublished\":\"2015-03-01T07:43:25+00:00\",\"dateModified\":\"2015-05-16T06:26:25+00:00\",\"mainEntityOfPage\":{\"@id\":\"http:\\\/\\\/laprats.fr\\\/blog\\\/pierre-morbois\\\/\"},\"wordCount\":43,\"commentCount\":0,\"image\":{\"@id\":\"http:\\\/\\\/laprats.fr\\\/blog\\\/pierre-morbois\\\/#primaryimage\"},\"thumbnailUrl\":\"http:\\\/\\\/laprats.fr\\\/blog\\\/wp-content\\\/uploads\\\/2014\\\/10\\\/souv-prof-Proviseur-P.-Morbois-1972.jpg\",\"articleSection\":[\"Info association\"],\"inLanguage\":\"fr-FR\",\"potentialAction\":[{\"@type\":\"CommentAction\",\"name\":\"Comment\",\"target\":[\"http:\\\/\\\/laprats.fr\\\/blog\\\/pierre-morbois\\\/#respond\"]}]},{\"@type\":\"WebPage\",\"@id\":\"http:\\\/\\\/laprats.fr\\\/blog\\\/pierre-morbois\\\/\",\"url\":\"http:\\\/\\\/laprats.fr\\\/blog\\\/pierre-morbois\\\/\",\"name\":\"Pierre Morbois - Bienvenue\",\"isPartOf\":{\"@id\":\"http:\\\/\\\/laprats.fr\\\/blog\\\/#website\"},\"primaryImageOfPage\":{\"@id\":\"http:\\\/\\\/laprats.fr\\\/blog\\\/pierre-morbois\\\/#primaryimage\"},\"image\":{\"@id\":\"http:\\\/\\\/laprats.fr\\\/blog\\\/pierre-morbois\\\/#primaryimage\"},\"thumbnailUrl\":\"http:\\\/\\\/laprats.fr\\\/blog\\\/wp-content\\\/uploads\\\/2014\\\/10\\\/souv-prof-Proviseur-P.-Morbois-1972.jpg\",\"datePublished\":\"2015-03-01T07:43:25+00:00\",\"dateModified\":\"2015-05-16T06:26:25+00:00\",\"author\":{\"@id\":\"http:\\\/\\\/laprats.fr\\\/blog\\\/#\\\/schema\\\/person\\\/90a4b4782b20a014cc9b183a4707820c\"},\"breadcrumb\":{\"@id\":\"http:\\\/\\\/laprats.fr\\\/blog\\\/pierre-morbois\\\/#breadcrumb\"},\"inLanguage\":\"fr-FR\",\"potentialAction\":[{\"@type\":\"ReadAction\",\"target\":[\"http:\\\/\\\/laprats.fr\\\/blog\\\/pierre-morbois\\\/\"]}]},{\"@type\":\"ImageObject\",\"inLanguage\":\"fr-FR\",\"@id\":\"http:\\\/\\\/laprats.fr\\\/blog\\\/pierre-morbois\\\/#primaryimage\",\"url\":\"http:\\\/\\\/laprats.fr\\\/blog\\\/wp-content\\\/uploads\\\/2014\\\/10\\\/souv-prof-Proviseur-P.-Morbois-1972.jpg\",\"contentUrl\":\"http:\\\/\\\/laprats.fr\\\/blog\\\/wp-content\\\/uploads\\\/2014\\\/10\\\/souv-prof-Proviseur-P.-Morbois-1972.jpg\",\"width\":1980,\"height\":2916,\"caption\":\"Proviseur Morbois 1972\"},{\"@type\":\"BreadcrumbList\",\"@id\":\"http:\\\/\\\/laprats.fr\\\/blog\\\/pierre-morbois\\\/#breadcrumb\",\"itemListElement\":[{\"@type\":\"ListItem\",\"position\":1,\"name\":\"Accueil\",\"item\":\"http:\\\/\\\/laprats.fr\\\/blog\\\/\"},{\"@type\":\"ListItem\",\"position\":2,\"name\":\"Pierre Morbois\"}]},{\"@type\":\"WebSite\",\"@id\":\"http:\\\/\\\/laprats.fr\\\/blog\\\/#website\",\"url\":\"http:\\\/\\\/laprats.fr\\\/blog\\\/\",\"name\":\"Bienvenue\",\"description\":\"D&#039;hier et d&#039;aujourd&#039;hui ... pour demain\",\"potentialAction\":[{\"@type\":\"SearchAction\",\"target\":{\"@type\":\"EntryPoint\",\"urlTemplate\":\"http:\\\/\\\/laprats.fr\\\/blog\\\/?s={search_term_string}\"},\"query-input\":{\"@type\":\"PropertyValueSpecification\",\"valueRequired\":true,\"valueName\":\"search_term_string\"}}],\"inLanguage\":\"fr-FR\"},{\"@type\":\"Person\",\"@id\":\"http:\\\/\\\/laprats.fr\\\/blog\\\/#\\\/schema\\\/person\\\/90a4b4782b20a014cc9b183a4707820c\",\"name\":\"Pascal Gendrot\",\"image\":{\"@type\":\"ImageObject\",\"inLanguage\":\"fr-FR\",\"@id\":\"https:\\\/\\\/secure.gravatar.com\\\/avatar\\\/649cd38650031007bbd5ec3c73411225e4a69679f8049c7237814718f484b5c0?s=96&d=mm&r=g\",\"url\":\"https:\\\/\\\/secure.gravatar.com\\\/avatar\\\/649cd38650031007bbd5ec3c73411225e4a69679f8049c7237814718f484b5c0?s=96&d=mm&r=g\",\"contentUrl\":\"https:\\\/\\\/secure.gravatar.com\\\/avatar\\\/649cd38650031007bbd5ec3c73411225e4a69679f8049c7237814718f484b5c0?s=96&d=mm&r=g\",\"caption\":\"Pascal Gendrot\"}}]}<\/script>\n<!-- \/ Yoast SEO plugin. -->","yoast_head_json":{"title":"Pierre Morbois - Bienvenue","robots":{"index":"index","follow":"follow","max-snippet":"max-snippet:-1","max-image-preview":"max-image-preview:large","max-video-preview":"max-video-preview:-1"},"canonical":"http:\/\/laprats.fr\/blog\/pierre-morbois\/","og_locale":"fr_FR","og_type":"article","og_title":"Pierre Morbois - Bienvenue","og_description":"Jean-Pierre Morbois nous apprend la disparition de\u00a0Pierre Morbois le 25 f\u00e9vrier 2015 \u00e0 l&rsquo;age de 93 ans. Il fut proviseur \u00e0 la Prat&rsquo;s au d\u00e9but des ann\u00e9es 1970. Les membres [&hellip;]","og_url":"http:\/\/laprats.fr\/blog\/pierre-morbois\/","og_site_name":"Bienvenue","article_publisher":"https:\/\/fr-fr.facebook.com\/pages\/Association-La-Prats-de-Cluny\/224204740976190?sk=wall","article_published_time":"2015-03-01T07:43:25+00:00","article_modified_time":"2015-05-16T06:26:25+00:00","og_image":[{"width":1980,"height":2916,"url":"http:\/\/laprats.fr\/blog\/wp-content\/uploads\/2014\/10\/souv-prof-Proviseur-P.-Morbois-1972.jpg","type":"image\/jpeg"}],"author":"Pascal Gendrot","twitter_misc":{"\u00c9crit par":"Pascal Gendrot"},"schema":{"@context":"https:\/\/schema.org","@graph":[{"@type":"Article","@id":"http:\/\/laprats.fr\/blog\/pierre-morbois\/#article","isPartOf":{"@id":"http:\/\/laprats.fr\/blog\/pierre-morbois\/"},"author":{"name":"Pascal Gendrot","@id":"http:\/\/laprats.fr\/blog\/#\/schema\/person\/90a4b4782b20a014cc9b183a4707820c"},"headline":"Pierre Morbois","datePublished":"2015-03-01T07:43:25+00:00","dateModified":"2015-05-16T06:26:25+00:00","mainEntityOfPage":{"@id":"http:\/\/laprats.fr\/blog\/pierre-morbois\/"},"wordCount":43,"commentCount":0,"image":{"@id":"http:\/\/laprats.fr\/blog\/pierre-morbois\/#primaryimage"},"thumbnailUrl":"http:\/\/laprats.fr\/blog\/wp-content\/uploads\/2014\/10\/souv-prof-Proviseur-P.-Morbois-1972.jpg","articleSection":["Info association"],"inLanguage":"fr-FR","potentialAction":[{"@type":"CommentAction","name":"Comment","target":["http:\/\/laprats.fr\/blog\/pierre-morbois\/#respond"]}]},{"@type":"WebPage","@id":"http:\/\/laprats.fr\/blog\/pierre-morbois\/","url":"http:\/\/laprats.fr\/blog\/pierre-morbois\/","name":"Pierre Morbois - Bienvenue","isPartOf":{"@id":"http:\/\/laprats.fr\/blog\/#website"},"primaryImageOfPage":{"@id":"http:\/\/laprats.fr\/blog\/pierre-morbois\/#primaryimage"},"image":{"@id":"http:\/\/laprats.fr\/blog\/pierre-morbois\/#primaryimage"},"thumbnailUrl":"http:\/\/laprats.fr\/blog\/wp-content\/uploads\/2014\/10\/souv-prof-Proviseur-P.-Morbois-1972.jpg","datePublished":"2015-03-01T07:43:25+00:00","dateModified":"2015-05-16T06:26:25+00:00","author":{"@id":"http:\/\/laprats.fr\/blog\/#\/schema\/person\/90a4b4782b20a014cc9b183a4707820c"},"breadcrumb":{"@id":"http:\/\/laprats.fr\/blog\/pierre-morbois\/#breadcrumb"},"inLanguage":"fr-FR","potentialAction":[{"@type":"ReadAction","target":["http:\/\/laprats.fr\/blog\/pierre-morbois\/"]}]},{"@type":"ImageObject","inLanguage":"fr-FR","@id":"http:\/\/laprats.fr\/blog\/pierre-morbois\/#primaryimage","url":"http:\/\/laprats.fr\/blog\/wp-content\/uploads\/2014\/10\/souv-prof-Proviseur-P.-Morbois-1972.jpg","contentUrl":"http:\/\/laprats.fr\/blog\/wp-content\/uploads\/2014\/10\/souv-prof-Proviseur-P.-Morbois-1972.jpg","width":1980,"height":2916,"caption":"Proviseur Morbois 1972"},{"@type":"BreadcrumbList","@id":"http:\/\/laprats.fr\/blog\/pierre-morbois\/#breadcrumb","itemListElement":[{"@type":"ListItem","position":1,"name":"Accueil","item":"http:\/\/laprats.fr\/blog\/"},{"@type":"ListItem","position":2,"name":"Pierre Morbois"}]},{"@type":"WebSite","@id":"http:\/\/laprats.fr\/blog\/#website","url":"http:\/\/laprats.fr\/blog\/","name":"Bienvenue","description":"D&#039;hier et d&#039;aujourd&#039;hui ... pour demain","potentialAction":[{"@type":"SearchAction","target":{"@type":"EntryPoint","urlTemplate":"http:\/\/laprats.fr\/blog\/?s={search_term_string}"},"query-input":{"@type":"PropertyValueSpecification","valueRequired":true,"valueName":"search_term_string"}}],"inLanguage":"fr-FR"},{"@type":"Person","@id":"http:\/\/laprats.fr\/blog\/#\/schema\/person\/90a4b4782b20a014cc9b183a4707820c","name":"Pascal Gendrot","image":{"@type":"ImageObject","inLanguage":"fr-FR","@id":"https:\/\/secure.gravatar.com\/avatar\/649cd38650031007bbd5ec3c73411225e4a69679f8049c7237814718f484b5c0?s=96&d=mm&r=g","url":"https:\/\/secure.gravatar.com\/avatar\/649cd38650031007bbd5ec3c73411225e4a69679f8049c7237814718f484b5c0?s=96&d=mm&r=g","contentUrl":"https:\/\/secure.gravatar.com\/avatar\/649cd38650031007bbd5ec3c73411225e4a69679f8049c7237814718f484b5c0?s=96&d=mm&r=g","caption":"Pascal Gendrot"}}]}},"_links":{"self":[{"href":"http:\/\/laprats.fr\/blog\/wp-json\/wp\/v2\/posts\/1065","targetHints":{"allow":["GET"]}}],"collection":[{"href":"http:\/\/laprats.fr\/blog\/wp-json\/wp\/v2\/posts"}],"about":[{"href":"http:\/\/laprats.fr\/blog\/wp-json\/wp\/v2\/types\/post"}],"author":[{"embeddable":true,"href":"http:\/\/laprats.fr\/blog\/wp-json\/wp\/v2\/users\/6"}],"replies":[{"embeddable":true,"href":"http:\/\/laprats.fr\/blog\/wp-json\/wp\/v2\/comments?post=1065"}],"version-history":[{"count":4,"href":"http:\/\/laprats.fr\/blog\/wp-json\/wp\/v2\/posts\/1065\/revisions"}],"predecessor-version":[{"id":1069,"href":"http:\/\/laprats.fr\/blog\/wp-json\/wp\/v2\/posts\/1065\/revisions\/1069"}],"wp:featuredmedia":[{"embeddable":true,"href":"http:\/\/laprats.fr\/blog\/wp-json\/wp\/v2\/media\/502"}],"wp:attachment":[{"href":"http:\/\/laprats.fr\/blog\/wp-json\/wp\/v2\/media?parent=1065"}],"wp:term":[{"taxonomy":"category","embeddable":true,"href":"http:\/\/laprats.fr\/blog\/wp-json\/wp\/v2\/categories?post=1065"},{"taxonomy":"post_tag","embeddable":true,"href":"http:\/\/laprats.fr\/blog\/wp-json\/wp\/v2\/tags?post=1065"}],"curies":[{"name":"wp","href":"https:\/\/api.w.org\/{rel}","templated":true}]}}